{"id":109869,"date":"2025-01-24T11:51:27","date_gmt":"2025-01-24T09:51:27","guid":{"rendered":"https:\/\/cfpmaresme.org\/109862\/"},"modified":"2025-01-24T14:26:26","modified_gmt":"2025-01-24T12:26:26","slug":"109862","status":"publish","type":"post","link":"https:\/\/cfpmaresme.org\/es\/109862\/","title":{"rendered":"Iniciamos la formaci\u00f3n de profesionales del Centre de Formaci\u00f3 i Prevenci\u00f3 con la incorporaci\u00f3n de Laura Costa, Psic\u00f3loga y Psicoanalista"},"content":{"rendered":"<p>Sabemos que la pr\u00e1ctica diaria de profesionales que trabajamos con personas que se encuentran en situaci\u00f3n de vulnerabilidades y\/o que conviven con una problem\u00e1tica de salud mental es un reto y, a menudo, aparecen dudas ante las decisiones a tomar que requieren de una reflexi\u00f3n \u00e9tica tambi\u00e9n. Este espacio de formaci\u00f3n pretende conversar y reflexionar sobre las situaciones que surgen en nuestra pr\u00e1ctica.<\/p>\n<p>En palabras de la formadora: \u201cUna experiencia interactiva dirigida, donde todos tendr\u00e1n oportunidad de participar y hacer su aportaci\u00f3n\u201d.<\/p>\n<p>Costa destaca su inter\u00e9s en que este espacio sirva para tener herramientas en el d\u00eda a d\u00eda, puesto que si hay una desconexi\u00f3n entre la teor\u00eda y la pr\u00e1ctica diaria, esta no sirve.<\/p>\n<p>En su presentaci\u00f3n, Jaume Clup\u00e9s, director del Centre de Formaci\u00f3 i Prevenci\u00f3, ha matizado que: \u201cLa formaci\u00f3n sigue la l\u00ednea terap\u00e9utica de la instituci\u00f3n y pretende dar herramientas a los profesionales para hacer las mejores intervenciones posibles con las personas que acompa\u00f1amos\u201d.<\/p>\n<p>Esperamos que sea un espacio de reflexi\u00f3n \u00fatil para la pr\u00e1ctica de atenci\u00f3n que compartimos.<\/p>\n","protected":false},"excerpt":{"rendered":"<p>Sabemos que la pr\u00e1ctica diaria de profesionales que trabajamos con personas que se encuentran en situaci\u00f3n de vulnerabilidades y\/o que conviven con una problem\u00e1tica de salud mental es un reto y, a menudo, aparecen dudas ante las decisiones a tomar que requieren de una reflexi\u00f3n&#8230;<\/p>\n","protected":false},"author":2,"featured_media":109864,"comment_status":"closed","ping_status":"closed","sticky":false,"template":"","format":"standard","meta":{"footnotes":""},"categories":[1187,1259],"tags":[],"class_list":["post-109869","post","type-post","status-publish","format-standard","has-post-thumbnail","hentry","category-cfp-maresme-es","category-publicaciones"],"yoast_head":"<!-- This site is optimized with the Yoast SEO plugin v27.4 - https:\/\/yoast.com\/product\/yoast-seo-wordpress\/ -->\n<title>Iniciamos la formaci\u00f3n de profesionales del Centre de Formaci\u00f3 i Prevenci\u00f3 con la incorporaci\u00f3n de Laura Costa, Psic\u00f3loga y Psicoanalista | CFP Maresme<\/title>\n<meta name=\"robots\" content=\"index, follow, max-snippet:-1, max-image-preview:large, max-video-preview:-1\" \/>\n<link rel=\"canonical\" href=\"https:\/\/cfpmaresme.org\/es\/109862\/\" \/>\n<meta property=\"og:locale\" content=\"es_ES\" \/>\n<meta property=\"og:type\" content=\"article\" \/>\n<meta property=\"og:title\" content=\"Iniciamos la formaci\u00f3n de profesionales del Centre de Formaci\u00f3 i Prevenci\u00f3 con la incorporaci\u00f3n de Laura Costa, Psic\u00f3loga y Psicoanalista | CFP Maresme\" \/>\n<meta property=\"og:description\" content=\"Sabemos que la pr\u00e1ctica diaria de profesionales que trabajamos con personas que se encuentran en situaci\u00f3n de vulnerabilidades y\/o que conviven con una problem\u00e1tica de salud mental es un reto y, a menudo, aparecen dudas ante las decisiones a tomar que requieren de una reflexi\u00f3n...\" \/>\n<meta property=\"og:url\" content=\"https:\/\/cfpmaresme.org\/es\/109862\/\" \/>\n<meta property=\"og:site_name\" content=\"CFP Maresme\" \/>\n<meta property=\"article:published_time\" content=\"2025-01-24T09:51:27+00:00\" \/>\n<meta property=\"article:modified_time\" content=\"2025-01-24T12:26:26+00:00\" \/>\n<meta property=\"og:image\" content=\"https:\/\/cfpmaresme.org\/wp-content\/uploads\/2025\/01\/6ef320c2-4f77-45c1-bed0-c0c3a1b69c9e.jpg\" \/>\n\t<meta property=\"og:image:width\" content=\"1968\" \/>\n\t<meta property=\"og:image:height\" content=\"1476\" \/>\n\t<meta property=\"og:image:type\" content=\"image\/jpeg\" \/>\n<meta name=\"author\" content=\"CFPMaresme\" \/>\n<meta name=\"twitter:card\" content=\"summary_large_image\" \/>\n<meta name=\"twitter:creator\" content=\"@cfpmaresme\" \/>\n<meta name=\"twitter:site\" content=\"@cfpmaresme\" \/>\n<meta name=\"twitter:label1\" content=\"Escrito por\" \/>\n\t<meta name=\"twitter:data1\" content=\"CFPMaresme\" \/>\n\t<meta name=\"twitter:label2\" content=\"Tiempo de lectura\" \/>\n\t<meta name=\"twitter:data2\" content=\"2 minutos\" \/>\n<script type=\"application\/ld+json\" class=\"yoast-schema-graph\">{\"@context\":\"https:\\\/\\\/schema.org\",\"@graph\":[{\"@type\":\"Article\",\"@id\":\"https:\\\/\\\/cfpmaresme.org\\\/es\\\/109862\\\/#article\",\"isPartOf\":{\"@id\":\"https:\\\/\\\/cfpmaresme.org\\\/es\\\/109862\\\/\"},\"author\":{\"name\":\"CFPMaresme\",\"@id\":\"https:\\\/\\\/cfpmaresme.org\\\/#\\\/schema\\\/person\\\/b2634bcd796fafc667ea4055f61b9b2c\"},\"headline\":\"Iniciamos la formaci\u00f3n de profesionales del Centre de Formaci\u00f3 i Prevenci\u00f3 con la incorporaci\u00f3n de Laura Costa, Psic\u00f3loga y Psicoanalista\",\"datePublished\":\"2025-01-24T09:51:27+00:00\",\"dateModified\":\"2025-01-24T12:26:26+00:00\",\"mainEntityOfPage\":{\"@id\":\"https:\\\/\\\/cfpmaresme.org\\\/es\\\/109862\\\/\"},\"wordCount\":221,\"image\":{\"@id\":\"https:\\\/\\\/cfpmaresme.org\\\/es\\\/109862\\\/#primaryimage\"},\"thumbnailUrl\":\"https:\\\/\\\/cfpmaresme.org\\\/wp-content\\\/uploads\\\/2025\\\/01\\\/6ef320c2-4f77-45c1-bed0-c0c3a1b69c9e.jpg\",\"articleSection\":[\"CFP Maresme\",\"Publicaciones\"],\"inLanguage\":\"es\"},{\"@type\":\"WebPage\",\"@id\":\"https:\\\/\\\/cfpmaresme.org\\\/es\\\/109862\\\/\",\"url\":\"https:\\\/\\\/cfpmaresme.org\\\/es\\\/109862\\\/\",\"name\":\"Iniciamos la formaci\u00f3n de profesionales del Centre de Formaci\u00f3 i Prevenci\u00f3 con la incorporaci\u00f3n de Laura Costa, Psic\u00f3loga y Psicoanalista | CFP Maresme\",\"isPartOf\":{\"@id\":\"https:\\\/\\\/cfpmaresme.org\\\/#website\"},\"primaryImageOfPage\":{\"@id\":\"https:\\\/\\\/cfpmaresme.org\\\/es\\\/109862\\\/#primaryimage\"},\"image\":{\"@id\":\"https:\\\/\\\/cfpmaresme.org\\\/es\\\/109862\\\/#primaryimage\"},\"thumbnailUrl\":\"https:\\\/\\\/cfpmaresme.org\\\/wp-content\\\/uploads\\\/2025\\\/01\\\/6ef320c2-4f77-45c1-bed0-c0c3a1b69c9e.jpg\",\"datePublished\":\"2025-01-24T09:51:27+00:00\",\"dateModified\":\"2025-01-24T12:26:26+00:00\",\"author\":{\"@id\":\"https:\\\/\\\/cfpmaresme.org\\\/#\\\/schema\\\/person\\\/b2634bcd796fafc667ea4055f61b9b2c\"},\"breadcrumb\":{\"@id\":\"https:\\\/\\\/cfpmaresme.org\\\/es\\\/109862\\\/#breadcrumb\"},\"inLanguage\":\"es\",\"potentialAction\":[{\"@type\":\"ReadAction\",\"target\":[\"https:\\\/\\\/cfpmaresme.org\\\/es\\\/109862\\\/\"]}]},{\"@type\":\"ImageObject\",\"inLanguage\":\"es\",\"@id\":\"https:\\\/\\\/cfpmaresme.org\\\/es\\\/109862\\\/#primaryimage\",\"url\":\"https:\\\/\\\/cfpmaresme.org\\\/wp-content\\\/uploads\\\/2025\\\/01\\\/6ef320c2-4f77-45c1-bed0-c0c3a1b69c9e.jpg\",\"contentUrl\":\"https:\\\/\\\/cfpmaresme.org\\\/wp-content\\\/uploads\\\/2025\\\/01\\\/6ef320c2-4f77-45c1-bed0-c0c3a1b69c9e.jpg\",\"width\":1968,\"height\":1476},{\"@type\":\"BreadcrumbList\",\"@id\":\"https:\\\/\\\/cfpmaresme.org\\\/es\\\/109862\\\/#breadcrumb\",\"itemListElement\":[{\"@type\":\"ListItem\",\"position\":1,\"name\":\"Home\",\"item\":\"https:\\\/\\\/cfpmaresme.org\\\/es\\\/\"},{\"@type\":\"ListItem\",\"position\":2,\"name\":\"Iniciamos la formaci\u00f3n de profesionales del Centre de Formaci\u00f3 i Prevenci\u00f3 con la incorporaci\u00f3n de Laura Costa, Psic\u00f3loga y Psicoanalista\"}]},{\"@type\":\"WebSite\",\"@id\":\"https:\\\/\\\/cfpmaresme.org\\\/#website\",\"url\":\"https:\\\/\\\/cfpmaresme.org\\\/\",\"name\":\"CFP Maresme\",\"description\":\"Centre Formaci\u00f3 Prevenci\u00f3\",\"potentialAction\":[{\"@type\":\"SearchAction\",\"target\":{\"@type\":\"EntryPoint\",\"urlTemplate\":\"https:\\\/\\\/cfpmaresme.org\\\/?s={search_term_string}\"},\"query-input\":{\"@type\":\"PropertyValueSpecification\",\"valueRequired\":true,\"valueName\":\"search_term_string\"}}],\"inLanguage\":\"es\"},{\"@type\":\"Person\",\"@id\":\"https:\\\/\\\/cfpmaresme.org\\\/#\\\/schema\\\/person\\\/b2634bcd796fafc667ea4055f61b9b2c\",\"name\":\"CFPMaresme\"}]}<\/script>\n<!-- \/ Yoast SEO plugin. -->","yoast_head_json":{"title":"Iniciamos la formaci\u00f3n de profesionales del Centre de Formaci\u00f3 i Prevenci\u00f3 con la incorporaci\u00f3n de Laura Costa, Psic\u00f3loga y Psicoanalista | CFP Maresme","robots":{"index":"index","follow":"follow","max-snippet":"max-snippet:-1","max-image-preview":"max-image-preview:large","max-video-preview":"max-video-preview:-1"},"canonical":"https:\/\/cfpmaresme.org\/es\/109862\/","og_locale":"es_ES","og_type":"article","og_title":"Iniciamos la formaci\u00f3n de profesionales del Centre de Formaci\u00f3 i Prevenci\u00f3 con la incorporaci\u00f3n de Laura Costa, Psic\u00f3loga y Psicoanalista | CFP Maresme","og_description":"Sabemos que la pr\u00e1ctica diaria de profesionales que trabajamos con personas que se encuentran en situaci\u00f3n de vulnerabilidades y\/o que conviven con una problem\u00e1tica de salud mental es un reto y, a menudo, aparecen dudas ante las decisiones a tomar que requieren de una reflexi\u00f3n...","og_url":"https:\/\/cfpmaresme.org\/es\/109862\/","og_site_name":"CFP Maresme","article_published_time":"2025-01-24T09:51:27+00:00","article_modified_time":"2025-01-24T12:26:26+00:00","og_image":[{"width":1968,"height":1476,"url":"https:\/\/cfpmaresme.org\/wp-content\/uploads\/2025\/01\/6ef320c2-4f77-45c1-bed0-c0c3a1b69c9e.jpg","type":"image\/jpeg"}],"author":"CFPMaresme","twitter_card":"summary_large_image","twitter_creator":"@cfpmaresme","twitter_site":"@cfpmaresme","twitter_misc":{"Escrito por":"CFPMaresme","Tiempo de lectura":"2 minutos"},"schema":{"@context":"https:\/\/schema.org","@graph":[{"@type":"Article","@id":"https:\/\/cfpmaresme.org\/es\/109862\/#article","isPartOf":{"@id":"https:\/\/cfpmaresme.org\/es\/109862\/"},"author":{"name":"CFPMaresme","@id":"https:\/\/cfpmaresme.org\/#\/schema\/person\/b2634bcd796fafc667ea4055f61b9b2c"},"headline":"Iniciamos la formaci\u00f3n de profesionales del Centre de Formaci\u00f3 i Prevenci\u00f3 con la incorporaci\u00f3n de Laura Costa, Psic\u00f3loga y Psicoanalista","datePublished":"2025-01-24T09:51:27+00:00","dateModified":"2025-01-24T12:26:26+00:00","mainEntityOfPage":{"@id":"https:\/\/cfpmaresme.org\/es\/109862\/"},"wordCount":221,"image":{"@id":"https:\/\/cfpmaresme.org\/es\/109862\/#primaryimage"},"thumbnailUrl":"https:\/\/cfpmaresme.org\/wp-content\/uploads\/2025\/01\/6ef320c2-4f77-45c1-bed0-c0c3a1b69c9e.jpg","articleSection":["CFP Maresme","Publicaciones"],"inLanguage":"es"},{"@type":"WebPage","@id":"https:\/\/cfpmaresme.org\/es\/109862\/","url":"https:\/\/cfpmaresme.org\/es\/109862\/","name":"Iniciamos la formaci\u00f3n de profesionales del Centre de Formaci\u00f3 i Prevenci\u00f3 con la incorporaci\u00f3n de Laura Costa, Psic\u00f3loga y Psicoanalista | CFP Maresme","isPartOf":{"@id":"https:\/\/cfpmaresme.org\/#website"},"primaryImageOfPage":{"@id":"https:\/\/cfpmaresme.org\/es\/109862\/#primaryimage"},"image":{"@id":"https:\/\/cfpmaresme.org\/es\/109862\/#primaryimage"},"thumbnailUrl":"https:\/\/cfpmaresme.org\/wp-content\/uploads\/2025\/01\/6ef320c2-4f77-45c1-bed0-c0c3a1b69c9e.jpg","datePublished":"2025-01-24T09:51:27+00:00","dateModified":"2025-01-24T12:26:26+00:00","author":{"@id":"https:\/\/cfpmaresme.org\/#\/schema\/person\/b2634bcd796fafc667ea4055f61b9b2c"},"breadcrumb":{"@id":"https:\/\/cfpmaresme.org\/es\/109862\/#breadcrumb"},"inLanguage":"es","potentialAction":[{"@type":"ReadAction","target":["https:\/\/cfpmaresme.org\/es\/109862\/"]}]},{"@type":"ImageObject","inLanguage":"es","@id":"https:\/\/cfpmaresme.org\/es\/109862\/#primaryimage","url":"https:\/\/cfpmaresme.org\/wp-content\/uploads\/2025\/01\/6ef320c2-4f77-45c1-bed0-c0c3a1b69c9e.jpg","contentUrl":"https:\/\/cfpmaresme.org\/wp-content\/uploads\/2025\/01\/6ef320c2-4f77-45c1-bed0-c0c3a1b69c9e.jpg","width":1968,"height":1476},{"@type":"BreadcrumbList","@id":"https:\/\/cfpmaresme.org\/es\/109862\/#breadcrumb","itemListElement":[{"@type":"ListItem","position":1,"name":"Home","item":"https:\/\/cfpmaresme.org\/es\/"},{"@type":"ListItem","position":2,"name":"Iniciamos la formaci\u00f3n de profesionales del Centre de Formaci\u00f3 i Prevenci\u00f3 con la incorporaci\u00f3n de Laura Costa, Psic\u00f3loga y Psicoanalista"}]},{"@type":"WebSite","@id":"https:\/\/cfpmaresme.org\/#website","url":"https:\/\/cfpmaresme.org\/","name":"CFP Maresme","description":"Centre Formaci\u00f3 Prevenci\u00f3","potentialAction":[{"@type":"SearchAction","target":{"@type":"EntryPoint","urlTemplate":"https:\/\/cfpmaresme.org\/?s={search_term_string}"},"query-input":{"@type":"PropertyValueSpecification","valueRequired":true,"valueName":"search_term_string"}}],"inLanguage":"es"},{"@type":"Person","@id":"https:\/\/cfpmaresme.org\/#\/schema\/person\/b2634bcd796fafc667ea4055f61b9b2c","name":"CFPMaresme"}]}},"_links":{"self":[{"href":"https:\/\/cfpmaresme.org\/es\/wp-json\/wp\/v2\/posts\/109869","targetHints":{"allow":["GET"]}}],"collection":[{"href":"https:\/\/cfpmaresme.org\/es\/wp-json\/wp\/v2\/posts"}],"about":[{"href":"https:\/\/cfpmaresme.org\/es\/wp-json\/wp\/v2\/types\/post"}],"author":[{"embeddable":true,"href":"https:\/\/cfpmaresme.org\/es\/wp-json\/wp\/v2\/users\/2"}],"replies":[{"embeddable":true,"href":"https:\/\/cfpmaresme.org\/es\/wp-json\/wp\/v2\/comments?post=109869"}],"version-history":[{"count":3,"href":"https:\/\/cfpmaresme.org\/es\/wp-json\/wp\/v2\/posts\/109869\/revisions"}],"predecessor-version":[{"id":109872,"href":"https:\/\/cfpmaresme.org\/es\/wp-json\/wp\/v2\/posts\/109869\/revisions\/109872"}],"wp:featuredmedia":[{"embeddable":true,"href":"https:\/\/cfpmaresme.org\/es\/wp-json\/wp\/v2\/media\/109864"}],"wp:attachment":[{"href":"https:\/\/cfpmaresme.org\/es\/wp-json\/wp\/v2\/media?parent=109869"}],"wp:term":[{"taxonomy":"category","embeddable":true,"href":"https:\/\/cfpmaresme.org\/es\/wp-json\/wp\/v2\/categories?post=109869"},{"taxonomy":"post_tag","embeddable":true,"href":"https:\/\/cfpmaresme.org\/es\/wp-json\/wp\/v2\/tags?post=109869"}],"curies":[{"name":"wp","href":"https:\/\/api.w.org\/{rel}","templated":true}]}}