{"id":109963,"date":"2025-02-18T12:28:52","date_gmt":"2025-02-18T10:28:52","guid":{"rendered":"https:\/\/cfpmaresme.org\/cfp-als-mitjans-2024\/"},"modified":"2025-02-19T14:27:48","modified_gmt":"2025-02-19T12:27:48","slug":"cfp-als-mitjans-2024","status":"publish","type":"post","link":"https:\/\/cfpmaresme.org\/es\/cfp-als-mitjans-2024\/","title":{"rendered":"CFP en los medios 2024"},"content":{"rendered":"<p>Os ofrecemos una recopilaci\u00f3n de todas las intervenciones que hemos hecho durante el a\u00f1o 2024 en medios de comunicaci\u00f3n:<\/p>\n<p>&nbsp;<\/p>\n<h3>ENERO<\/h3>\n<p><strong>Prem\u00e0 M\u00e8dia \u2013 <\/strong>\u201cLos usuarios del Centro de Formaci\u00f3n y Prevenci\u00f3n exponen en el centro c\u00edvico los grabados que hicieron con el artista Sergi Rabassa\u201d: <a href=\"https:\/\/premiamedia.cat\/els-usuaris-del-centre-de-formacio-i-prevencio-exposen-al-centre-civic-els-gravats-que-van-fer-amb-lartista-sergi-rabassa\/\" target=\"_blank\" rel=\"noopener\">Leer noticia<\/a><\/p>\n<p>&nbsp;<\/p>\n<h3>FEBRERO<\/h3>\n<p><strong>Premi\u00e0 M\u00e8dia \u2013 <\/strong>Entrevista a Blanca Gimeno, coordinadora de Alterarte y los artistas Lidia Fan\u00e9 y Sergi Rabassa hablando de la exposici\u00f3n colectiva \u00abAlma en grabado\u00bb<strong>: <\/strong><a href=\"https:\/\/www.youtube.com\/watch?v=FuxDzspcXaM\" target=\"_blank\" rel=\"noopener\">Ver entrevista<\/a><\/p>\n<p><strong>Premi\u00e0 M\u00e8dia \u2013<\/strong>\u201cSatisfacci\u00f3n en el SRC Burriac un a\u00f1o despu\u00e9s de abrir el espacio Llibre Actiu por donde ya han pasado unos 200 premianenses y que ha abierto tres nuevos puntos de reparto<strong>\u201d<\/strong>: <a href=\"https:\/\/premiamedia.cat\/satisfaccio-al-src-burriac-un-any-despres-dobrir-lespai-llibre-actiu-per-on-ja-han-passat-uns-200-premianencs-i-que-ha-obert-tres-nous-punts-de-repartiment\/\" target=\"_blank\" rel=\"noopener\">Leer noticia<\/a><\/p>\n<p>&nbsp;<\/p>\n<h3>ABRIL<\/h3>\n<p><strong>El Punt Avui \u2013 <\/strong>\u201cLibrs Activos que socializan\u201d<strong>: <\/strong><a href=\"https:\/\/www.elpuntavui.cat\/societat\/article\/5-societat\/2402186-llibres-actius-que-socialitzen.html\" target=\"_blank\" rel=\"noopener\">Leer noticia<\/a><\/p>\n<p><strong>R\u00e0dio La Veu TV \u2013 <\/strong>\u201cReconocimiento a empresas que apuestan por la inclusi\u00f3n laboral de personas con salud mental\u201d<strong>: <\/strong><a href=\"https:\/\/www.laveucdm.cat\/2024\/04\/13\/reconeixement-a-empreses-que-aposten-per-la-inclusio-laboral-de-persones-amb-salut-mental\/\" target=\"_blank\" rel=\"noopener\">Leer noticia<\/a><\/p>\n<p><strong>Matar\u00f3 TV \u2013<\/strong> En motivo del D\u00eda Mundial del Arte,\u00a0 entrevista a Blanca Gimeno y Aliona Liashenko, coordinadora y\u00a0 miembro del grupo de artistas ucra\u00efnesas de Alterarte, respectivamente (Minuto 00:39:10)<strong>: <\/strong><a href=\"https:\/\/www.youtube.com\/watch?v=WZZ81Qogps0\" target=\"_blank\" rel=\"noopener\">Ver entrevista<\/a><\/p>\n<p><strong>Matar\u00f3 TV \u2013 <\/strong>\u201cEl CFP premia a las empresas que apuestan por la inclusi\u00f3n laboral\u201d<\/p>\n<ul>\n<li><a href=\"https:\/\/www.tvmataro.cat\/stories\/story\/el-cfp-premia-les-empreses-que-aposten-per-la-inclusio-laboral\" target=\"_blank\" rel=\"noopener\">Leer noticia<\/a><\/li>\n<li><a href=\"https:\/\/www.youtube.com\/watch?v=sH2ZSApin1w\" target=\"_blank\" rel=\"noopener\">Ver entrevista<\/a> (Minut 00:07:10)<\/li>\n<\/ul>\n<p>&nbsp;<\/p>\n<h3>MAYO<\/h3>\n<p><strong>Premi\u00e0 M\u00e8dia \u2013 <\/strong>\u201cNueva exposici\u00f3n art\u00edstica a cuatro manos del CFP\u00a0 y la Escuela Ass\u00eds en el marco de Alterarte que ahora explora el arte bruto\u201d<strong>: <\/strong><a href=\"https:\/\/premiamedia.cat\/nova-exposicio-artistica-a-quatre-mans-del-cfp-i-lescola-assis-en-el-marc-de-lalterarte-que-ara-explora-lart-brut\/\" target=\"_blank\" rel=\"noopener\">Leer noticia<\/a><\/p>\n<p><strong>Matar\u00f3 TV \u2013<\/strong>\u201cPoes\u00eda o el temps guanyadors dels Jocs Florals del CFP\u201d: <a href=\"https:\/\/www.tvmataro.cat\/stories\/story\/poesia-o-el-temps-guanyadors-dels-jocs-florals-del-cfp\" target=\"_blank\" rel=\"noopener\">Llegir noticia<\/a><\/p>\n<p><strong>Premi\u00e0 M\u00e8dia \u2013 <\/strong>\u201cAcci\u00f3n colectiva de arte urbano este mi\u00e9rcoles en la plaza de los Escacs a cargo de los usuarios del Centre de Formaci\u00f3 i Prevenci\u00f3\u201d: <a href=\"https:\/\/premiamedia.cat\/accio-collectiva-dart-urba-aquest-dimecres-a-la-placa-dels-escacs-a-carrec-dels-usuaris-del-centre-de-formacio-i-prevencio\/\" target=\"_blank\" rel=\"noopener\">Leer noticia<\/a><\/p>\n<p>&nbsp;<\/p>\n<h3>JUNIO<\/h3>\n<p><strong>Vilassar R\u00e0dio _<\/strong>Entrevista a Lidia Fan\u00e9 y Sergi Rabassa, autores de la exposici\u00f3n de Alterarte \u201cViatge shamanic\u201d: <a href=\"https:\/\/vilassarradio.cat\/cronica-del-3-06-2024\/\" target=\"_blank\" rel=\"noopener\">Escuchar \u00e0udio<\/a><\/p>\n<p><strong>Premi\u00e0 M\u00e8dia \u2013 <\/strong>\u201cHomenaje a Didier Louren\u00e7o en el paso subterr\u00e1neo de Can Fit\u00f3 en una acci\u00f3n propuesta por el Ayuntamiento y ejecutada por usuarios y usuarias del CFP y alumnos de Ass\u00eds\u00bb: <a href=\"https:\/\/premiamedia.cat\/homenatge-a-didier-lourenco-al-pas-soterrat-de-can-fito-en-una-accio-proposada-per-lajuntament-i-executada-per-usuaris-del-cfp-i-alumnes-de-lassis\/\" target=\"_blank\" rel=\"noopener\">Leer noticia<\/a><\/p>\n<p>&nbsp;<\/p>\n<h3>JULIO<\/h3>\n<p><strong>Premi\u00e0 M\u00e8dia \u2013 <\/strong>\u201c Inaugurado el nuevo paso subterr\u00e1neo de Can Fit\u00f3 donde ususarios del Centro Burriac han hecho un homenaje art\u00edstico a Didier Louren\u00e7o\u201d: <a href=\"https:\/\/premiamedia.cat\/inaugurat-el-nou-pas-soterrat-de-can-fito-on-usuaris-del-centre-burriac-han-fet-un-homenatge-artistic-a-didier-lourenco\/\" target=\"_blank\" rel=\"noopener\">Leer noticia<\/a><\/p>\n<p>&nbsp;<\/p>\n<h3>AGOSTO<\/h3>\n<p><strong>Socialpuntcat \u2013<\/strong> \u201cEl CRAE: abierto por vacaciones\u201d, art\u00edculo de Pablo Puertollano, Educador Social del CRAE Mas Sant Jordi: : <a href=\"https:\/\/www.social.cat\/opinio\/21525\/crae-obert-per-vacances\" target=\"_blank\" rel=\"noopener\">Leer art\u00edculo<\/a><\/p>\n<p>&nbsp;<\/p>\n<h3>OCTUBRE<\/h3>\n<p><strong>Matar\u00f3 R\u00e0dio. Programa \u201cEducaci\u00f3 Dia a Dia\u201d del MEM Maresme.<\/strong> Presentamos Estoa: el programa de soporte a la autonom\u00eda de j\u00f3venes con autismo y\/o discapacidad intelectual, y os ponemos al d\u00eda de la actualidad del CFP: <a href=\"https:\/\/www.ivoox.com\/educacio-dia-a-dia-08-10-2024-audios-mp3_rf_134611886_1.html?fbclid=IwY2xjawFzL1lleHRuA2FlbQIxMAABHTptOuce0Mchk4SHVBnZ2jafMH4W__pZ-bF05uo7DK8s2ftIB96teGhEOQ_aem_41ujz8_vJeZ34JnNTVv3Vw\" target=\"_blank\" rel=\"noopener\">Escuchar entrevista\u00a0<\/a><\/p>\n<p><strong>Premi\u00e0 M\u00e8dia \u2013<\/strong> Explicamos el Fanzine Lun\u00e1tika y la exposici\u00f3n del programa Alterarte. Se presenta el 15 de octubre a la actividad \u00abArte y salud mental\u00bb: <a href=\"https:\/\/www.youtube.com\/watch?v=OVtHUbb8HPY\" target=\"_blank\" rel=\"noopener\">Ver entrevista\u00a0<\/a><\/p>\n<p><strong>Matar\u00f3 TV \u2013 <\/strong>\u201cArte y creatividad, la apuesta del CFP para la salut mental\u201d<\/p>\n<ul>\n<li><a href=\"https:\/\/www.tvmataro.cat\/story\/art-i-creativitat-laposta-del-cfp-per-la-salut-mental?fbclid=IwY2xjawGRkjdleHRuA2FlbQIxMQABHXoLGjqwKfktlk6-TkWzBl4DEAcHb3G0TWridg8YyWg9h-wVNoMXIPTZbw_aem_DXxi3zCVOImrpnbKFR-uQQ\" target=\"_blank\" rel=\"noopener\">Leer noticia<\/a><\/li>\n<li><a href=\"https:\/\/www.youtube.com\/watch?v=kHbAusVHFA8\" target=\"_blank\" rel=\"noopener\">Ver v\u00eddeonoticia<\/a><\/li>\n<\/ul>\n","protected":false},"excerpt":{"rendered":"<p>Os ofrecemos una recopilaci\u00f3n de todas las intervenciones que hemos hecho durante el a\u00f1o 2024 en medios de comunicaci\u00f3n: &nbsp; ENERO Prem\u00e0 M\u00e8dia \u2013 \u201cLos usuarios del Centro de Formaci\u00f3n y Prevenci\u00f3n exponen en el centro c\u00edvico los grabados que hicieron con el artista Sergi&#8230;<\/p>\n","protected":false},"author":2,"featured_media":109967,"comment_status":"closed","ping_status":"closed","sticky":false,"template":"","format":"standard","meta":{"footnotes":""},"categories":[1257],"tags":[],"class_list":["post-109963","post","type-post","status-publish","format-standard","has-post-thumbnail","hentry","category-cfp-en-los-medios"],"yoast_head":"<!-- This site is optimized with the Yoast SEO plugin v27.4 - https:\/\/yoast.com\/product\/yoast-seo-wordpress\/ -->\n<title>CFP en los medios 2024 | CFP Maresme<\/title>\n<meta name=\"robots\" content=\"index, follow, max-snippet:-1, max-image-preview:large, max-video-preview:-1\" \/>\n<link rel=\"canonical\" href=\"https:\/\/cfpmaresme.org\/es\/cfp-als-mitjans-2024\/\" \/>\n<meta property=\"og:locale\" content=\"es_ES\" \/>\n<meta property=\"og:type\" content=\"article\" \/>\n<meta property=\"og:title\" content=\"CFP en los medios 2024 | CFP Maresme\" \/>\n<meta property=\"og:description\" content=\"Os ofrecemos una recopilaci\u00f3n de todas las intervenciones que hemos hecho durante el a\u00f1o 2024 en medios de comunicaci\u00f3n: &nbsp; ENERO Prem\u00e0 M\u00e8dia \u2013 \u201cLos usuarios del Centro de Formaci\u00f3n y Prevenci\u00f3n exponen en el centro c\u00edvico los grabados que hicieron con el artista Sergi...\" \/>\n<meta property=\"og:url\" content=\"https:\/\/cfpmaresme.org\/es\/cfp-als-mitjans-2024\/\" \/>\n<meta property=\"og:site_name\" content=\"CFP Maresme\" \/>\n<meta property=\"article:published_time\" content=\"2025-02-18T10:28:52+00:00\" \/>\n<meta property=\"article:modified_time\" content=\"2025-02-19T12:27:48+00:00\" \/>\n<meta property=\"og:image\" content=\"https:\/\/cfpmaresme.org\/wp-content\/uploads\/2025\/02\/Banner-CFP-en-castella-.jpg\" \/>\n\t<meta property=\"og:image:width\" content=\"1148\" \/>\n\t<meta property=\"og:image:height\" content=\"612\" \/>\n\t<meta property=\"og:image:type\" content=\"image\/jpeg\" \/>\n<meta name=\"author\" content=\"CFPMaresme\" \/>\n<meta name=\"twitter:card\" content=\"summary_large_image\" \/>\n<meta name=\"twitter:creator\" content=\"@cfpmaresme\" \/>\n<meta name=\"twitter:site\" content=\"@cfpmaresme\" \/>\n<meta name=\"twitter:label1\" content=\"Escrito por\" \/>\n\t<meta name=\"twitter:data1\" content=\"CFPMaresme\" \/>\n\t<meta name=\"twitter:label2\" content=\"Tiempo de lectura\" \/>\n\t<meta name=\"twitter:data2\" content=\"3 minutos\" \/>\n<script type=\"application\/ld+json\" class=\"yoast-schema-graph\">{\"@context\":\"https:\\\/\\\/schema.org\",\"@graph\":[{\"@type\":\"Article\",\"@id\":\"https:\\\/\\\/cfpmaresme.org\\\/es\\\/cfp-als-mitjans-2024\\\/#article\",\"isPartOf\":{\"@id\":\"https:\\\/\\\/cfpmaresme.org\\\/es\\\/cfp-als-mitjans-2024\\\/\"},\"author\":{\"name\":\"CFPMaresme\",\"@id\":\"https:\\\/\\\/cfpmaresme.org\\\/#\\\/schema\\\/person\\\/b2634bcd796fafc667ea4055f61b9b2c\"},\"headline\":\"CFP en los medios 2024\",\"datePublished\":\"2025-02-18T10:28:52+00:00\",\"dateModified\":\"2025-02-19T12:27:48+00:00\",\"mainEntityOfPage\":{\"@id\":\"https:\\\/\\\/cfpmaresme.org\\\/es\\\/cfp-als-mitjans-2024\\\/\"},\"wordCount\":498,\"image\":{\"@id\":\"https:\\\/\\\/cfpmaresme.org\\\/es\\\/cfp-als-mitjans-2024\\\/#primaryimage\"},\"thumbnailUrl\":\"https:\\\/\\\/cfpmaresme.org\\\/wp-content\\\/uploads\\\/2025\\\/02\\\/Banner-CFP-en-castella-.jpg\",\"articleSection\":[\"CFP en los medios\"],\"inLanguage\":\"es\"},{\"@type\":\"WebPage\",\"@id\":\"https:\\\/\\\/cfpmaresme.org\\\/es\\\/cfp-als-mitjans-2024\\\/\",\"url\":\"https:\\\/\\\/cfpmaresme.org\\\/es\\\/cfp-als-mitjans-2024\\\/\",\"name\":\"CFP en los medios 2024 | CFP Maresme\",\"isPartOf\":{\"@id\":\"https:\\\/\\\/cfpmaresme.org\\\/#website\"},\"primaryImageOfPage\":{\"@id\":\"https:\\\/\\\/cfpmaresme.org\\\/es\\\/cfp-als-mitjans-2024\\\/#primaryimage\"},\"image\":{\"@id\":\"https:\\\/\\\/cfpmaresme.org\\\/es\\\/cfp-als-mitjans-2024\\\/#primaryimage\"},\"thumbnailUrl\":\"https:\\\/\\\/cfpmaresme.org\\\/wp-content\\\/uploads\\\/2025\\\/02\\\/Banner-CFP-en-castella-.jpg\",\"datePublished\":\"2025-02-18T10:28:52+00:00\",\"dateModified\":\"2025-02-19T12:27:48+00:00\",\"author\":{\"@id\":\"https:\\\/\\\/cfpmaresme.org\\\/#\\\/schema\\\/person\\\/b2634bcd796fafc667ea4055f61b9b2c\"},\"breadcrumb\":{\"@id\":\"https:\\\/\\\/cfpmaresme.org\\\/es\\\/cfp-als-mitjans-2024\\\/#breadcrumb\"},\"inLanguage\":\"es\",\"potentialAction\":[{\"@type\":\"ReadAction\",\"target\":[\"https:\\\/\\\/cfpmaresme.org\\\/es\\\/cfp-als-mitjans-2024\\\/\"]}]},{\"@type\":\"ImageObject\",\"inLanguage\":\"es\",\"@id\":\"https:\\\/\\\/cfpmaresme.org\\\/es\\\/cfp-als-mitjans-2024\\\/#primaryimage\",\"url\":\"https:\\\/\\\/cfpmaresme.org\\\/wp-content\\\/uploads\\\/2025\\\/02\\\/Banner-CFP-en-castella-.jpg\",\"contentUrl\":\"https:\\\/\\\/cfpmaresme.org\\\/wp-content\\\/uploads\\\/2025\\\/02\\\/Banner-CFP-en-castella-.jpg\",\"width\":1148,\"height\":612},{\"@type\":\"BreadcrumbList\",\"@id\":\"https:\\\/\\\/cfpmaresme.org\\\/es\\\/cfp-als-mitjans-2024\\\/#breadcrumb\",\"itemListElement\":[{\"@type\":\"ListItem\",\"position\":1,\"name\":\"Home\",\"item\":\"https:\\\/\\\/cfpmaresme.org\\\/es\\\/\"},{\"@type\":\"ListItem\",\"position\":2,\"name\":\"CFP en los medios 2024\"}]},{\"@type\":\"WebSite\",\"@id\":\"https:\\\/\\\/cfpmaresme.org\\\/#website\",\"url\":\"https:\\\/\\\/cfpmaresme.org\\\/\",\"name\":\"CFP Maresme\",\"description\":\"Centre Formaci\u00f3 Prevenci\u00f3\",\"potentialAction\":[{\"@type\":\"SearchAction\",\"target\":{\"@type\":\"EntryPoint\",\"urlTemplate\":\"https:\\\/\\\/cfpmaresme.org\\\/?s={search_term_string}\"},\"query-input\":{\"@type\":\"PropertyValueSpecification\",\"valueRequired\":true,\"valueName\":\"search_term_string\"}}],\"inLanguage\":\"es\"},{\"@type\":\"Person\",\"@id\":\"https:\\\/\\\/cfpmaresme.org\\\/#\\\/schema\\\/person\\\/b2634bcd796fafc667ea4055f61b9b2c\",\"name\":\"CFPMaresme\"}]}<\/script>\n<!-- \/ Yoast SEO plugin. -->","yoast_head_json":{"title":"CFP en los medios 2024 | CFP Maresme","robots":{"index":"index","follow":"follow","max-snippet":"max-snippet:-1","max-image-preview":"max-image-preview:large","max-video-preview":"max-video-preview:-1"},"canonical":"https:\/\/cfpmaresme.org\/es\/cfp-als-mitjans-2024\/","og_locale":"es_ES","og_type":"article","og_title":"CFP en los medios 2024 | CFP Maresme","og_description":"Os ofrecemos una recopilaci\u00f3n de todas las intervenciones que hemos hecho durante el a\u00f1o 2024 en medios de comunicaci\u00f3n: &nbsp; ENERO Prem\u00e0 M\u00e8dia \u2013 \u201cLos usuarios del Centro de Formaci\u00f3n y Prevenci\u00f3n exponen en el centro c\u00edvico los grabados que hicieron con el artista Sergi...","og_url":"https:\/\/cfpmaresme.org\/es\/cfp-als-mitjans-2024\/","og_site_name":"CFP Maresme","article_published_time":"2025-02-18T10:28:52+00:00","article_modified_time":"2025-02-19T12:27:48+00:00","og_image":[{"width":1148,"height":612,"url":"https:\/\/cfpmaresme.org\/wp-content\/uploads\/2025\/02\/Banner-CFP-en-castella-.jpg","type":"image\/jpeg"}],"author":"CFPMaresme","twitter_card":"summary_large_image","twitter_creator":"@cfpmaresme","twitter_site":"@cfpmaresme","twitter_misc":{"Escrito por":"CFPMaresme","Tiempo de lectura":"3 minutos"},"schema":{"@context":"https:\/\/schema.org","@graph":[{"@type":"Article","@id":"https:\/\/cfpmaresme.org\/es\/cfp-als-mitjans-2024\/#article","isPartOf":{"@id":"https:\/\/cfpmaresme.org\/es\/cfp-als-mitjans-2024\/"},"author":{"name":"CFPMaresme","@id":"https:\/\/cfpmaresme.org\/#\/schema\/person\/b2634bcd796fafc667ea4055f61b9b2c"},"headline":"CFP en los medios 2024","datePublished":"2025-02-18T10:28:52+00:00","dateModified":"2025-02-19T12:27:48+00:00","mainEntityOfPage":{"@id":"https:\/\/cfpmaresme.org\/es\/cfp-als-mitjans-2024\/"},"wordCount":498,"image":{"@id":"https:\/\/cfpmaresme.org\/es\/cfp-als-mitjans-2024\/#primaryimage"},"thumbnailUrl":"https:\/\/cfpmaresme.org\/wp-content\/uploads\/2025\/02\/Banner-CFP-en-castella-.jpg","articleSection":["CFP en los medios"],"inLanguage":"es"},{"@type":"WebPage","@id":"https:\/\/cfpmaresme.org\/es\/cfp-als-mitjans-2024\/","url":"https:\/\/cfpmaresme.org\/es\/cfp-als-mitjans-2024\/","name":"CFP en los medios 2024 | CFP Maresme","isPartOf":{"@id":"https:\/\/cfpmaresme.org\/#website"},"primaryImageOfPage":{"@id":"https:\/\/cfpmaresme.org\/es\/cfp-als-mitjans-2024\/#primaryimage"},"image":{"@id":"https:\/\/cfpmaresme.org\/es\/cfp-als-mitjans-2024\/#primaryimage"},"thumbnailUrl":"https:\/\/cfpmaresme.org\/wp-content\/uploads\/2025\/02\/Banner-CFP-en-castella-.jpg","datePublished":"2025-02-18T10:28:52+00:00","dateModified":"2025-02-19T12:27:48+00:00","author":{"@id":"https:\/\/cfpmaresme.org\/#\/schema\/person\/b2634bcd796fafc667ea4055f61b9b2c"},"breadcrumb":{"@id":"https:\/\/cfpmaresme.org\/es\/cfp-als-mitjans-2024\/#breadcrumb"},"inLanguage":"es","potentialAction":[{"@type":"ReadAction","target":["https:\/\/cfpmaresme.org\/es\/cfp-als-mitjans-2024\/"]}]},{"@type":"ImageObject","inLanguage":"es","@id":"https:\/\/cfpmaresme.org\/es\/cfp-als-mitjans-2024\/#primaryimage","url":"https:\/\/cfpmaresme.org\/wp-content\/uploads\/2025\/02\/Banner-CFP-en-castella-.jpg","contentUrl":"https:\/\/cfpmaresme.org\/wp-content\/uploads\/2025\/02\/Banner-CFP-en-castella-.jpg","width":1148,"height":612},{"@type":"BreadcrumbList","@id":"https:\/\/cfpmaresme.org\/es\/cfp-als-mitjans-2024\/#breadcrumb","itemListElement":[{"@type":"ListItem","position":1,"name":"Home","item":"https:\/\/cfpmaresme.org\/es\/"},{"@type":"ListItem","position":2,"name":"CFP en los medios 2024"}]},{"@type":"WebSite","@id":"https:\/\/cfpmaresme.org\/#website","url":"https:\/\/cfpmaresme.org\/","name":"CFP Maresme","description":"Centre Formaci\u00f3 Prevenci\u00f3","potentialAction":[{"@type":"SearchAction","target":{"@type":"EntryPoint","urlTemplate":"https:\/\/cfpmaresme.org\/?s={search_term_string}"},"query-input":{"@type":"PropertyValueSpecification","valueRequired":true,"valueName":"search_term_string"}}],"inLanguage":"es"},{"@type":"Person","@id":"https:\/\/cfpmaresme.org\/#\/schema\/person\/b2634bcd796fafc667ea4055f61b9b2c","name":"CFPMaresme"}]}},"_links":{"self":[{"href":"https:\/\/cfpmaresme.org\/es\/wp-json\/wp\/v2\/posts\/109963","targetHints":{"allow":["GET"]}}],"collection":[{"href":"https:\/\/cfpmaresme.org\/es\/wp-json\/wp\/v2\/posts"}],"about":[{"href":"https:\/\/cfpmaresme.org\/es\/wp-json\/wp\/v2\/types\/post"}],"author":[{"embeddable":true,"href":"https:\/\/cfpmaresme.org\/es\/wp-json\/wp\/v2\/users\/2"}],"replies":[{"embeddable":true,"href":"https:\/\/cfpmaresme.org\/es\/wp-json\/wp\/v2\/comments?post=109963"}],"version-history":[{"count":3,"href":"https:\/\/cfpmaresme.org\/es\/wp-json\/wp\/v2\/posts\/109963\/revisions"}],"predecessor-version":[{"id":109966,"href":"https:\/\/cfpmaresme.org\/es\/wp-json\/wp\/v2\/posts\/109963\/revisions\/109966"}],"wp:featuredmedia":[{"embeddable":true,"href":"https:\/\/cfpmaresme.org\/es\/wp-json\/wp\/v2\/media\/109967"}],"wp:attachment":[{"href":"https:\/\/cfpmaresme.org\/es\/wp-json\/wp\/v2\/media?parent=109963"}],"wp:term":[{"taxonomy":"category","embeddable":true,"href":"https:\/\/cfpmaresme.org\/es\/wp-json\/wp\/v2\/categories?post=109963"},{"taxonomy":"post_tag","embeddable":true,"href":"https:\/\/cfpmaresme.org\/es\/wp-json\/wp\/v2\/tags?post=109963"}],"curies":[{"name":"wp","href":"https:\/\/api.w.org\/{rel}","templated":true}]}}