{"id":110896,"date":"2025-07-09T09:39:17","date_gmt":"2025-07-09T07:39:17","guid":{"rendered":"https:\/\/cfpmaresme.org\/les-entitats-socials-exigim-politiques-docupacio-responsables-que-garanteixin-lacces-a-treballs-dignes-2\/"},"modified":"2025-07-09T10:00:51","modified_gmt":"2025-07-09T08:00:51","slug":"les-entitats-socials-exigim-politiques-docupacio-responsables-que-garanteixin-lacces-a-treballs-dignes-2","status":"publish","type":"post","link":"https:\/\/cfpmaresme.org\/es\/les-entitats-socials-exigim-politiques-docupacio-responsables-que-garanteixin-lacces-a-treballs-dignes-2\/","title":{"rendered":"Las entidades sociales exigimos pol\u00edticas de empleo responsables que garanticen el acceso a trabajos dignos"},"content":{"rendered":"<p><b>Que todo el mundo tenga unas condiciones de trabajo dignas es un pilar b\u00e1sico para evitar la exclusi\u00f3n social y avanzar hacia una sociedad m\u00e1s justa y cohesionada. Aun as\u00ed, un 10% de la poblaci\u00f3n catalana que trabaja est\u00e1 en riesgo de pobreza, seg\u00fan la radiograf\u00eda INSOCAT (2025), que ha publicado ECAS.\u00a0<\/b><\/p>\n<pre id=\"tw-target-text\" class=\"tw-data-text tw-text-large tw-ta\" dir=\"ltr\" data-placeholder=\"Traducci\u00f3n\" data-ved=\"2ahUKEwjVxPqSo6-OAxVzT0EAHe4qA18Q3ewLegQIDRAV\" aria-label=\"Texto traducido: Que todo el mundo tenga unas condiciones de trabajo dignas es un pilar b\u00e1sico para evitar la exclusi\u00f3n social y avanzar hacia una sociedad m\u00e1s justa y cohesionada. Sin embargo, un 10% de la poblaci\u00f3n catalana que trabaja est\u00e1 en riesgo de pobreza, seg\u00fan\"><\/pre>\n<p>Ante esta realidad, las 67 entidades de la Comisi\u00f3n de Inserci\u00f3n Sociolaboral de ECAS (Entidades Catalanas de Acci\u00f3n Social) hemos puesto en marcha una campa\u00f1a bajo el lema <span>\u00ab<\/span><b>La protecci\u00f3n de la salud es un derecho b\u00e1sico, el trabajo digno tambi\u00e9n\u201d <\/b><span>para reivindicar el acceso al trabajo digno como pilar b\u00e1sico para la cohesi\u00f3n social, as\u00ed como el papel de las entidades sociales como agentes clave para la promoci\u00f3n de la ocupaci\u00f3n de calidad en Catalunya.<\/span><\/p>\n<p>Durante mayo de 2025, las entidades de ECAS hemos sabido que<b> el SOC dejar\u00e1 de impulsar el programa de ocupaci\u00f3n SINGULARS, que a trav\u00e9s de la acci\u00f3n de las entidades sociales especializadas y centros formativos, acompa\u00f1a anualmente m\u00e1s de de 3.500 j\u00f3venes <\/b>para reforzar la empleabilidad de juventud no ocupada y no integrada en los sistemas de educaci\u00f3n reglados. As\u00ed pues, la supresi\u00f3n de este programa deja a un colectivo muy vulnerable en una grave situaci\u00f3n de desatenci\u00f3n.<\/p>\n<p>&nbsp;<\/p>\n<p><b>\u201cEl trabajo es una pieza clave para salir de situaciones de vulnerabilidad, para construir proyectos de vida y para sentirnos parte de una sociedad que no deja a nadie detr\u00e1s\u00bb.<\/b><span style=\"font-weight: 400;\">\u00a0\u2014Mariona Puigdell\u00edvol, directora d\u2019ECAS<\/span><\/p>\n<p>&nbsp;<\/p>\n<p><span style=\"font-weight: 400;\">Esto se suma a que, en los \u00faltimos a\u00f1os, <\/span><b>algunos programas p\u00fablicos de inserci\u00f3n sociolaboral, como el MAIS, enfocado a personas de la Renta Garantida de Ciudadania, han endurecido las condiciones<\/b><span style=\"font-weight: 400;\">, principalmente a trav\u00e9s de la reducci\u00f3n de la duraci\u00f3n de acompa\u00f1amiento y exigiendo resultados de inserci\u00f3n r\u00e1pida.\u00a0<\/span><\/p>\n<p><b>En este contexto, las entidades de ECAS hemos elaborado el documento <\/b><a href=\"about:blank\"><b><i>El rol del tercer sector en las pol\u00edticas activas de ocupaci\u00f3n en Catalu\u00f1a. Hacia un nuevo modelo de concertaci\u00f3n? <\/i><\/b><\/a><b>, que entregaremos a los referentes pol\u00edticos para reivindicar el rol complementario que tienen que tener las administraciones p\u00fablicas y las entidades sociales<\/b><span style=\"font-weight: 400;\"> en el despliegue de las pol\u00edticas activas de ocupaci\u00f3n en Catalu\u00f1a.\u00a0<\/span><\/p>\n<p><b>\u201cAlzamos la voz, no solo para reclamar, sin\u00f3 tambi\u00e9n para construir. Porque queremos un futuro con m\u00e1s derechos, m\u00e1s oportunidades y m\u00e1s justicia para todo el mundo- \u00ab<\/b><span style=\"font-weight: 400;\"> \u2014Paula Cus\u00ed, directora operativa y de proyectos de ECAS.\u00a0<\/span><\/p>\n<p><span style=\"font-weight: 400;\">El documento subralla la necesidad de incorporar una mirada social a las pol\u00edticas de ocupaci\u00f3n, que garantice respuestas personalizadas para colectivos con situaciones especialmente complejas. Esto supone <\/span><b>reforzar los espacios de di\u00e1logo y co-construcci\u00f3n de pol\u00edticas p\u00fablicas y dotar de m\u00e1s recursos los programas de inserci\u00f3n sociolaboral.<\/b><\/p>\n<p><span style=\"font-weight: 400;\">Anualmente, <\/span><b>las entidades sociales de ECAS atienden m\u00e1s de 100.000 personas en Catalu\u00f1a en programas de formaci\u00f3n e inserci\u00f3n<\/b><span style=\"font-weight: 400;\">, una demostraci\u00f3n de la experteza y la flexibilidad necesarias para dar una respuesta ajustada a la diversidad de la poblaci\u00f3n en Catalu\u00f1a.\u00a0\u00a0<\/span><\/p>\n","protected":false},"excerpt":{"rendered":"<p>Que todo el mundo tenga unas condiciones de trabajo dignas es un pilar b\u00e1sico para evitar la exclusi\u00f3n social y avanzar hacia una sociedad m\u00e1s justa y cohesionada. Aun as\u00ed, un 10% de la poblaci\u00f3n catalana que trabaja est\u00e1 en riesgo de pobreza, seg\u00fan la&#8230;<\/p>\n","protected":false},"author":2,"featured_media":110684,"comment_status":"closed","ping_status":"closed","sticky":false,"template":"","format":"standard","meta":{"footnotes":""},"categories":[1259,1269],"tags":[],"class_list":["post-110896","post","type-post","status-publish","format-standard","has-post-thumbnail","hentry","category-publicaciones","category-sociolaboral-publicacions-es"],"yoast_head":"<!-- This site is optimized with the Yoast SEO plugin v27.4 - https:\/\/yoast.com\/product\/yoast-seo-wordpress\/ -->\n<title>Las entidades sociales exigimos pol\u00edticas de empleo responsables que garanticen el acceso a trabajos dignos | CFP Maresme<\/title>\n<meta name=\"robots\" content=\"index, follow, max-snippet:-1, max-image-preview:large, max-video-preview:-1\" \/>\n<link rel=\"canonical\" href=\"https:\/\/cfpmaresme.org\/es\/les-entitats-socials-exigim-politiques-docupacio-responsables-que-garanteixin-lacces-a-treballs-dignes-2\/\" \/>\n<meta property=\"og:locale\" content=\"es_ES\" \/>\n<meta property=\"og:type\" content=\"article\" \/>\n<meta property=\"og:title\" content=\"Las entidades sociales exigimos pol\u00edticas de empleo responsables que garanticen el acceso a trabajos dignos | CFP Maresme\" \/>\n<meta property=\"og:description\" content=\"Que todo el mundo tenga unas condiciones de trabajo dignas es un pilar b\u00e1sico para evitar la exclusi\u00f3n social y avanzar hacia una sociedad m\u00e1s justa y cohesionada. Aun as\u00ed, un 10% de la poblaci\u00f3n catalana que trabaja est\u00e1 en riesgo de pobreza, seg\u00fan la...\" \/>\n<meta property=\"og:url\" content=\"https:\/\/cfpmaresme.org\/es\/les-entitats-socials-exigim-politiques-docupacio-responsables-que-garanteixin-lacces-a-treballs-dignes-2\/\" \/>\n<meta property=\"og:site_name\" content=\"CFP Maresme\" \/>\n<meta property=\"article:published_time\" content=\"2025-07-09T07:39:17+00:00\" \/>\n<meta property=\"article:modified_time\" content=\"2025-07-09T08:00:51+00:00\" \/>\n<meta property=\"og:image\" content=\"https:\/\/cfpmaresme.org\/wp-content\/uploads\/2025\/06\/GRA_ECAS_CampanyaTreballDigne1.jpg\" \/>\n\t<meta property=\"og:image:width\" content=\"1080\" \/>\n\t<meta property=\"og:image:height\" content=\"1350\" \/>\n\t<meta property=\"og:image:type\" content=\"image\/jpeg\" \/>\n<meta name=\"author\" content=\"CFPMaresme\" \/>\n<meta name=\"twitter:card\" content=\"summary_large_image\" \/>\n<meta name=\"twitter:creator\" content=\"@cfpmaresme\" \/>\n<meta name=\"twitter:site\" content=\"@cfpmaresme\" \/>\n<meta name=\"twitter:label1\" content=\"Escrito por\" \/>\n\t<meta name=\"twitter:data1\" content=\"CFPMaresme\" \/>\n\t<meta name=\"twitter:label2\" content=\"Tiempo de lectura\" \/>\n\t<meta name=\"twitter:data2\" content=\"3 minutos\" \/>\n<script type=\"application\/ld+json\" class=\"yoast-schema-graph\">{\"@context\":\"https:\\\/\\\/schema.org\",\"@graph\":[{\"@type\":\"Article\",\"@id\":\"https:\\\/\\\/cfpmaresme.org\\\/es\\\/les-entitats-socials-exigim-politiques-docupacio-responsables-que-garanteixin-lacces-a-treballs-dignes-2\\\/#article\",\"isPartOf\":{\"@id\":\"https:\\\/\\\/cfpmaresme.org\\\/es\\\/les-entitats-socials-exigim-politiques-docupacio-responsables-que-garanteixin-lacces-a-treballs-dignes-2\\\/\"},\"author\":{\"name\":\"CFPMaresme\",\"@id\":\"https:\\\/\\\/cfpmaresme.org\\\/#\\\/schema\\\/person\\\/b2634bcd796fafc667ea4055f61b9b2c\"},\"headline\":\"Las entidades sociales exigimos pol\u00edticas de empleo responsables que garanticen el acceso a trabajos dignos\",\"datePublished\":\"2025-07-09T07:39:17+00:00\",\"dateModified\":\"2025-07-09T08:00:51+00:00\",\"mainEntityOfPage\":{\"@id\":\"https:\\\/\\\/cfpmaresme.org\\\/es\\\/les-entitats-socials-exigim-politiques-docupacio-responsables-que-garanteixin-lacces-a-treballs-dignes-2\\\/\"},\"wordCount\":554,\"image\":{\"@id\":\"https:\\\/\\\/cfpmaresme.org\\\/es\\\/les-entitats-socials-exigim-politiques-docupacio-responsables-que-garanteixin-lacces-a-treballs-dignes-2\\\/#primaryimage\"},\"thumbnailUrl\":\"https:\\\/\\\/cfpmaresme.org\\\/wp-content\\\/uploads\\\/2025\\\/06\\\/GRA_ECAS_CampanyaTreballDigne1.jpg\",\"articleSection\":[\"Publicaciones\",\"Sociolaboral\"],\"inLanguage\":\"es\"},{\"@type\":\"WebPage\",\"@id\":\"https:\\\/\\\/cfpmaresme.org\\\/es\\\/les-entitats-socials-exigim-politiques-docupacio-responsables-que-garanteixin-lacces-a-treballs-dignes-2\\\/\",\"url\":\"https:\\\/\\\/cfpmaresme.org\\\/es\\\/les-entitats-socials-exigim-politiques-docupacio-responsables-que-garanteixin-lacces-a-treballs-dignes-2\\\/\",\"name\":\"Las entidades sociales exigimos pol\u00edticas de empleo responsables que garanticen el acceso a trabajos dignos | CFP Maresme\",\"isPartOf\":{\"@id\":\"https:\\\/\\\/cfpmaresme.org\\\/#website\"},\"primaryImageOfPage\":{\"@id\":\"https:\\\/\\\/cfpmaresme.org\\\/es\\\/les-entitats-socials-exigim-politiques-docupacio-responsables-que-garanteixin-lacces-a-treballs-dignes-2\\\/#primaryimage\"},\"image\":{\"@id\":\"https:\\\/\\\/cfpmaresme.org\\\/es\\\/les-entitats-socials-exigim-politiques-docupacio-responsables-que-garanteixin-lacces-a-treballs-dignes-2\\\/#primaryimage\"},\"thumbnailUrl\":\"https:\\\/\\\/cfpmaresme.org\\\/wp-content\\\/uploads\\\/2025\\\/06\\\/GRA_ECAS_CampanyaTreballDigne1.jpg\",\"datePublished\":\"2025-07-09T07:39:17+00:00\",\"dateModified\":\"2025-07-09T08:00:51+00:00\",\"author\":{\"@id\":\"https:\\\/\\\/cfpmaresme.org\\\/#\\\/schema\\\/person\\\/b2634bcd796fafc667ea4055f61b9b2c\"},\"breadcrumb\":{\"@id\":\"https:\\\/\\\/cfpmaresme.org\\\/es\\\/les-entitats-socials-exigim-politiques-docupacio-responsables-que-garanteixin-lacces-a-treballs-dignes-2\\\/#breadcrumb\"},\"inLanguage\":\"es\",\"potentialAction\":[{\"@type\":\"ReadAction\",\"target\":[\"https:\\\/\\\/cfpmaresme.org\\\/es\\\/les-entitats-socials-exigim-politiques-docupacio-responsables-que-garanteixin-lacces-a-treballs-dignes-2\\\/\"]}]},{\"@type\":\"ImageObject\",\"inLanguage\":\"es\",\"@id\":\"https:\\\/\\\/cfpmaresme.org\\\/es\\\/les-entitats-socials-exigim-politiques-docupacio-responsables-que-garanteixin-lacces-a-treballs-dignes-2\\\/#primaryimage\",\"url\":\"https:\\\/\\\/cfpmaresme.org\\\/wp-content\\\/uploads\\\/2025\\\/06\\\/GRA_ECAS_CampanyaTreballDigne1.jpg\",\"contentUrl\":\"https:\\\/\\\/cfpmaresme.org\\\/wp-content\\\/uploads\\\/2025\\\/06\\\/GRA_ECAS_CampanyaTreballDigne1.jpg\",\"width\":1080,\"height\":1350},{\"@type\":\"BreadcrumbList\",\"@id\":\"https:\\\/\\\/cfpmaresme.org\\\/es\\\/les-entitats-socials-exigim-politiques-docupacio-responsables-que-garanteixin-lacces-a-treballs-dignes-2\\\/#breadcrumb\",\"itemListElement\":[{\"@type\":\"ListItem\",\"position\":1,\"name\":\"Home\",\"item\":\"https:\\\/\\\/cfpmaresme.org\\\/es\\\/\"},{\"@type\":\"ListItem\",\"position\":2,\"name\":\"Las entidades sociales exigimos pol\u00edticas de empleo responsables que garanticen el acceso a trabajos dignos\"}]},{\"@type\":\"WebSite\",\"@id\":\"https:\\\/\\\/cfpmaresme.org\\\/#website\",\"url\":\"https:\\\/\\\/cfpmaresme.org\\\/\",\"name\":\"CFP Maresme\",\"description\":\"Centre Formaci\u00f3 Prevenci\u00f3\",\"potentialAction\":[{\"@type\":\"SearchAction\",\"target\":{\"@type\":\"EntryPoint\",\"urlTemplate\":\"https:\\\/\\\/cfpmaresme.org\\\/?s={search_term_string}\"},\"query-input\":{\"@type\":\"PropertyValueSpecification\",\"valueRequired\":true,\"valueName\":\"search_term_string\"}}],\"inLanguage\":\"es\"},{\"@type\":\"Person\",\"@id\":\"https:\\\/\\\/cfpmaresme.org\\\/#\\\/schema\\\/person\\\/b2634bcd796fafc667ea4055f61b9b2c\",\"name\":\"CFPMaresme\"}]}<\/script>\n<!-- \/ Yoast SEO plugin. -->","yoast_head_json":{"title":"Las entidades sociales exigimos pol\u00edticas de empleo responsables que garanticen el acceso a trabajos dignos | CFP Maresme","robots":{"index":"index","follow":"follow","max-snippet":"max-snippet:-1","max-image-preview":"max-image-preview:large","max-video-preview":"max-video-preview:-1"},"canonical":"https:\/\/cfpmaresme.org\/es\/les-entitats-socials-exigim-politiques-docupacio-responsables-que-garanteixin-lacces-a-treballs-dignes-2\/","og_locale":"es_ES","og_type":"article","og_title":"Las entidades sociales exigimos pol\u00edticas de empleo responsables que garanticen el acceso a trabajos dignos | CFP Maresme","og_description":"Que todo el mundo tenga unas condiciones de trabajo dignas es un pilar b\u00e1sico para evitar la exclusi\u00f3n social y avanzar hacia una sociedad m\u00e1s justa y cohesionada. Aun as\u00ed, un 10% de la poblaci\u00f3n catalana que trabaja est\u00e1 en riesgo de pobreza, seg\u00fan la...","og_url":"https:\/\/cfpmaresme.org\/es\/les-entitats-socials-exigim-politiques-docupacio-responsables-que-garanteixin-lacces-a-treballs-dignes-2\/","og_site_name":"CFP Maresme","article_published_time":"2025-07-09T07:39:17+00:00","article_modified_time":"2025-07-09T08:00:51+00:00","og_image":[{"width":1080,"height":1350,"url":"https:\/\/cfpmaresme.org\/wp-content\/uploads\/2025\/06\/GRA_ECAS_CampanyaTreballDigne1.jpg","type":"image\/jpeg"}],"author":"CFPMaresme","twitter_card":"summary_large_image","twitter_creator":"@cfpmaresme","twitter_site":"@cfpmaresme","twitter_misc":{"Escrito por":"CFPMaresme","Tiempo de lectura":"3 minutos"},"schema":{"@context":"https:\/\/schema.org","@graph":[{"@type":"Article","@id":"https:\/\/cfpmaresme.org\/es\/les-entitats-socials-exigim-politiques-docupacio-responsables-que-garanteixin-lacces-a-treballs-dignes-2\/#article","isPartOf":{"@id":"https:\/\/cfpmaresme.org\/es\/les-entitats-socials-exigim-politiques-docupacio-responsables-que-garanteixin-lacces-a-treballs-dignes-2\/"},"author":{"name":"CFPMaresme","@id":"https:\/\/cfpmaresme.org\/#\/schema\/person\/b2634bcd796fafc667ea4055f61b9b2c"},"headline":"Las entidades sociales exigimos pol\u00edticas de empleo responsables que garanticen el acceso a trabajos dignos","datePublished":"2025-07-09T07:39:17+00:00","dateModified":"2025-07-09T08:00:51+00:00","mainEntityOfPage":{"@id":"https:\/\/cfpmaresme.org\/es\/les-entitats-socials-exigim-politiques-docupacio-responsables-que-garanteixin-lacces-a-treballs-dignes-2\/"},"wordCount":554,"image":{"@id":"https:\/\/cfpmaresme.org\/es\/les-entitats-socials-exigim-politiques-docupacio-responsables-que-garanteixin-lacces-a-treballs-dignes-2\/#primaryimage"},"thumbnailUrl":"https:\/\/cfpmaresme.org\/wp-content\/uploads\/2025\/06\/GRA_ECAS_CampanyaTreballDigne1.jpg","articleSection":["Publicaciones","Sociolaboral"],"inLanguage":"es"},{"@type":"WebPage","@id":"https:\/\/cfpmaresme.org\/es\/les-entitats-socials-exigim-politiques-docupacio-responsables-que-garanteixin-lacces-a-treballs-dignes-2\/","url":"https:\/\/cfpmaresme.org\/es\/les-entitats-socials-exigim-politiques-docupacio-responsables-que-garanteixin-lacces-a-treballs-dignes-2\/","name":"Las entidades sociales exigimos pol\u00edticas de empleo responsables que garanticen el acceso a trabajos dignos | CFP Maresme","isPartOf":{"@id":"https:\/\/cfpmaresme.org\/#website"},"primaryImageOfPage":{"@id":"https:\/\/cfpmaresme.org\/es\/les-entitats-socials-exigim-politiques-docupacio-responsables-que-garanteixin-lacces-a-treballs-dignes-2\/#primaryimage"},"image":{"@id":"https:\/\/cfpmaresme.org\/es\/les-entitats-socials-exigim-politiques-docupacio-responsables-que-garanteixin-lacces-a-treballs-dignes-2\/#primaryimage"},"thumbnailUrl":"https:\/\/cfpmaresme.org\/wp-content\/uploads\/2025\/06\/GRA_ECAS_CampanyaTreballDigne1.jpg","datePublished":"2025-07-09T07:39:17+00:00","dateModified":"2025-07-09T08:00:51+00:00","author":{"@id":"https:\/\/cfpmaresme.org\/#\/schema\/person\/b2634bcd796fafc667ea4055f61b9b2c"},"breadcrumb":{"@id":"https:\/\/cfpmaresme.org\/es\/les-entitats-socials-exigim-politiques-docupacio-responsables-que-garanteixin-lacces-a-treballs-dignes-2\/#breadcrumb"},"inLanguage":"es","potentialAction":[{"@type":"ReadAction","target":["https:\/\/cfpmaresme.org\/es\/les-entitats-socials-exigim-politiques-docupacio-responsables-que-garanteixin-lacces-a-treballs-dignes-2\/"]}]},{"@type":"ImageObject","inLanguage":"es","@id":"https:\/\/cfpmaresme.org\/es\/les-entitats-socials-exigim-politiques-docupacio-responsables-que-garanteixin-lacces-a-treballs-dignes-2\/#primaryimage","url":"https:\/\/cfpmaresme.org\/wp-content\/uploads\/2025\/06\/GRA_ECAS_CampanyaTreballDigne1.jpg","contentUrl":"https:\/\/cfpmaresme.org\/wp-content\/uploads\/2025\/06\/GRA_ECAS_CampanyaTreballDigne1.jpg","width":1080,"height":1350},{"@type":"BreadcrumbList","@id":"https:\/\/cfpmaresme.org\/es\/les-entitats-socials-exigim-politiques-docupacio-responsables-que-garanteixin-lacces-a-treballs-dignes-2\/#breadcrumb","itemListElement":[{"@type":"ListItem","position":1,"name":"Home","item":"https:\/\/cfpmaresme.org\/es\/"},{"@type":"ListItem","position":2,"name":"Las entidades sociales exigimos pol\u00edticas de empleo responsables que garanticen el acceso a trabajos dignos"}]},{"@type":"WebSite","@id":"https:\/\/cfpmaresme.org\/#website","url":"https:\/\/cfpmaresme.org\/","name":"CFP Maresme","description":"Centre Formaci\u00f3 Prevenci\u00f3","potentialAction":[{"@type":"SearchAction","target":{"@type":"EntryPoint","urlTemplate":"https:\/\/cfpmaresme.org\/?s={search_term_string}"},"query-input":{"@type":"PropertyValueSpecification","valueRequired":true,"valueName":"search_term_string"}}],"inLanguage":"es"},{"@type":"Person","@id":"https:\/\/cfpmaresme.org\/#\/schema\/person\/b2634bcd796fafc667ea4055f61b9b2c","name":"CFPMaresme"}]}},"_links":{"self":[{"href":"https:\/\/cfpmaresme.org\/es\/wp-json\/wp\/v2\/posts\/110896","targetHints":{"allow":["GET"]}}],"collection":[{"href":"https:\/\/cfpmaresme.org\/es\/wp-json\/wp\/v2\/posts"}],"about":[{"href":"https:\/\/cfpmaresme.org\/es\/wp-json\/wp\/v2\/types\/post"}],"author":[{"embeddable":true,"href":"https:\/\/cfpmaresme.org\/es\/wp-json\/wp\/v2\/users\/2"}],"replies":[{"embeddable":true,"href":"https:\/\/cfpmaresme.org\/es\/wp-json\/wp\/v2\/comments?post=110896"}],"version-history":[{"count":3,"href":"https:\/\/cfpmaresme.org\/es\/wp-json\/wp\/v2\/posts\/110896\/revisions"}],"predecessor-version":[{"id":110899,"href":"https:\/\/cfpmaresme.org\/es\/wp-json\/wp\/v2\/posts\/110896\/revisions\/110899"}],"wp:featuredmedia":[{"embeddable":true,"href":"https:\/\/cfpmaresme.org\/es\/wp-json\/wp\/v2\/media\/110684"}],"wp:attachment":[{"href":"https:\/\/cfpmaresme.org\/es\/wp-json\/wp\/v2\/media?parent=110896"}],"wp:term":[{"taxonomy":"category","embeddable":true,"href":"https:\/\/cfpmaresme.org\/es\/wp-json\/wp\/v2\/categories?post=110896"},{"taxonomy":"post_tag","embeddable":true,"href":"https:\/\/cfpmaresme.org\/es\/wp-json\/wp\/v2\/tags?post=110896"}],"curies":[{"name":"wp","href":"https:\/\/api.w.org\/{rel}","templated":true}]}}