{"id":110928,"date":"2025-07-15T09:54:59","date_gmt":"2025-07-15T07:54:59","guid":{"rendered":"https:\/\/cfpmaresme.org\/alla-et-sents-util-fas-una-bona-feina-per-la-societat-dones-segona-vida-a-llibres-que-anirien-al-contenidor-de-paper-i-altres-persones-els-podran-llegir\/"},"modified":"2025-07-15T12:19:47","modified_gmt":"2025-07-15T10:19:47","slug":"alla-et-sents-util-fas-una-bona-feina-per-la-societat-dones-segona-vida-a-llibres-que-anirien-al-contenidor-de-paper-i-altres-persones-els-podran-llegir","status":"publish","type":"post","link":"https:\/\/cfpmaresme.org\/es\/alla-et-sents-util-fas-una-bona-feina-per-la-societat-dones-segona-vida-a-llibres-que-anirien-al-contenidor-de-paper-i-altres-persones-els-podran-llegir\/","title":{"rendered":"\u201cAll\u00ed te sientes \u00fatil, haces un buen trabajo para la sociedad: das una segunda vida a los libros y otras personas los podr\u00e1n leer\u00bb"},"content":{"rendered":"<h4><strong>Perfil: Jordi Ribas es voluntario de Llibre Actiu Matar\u00f3 y Premi\u00e1 de Mar, desde hace 18 a\u00f1os. Primero solo en Matar\u00f3, y con la apertura de la librer\u00eda en Premi\u00e1 de Mar, tambi\u00e9n se incorpor\u00f3.\u00a0<\/strong><\/h4>\n<p>&nbsp;<\/p>\n<h4>Podr\u00edas explicar, por quien no lo conoce, \u00bfQu\u00e9 es llibre actiu?<\/h4>\n<p>Llibre Actiu es una biblioteca de libros de segunda mano que trae a la gente. Es de intercambio, o sea, t\u00fa traes unos libros y los cambias por los que te gusten de nuestra biblioteca.<\/p>\n<h4>\u00bfQu\u00e9 te anim\u00f3 a hacerte voluntario y qu\u00e9 recuerdos tienes de tu primer d\u00eda en Llibre Actiu?<\/h4>\n<p>Lo que me anim\u00f3 a ser voluntario es que me gusta mucho leer y el mundo del libro, el primer d\u00eda ya vi que lo iba a pasar muy bien. Me hicieron una explicaci\u00f3n de c\u00f3mo deb\u00eda hacer las cosas, las diferentes categor\u00edas que hab\u00eda de los libros&#8230; Y nos preguntaron qu\u00e9 d\u00edas podr\u00edamos ir. Yo ahora voy casi todos los d\u00edas, pero antes iba s\u00f3lo una vez a la semana.<\/p>\n<h4>\u00bfQu\u00e9 te aporta personalmente esta experiencia de voluntariado?<\/h4>\n<p>Sentirme realizado.\u00a0Yo disfruto porque pasa gente: tan aqu\u00ed como all\u00ed nos vemos con gente y haces un buen trabajo para la sociedad.<\/p>\n<h4>Tu est\u00e1s tanto en Llibre Actiu Matar\u00f3 com en Llibre Actiu Premi\u00e0 de Mar, \u00bfHay alguna diferencia?<\/h4>\n<p>No, no destacar\u00eda ninguna diferencia. El sistema\u00a0es el mismo: hacemos una selecci\u00f3n de los libros que llegan, reciclamos los que est\u00e1n rotos y los que pasan el cribado los pasamos por el ordenador, para tenerlos grabados y si alguien nos pide un libro, le decimos si lo tenemos.<\/p>\n<h4>\u00bfC\u00f3mo definir\u00edas el ambiente que se vive en Llibre Actiu?<\/h4>\n<p>En Llibre Actiu\u00a0hay un ambiente familiar y no hay ning\u00fan problema. La gente que viene a Llibre Actiu es gente a la que tambi\u00e9n le gusta leer y tiene cultura.<\/p>\n<h4>Hablemos de libros&#8230;\u00bfQu\u00e9 tipo de libros os llegan?<\/h4>\n<p>De todo&#8230;Bestsellers, de psicolog\u00eda&#8230;Un poco de todo.<\/p>\n<h4>Hay alg\u00fan libro o descubrimiento especial que te haya llamado la atenci\u00f3n mientras catalogabas o colocabas libros?<\/h4>\n<p>S\u00ed, aquel libro que hizo Hitler, \u201cMein Kampf\u201d. Le pregunt\u00e9 a Hector Roqueta: \u201cEscucha, y este libro qu\u00e9 hace aqu\u00ed?\u201d , y me dijo: \u201cMira, la diferencia entre ellos y nosotros es que ellos censurar\u00edan un libro y no lo dejar\u00edan poner, y nosotros lo pondremos\u00bb.<\/p>\n<h4>Si tuvieras que recomendar a alguien que viniera a Llibre Actiu, \u00bfC\u00f3mo le explicar\u00edas el proyecto?<\/h4>\n<p>Primero de todo le preguntar\u00eda si le gusta leer, porque si no le gusta leer es como si vas a una exposici\u00f3n de pulpos a un garaje. Si te gusta leer, cuando vienes all\u00ed y ves tantos libros gratis&#8230; No es para hacer propaganda ni nada, \u00a1Es que hay de muy buenos, eh!<\/p>\n<h4>\u00bfQu\u00e9 perfil de personas os visitan habitualmente? \u00bfAlguna historia curiosa o visita especial que recuerdes?<\/h4>\n<p>El perfil es persona jubilada, sobre todo, porque como lo hacemos por la ma\u00f1ana, estudiantes y gente que trabaja en el trabajo no hay.<\/p>\n<p>Como historia curiosa: hay un se\u00f1or que viene una vez al a\u00f1o, por San Narciso. Viene directamente de Girona y se pasa toda la ma\u00f1ana mirando el Llibre Actiu de Matar\u00f3, e incluso tenemos una habitaci\u00f3n detr\u00e1s, que le abrimos para que vea estos libros tambi\u00e9n.<\/p>\n<h4>\u00bfQu\u00e9 crees que aporta Llibre Actiu a las personas que vienen, m\u00e1s all\u00e1 de los libros?<\/h4>\n<p>Hombre te sientes \u00fatil porque es muy jodido quedarte en casa sin hacer nada. All\u00ed te sientes \u00fatil, haces una buena tarea para la sociedad: das segundas vidas a los libros y otras personas los podr\u00e1n leer.<\/p>\n","protected":false},"excerpt":{"rendered":"<p>Perfil: Jordi Ribas es voluntario de Llibre Actiu Matar\u00f3 y Premi\u00e1 de Mar, desde hace 18 a\u00f1os. Primero solo en Matar\u00f3, y con la apertura de la librer\u00eda en Premi\u00e1 de Mar, tambi\u00e9n se incorpor\u00f3.\u00a0 &nbsp; Podr\u00edas explicar, por quien no lo conoce, \u00bfQu\u00e9 es&#8230;<\/p>\n","protected":false},"author":2,"featured_media":110931,"comment_status":"closed","ping_status":"closed","sticky":false,"template":"","format":"standard","meta":{"footnotes":""},"categories":[1258],"tags":[],"class_list":["post-110928","post","type-post","status-publish","format-standard","has-post-thumbnail","hentry","category-entrevistas"],"yoast_head":"<!-- This site is optimized with the Yoast SEO plugin v27.4 - https:\/\/yoast.com\/product\/yoast-seo-wordpress\/ -->\n<title>\u201cAll\u00ed te sientes \u00fatil, haces un buen trabajo para la sociedad: das una segunda vida a los libros y otras personas los podr\u00e1n leer&quot; | CFP Maresme<\/title>\n<meta name=\"robots\" content=\"index, follow, max-snippet:-1, max-image-preview:large, max-video-preview:-1\" \/>\n<link rel=\"canonical\" href=\"https:\/\/cfpmaresme.org\/es\/alla-et-sents-util-fas-una-bona-feina-per-la-societat-dones-segona-vida-a-llibres-que-anirien-al-contenidor-de-paper-i-altres-persones-els-podran-llegir\/\" \/>\n<meta property=\"og:locale\" content=\"es_ES\" \/>\n<meta property=\"og:type\" content=\"article\" \/>\n<meta property=\"og:title\" content=\"\u201cAll\u00ed te sientes \u00fatil, haces un buen trabajo para la sociedad: das una segunda vida a los libros y otras personas los podr\u00e1n leer&quot; | CFP Maresme\" \/>\n<meta property=\"og:description\" content=\"Perfil: Jordi Ribas es voluntario de Llibre Actiu Matar\u00f3 y Premi\u00e1 de Mar, desde hace 18 a\u00f1os. Primero solo en Matar\u00f3, y con la apertura de la librer\u00eda en Premi\u00e1 de Mar, tambi\u00e9n se incorpor\u00f3.\u00a0 &nbsp; Podr\u00edas explicar, por quien no lo conoce, \u00bfQu\u00e9 es...\" \/>\n<meta property=\"og:url\" content=\"https:\/\/cfpmaresme.org\/es\/alla-et-sents-util-fas-una-bona-feina-per-la-societat-dones-segona-vida-a-llibres-que-anirien-al-contenidor-de-paper-i-altres-persones-els-podran-llegir\/\" \/>\n<meta property=\"og:site_name\" content=\"CFP Maresme\" \/>\n<meta property=\"article:published_time\" content=\"2025-07-15T07:54:59+00:00\" \/>\n<meta property=\"article:modified_time\" content=\"2025-07-15T10:19:47+00:00\" \/>\n<meta property=\"og:image\" content=\"https:\/\/cfpmaresme.org\/wp-content\/uploads\/2025\/07\/6-scaled.png\" \/>\n\t<meta property=\"og:image:width\" content=\"2560\" \/>\n\t<meta property=\"og:image:height\" content=\"1280\" \/>\n\t<meta property=\"og:image:type\" content=\"image\/png\" \/>\n<meta name=\"author\" content=\"CFPMaresme\" \/>\n<meta name=\"twitter:card\" content=\"summary_large_image\" \/>\n<meta name=\"twitter:creator\" content=\"@cfpmaresme\" \/>\n<meta name=\"twitter:site\" content=\"@cfpmaresme\" \/>\n<meta name=\"twitter:label1\" content=\"Escrito por\" \/>\n\t<meta name=\"twitter:data1\" content=\"CFPMaresme\" \/>\n\t<meta name=\"twitter:label2\" content=\"Tiempo de lectura\" \/>\n\t<meta name=\"twitter:data2\" content=\"4 minutos\" \/>\n<script type=\"application\/ld+json\" class=\"yoast-schema-graph\">{\"@context\":\"https:\\\/\\\/schema.org\",\"@graph\":[{\"@type\":\"Article\",\"@id\":\"https:\\\/\\\/cfpmaresme.org\\\/es\\\/alla-et-sents-util-fas-una-bona-feina-per-la-societat-dones-segona-vida-a-llibres-que-anirien-al-contenidor-de-paper-i-altres-persones-els-podran-llegir\\\/#article\",\"isPartOf\":{\"@id\":\"https:\\\/\\\/cfpmaresme.org\\\/es\\\/alla-et-sents-util-fas-una-bona-feina-per-la-societat-dones-segona-vida-a-llibres-que-anirien-al-contenidor-de-paper-i-altres-persones-els-podran-llegir\\\/\"},\"author\":{\"name\":\"CFPMaresme\",\"@id\":\"https:\\\/\\\/cfpmaresme.org\\\/#\\\/schema\\\/person\\\/b2634bcd796fafc667ea4055f61b9b2c\"},\"headline\":\"\u201cAll\u00ed te sientes \u00fatil, haces un buen trabajo para la sociedad: das una segunda vida a los libros y otras personas los podr\u00e1n leer\u00bb\",\"datePublished\":\"2025-07-15T07:54:59+00:00\",\"dateModified\":\"2025-07-15T10:19:47+00:00\",\"mainEntityOfPage\":{\"@id\":\"https:\\\/\\\/cfpmaresme.org\\\/es\\\/alla-et-sents-util-fas-una-bona-feina-per-la-societat-dones-segona-vida-a-llibres-que-anirien-al-contenidor-de-paper-i-altres-persones-els-podran-llegir\\\/\"},\"wordCount\":660,\"image\":{\"@id\":\"https:\\\/\\\/cfpmaresme.org\\\/es\\\/alla-et-sents-util-fas-una-bona-feina-per-la-societat-dones-segona-vida-a-llibres-que-anirien-al-contenidor-de-paper-i-altres-persones-els-podran-llegir\\\/#primaryimage\"},\"thumbnailUrl\":\"https:\\\/\\\/cfpmaresme.org\\\/wp-content\\\/uploads\\\/2025\\\/07\\\/6-scaled.png\",\"articleSection\":[\"Entrevistas\"],\"inLanguage\":\"es\"},{\"@type\":\"WebPage\",\"@id\":\"https:\\\/\\\/cfpmaresme.org\\\/es\\\/alla-et-sents-util-fas-una-bona-feina-per-la-societat-dones-segona-vida-a-llibres-que-anirien-al-contenidor-de-paper-i-altres-persones-els-podran-llegir\\\/\",\"url\":\"https:\\\/\\\/cfpmaresme.org\\\/es\\\/alla-et-sents-util-fas-una-bona-feina-per-la-societat-dones-segona-vida-a-llibres-que-anirien-al-contenidor-de-paper-i-altres-persones-els-podran-llegir\\\/\",\"name\":\"\u201cAll\u00ed te sientes \u00fatil, haces un buen trabajo para la sociedad: das una segunda vida a los libros y otras personas los podr\u00e1n leer\\\" | CFP Maresme\",\"isPartOf\":{\"@id\":\"https:\\\/\\\/cfpmaresme.org\\\/#website\"},\"primaryImageOfPage\":{\"@id\":\"https:\\\/\\\/cfpmaresme.org\\\/es\\\/alla-et-sents-util-fas-una-bona-feina-per-la-societat-dones-segona-vida-a-llibres-que-anirien-al-contenidor-de-paper-i-altres-persones-els-podran-llegir\\\/#primaryimage\"},\"image\":{\"@id\":\"https:\\\/\\\/cfpmaresme.org\\\/es\\\/alla-et-sents-util-fas-una-bona-feina-per-la-societat-dones-segona-vida-a-llibres-que-anirien-al-contenidor-de-paper-i-altres-persones-els-podran-llegir\\\/#primaryimage\"},\"thumbnailUrl\":\"https:\\\/\\\/cfpmaresme.org\\\/wp-content\\\/uploads\\\/2025\\\/07\\\/6-scaled.png\",\"datePublished\":\"2025-07-15T07:54:59+00:00\",\"dateModified\":\"2025-07-15T10:19:47+00:00\",\"author\":{\"@id\":\"https:\\\/\\\/cfpmaresme.org\\\/#\\\/schema\\\/person\\\/b2634bcd796fafc667ea4055f61b9b2c\"},\"breadcrumb\":{\"@id\":\"https:\\\/\\\/cfpmaresme.org\\\/es\\\/alla-et-sents-util-fas-una-bona-feina-per-la-societat-dones-segona-vida-a-llibres-que-anirien-al-contenidor-de-paper-i-altres-persones-els-podran-llegir\\\/#breadcrumb\"},\"inLanguage\":\"es\",\"potentialAction\":[{\"@type\":\"ReadAction\",\"target\":[\"https:\\\/\\\/cfpmaresme.org\\\/es\\\/alla-et-sents-util-fas-una-bona-feina-per-la-societat-dones-segona-vida-a-llibres-que-anirien-al-contenidor-de-paper-i-altres-persones-els-podran-llegir\\\/\"]}]},{\"@type\":\"ImageObject\",\"inLanguage\":\"es\",\"@id\":\"https:\\\/\\\/cfpmaresme.org\\\/es\\\/alla-et-sents-util-fas-una-bona-feina-per-la-societat-dones-segona-vida-a-llibres-que-anirien-al-contenidor-de-paper-i-altres-persones-els-podran-llegir\\\/#primaryimage\",\"url\":\"https:\\\/\\\/cfpmaresme.org\\\/wp-content\\\/uploads\\\/2025\\\/07\\\/6-scaled.png\",\"contentUrl\":\"https:\\\/\\\/cfpmaresme.org\\\/wp-content\\\/uploads\\\/2025\\\/07\\\/6-scaled.png\",\"width\":2560,\"height\":1280},{\"@type\":\"BreadcrumbList\",\"@id\":\"https:\\\/\\\/cfpmaresme.org\\\/es\\\/alla-et-sents-util-fas-una-bona-feina-per-la-societat-dones-segona-vida-a-llibres-que-anirien-al-contenidor-de-paper-i-altres-persones-els-podran-llegir\\\/#breadcrumb\",\"itemListElement\":[{\"@type\":\"ListItem\",\"position\":1,\"name\":\"Home\",\"item\":\"https:\\\/\\\/cfpmaresme.org\\\/es\\\/\"},{\"@type\":\"ListItem\",\"position\":2,\"name\":\"\u201cAll\u00ed te sientes \u00fatil, haces un buen trabajo para la sociedad: das una segunda vida a los libros y otras personas los podr\u00e1n leer\u00bb\"}]},{\"@type\":\"WebSite\",\"@id\":\"https:\\\/\\\/cfpmaresme.org\\\/#website\",\"url\":\"https:\\\/\\\/cfpmaresme.org\\\/\",\"name\":\"CFP Maresme\",\"description\":\"Centre Formaci\u00f3 Prevenci\u00f3\",\"potentialAction\":[{\"@type\":\"SearchAction\",\"target\":{\"@type\":\"EntryPoint\",\"urlTemplate\":\"https:\\\/\\\/cfpmaresme.org\\\/?s={search_term_string}\"},\"query-input\":{\"@type\":\"PropertyValueSpecification\",\"valueRequired\":true,\"valueName\":\"search_term_string\"}}],\"inLanguage\":\"es\"},{\"@type\":\"Person\",\"@id\":\"https:\\\/\\\/cfpmaresme.org\\\/#\\\/schema\\\/person\\\/b2634bcd796fafc667ea4055f61b9b2c\",\"name\":\"CFPMaresme\"}]}<\/script>\n<!-- \/ Yoast SEO plugin. -->","yoast_head_json":{"title":"\u201cAll\u00ed te sientes \u00fatil, haces un buen trabajo para la sociedad: das una segunda vida a los libros y otras personas los podr\u00e1n leer\" | CFP Maresme","robots":{"index":"index","follow":"follow","max-snippet":"max-snippet:-1","max-image-preview":"max-image-preview:large","max-video-preview":"max-video-preview:-1"},"canonical":"https:\/\/cfpmaresme.org\/es\/alla-et-sents-util-fas-una-bona-feina-per-la-societat-dones-segona-vida-a-llibres-que-anirien-al-contenidor-de-paper-i-altres-persones-els-podran-llegir\/","og_locale":"es_ES","og_type":"article","og_title":"\u201cAll\u00ed te sientes \u00fatil, haces un buen trabajo para la sociedad: das una segunda vida a los libros y otras personas los podr\u00e1n leer\" | CFP Maresme","og_description":"Perfil: Jordi Ribas es voluntario de Llibre Actiu Matar\u00f3 y Premi\u00e1 de Mar, desde hace 18 a\u00f1os. Primero solo en Matar\u00f3, y con la apertura de la librer\u00eda en Premi\u00e1 de Mar, tambi\u00e9n se incorpor\u00f3.\u00a0 &nbsp; Podr\u00edas explicar, por quien no lo conoce, \u00bfQu\u00e9 es...","og_url":"https:\/\/cfpmaresme.org\/es\/alla-et-sents-util-fas-una-bona-feina-per-la-societat-dones-segona-vida-a-llibres-que-anirien-al-contenidor-de-paper-i-altres-persones-els-podran-llegir\/","og_site_name":"CFP Maresme","article_published_time":"2025-07-15T07:54:59+00:00","article_modified_time":"2025-07-15T10:19:47+00:00","og_image":[{"width":2560,"height":1280,"url":"https:\/\/cfpmaresme.org\/wp-content\/uploads\/2025\/07\/6-scaled.png","type":"image\/png"}],"author":"CFPMaresme","twitter_card":"summary_large_image","twitter_creator":"@cfpmaresme","twitter_site":"@cfpmaresme","twitter_misc":{"Escrito por":"CFPMaresme","Tiempo de lectura":"4 minutos"},"schema":{"@context":"https:\/\/schema.org","@graph":[{"@type":"Article","@id":"https:\/\/cfpmaresme.org\/es\/alla-et-sents-util-fas-una-bona-feina-per-la-societat-dones-segona-vida-a-llibres-que-anirien-al-contenidor-de-paper-i-altres-persones-els-podran-llegir\/#article","isPartOf":{"@id":"https:\/\/cfpmaresme.org\/es\/alla-et-sents-util-fas-una-bona-feina-per-la-societat-dones-segona-vida-a-llibres-que-anirien-al-contenidor-de-paper-i-altres-persones-els-podran-llegir\/"},"author":{"name":"CFPMaresme","@id":"https:\/\/cfpmaresme.org\/#\/schema\/person\/b2634bcd796fafc667ea4055f61b9b2c"},"headline":"\u201cAll\u00ed te sientes \u00fatil, haces un buen trabajo para la sociedad: das una segunda vida a los libros y otras personas los podr\u00e1n leer\u00bb","datePublished":"2025-07-15T07:54:59+00:00","dateModified":"2025-07-15T10:19:47+00:00","mainEntityOfPage":{"@id":"https:\/\/cfpmaresme.org\/es\/alla-et-sents-util-fas-una-bona-feina-per-la-societat-dones-segona-vida-a-llibres-que-anirien-al-contenidor-de-paper-i-altres-persones-els-podran-llegir\/"},"wordCount":660,"image":{"@id":"https:\/\/cfpmaresme.org\/es\/alla-et-sents-util-fas-una-bona-feina-per-la-societat-dones-segona-vida-a-llibres-que-anirien-al-contenidor-de-paper-i-altres-persones-els-podran-llegir\/#primaryimage"},"thumbnailUrl":"https:\/\/cfpmaresme.org\/wp-content\/uploads\/2025\/07\/6-scaled.png","articleSection":["Entrevistas"],"inLanguage":"es"},{"@type":"WebPage","@id":"https:\/\/cfpmaresme.org\/es\/alla-et-sents-util-fas-una-bona-feina-per-la-societat-dones-segona-vida-a-llibres-que-anirien-al-contenidor-de-paper-i-altres-persones-els-podran-llegir\/","url":"https:\/\/cfpmaresme.org\/es\/alla-et-sents-util-fas-una-bona-feina-per-la-societat-dones-segona-vida-a-llibres-que-anirien-al-contenidor-de-paper-i-altres-persones-els-podran-llegir\/","name":"\u201cAll\u00ed te sientes \u00fatil, haces un buen trabajo para la sociedad: das una segunda vida a los libros y otras personas los podr\u00e1n leer\" | CFP Maresme","isPartOf":{"@id":"https:\/\/cfpmaresme.org\/#website"},"primaryImageOfPage":{"@id":"https:\/\/cfpmaresme.org\/es\/alla-et-sents-util-fas-una-bona-feina-per-la-societat-dones-segona-vida-a-llibres-que-anirien-al-contenidor-de-paper-i-altres-persones-els-podran-llegir\/#primaryimage"},"image":{"@id":"https:\/\/cfpmaresme.org\/es\/alla-et-sents-util-fas-una-bona-feina-per-la-societat-dones-segona-vida-a-llibres-que-anirien-al-contenidor-de-paper-i-altres-persones-els-podran-llegir\/#primaryimage"},"thumbnailUrl":"https:\/\/cfpmaresme.org\/wp-content\/uploads\/2025\/07\/6-scaled.png","datePublished":"2025-07-15T07:54:59+00:00","dateModified":"2025-07-15T10:19:47+00:00","author":{"@id":"https:\/\/cfpmaresme.org\/#\/schema\/person\/b2634bcd796fafc667ea4055f61b9b2c"},"breadcrumb":{"@id":"https:\/\/cfpmaresme.org\/es\/alla-et-sents-util-fas-una-bona-feina-per-la-societat-dones-segona-vida-a-llibres-que-anirien-al-contenidor-de-paper-i-altres-persones-els-podran-llegir\/#breadcrumb"},"inLanguage":"es","potentialAction":[{"@type":"ReadAction","target":["https:\/\/cfpmaresme.org\/es\/alla-et-sents-util-fas-una-bona-feina-per-la-societat-dones-segona-vida-a-llibres-que-anirien-al-contenidor-de-paper-i-altres-persones-els-podran-llegir\/"]}]},{"@type":"ImageObject","inLanguage":"es","@id":"https:\/\/cfpmaresme.org\/es\/alla-et-sents-util-fas-una-bona-feina-per-la-societat-dones-segona-vida-a-llibres-que-anirien-al-contenidor-de-paper-i-altres-persones-els-podran-llegir\/#primaryimage","url":"https:\/\/cfpmaresme.org\/wp-content\/uploads\/2025\/07\/6-scaled.png","contentUrl":"https:\/\/cfpmaresme.org\/wp-content\/uploads\/2025\/07\/6-scaled.png","width":2560,"height":1280},{"@type":"BreadcrumbList","@id":"https:\/\/cfpmaresme.org\/es\/alla-et-sents-util-fas-una-bona-feina-per-la-societat-dones-segona-vida-a-llibres-que-anirien-al-contenidor-de-paper-i-altres-persones-els-podran-llegir\/#breadcrumb","itemListElement":[{"@type":"ListItem","position":1,"name":"Home","item":"https:\/\/cfpmaresme.org\/es\/"},{"@type":"ListItem","position":2,"name":"\u201cAll\u00ed te sientes \u00fatil, haces un buen trabajo para la sociedad: das una segunda vida a los libros y otras personas los podr\u00e1n leer\u00bb"}]},{"@type":"WebSite","@id":"https:\/\/cfpmaresme.org\/#website","url":"https:\/\/cfpmaresme.org\/","name":"CFP Maresme","description":"Centre Formaci\u00f3 Prevenci\u00f3","potentialAction":[{"@type":"SearchAction","target":{"@type":"EntryPoint","urlTemplate":"https:\/\/cfpmaresme.org\/?s={search_term_string}"},"query-input":{"@type":"PropertyValueSpecification","valueRequired":true,"valueName":"search_term_string"}}],"inLanguage":"es"},{"@type":"Person","@id":"https:\/\/cfpmaresme.org\/#\/schema\/person\/b2634bcd796fafc667ea4055f61b9b2c","name":"CFPMaresme"}]}},"_links":{"self":[{"href":"https:\/\/cfpmaresme.org\/es\/wp-json\/wp\/v2\/posts\/110928","targetHints":{"allow":["GET"]}}],"collection":[{"href":"https:\/\/cfpmaresme.org\/es\/wp-json\/wp\/v2\/posts"}],"about":[{"href":"https:\/\/cfpmaresme.org\/es\/wp-json\/wp\/v2\/types\/post"}],"author":[{"embeddable":true,"href":"https:\/\/cfpmaresme.org\/es\/wp-json\/wp\/v2\/users\/2"}],"replies":[{"embeddable":true,"href":"https:\/\/cfpmaresme.org\/es\/wp-json\/wp\/v2\/comments?post=110928"}],"version-history":[{"count":7,"href":"https:\/\/cfpmaresme.org\/es\/wp-json\/wp\/v2\/posts\/110928\/revisions"}],"predecessor-version":[{"id":110940,"href":"https:\/\/cfpmaresme.org\/es\/wp-json\/wp\/v2\/posts\/110928\/revisions\/110940"}],"wp:featuredmedia":[{"embeddable":true,"href":"https:\/\/cfpmaresme.org\/es\/wp-json\/wp\/v2\/media\/110931"}],"wp:attachment":[{"href":"https:\/\/cfpmaresme.org\/es\/wp-json\/wp\/v2\/media?parent=110928"}],"wp:term":[{"taxonomy":"category","embeddable":true,"href":"https:\/\/cfpmaresme.org\/es\/wp-json\/wp\/v2\/categories?post=110928"},{"taxonomy":"post_tag","embeddable":true,"href":"https:\/\/cfpmaresme.org\/es\/wp-json\/wp\/v2\/tags?post=110928"}],"curies":[{"name":"wp","href":"https:\/\/api.w.org\/{rel}","templated":true}]}}