{"id":110963,"date":"2025-07-21T12:18:51","date_gmt":"2025-07-21T10:18:51","guid":{"rendered":"https:\/\/cfpmaresme.org\/reunio-de-lalcalde-i-regidores-de-lajuntament-de-mataro-amb-lequip-directiu\/"},"modified":"2025-07-21T12:30:07","modified_gmt":"2025-07-21T10:30:07","slug":"reunio-de-lalcalde-i-regidores-de-lajuntament-de-mataro-amb-lequip-directiu","status":"publish","type":"post","link":"https:\/\/cfpmaresme.org\/es\/reunio-de-lalcalde-i-regidores-de-lajuntament-de-mataro-amb-lequip-directiu\/","title":{"rendered":"Reuni\u00f3n del alcalde y consejalas del Ayuntamiento de Matar\u00f3 con el equipo directivo"},"content":{"rendered":"<p>\ud83d\udd35 Nuevos Proyectos, nuevas oportunidades de atenci\u00f3n y mejora del bienestar de la ciudadan\u00eda<\/p>\n<p>Reuni\u00f3n del equipo directivo con David Bote, alcalde de Matar\u00f3, Laura Seijo y N\u00faria Romero, concejalas de Ciudad Inclusiva y Saludable y de Seguridad, respectivamente, del Ayuntamiento de Matar\u00f3.<\/p>\n<p>Definimos c\u00f3mo avanzar para que sea posible sacar adelante grandes proyectos del \u00e1mbito de la atenci\u00f3n integral de personas vulnerables y de la inserci\u00f3n laboral. Desde el inicio de la entidad ha sido vital la colaboraci\u00f3n del Ayuntamiento de Matar\u00f3. Compartiendo y trabajando mano a mano sumamos \ud83e\udd17<\/p>\n<p>Gracias alcalde y concejalas por la escucha y la voluntad de cooperaci\u00f3n. Sigamos. \ud83d\ude0a<\/p>\n","protected":false},"excerpt":{"rendered":"<p>\ud83d\udd35 Nuevos Proyectos, nuevas oportunidades de atenci\u00f3n y mejora del bienestar de la ciudadan\u00eda Reuni\u00f3n del equipo directivo con David Bote, alcalde de Matar\u00f3, Laura Seijo y N\u00faria Romero, concejalas de Ciudad Inclusiva y Saludable y de Seguridad, respectivamente, del Ayuntamiento de Matar\u00f3. Definimos c\u00f3mo&#8230;<\/p>\n","protected":false},"author":2,"featured_media":110960,"comment_status":"closed","ping_status":"closed","sticky":false,"template":"","format":"standard","meta":{"footnotes":""},"categories":[1187,1259],"tags":[],"class_list":["post-110963","post","type-post","status-publish","format-standard","has-post-thumbnail","hentry","category-cfp-maresme-es","category-publicaciones"],"yoast_head":"<!-- This site is optimized with the Yoast SEO plugin v27.4 - https:\/\/yoast.com\/product\/yoast-seo-wordpress\/ -->\n<title>Reuni\u00f3n del alcalde y consejalas del Ayuntamiento de Matar\u00f3 con el equipo directivo | CFP Maresme<\/title>\n<meta name=\"robots\" content=\"index, follow, max-snippet:-1, max-image-preview:large, max-video-preview:-1\" \/>\n<link rel=\"canonical\" href=\"https:\/\/cfpmaresme.org\/es\/reunio-de-lalcalde-i-regidores-de-lajuntament-de-mataro-amb-lequip-directiu\/\" \/>\n<meta property=\"og:locale\" content=\"es_ES\" \/>\n<meta property=\"og:type\" content=\"article\" \/>\n<meta property=\"og:title\" content=\"Reuni\u00f3n del alcalde y consejalas del Ayuntamiento de Matar\u00f3 con el equipo directivo | CFP Maresme\" \/>\n<meta property=\"og:description\" content=\"\ud83d\udd35 Nuevos Proyectos, nuevas oportunidades de atenci\u00f3n y mejora del bienestar de la ciudadan\u00eda Reuni\u00f3n del equipo directivo con David Bote, alcalde de Matar\u00f3, Laura Seijo y N\u00faria Romero, concejalas de Ciudad Inclusiva y Saludable y de Seguridad, respectivamente, del Ayuntamiento de Matar\u00f3. Definimos c\u00f3mo...\" \/>\n<meta property=\"og:url\" content=\"https:\/\/cfpmaresme.org\/es\/reunio-de-lalcalde-i-regidores-de-lajuntament-de-mataro-amb-lequip-directiu\/\" \/>\n<meta property=\"og:site_name\" content=\"CFP Maresme\" \/>\n<meta property=\"article:published_time\" content=\"2025-07-21T10:18:51+00:00\" \/>\n<meta property=\"article:modified_time\" content=\"2025-07-21T10:30:07+00:00\" \/>\n<meta property=\"og:image\" content=\"https:\/\/cfpmaresme.org\/wp-content\/uploads\/2025\/07\/foto-horitzontal.jpg\" \/>\n\t<meta property=\"og:image:width\" content=\"2048\" \/>\n\t<meta property=\"og:image:height\" content=\"1536\" \/>\n\t<meta property=\"og:image:type\" content=\"image\/jpeg\" \/>\n<meta name=\"author\" content=\"CFPMaresme\" \/>\n<meta name=\"twitter:card\" content=\"summary_large_image\" \/>\n<meta name=\"twitter:creator\" content=\"@cfpmaresme\" \/>\n<meta name=\"twitter:site\" content=\"@cfpmaresme\" \/>\n<meta name=\"twitter:label1\" content=\"Escrito por\" \/>\n\t<meta name=\"twitter:data1\" content=\"CFPMaresme\" \/>\n\t<meta name=\"twitter:label2\" content=\"Tiempo de lectura\" \/>\n\t<meta name=\"twitter:data2\" content=\"1 minuto\" \/>\n<script type=\"application\/ld+json\" class=\"yoast-schema-graph\">{\"@context\":\"https:\\\/\\\/schema.org\",\"@graph\":[{\"@type\":\"Article\",\"@id\":\"https:\\\/\\\/cfpmaresme.org\\\/es\\\/reunio-de-lalcalde-i-regidores-de-lajuntament-de-mataro-amb-lequip-directiu\\\/#article\",\"isPartOf\":{\"@id\":\"https:\\\/\\\/cfpmaresme.org\\\/es\\\/reunio-de-lalcalde-i-regidores-de-lajuntament-de-mataro-amb-lequip-directiu\\\/\"},\"author\":{\"name\":\"CFPMaresme\",\"@id\":\"https:\\\/\\\/cfpmaresme.org\\\/#\\\/schema\\\/person\\\/b2634bcd796fafc667ea4055f61b9b2c\"},\"headline\":\"Reuni\u00f3n del alcalde y consejalas del Ayuntamiento de Matar\u00f3 con el equipo directivo\",\"datePublished\":\"2025-07-21T10:18:51+00:00\",\"dateModified\":\"2025-07-21T10:30:07+00:00\",\"mainEntityOfPage\":{\"@id\":\"https:\\\/\\\/cfpmaresme.org\\\/es\\\/reunio-de-lalcalde-i-regidores-de-lajuntament-de-mataro-amb-lequip-directiu\\\/\"},\"wordCount\":125,\"image\":{\"@id\":\"https:\\\/\\\/cfpmaresme.org\\\/es\\\/reunio-de-lalcalde-i-regidores-de-lajuntament-de-mataro-amb-lequip-directiu\\\/#primaryimage\"},\"thumbnailUrl\":\"https:\\\/\\\/cfpmaresme.org\\\/wp-content\\\/uploads\\\/2025\\\/07\\\/foto-horitzontal.jpg\",\"articleSection\":[\"CFP Maresme\",\"Publicaciones\"],\"inLanguage\":\"es\"},{\"@type\":\"WebPage\",\"@id\":\"https:\\\/\\\/cfpmaresme.org\\\/es\\\/reunio-de-lalcalde-i-regidores-de-lajuntament-de-mataro-amb-lequip-directiu\\\/\",\"url\":\"https:\\\/\\\/cfpmaresme.org\\\/es\\\/reunio-de-lalcalde-i-regidores-de-lajuntament-de-mataro-amb-lequip-directiu\\\/\",\"name\":\"Reuni\u00f3n del alcalde y consejalas del Ayuntamiento de Matar\u00f3 con el equipo directivo | CFP Maresme\",\"isPartOf\":{\"@id\":\"https:\\\/\\\/cfpmaresme.org\\\/#website\"},\"primaryImageOfPage\":{\"@id\":\"https:\\\/\\\/cfpmaresme.org\\\/es\\\/reunio-de-lalcalde-i-regidores-de-lajuntament-de-mataro-amb-lequip-directiu\\\/#primaryimage\"},\"image\":{\"@id\":\"https:\\\/\\\/cfpmaresme.org\\\/es\\\/reunio-de-lalcalde-i-regidores-de-lajuntament-de-mataro-amb-lequip-directiu\\\/#primaryimage\"},\"thumbnailUrl\":\"https:\\\/\\\/cfpmaresme.org\\\/wp-content\\\/uploads\\\/2025\\\/07\\\/foto-horitzontal.jpg\",\"datePublished\":\"2025-07-21T10:18:51+00:00\",\"dateModified\":\"2025-07-21T10:30:07+00:00\",\"author\":{\"@id\":\"https:\\\/\\\/cfpmaresme.org\\\/#\\\/schema\\\/person\\\/b2634bcd796fafc667ea4055f61b9b2c\"},\"breadcrumb\":{\"@id\":\"https:\\\/\\\/cfpmaresme.org\\\/es\\\/reunio-de-lalcalde-i-regidores-de-lajuntament-de-mataro-amb-lequip-directiu\\\/#breadcrumb\"},\"inLanguage\":\"es\",\"potentialAction\":[{\"@type\":\"ReadAction\",\"target\":[\"https:\\\/\\\/cfpmaresme.org\\\/es\\\/reunio-de-lalcalde-i-regidores-de-lajuntament-de-mataro-amb-lequip-directiu\\\/\"]}]},{\"@type\":\"ImageObject\",\"inLanguage\":\"es\",\"@id\":\"https:\\\/\\\/cfpmaresme.org\\\/es\\\/reunio-de-lalcalde-i-regidores-de-lajuntament-de-mataro-amb-lequip-directiu\\\/#primaryimage\",\"url\":\"https:\\\/\\\/cfpmaresme.org\\\/wp-content\\\/uploads\\\/2025\\\/07\\\/foto-horitzontal.jpg\",\"contentUrl\":\"https:\\\/\\\/cfpmaresme.org\\\/wp-content\\\/uploads\\\/2025\\\/07\\\/foto-horitzontal.jpg\",\"width\":2048,\"height\":1536},{\"@type\":\"BreadcrumbList\",\"@id\":\"https:\\\/\\\/cfpmaresme.org\\\/es\\\/reunio-de-lalcalde-i-regidores-de-lajuntament-de-mataro-amb-lequip-directiu\\\/#breadcrumb\",\"itemListElement\":[{\"@type\":\"ListItem\",\"position\":1,\"name\":\"Home\",\"item\":\"https:\\\/\\\/cfpmaresme.org\\\/es\\\/\"},{\"@type\":\"ListItem\",\"position\":2,\"name\":\"Reuni\u00f3n del alcalde y consejalas del Ayuntamiento de Matar\u00f3 con el equipo directivo\"}]},{\"@type\":\"WebSite\",\"@id\":\"https:\\\/\\\/cfpmaresme.org\\\/#website\",\"url\":\"https:\\\/\\\/cfpmaresme.org\\\/\",\"name\":\"CFP Maresme\",\"description\":\"Centre Formaci\u00f3 Prevenci\u00f3\",\"potentialAction\":[{\"@type\":\"SearchAction\",\"target\":{\"@type\":\"EntryPoint\",\"urlTemplate\":\"https:\\\/\\\/cfpmaresme.org\\\/?s={search_term_string}\"},\"query-input\":{\"@type\":\"PropertyValueSpecification\",\"valueRequired\":true,\"valueName\":\"search_term_string\"}}],\"inLanguage\":\"es\"},{\"@type\":\"Person\",\"@id\":\"https:\\\/\\\/cfpmaresme.org\\\/#\\\/schema\\\/person\\\/b2634bcd796fafc667ea4055f61b9b2c\",\"name\":\"CFPMaresme\"}]}<\/script>\n<!-- \/ Yoast SEO plugin. -->","yoast_head_json":{"title":"Reuni\u00f3n del alcalde y consejalas del Ayuntamiento de Matar\u00f3 con el equipo directivo | CFP Maresme","robots":{"index":"index","follow":"follow","max-snippet":"max-snippet:-1","max-image-preview":"max-image-preview:large","max-video-preview":"max-video-preview:-1"},"canonical":"https:\/\/cfpmaresme.org\/es\/reunio-de-lalcalde-i-regidores-de-lajuntament-de-mataro-amb-lequip-directiu\/","og_locale":"es_ES","og_type":"article","og_title":"Reuni\u00f3n del alcalde y consejalas del Ayuntamiento de Matar\u00f3 con el equipo directivo | CFP Maresme","og_description":"\ud83d\udd35 Nuevos Proyectos, nuevas oportunidades de atenci\u00f3n y mejora del bienestar de la ciudadan\u00eda Reuni\u00f3n del equipo directivo con David Bote, alcalde de Matar\u00f3, Laura Seijo y N\u00faria Romero, concejalas de Ciudad Inclusiva y Saludable y de Seguridad, respectivamente, del Ayuntamiento de Matar\u00f3. Definimos c\u00f3mo...","og_url":"https:\/\/cfpmaresme.org\/es\/reunio-de-lalcalde-i-regidores-de-lajuntament-de-mataro-amb-lequip-directiu\/","og_site_name":"CFP Maresme","article_published_time":"2025-07-21T10:18:51+00:00","article_modified_time":"2025-07-21T10:30:07+00:00","og_image":[{"width":2048,"height":1536,"url":"https:\/\/cfpmaresme.org\/wp-content\/uploads\/2025\/07\/foto-horitzontal.jpg","type":"image\/jpeg"}],"author":"CFPMaresme","twitter_card":"summary_large_image","twitter_creator":"@cfpmaresme","twitter_site":"@cfpmaresme","twitter_misc":{"Escrito por":"CFPMaresme","Tiempo de lectura":"1 minuto"},"schema":{"@context":"https:\/\/schema.org","@graph":[{"@type":"Article","@id":"https:\/\/cfpmaresme.org\/es\/reunio-de-lalcalde-i-regidores-de-lajuntament-de-mataro-amb-lequip-directiu\/#article","isPartOf":{"@id":"https:\/\/cfpmaresme.org\/es\/reunio-de-lalcalde-i-regidores-de-lajuntament-de-mataro-amb-lequip-directiu\/"},"author":{"name":"CFPMaresme","@id":"https:\/\/cfpmaresme.org\/#\/schema\/person\/b2634bcd796fafc667ea4055f61b9b2c"},"headline":"Reuni\u00f3n del alcalde y consejalas del Ayuntamiento de Matar\u00f3 con el equipo directivo","datePublished":"2025-07-21T10:18:51+00:00","dateModified":"2025-07-21T10:30:07+00:00","mainEntityOfPage":{"@id":"https:\/\/cfpmaresme.org\/es\/reunio-de-lalcalde-i-regidores-de-lajuntament-de-mataro-amb-lequip-directiu\/"},"wordCount":125,"image":{"@id":"https:\/\/cfpmaresme.org\/es\/reunio-de-lalcalde-i-regidores-de-lajuntament-de-mataro-amb-lequip-directiu\/#primaryimage"},"thumbnailUrl":"https:\/\/cfpmaresme.org\/wp-content\/uploads\/2025\/07\/foto-horitzontal.jpg","articleSection":["CFP Maresme","Publicaciones"],"inLanguage":"es"},{"@type":"WebPage","@id":"https:\/\/cfpmaresme.org\/es\/reunio-de-lalcalde-i-regidores-de-lajuntament-de-mataro-amb-lequip-directiu\/","url":"https:\/\/cfpmaresme.org\/es\/reunio-de-lalcalde-i-regidores-de-lajuntament-de-mataro-amb-lequip-directiu\/","name":"Reuni\u00f3n del alcalde y consejalas del Ayuntamiento de Matar\u00f3 con el equipo directivo | CFP Maresme","isPartOf":{"@id":"https:\/\/cfpmaresme.org\/#website"},"primaryImageOfPage":{"@id":"https:\/\/cfpmaresme.org\/es\/reunio-de-lalcalde-i-regidores-de-lajuntament-de-mataro-amb-lequip-directiu\/#primaryimage"},"image":{"@id":"https:\/\/cfpmaresme.org\/es\/reunio-de-lalcalde-i-regidores-de-lajuntament-de-mataro-amb-lequip-directiu\/#primaryimage"},"thumbnailUrl":"https:\/\/cfpmaresme.org\/wp-content\/uploads\/2025\/07\/foto-horitzontal.jpg","datePublished":"2025-07-21T10:18:51+00:00","dateModified":"2025-07-21T10:30:07+00:00","author":{"@id":"https:\/\/cfpmaresme.org\/#\/schema\/person\/b2634bcd796fafc667ea4055f61b9b2c"},"breadcrumb":{"@id":"https:\/\/cfpmaresme.org\/es\/reunio-de-lalcalde-i-regidores-de-lajuntament-de-mataro-amb-lequip-directiu\/#breadcrumb"},"inLanguage":"es","potentialAction":[{"@type":"ReadAction","target":["https:\/\/cfpmaresme.org\/es\/reunio-de-lalcalde-i-regidores-de-lajuntament-de-mataro-amb-lequip-directiu\/"]}]},{"@type":"ImageObject","inLanguage":"es","@id":"https:\/\/cfpmaresme.org\/es\/reunio-de-lalcalde-i-regidores-de-lajuntament-de-mataro-amb-lequip-directiu\/#primaryimage","url":"https:\/\/cfpmaresme.org\/wp-content\/uploads\/2025\/07\/foto-horitzontal.jpg","contentUrl":"https:\/\/cfpmaresme.org\/wp-content\/uploads\/2025\/07\/foto-horitzontal.jpg","width":2048,"height":1536},{"@type":"BreadcrumbList","@id":"https:\/\/cfpmaresme.org\/es\/reunio-de-lalcalde-i-regidores-de-lajuntament-de-mataro-amb-lequip-directiu\/#breadcrumb","itemListElement":[{"@type":"ListItem","position":1,"name":"Home","item":"https:\/\/cfpmaresme.org\/es\/"},{"@type":"ListItem","position":2,"name":"Reuni\u00f3n del alcalde y consejalas del Ayuntamiento de Matar\u00f3 con el equipo directivo"}]},{"@type":"WebSite","@id":"https:\/\/cfpmaresme.org\/#website","url":"https:\/\/cfpmaresme.org\/","name":"CFP Maresme","description":"Centre Formaci\u00f3 Prevenci\u00f3","potentialAction":[{"@type":"SearchAction","target":{"@type":"EntryPoint","urlTemplate":"https:\/\/cfpmaresme.org\/?s={search_term_string}"},"query-input":{"@type":"PropertyValueSpecification","valueRequired":true,"valueName":"search_term_string"}}],"inLanguage":"es"},{"@type":"Person","@id":"https:\/\/cfpmaresme.org\/#\/schema\/person\/b2634bcd796fafc667ea4055f61b9b2c","name":"CFPMaresme"}]}},"_links":{"self":[{"href":"https:\/\/cfpmaresme.org\/es\/wp-json\/wp\/v2\/posts\/110963","targetHints":{"allow":["GET"]}}],"collection":[{"href":"https:\/\/cfpmaresme.org\/es\/wp-json\/wp\/v2\/posts"}],"about":[{"href":"https:\/\/cfpmaresme.org\/es\/wp-json\/wp\/v2\/types\/post"}],"author":[{"embeddable":true,"href":"https:\/\/cfpmaresme.org\/es\/wp-json\/wp\/v2\/users\/2"}],"replies":[{"embeddable":true,"href":"https:\/\/cfpmaresme.org\/es\/wp-json\/wp\/v2\/comments?post=110963"}],"version-history":[{"count":5,"href":"https:\/\/cfpmaresme.org\/es\/wp-json\/wp\/v2\/posts\/110963\/revisions"}],"predecessor-version":[{"id":110968,"href":"https:\/\/cfpmaresme.org\/es\/wp-json\/wp\/v2\/posts\/110963\/revisions\/110968"}],"wp:featuredmedia":[{"embeddable":true,"href":"https:\/\/cfpmaresme.org\/es\/wp-json\/wp\/v2\/media\/110960"}],"wp:attachment":[{"href":"https:\/\/cfpmaresme.org\/es\/wp-json\/wp\/v2\/media?parent=110963"}],"wp:term":[{"taxonomy":"category","embeddable":true,"href":"https:\/\/cfpmaresme.org\/es\/wp-json\/wp\/v2\/categories?post=110963"},{"taxonomy":"post_tag","embeddable":true,"href":"https:\/\/cfpmaresme.org\/es\/wp-json\/wp\/v2\/tags?post=110963"}],"curies":[{"name":"wp","href":"https:\/\/api.w.org\/{rel}","templated":true}]}}