{"id":110979,"date":"2025-07-23T10:51:17","date_gmt":"2025-07-23T08:51:17","guid":{"rendered":"https:\/\/cfpmaresme.org\/ens-formem-per-garantir-la-igualtat-de-tracte-i-la-no-discriminacio\/"},"modified":"2025-07-23T10:55:56","modified_gmt":"2025-07-23T08:55:56","slug":"ens-formem-per-garantir-la-igualtat-de-tracte-i-la-no-discriminacio","status":"publish","type":"post","link":"https:\/\/cfpmaresme.org\/es\/ens-formem-per-garantir-la-igualtat-de-tracte-i-la-no-discriminacio\/","title":{"rendered":"Nos formamos para garantizar la igualdad de trato y la no-discriminaci\u00f3n"},"content":{"rendered":"<p>Los profesionales del Centro de Formaci\u00f3n y Prevenci\u00f3n hemos participado en una formaci\u00f3n sobre Igualdad de trato y no discriminaci\u00f3n. Lo ha impartido M. \u00c1ngeles Villanueva, profesional del CFP que, adem\u00e1s, hace de formadora de la Oficina de Igualdad de Trato y No Discriminaci\u00f3n del Departamento de Igualdad y Feminismos de la Generalitat y participa en la Comisi\u00f3n de Igualdad de ECAS.<\/p>\n<p>Esta formaci\u00f3n, solicitada a trav\u00e9s del circuito establecido por la Oficina, ha permitido profundizar en el marco conceptual de la discriminaci\u00f3n, la Ley 19\/2020,<\/p>\n<p>las funciones y recursos de la Oficina, el procedimiento de denuncia y el acompa\u00f1amiento psicosocial a v\u00edctimas.<\/p>\n<p>La sesi\u00f3n tuvo tambi\u00e9n una parte pr\u00e1ctica centrada en la autodiagn\u00f3stico de las propias pol\u00edticas y acciones, as\u00ed como un espacio de debate entre los equipos.<\/p>\n<p>Desde el Centro de Formaci\u00f3n y Prevenci\u00f3n nos comprometemos a formarnos en temas transversales como \u00e9ste, que nos ayudan a incorporar una mirada interseccional y mejorar nuestra labor de atenci\u00f3n a las personas, especialmente las m\u00e1s vulnerables.<\/p>\n<p>Adem\u00e1s, como entidad miembro de ECAS, nuestra vinculaci\u00f3n con la Comisi\u00f3n de Igualdad nos permite seguir avanzando en esta l\u00ednea de trabajo con mirada estructural y transformadora.<\/p>\n","protected":false},"excerpt":{"rendered":"<p>Los profesionales del Centro de Formaci\u00f3n y Prevenci\u00f3n hemos participado en una formaci\u00f3n sobre Igualdad de trato y no discriminaci\u00f3n. Lo ha impartido M. \u00c1ngeles Villanueva, profesional del CFP que, adem\u00e1s, hace de formadora de la Oficina de Igualdad de Trato y No Discriminaci\u00f3n del&#8230;<\/p>\n","protected":false},"author":2,"featured_media":110977,"comment_status":"closed","ping_status":"closed","sticky":false,"template":"","format":"standard","meta":{"footnotes":""},"categories":[1187,1259],"tags":[],"class_list":["post-110979","post","type-post","status-publish","format-standard","has-post-thumbnail","hentry","category-cfp-maresme-es","category-publicaciones"],"yoast_head":"<!-- This site is optimized with the Yoast SEO plugin v27.4 - https:\/\/yoast.com\/product\/yoast-seo-wordpress\/ -->\n<title>Nos formamos para garantizar la igualdad de trato y la no-discriminaci\u00f3n | CFP Maresme<\/title>\n<meta name=\"robots\" content=\"index, follow, max-snippet:-1, max-image-preview:large, max-video-preview:-1\" \/>\n<link rel=\"canonical\" href=\"https:\/\/cfpmaresme.org\/es\/ens-formem-per-garantir-la-igualtat-de-tracte-i-la-no-discriminacio\/\" \/>\n<meta property=\"og:locale\" content=\"es_ES\" \/>\n<meta property=\"og:type\" content=\"article\" \/>\n<meta property=\"og:title\" content=\"Nos formamos para garantizar la igualdad de trato y la no-discriminaci\u00f3n | CFP Maresme\" \/>\n<meta property=\"og:description\" content=\"Los profesionales del Centro de Formaci\u00f3n y Prevenci\u00f3n hemos participado en una formaci\u00f3n sobre Igualdad de trato y no discriminaci\u00f3n. Lo ha impartido M. \u00c1ngeles Villanueva, profesional del CFP que, adem\u00e1s, hace de formadora de la Oficina de Igualdad de Trato y No Discriminaci\u00f3n del...\" \/>\n<meta property=\"og:url\" content=\"https:\/\/cfpmaresme.org\/es\/ens-formem-per-garantir-la-igualtat-de-tracte-i-la-no-discriminacio\/\" \/>\n<meta property=\"og:site_name\" content=\"CFP Maresme\" \/>\n<meta property=\"article:published_time\" content=\"2025-07-23T08:51:17+00:00\" \/>\n<meta property=\"article:modified_time\" content=\"2025-07-23T08:55:56+00:00\" \/>\n<meta property=\"og:image\" content=\"https:\/\/cfpmaresme.org\/wp-content\/uploads\/2025\/07\/banner.png\" \/>\n\t<meta property=\"og:image:width\" content=\"1189\" \/>\n\t<meta property=\"og:image:height\" content=\"379\" \/>\n\t<meta property=\"og:image:type\" content=\"image\/png\" \/>\n<meta name=\"author\" content=\"CFPMaresme\" \/>\n<meta name=\"twitter:card\" content=\"summary_large_image\" \/>\n<meta name=\"twitter:creator\" content=\"@cfpmaresme\" \/>\n<meta name=\"twitter:site\" content=\"@cfpmaresme\" \/>\n<meta name=\"twitter:label1\" content=\"Escrito por\" \/>\n\t<meta name=\"twitter:data1\" content=\"CFPMaresme\" \/>\n\t<meta name=\"twitter:label2\" content=\"Tiempo de lectura\" \/>\n\t<meta name=\"twitter:data2\" content=\"2 minutos\" \/>\n<script type=\"application\/ld+json\" class=\"yoast-schema-graph\">{\"@context\":\"https:\\\/\\\/schema.org\",\"@graph\":[{\"@type\":\"Article\",\"@id\":\"https:\\\/\\\/cfpmaresme.org\\\/es\\\/ens-formem-per-garantir-la-igualtat-de-tracte-i-la-no-discriminacio\\\/#article\",\"isPartOf\":{\"@id\":\"https:\\\/\\\/cfpmaresme.org\\\/es\\\/ens-formem-per-garantir-la-igualtat-de-tracte-i-la-no-discriminacio\\\/\"},\"author\":{\"name\":\"CFPMaresme\",\"@id\":\"https:\\\/\\\/cfpmaresme.org\\\/#\\\/schema\\\/person\\\/b2634bcd796fafc667ea4055f61b9b2c\"},\"headline\":\"Nos formamos para garantizar la igualdad de trato y la no-discriminaci\u00f3n\",\"datePublished\":\"2025-07-23T08:51:17+00:00\",\"dateModified\":\"2025-07-23T08:55:56+00:00\",\"mainEntityOfPage\":{\"@id\":\"https:\\\/\\\/cfpmaresme.org\\\/es\\\/ens-formem-per-garantir-la-igualtat-de-tracte-i-la-no-discriminacio\\\/\"},\"wordCount\":229,\"image\":{\"@id\":\"https:\\\/\\\/cfpmaresme.org\\\/es\\\/ens-formem-per-garantir-la-igualtat-de-tracte-i-la-no-discriminacio\\\/#primaryimage\"},\"thumbnailUrl\":\"https:\\\/\\\/cfpmaresme.org\\\/wp-content\\\/uploads\\\/2025\\\/07\\\/banner.png\",\"articleSection\":[\"CFP Maresme\",\"Publicaciones\"],\"inLanguage\":\"es\"},{\"@type\":\"WebPage\",\"@id\":\"https:\\\/\\\/cfpmaresme.org\\\/es\\\/ens-formem-per-garantir-la-igualtat-de-tracte-i-la-no-discriminacio\\\/\",\"url\":\"https:\\\/\\\/cfpmaresme.org\\\/es\\\/ens-formem-per-garantir-la-igualtat-de-tracte-i-la-no-discriminacio\\\/\",\"name\":\"Nos formamos para garantizar la igualdad de trato y la no-discriminaci\u00f3n | CFP Maresme\",\"isPartOf\":{\"@id\":\"https:\\\/\\\/cfpmaresme.org\\\/#website\"},\"primaryImageOfPage\":{\"@id\":\"https:\\\/\\\/cfpmaresme.org\\\/es\\\/ens-formem-per-garantir-la-igualtat-de-tracte-i-la-no-discriminacio\\\/#primaryimage\"},\"image\":{\"@id\":\"https:\\\/\\\/cfpmaresme.org\\\/es\\\/ens-formem-per-garantir-la-igualtat-de-tracte-i-la-no-discriminacio\\\/#primaryimage\"},\"thumbnailUrl\":\"https:\\\/\\\/cfpmaresme.org\\\/wp-content\\\/uploads\\\/2025\\\/07\\\/banner.png\",\"datePublished\":\"2025-07-23T08:51:17+00:00\",\"dateModified\":\"2025-07-23T08:55:56+00:00\",\"author\":{\"@id\":\"https:\\\/\\\/cfpmaresme.org\\\/#\\\/schema\\\/person\\\/b2634bcd796fafc667ea4055f61b9b2c\"},\"breadcrumb\":{\"@id\":\"https:\\\/\\\/cfpmaresme.org\\\/es\\\/ens-formem-per-garantir-la-igualtat-de-tracte-i-la-no-discriminacio\\\/#breadcrumb\"},\"inLanguage\":\"es\",\"potentialAction\":[{\"@type\":\"ReadAction\",\"target\":[\"https:\\\/\\\/cfpmaresme.org\\\/es\\\/ens-formem-per-garantir-la-igualtat-de-tracte-i-la-no-discriminacio\\\/\"]}]},{\"@type\":\"ImageObject\",\"inLanguage\":\"es\",\"@id\":\"https:\\\/\\\/cfpmaresme.org\\\/es\\\/ens-formem-per-garantir-la-igualtat-de-tracte-i-la-no-discriminacio\\\/#primaryimage\",\"url\":\"https:\\\/\\\/cfpmaresme.org\\\/wp-content\\\/uploads\\\/2025\\\/07\\\/banner.png\",\"contentUrl\":\"https:\\\/\\\/cfpmaresme.org\\\/wp-content\\\/uploads\\\/2025\\\/07\\\/banner.png\",\"width\":1189,\"height\":379},{\"@type\":\"BreadcrumbList\",\"@id\":\"https:\\\/\\\/cfpmaresme.org\\\/es\\\/ens-formem-per-garantir-la-igualtat-de-tracte-i-la-no-discriminacio\\\/#breadcrumb\",\"itemListElement\":[{\"@type\":\"ListItem\",\"position\":1,\"name\":\"Home\",\"item\":\"https:\\\/\\\/cfpmaresme.org\\\/es\\\/\"},{\"@type\":\"ListItem\",\"position\":2,\"name\":\"Nos formamos para garantizar la igualdad de trato y la no-discriminaci\u00f3n\"}]},{\"@type\":\"WebSite\",\"@id\":\"https:\\\/\\\/cfpmaresme.org\\\/#website\",\"url\":\"https:\\\/\\\/cfpmaresme.org\\\/\",\"name\":\"CFP Maresme\",\"description\":\"Centre Formaci\u00f3 Prevenci\u00f3\",\"potentialAction\":[{\"@type\":\"SearchAction\",\"target\":{\"@type\":\"EntryPoint\",\"urlTemplate\":\"https:\\\/\\\/cfpmaresme.org\\\/?s={search_term_string}\"},\"query-input\":{\"@type\":\"PropertyValueSpecification\",\"valueRequired\":true,\"valueName\":\"search_term_string\"}}],\"inLanguage\":\"es\"},{\"@type\":\"Person\",\"@id\":\"https:\\\/\\\/cfpmaresme.org\\\/#\\\/schema\\\/person\\\/b2634bcd796fafc667ea4055f61b9b2c\",\"name\":\"CFPMaresme\"}]}<\/script>\n<!-- \/ Yoast SEO plugin. -->","yoast_head_json":{"title":"Nos formamos para garantizar la igualdad de trato y la no-discriminaci\u00f3n | CFP Maresme","robots":{"index":"index","follow":"follow","max-snippet":"max-snippet:-1","max-image-preview":"max-image-preview:large","max-video-preview":"max-video-preview:-1"},"canonical":"https:\/\/cfpmaresme.org\/es\/ens-formem-per-garantir-la-igualtat-de-tracte-i-la-no-discriminacio\/","og_locale":"es_ES","og_type":"article","og_title":"Nos formamos para garantizar la igualdad de trato y la no-discriminaci\u00f3n | CFP Maresme","og_description":"Los profesionales del Centro de Formaci\u00f3n y Prevenci\u00f3n hemos participado en una formaci\u00f3n sobre Igualdad de trato y no discriminaci\u00f3n. Lo ha impartido M. \u00c1ngeles Villanueva, profesional del CFP que, adem\u00e1s, hace de formadora de la Oficina de Igualdad de Trato y No Discriminaci\u00f3n del...","og_url":"https:\/\/cfpmaresme.org\/es\/ens-formem-per-garantir-la-igualtat-de-tracte-i-la-no-discriminacio\/","og_site_name":"CFP Maresme","article_published_time":"2025-07-23T08:51:17+00:00","article_modified_time":"2025-07-23T08:55:56+00:00","og_image":[{"width":1189,"height":379,"url":"https:\/\/cfpmaresme.org\/wp-content\/uploads\/2025\/07\/banner.png","type":"image\/png"}],"author":"CFPMaresme","twitter_card":"summary_large_image","twitter_creator":"@cfpmaresme","twitter_site":"@cfpmaresme","twitter_misc":{"Escrito por":"CFPMaresme","Tiempo de lectura":"2 minutos"},"schema":{"@context":"https:\/\/schema.org","@graph":[{"@type":"Article","@id":"https:\/\/cfpmaresme.org\/es\/ens-formem-per-garantir-la-igualtat-de-tracte-i-la-no-discriminacio\/#article","isPartOf":{"@id":"https:\/\/cfpmaresme.org\/es\/ens-formem-per-garantir-la-igualtat-de-tracte-i-la-no-discriminacio\/"},"author":{"name":"CFPMaresme","@id":"https:\/\/cfpmaresme.org\/#\/schema\/person\/b2634bcd796fafc667ea4055f61b9b2c"},"headline":"Nos formamos para garantizar la igualdad de trato y la no-discriminaci\u00f3n","datePublished":"2025-07-23T08:51:17+00:00","dateModified":"2025-07-23T08:55:56+00:00","mainEntityOfPage":{"@id":"https:\/\/cfpmaresme.org\/es\/ens-formem-per-garantir-la-igualtat-de-tracte-i-la-no-discriminacio\/"},"wordCount":229,"image":{"@id":"https:\/\/cfpmaresme.org\/es\/ens-formem-per-garantir-la-igualtat-de-tracte-i-la-no-discriminacio\/#primaryimage"},"thumbnailUrl":"https:\/\/cfpmaresme.org\/wp-content\/uploads\/2025\/07\/banner.png","articleSection":["CFP Maresme","Publicaciones"],"inLanguage":"es"},{"@type":"WebPage","@id":"https:\/\/cfpmaresme.org\/es\/ens-formem-per-garantir-la-igualtat-de-tracte-i-la-no-discriminacio\/","url":"https:\/\/cfpmaresme.org\/es\/ens-formem-per-garantir-la-igualtat-de-tracte-i-la-no-discriminacio\/","name":"Nos formamos para garantizar la igualdad de trato y la no-discriminaci\u00f3n | CFP Maresme","isPartOf":{"@id":"https:\/\/cfpmaresme.org\/#website"},"primaryImageOfPage":{"@id":"https:\/\/cfpmaresme.org\/es\/ens-formem-per-garantir-la-igualtat-de-tracte-i-la-no-discriminacio\/#primaryimage"},"image":{"@id":"https:\/\/cfpmaresme.org\/es\/ens-formem-per-garantir-la-igualtat-de-tracte-i-la-no-discriminacio\/#primaryimage"},"thumbnailUrl":"https:\/\/cfpmaresme.org\/wp-content\/uploads\/2025\/07\/banner.png","datePublished":"2025-07-23T08:51:17+00:00","dateModified":"2025-07-23T08:55:56+00:00","author":{"@id":"https:\/\/cfpmaresme.org\/#\/schema\/person\/b2634bcd796fafc667ea4055f61b9b2c"},"breadcrumb":{"@id":"https:\/\/cfpmaresme.org\/es\/ens-formem-per-garantir-la-igualtat-de-tracte-i-la-no-discriminacio\/#breadcrumb"},"inLanguage":"es","potentialAction":[{"@type":"ReadAction","target":["https:\/\/cfpmaresme.org\/es\/ens-formem-per-garantir-la-igualtat-de-tracte-i-la-no-discriminacio\/"]}]},{"@type":"ImageObject","inLanguage":"es","@id":"https:\/\/cfpmaresme.org\/es\/ens-formem-per-garantir-la-igualtat-de-tracte-i-la-no-discriminacio\/#primaryimage","url":"https:\/\/cfpmaresme.org\/wp-content\/uploads\/2025\/07\/banner.png","contentUrl":"https:\/\/cfpmaresme.org\/wp-content\/uploads\/2025\/07\/banner.png","width":1189,"height":379},{"@type":"BreadcrumbList","@id":"https:\/\/cfpmaresme.org\/es\/ens-formem-per-garantir-la-igualtat-de-tracte-i-la-no-discriminacio\/#breadcrumb","itemListElement":[{"@type":"ListItem","position":1,"name":"Home","item":"https:\/\/cfpmaresme.org\/es\/"},{"@type":"ListItem","position":2,"name":"Nos formamos para garantizar la igualdad de trato y la no-discriminaci\u00f3n"}]},{"@type":"WebSite","@id":"https:\/\/cfpmaresme.org\/#website","url":"https:\/\/cfpmaresme.org\/","name":"CFP Maresme","description":"Centre Formaci\u00f3 Prevenci\u00f3","potentialAction":[{"@type":"SearchAction","target":{"@type":"EntryPoint","urlTemplate":"https:\/\/cfpmaresme.org\/?s={search_term_string}"},"query-input":{"@type":"PropertyValueSpecification","valueRequired":true,"valueName":"search_term_string"}}],"inLanguage":"es"},{"@type":"Person","@id":"https:\/\/cfpmaresme.org\/#\/schema\/person\/b2634bcd796fafc667ea4055f61b9b2c","name":"CFPMaresme"}]}},"_links":{"self":[{"href":"https:\/\/cfpmaresme.org\/es\/wp-json\/wp\/v2\/posts\/110979","targetHints":{"allow":["GET"]}}],"collection":[{"href":"https:\/\/cfpmaresme.org\/es\/wp-json\/wp\/v2\/posts"}],"about":[{"href":"https:\/\/cfpmaresme.org\/es\/wp-json\/wp\/v2\/types\/post"}],"author":[{"embeddable":true,"href":"https:\/\/cfpmaresme.org\/es\/wp-json\/wp\/v2\/users\/2"}],"replies":[{"embeddable":true,"href":"https:\/\/cfpmaresme.org\/es\/wp-json\/wp\/v2\/comments?post=110979"}],"version-history":[{"count":3,"href":"https:\/\/cfpmaresme.org\/es\/wp-json\/wp\/v2\/posts\/110979\/revisions"}],"predecessor-version":[{"id":110982,"href":"https:\/\/cfpmaresme.org\/es\/wp-json\/wp\/v2\/posts\/110979\/revisions\/110982"}],"wp:featuredmedia":[{"embeddable":true,"href":"https:\/\/cfpmaresme.org\/es\/wp-json\/wp\/v2\/media\/110977"}],"wp:attachment":[{"href":"https:\/\/cfpmaresme.org\/es\/wp-json\/wp\/v2\/media?parent=110979"}],"wp:term":[{"taxonomy":"category","embeddable":true,"href":"https:\/\/cfpmaresme.org\/es\/wp-json\/wp\/v2\/categories?post=110979"},{"taxonomy":"post_tag","embeddable":true,"href":"https:\/\/cfpmaresme.org\/es\/wp-json\/wp\/v2\/tags?post=110979"}],"curies":[{"name":"wp","href":"https:\/\/api.w.org\/{rel}","templated":true}]}}