{"id":111004,"date":"2025-07-24T10:31:59","date_gmt":"2025-07-24T08:31:59","guid":{"rendered":"https:\/\/cfpmaresme.org\/agraiiment-a-fundacio-barca-i-fundacio-la-caixa-per-loportunitat-de-continar-participant-a-joves-futur\/"},"modified":"2025-07-24T11:10:20","modified_gmt":"2025-07-24T09:10:20","slug":"agraiiment-a-fundacio-barca-i-fundacio-la-caixa-per-loportunitat-de-continar-participant-a-joves-futur","status":"publish","type":"post","link":"https:\/\/cfpmaresme.org\/es\/agraiiment-a-fundacio-barca-i-fundacio-la-caixa-per-loportunitat-de-continar-participant-a-joves-futur\/","title":{"rendered":"Agradecimiento a Fundaci\u00f3 Bar\u00e7a y Fundaci\u00f3 La Caixa por la oportunidad de participar en Joves Futur+"},"content":{"rendered":"<p>Este mes Miriam, Educadora Social referente del Piso PIL, ha estado presente en la clausura de J\u00f3venes Futur+, un proyecto que apoya la reinserci\u00f3n social y laboral de j\u00f3venes extutelados\/as. Impulsado por Fundaci\u00f3n Bar\u00e7a y con el apoyo de Fundaci\u00f3n La Caixa, participan j\u00f3venes que atendemos desde el Centro de Formaci\u00f3n y Prevenci\u00f3n.<\/p>\n<p>Como dice Miriam: \u00abAcompa\u00f1an a los y las j\u00f3venes en la inserci\u00f3n, la formaci\u00f3n y la mentor\u00eda. Tambi\u00e9n tienen acompa\u00f1amiento psicol\u00f3gico\u00bb.<\/p>\n<p>Actualmente tenemos a una joven que est\u00e1 trabajando en el Sorli que es una de las empresas colaboradoras.<\/p>\n<p>Desde aqu\u00ed queremos mostrar nuestro agradecimiento a Fundaci\u00f3n Bar\u00e7a y Fundaci\u00f3 la Caixa por sacar adelante este maravilloso proyecto de apoyo a los j\u00f3venes tutelados y extutelados.<\/p>\n","protected":false},"excerpt":{"rendered":"<p>Este mes Miriam, Educadora Social referente del Piso PIL, ha estado presente en la clausura de J\u00f3venes Futur+, un proyecto que apoya la reinserci\u00f3n social y laboral de j\u00f3venes extutelados\/as. Impulsado por Fundaci\u00f3n Bar\u00e7a y con el apoyo de Fundaci\u00f3n La Caixa, participan j\u00f3venes que&#8230;<\/p>\n","protected":false},"author":2,"featured_media":110999,"comment_status":"closed","ping_status":"closed","sticky":false,"template":"","format":"standard","meta":{"footnotes":""},"categories":[1144,1244,1259],"tags":[],"class_list":["post-111004","post","type-post","status-publish","format-standard","has-post-thumbnail","hentry","category-infancia-y-familia","category-pisos-jovenes","category-publicaciones"],"yoast_head":"<!-- This site is optimized with the Yoast SEO plugin v27.4 - https:\/\/yoast.com\/product\/yoast-seo-wordpress\/ -->\n<title>Agradecimiento a Fundaci\u00f3 Bar\u00e7a y Fundaci\u00f3 La Caixa por la oportunidad de participar en Joves Futur+ | CFP Maresme<\/title>\n<meta name=\"robots\" content=\"index, follow, max-snippet:-1, max-image-preview:large, max-video-preview:-1\" \/>\n<link rel=\"canonical\" href=\"https:\/\/cfpmaresme.org\/es\/agraiiment-a-fundacio-barca-i-fundacio-la-caixa-per-loportunitat-de-continar-participant-a-joves-futur\/\" \/>\n<meta property=\"og:locale\" content=\"es_ES\" \/>\n<meta property=\"og:type\" content=\"article\" \/>\n<meta property=\"og:title\" content=\"Agradecimiento a Fundaci\u00f3 Bar\u00e7a y Fundaci\u00f3 La Caixa por la oportunidad de participar en Joves Futur+ | CFP Maresme\" \/>\n<meta property=\"og:description\" content=\"Este mes Miriam, Educadora Social referente del Piso PIL, ha estado presente en la clausura de J\u00f3venes Futur+, un proyecto que apoya la reinserci\u00f3n social y laboral de j\u00f3venes extutelados\/as. Impulsado por Fundaci\u00f3n Bar\u00e7a y con el apoyo de Fundaci\u00f3n La Caixa, participan j\u00f3venes que...\" \/>\n<meta property=\"og:url\" content=\"https:\/\/cfpmaresme.org\/es\/agraiiment-a-fundacio-barca-i-fundacio-la-caixa-per-loportunitat-de-continar-participant-a-joves-futur\/\" \/>\n<meta property=\"og:site_name\" content=\"CFP Maresme\" \/>\n<meta property=\"article:published_time\" content=\"2025-07-24T08:31:59+00:00\" \/>\n<meta property=\"article:modified_time\" content=\"2025-07-24T09:10:20+00:00\" \/>\n<meta property=\"og:image\" content=\"https:\/\/cfpmaresme.org\/wp-content\/uploads\/2025\/07\/Captura-de-pantalla-2025-07-24-103017.png\" \/>\n\t<meta property=\"og:image:width\" content=\"804\" \/>\n\t<meta property=\"og:image:height\" content=\"519\" \/>\n\t<meta property=\"og:image:type\" content=\"image\/png\" \/>\n<meta name=\"author\" content=\"CFPMaresme\" \/>\n<meta name=\"twitter:card\" content=\"summary_large_image\" \/>\n<meta name=\"twitter:creator\" content=\"@cfpmaresme\" \/>\n<meta name=\"twitter:site\" content=\"@cfpmaresme\" \/>\n<meta name=\"twitter:label1\" content=\"Escrito por\" \/>\n\t<meta name=\"twitter:data1\" content=\"CFPMaresme\" \/>\n\t<meta name=\"twitter:label2\" content=\"Tiempo de lectura\" \/>\n\t<meta name=\"twitter:data2\" content=\"1 minuto\" \/>\n<script type=\"application\/ld+json\" class=\"yoast-schema-graph\">{\"@context\":\"https:\\\/\\\/schema.org\",\"@graph\":[{\"@type\":\"Article\",\"@id\":\"https:\\\/\\\/cfpmaresme.org\\\/es\\\/agraiiment-a-fundacio-barca-i-fundacio-la-caixa-per-loportunitat-de-continar-participant-a-joves-futur\\\/#article\",\"isPartOf\":{\"@id\":\"https:\\\/\\\/cfpmaresme.org\\\/es\\\/agraiiment-a-fundacio-barca-i-fundacio-la-caixa-per-loportunitat-de-continar-participant-a-joves-futur\\\/\"},\"author\":{\"name\":\"CFPMaresme\",\"@id\":\"https:\\\/\\\/cfpmaresme.org\\\/#\\\/schema\\\/person\\\/b2634bcd796fafc667ea4055f61b9b2c\"},\"headline\":\"Agradecimiento a Fundaci\u00f3 Bar\u00e7a y Fundaci\u00f3 La Caixa por la oportunidad de participar en Joves Futur+\",\"datePublished\":\"2025-07-24T08:31:59+00:00\",\"dateModified\":\"2025-07-24T09:10:20+00:00\",\"mainEntityOfPage\":{\"@id\":\"https:\\\/\\\/cfpmaresme.org\\\/es\\\/agraiiment-a-fundacio-barca-i-fundacio-la-caixa-per-loportunitat-de-continar-participant-a-joves-futur\\\/\"},\"wordCount\":157,\"image\":{\"@id\":\"https:\\\/\\\/cfpmaresme.org\\\/es\\\/agraiiment-a-fundacio-barca-i-fundacio-la-caixa-per-loportunitat-de-continar-participant-a-joves-futur\\\/#primaryimage\"},\"thumbnailUrl\":\"https:\\\/\\\/cfpmaresme.org\\\/wp-content\\\/uploads\\\/2025\\\/07\\\/Captura-de-pantalla-2025-07-24-103017.png\",\"articleSection\":[\"\u00c1rea de infancia, adolescencia y fam\u00edlia\",\"Pisos j\u00f3venes\",\"Publicaciones\"],\"inLanguage\":\"es\"},{\"@type\":\"WebPage\",\"@id\":\"https:\\\/\\\/cfpmaresme.org\\\/es\\\/agraiiment-a-fundacio-barca-i-fundacio-la-caixa-per-loportunitat-de-continar-participant-a-joves-futur\\\/\",\"url\":\"https:\\\/\\\/cfpmaresme.org\\\/es\\\/agraiiment-a-fundacio-barca-i-fundacio-la-caixa-per-loportunitat-de-continar-participant-a-joves-futur\\\/\",\"name\":\"Agradecimiento a Fundaci\u00f3 Bar\u00e7a y Fundaci\u00f3 La Caixa por la oportunidad de participar en Joves Futur+ | CFP Maresme\",\"isPartOf\":{\"@id\":\"https:\\\/\\\/cfpmaresme.org\\\/#website\"},\"primaryImageOfPage\":{\"@id\":\"https:\\\/\\\/cfpmaresme.org\\\/es\\\/agraiiment-a-fundacio-barca-i-fundacio-la-caixa-per-loportunitat-de-continar-participant-a-joves-futur\\\/#primaryimage\"},\"image\":{\"@id\":\"https:\\\/\\\/cfpmaresme.org\\\/es\\\/agraiiment-a-fundacio-barca-i-fundacio-la-caixa-per-loportunitat-de-continar-participant-a-joves-futur\\\/#primaryimage\"},\"thumbnailUrl\":\"https:\\\/\\\/cfpmaresme.org\\\/wp-content\\\/uploads\\\/2025\\\/07\\\/Captura-de-pantalla-2025-07-24-103017.png\",\"datePublished\":\"2025-07-24T08:31:59+00:00\",\"dateModified\":\"2025-07-24T09:10:20+00:00\",\"author\":{\"@id\":\"https:\\\/\\\/cfpmaresme.org\\\/#\\\/schema\\\/person\\\/b2634bcd796fafc667ea4055f61b9b2c\"},\"breadcrumb\":{\"@id\":\"https:\\\/\\\/cfpmaresme.org\\\/es\\\/agraiiment-a-fundacio-barca-i-fundacio-la-caixa-per-loportunitat-de-continar-participant-a-joves-futur\\\/#breadcrumb\"},\"inLanguage\":\"es\",\"potentialAction\":[{\"@type\":\"ReadAction\",\"target\":[\"https:\\\/\\\/cfpmaresme.org\\\/es\\\/agraiiment-a-fundacio-barca-i-fundacio-la-caixa-per-loportunitat-de-continar-participant-a-joves-futur\\\/\"]}]},{\"@type\":\"ImageObject\",\"inLanguage\":\"es\",\"@id\":\"https:\\\/\\\/cfpmaresme.org\\\/es\\\/agraiiment-a-fundacio-barca-i-fundacio-la-caixa-per-loportunitat-de-continar-participant-a-joves-futur\\\/#primaryimage\",\"url\":\"https:\\\/\\\/cfpmaresme.org\\\/wp-content\\\/uploads\\\/2025\\\/07\\\/Captura-de-pantalla-2025-07-24-103017.png\",\"contentUrl\":\"https:\\\/\\\/cfpmaresme.org\\\/wp-content\\\/uploads\\\/2025\\\/07\\\/Captura-de-pantalla-2025-07-24-103017.png\",\"width\":804,\"height\":519},{\"@type\":\"BreadcrumbList\",\"@id\":\"https:\\\/\\\/cfpmaresme.org\\\/es\\\/agraiiment-a-fundacio-barca-i-fundacio-la-caixa-per-loportunitat-de-continar-participant-a-joves-futur\\\/#breadcrumb\",\"itemListElement\":[{\"@type\":\"ListItem\",\"position\":1,\"name\":\"Home\",\"item\":\"https:\\\/\\\/cfpmaresme.org\\\/es\\\/\"},{\"@type\":\"ListItem\",\"position\":2,\"name\":\"Agradecimiento a Fundaci\u00f3 Bar\u00e7a y Fundaci\u00f3 La Caixa por la oportunidad de participar en Joves Futur+\"}]},{\"@type\":\"WebSite\",\"@id\":\"https:\\\/\\\/cfpmaresme.org\\\/#website\",\"url\":\"https:\\\/\\\/cfpmaresme.org\\\/\",\"name\":\"CFP Maresme\",\"description\":\"Centre Formaci\u00f3 Prevenci\u00f3\",\"potentialAction\":[{\"@type\":\"SearchAction\",\"target\":{\"@type\":\"EntryPoint\",\"urlTemplate\":\"https:\\\/\\\/cfpmaresme.org\\\/?s={search_term_string}\"},\"query-input\":{\"@type\":\"PropertyValueSpecification\",\"valueRequired\":true,\"valueName\":\"search_term_string\"}}],\"inLanguage\":\"es\"},{\"@type\":\"Person\",\"@id\":\"https:\\\/\\\/cfpmaresme.org\\\/#\\\/schema\\\/person\\\/b2634bcd796fafc667ea4055f61b9b2c\",\"name\":\"CFPMaresme\"}]}<\/script>\n<!-- \/ Yoast SEO plugin. -->","yoast_head_json":{"title":"Agradecimiento a Fundaci\u00f3 Bar\u00e7a y Fundaci\u00f3 La Caixa por la oportunidad de participar en Joves Futur+ | CFP Maresme","robots":{"index":"index","follow":"follow","max-snippet":"max-snippet:-1","max-image-preview":"max-image-preview:large","max-video-preview":"max-video-preview:-1"},"canonical":"https:\/\/cfpmaresme.org\/es\/agraiiment-a-fundacio-barca-i-fundacio-la-caixa-per-loportunitat-de-continar-participant-a-joves-futur\/","og_locale":"es_ES","og_type":"article","og_title":"Agradecimiento a Fundaci\u00f3 Bar\u00e7a y Fundaci\u00f3 La Caixa por la oportunidad de participar en Joves Futur+ | CFP Maresme","og_description":"Este mes Miriam, Educadora Social referente del Piso PIL, ha estado presente en la clausura de J\u00f3venes Futur+, un proyecto que apoya la reinserci\u00f3n social y laboral de j\u00f3venes extutelados\/as. Impulsado por Fundaci\u00f3n Bar\u00e7a y con el apoyo de Fundaci\u00f3n La Caixa, participan j\u00f3venes que...","og_url":"https:\/\/cfpmaresme.org\/es\/agraiiment-a-fundacio-barca-i-fundacio-la-caixa-per-loportunitat-de-continar-participant-a-joves-futur\/","og_site_name":"CFP Maresme","article_published_time":"2025-07-24T08:31:59+00:00","article_modified_time":"2025-07-24T09:10:20+00:00","og_image":[{"width":804,"height":519,"url":"https:\/\/cfpmaresme.org\/wp-content\/uploads\/2025\/07\/Captura-de-pantalla-2025-07-24-103017.png","type":"image\/png"}],"author":"CFPMaresme","twitter_card":"summary_large_image","twitter_creator":"@cfpmaresme","twitter_site":"@cfpmaresme","twitter_misc":{"Escrito por":"CFPMaresme","Tiempo de lectura":"1 minuto"},"schema":{"@context":"https:\/\/schema.org","@graph":[{"@type":"Article","@id":"https:\/\/cfpmaresme.org\/es\/agraiiment-a-fundacio-barca-i-fundacio-la-caixa-per-loportunitat-de-continar-participant-a-joves-futur\/#article","isPartOf":{"@id":"https:\/\/cfpmaresme.org\/es\/agraiiment-a-fundacio-barca-i-fundacio-la-caixa-per-loportunitat-de-continar-participant-a-joves-futur\/"},"author":{"name":"CFPMaresme","@id":"https:\/\/cfpmaresme.org\/#\/schema\/person\/b2634bcd796fafc667ea4055f61b9b2c"},"headline":"Agradecimiento a Fundaci\u00f3 Bar\u00e7a y Fundaci\u00f3 La Caixa por la oportunidad de participar en Joves Futur+","datePublished":"2025-07-24T08:31:59+00:00","dateModified":"2025-07-24T09:10:20+00:00","mainEntityOfPage":{"@id":"https:\/\/cfpmaresme.org\/es\/agraiiment-a-fundacio-barca-i-fundacio-la-caixa-per-loportunitat-de-continar-participant-a-joves-futur\/"},"wordCount":157,"image":{"@id":"https:\/\/cfpmaresme.org\/es\/agraiiment-a-fundacio-barca-i-fundacio-la-caixa-per-loportunitat-de-continar-participant-a-joves-futur\/#primaryimage"},"thumbnailUrl":"https:\/\/cfpmaresme.org\/wp-content\/uploads\/2025\/07\/Captura-de-pantalla-2025-07-24-103017.png","articleSection":["\u00c1rea de infancia, adolescencia y fam\u00edlia","Pisos j\u00f3venes","Publicaciones"],"inLanguage":"es"},{"@type":"WebPage","@id":"https:\/\/cfpmaresme.org\/es\/agraiiment-a-fundacio-barca-i-fundacio-la-caixa-per-loportunitat-de-continar-participant-a-joves-futur\/","url":"https:\/\/cfpmaresme.org\/es\/agraiiment-a-fundacio-barca-i-fundacio-la-caixa-per-loportunitat-de-continar-participant-a-joves-futur\/","name":"Agradecimiento a Fundaci\u00f3 Bar\u00e7a y Fundaci\u00f3 La Caixa por la oportunidad de participar en Joves Futur+ | CFP Maresme","isPartOf":{"@id":"https:\/\/cfpmaresme.org\/#website"},"primaryImageOfPage":{"@id":"https:\/\/cfpmaresme.org\/es\/agraiiment-a-fundacio-barca-i-fundacio-la-caixa-per-loportunitat-de-continar-participant-a-joves-futur\/#primaryimage"},"image":{"@id":"https:\/\/cfpmaresme.org\/es\/agraiiment-a-fundacio-barca-i-fundacio-la-caixa-per-loportunitat-de-continar-participant-a-joves-futur\/#primaryimage"},"thumbnailUrl":"https:\/\/cfpmaresme.org\/wp-content\/uploads\/2025\/07\/Captura-de-pantalla-2025-07-24-103017.png","datePublished":"2025-07-24T08:31:59+00:00","dateModified":"2025-07-24T09:10:20+00:00","author":{"@id":"https:\/\/cfpmaresme.org\/#\/schema\/person\/b2634bcd796fafc667ea4055f61b9b2c"},"breadcrumb":{"@id":"https:\/\/cfpmaresme.org\/es\/agraiiment-a-fundacio-barca-i-fundacio-la-caixa-per-loportunitat-de-continar-participant-a-joves-futur\/#breadcrumb"},"inLanguage":"es","potentialAction":[{"@type":"ReadAction","target":["https:\/\/cfpmaresme.org\/es\/agraiiment-a-fundacio-barca-i-fundacio-la-caixa-per-loportunitat-de-continar-participant-a-joves-futur\/"]}]},{"@type":"ImageObject","inLanguage":"es","@id":"https:\/\/cfpmaresme.org\/es\/agraiiment-a-fundacio-barca-i-fundacio-la-caixa-per-loportunitat-de-continar-participant-a-joves-futur\/#primaryimage","url":"https:\/\/cfpmaresme.org\/wp-content\/uploads\/2025\/07\/Captura-de-pantalla-2025-07-24-103017.png","contentUrl":"https:\/\/cfpmaresme.org\/wp-content\/uploads\/2025\/07\/Captura-de-pantalla-2025-07-24-103017.png","width":804,"height":519},{"@type":"BreadcrumbList","@id":"https:\/\/cfpmaresme.org\/es\/agraiiment-a-fundacio-barca-i-fundacio-la-caixa-per-loportunitat-de-continar-participant-a-joves-futur\/#breadcrumb","itemListElement":[{"@type":"ListItem","position":1,"name":"Home","item":"https:\/\/cfpmaresme.org\/es\/"},{"@type":"ListItem","position":2,"name":"Agradecimiento a Fundaci\u00f3 Bar\u00e7a y Fundaci\u00f3 La Caixa por la oportunidad de participar en Joves Futur+"}]},{"@type":"WebSite","@id":"https:\/\/cfpmaresme.org\/#website","url":"https:\/\/cfpmaresme.org\/","name":"CFP Maresme","description":"Centre Formaci\u00f3 Prevenci\u00f3","potentialAction":[{"@type":"SearchAction","target":{"@type":"EntryPoint","urlTemplate":"https:\/\/cfpmaresme.org\/?s={search_term_string}"},"query-input":{"@type":"PropertyValueSpecification","valueRequired":true,"valueName":"search_term_string"}}],"inLanguage":"es"},{"@type":"Person","@id":"https:\/\/cfpmaresme.org\/#\/schema\/person\/b2634bcd796fafc667ea4055f61b9b2c","name":"CFPMaresme"}]}},"_links":{"self":[{"href":"https:\/\/cfpmaresme.org\/es\/wp-json\/wp\/v2\/posts\/111004","targetHints":{"allow":["GET"]}}],"collection":[{"href":"https:\/\/cfpmaresme.org\/es\/wp-json\/wp\/v2\/posts"}],"about":[{"href":"https:\/\/cfpmaresme.org\/es\/wp-json\/wp\/v2\/types\/post"}],"author":[{"embeddable":true,"href":"https:\/\/cfpmaresme.org\/es\/wp-json\/wp\/v2\/users\/2"}],"replies":[{"embeddable":true,"href":"https:\/\/cfpmaresme.org\/es\/wp-json\/wp\/v2\/comments?post=111004"}],"version-history":[{"count":3,"href":"https:\/\/cfpmaresme.org\/es\/wp-json\/wp\/v2\/posts\/111004\/revisions"}],"predecessor-version":[{"id":111009,"href":"https:\/\/cfpmaresme.org\/es\/wp-json\/wp\/v2\/posts\/111004\/revisions\/111009"}],"wp:featuredmedia":[{"embeddable":true,"href":"https:\/\/cfpmaresme.org\/es\/wp-json\/wp\/v2\/media\/110999"}],"wp:attachment":[{"href":"https:\/\/cfpmaresme.org\/es\/wp-json\/wp\/v2\/media?parent=111004"}],"wp:term":[{"taxonomy":"category","embeddable":true,"href":"https:\/\/cfpmaresme.org\/es\/wp-json\/wp\/v2\/categories?post=111004"},{"taxonomy":"post_tag","embeddable":true,"href":"https:\/\/cfpmaresme.org\/es\/wp-json\/wp\/v2\/tags?post=111004"}],"curies":[{"name":"wp","href":"https:\/\/api.w.org\/{rel}","templated":true}]}}