{"id":111345,"date":"2025-09-26T11:05:35","date_gmt":"2025-09-26T09:05:35","guid":{"rendered":"https:\/\/cfpmaresme.org\/111337\/"},"modified":"2025-09-26T12:13:10","modified_gmt":"2025-09-26T10:13:10","slug":"111337","status":"publish","type":"post","link":"https:\/\/cfpmaresme.org\/es\/111337\/","title":{"rendered":"Equinoterapia: salud mental y bienestar a trav\u00e9s de los caballos"},"content":{"rendered":"<p>Cuando hablamos de salud mental, cada vez existe m\u00e1s consenso en la necesidad de ir m\u00e1s all\u00e1 de los tratamientos estrictamente m\u00e9dicos. Las terapias complementarias ofrecen nuevas herramientas para mejorar la calidad de vida de las personas. Una de ellas es la <strong>equinoterapia<\/strong>, que utiliza el v\u00ednculo con el caballo como motor de cambio.<\/p>\n<p>Personas\u00a0 que atendemos desde diversos servicios de salud mental (servicios de rehabilitaci\u00f3n comunitaria, grupo de j\u00f3venes, prelaboral&#8230;) realizan sesiones de equinoterapia.<\/p>\n<p>A diferencia de otras intervenciones, la equinoterapia se realiza al aire libre, en contacto con la naturaleza y con los animales. Esta experiencia aporta bienestar emocional, ayuda a reforzar la autoestima y mejora habilidades sociales y psicomotrices.<\/p>\n<p>El caballo desempe\u00f1a un papel muy especial: se convierte en un <strong>puente entre el profesional y la persona<\/strong>. Cuidarle, acariciarle o montarlo abre la puerta a expresar emociones y sentimientos que a veces son dif\u00edciles de poner en palabras. Adem\u00e1s, fomenta la responsabilidad y el autocuidado: no s\u00f3lo recibes cuidados, sino que tambi\u00e9n das.<\/p>\n<p><iframe loading=\"lazy\" title=\"YouTube video player\" src=\"https:\/\/www.youtube.com\/embed\/qYPJD099oJ8?si=fxrxqljCfHfWDcE1\" width=\"560\" height=\"315\" frameborder=\"0\" allowfullscreen=\"allowfullscreen\"><\/iframe><\/p>\n<p>&nbsp;<\/p>\n<p><strong>Beneficios de la equinoter\u00e0pia<\/strong><\/p>\n<ul>\n<li><strong>F\u00edsicos<\/strong>: mejora el equilibrio, la coordinaci\u00f3n y la mobilidad y fortalece la musculatura.<\/li>\n<li><strong>Emocionales<\/strong>: ayuda a reducir la ansiedad, la solitud y los miedos, y facilita la comunicaci\u00f3n.<\/li>\n<li><strong>Cognitivos<\/strong>: estimula la atenci\u00f3n, la memoria, la concentraci\u00f3n y la planificaci\u00f3n.<\/li>\n<li><strong>Autocuidado y autonom\u00eda:<\/strong> higiene personal, h\u00e1bitos de vida y vivienda.<\/li>\n<\/ul>\n<p>&nbsp;<\/p>\n<p>La equinoterapia es una experiencia enriquecedora y transformadora. El objetivo es claro: <strong>mejorar la calidad de vida de las personas con trastorno mental a trav\u00e9s de una actividad \u00fanica y motivadora.\u00a0<\/strong><\/p>\n","protected":false},"excerpt":{"rendered":"<p>Cuando hablamos de salud mental, cada vez existe m\u00e1s consenso en la necesidad de ir m\u00e1s all\u00e1 de los tratamientos estrictamente m\u00e9dicos. Las terapias complementarias ofrecen nuevas herramientas para mejorar la calidad de vida de las personas. Una de ellas es la equinoterapia, que utiliza&#8230;<\/p>\n","protected":false},"author":2,"featured_media":111341,"comment_status":"closed","ping_status":"closed","sticky":false,"template":"","format":"standard","meta":{"footnotes":""},"categories":[1187,1273,1259,1230,1231,1269],"tags":[],"class_list":["post-111345","post","type-post","status-publish","format-standard","has-post-thumbnail","hentry","category-cfp-maresme-es","category-habitatges-salut-mental-es","category-publicaciones","category-servei-prelaboral-es","category-serveis-de-rehabilitacio-comunitaria-es","category-sociolaboral-publicacions-es"],"yoast_head":"<!-- This site is optimized with the Yoast SEO plugin v27.4 - https:\/\/yoast.com\/product\/yoast-seo-wordpress\/ -->\n<title>Equinoterapia: salud mental y bienestar a trav\u00e9s de los caballos | CFP Maresme<\/title>\n<meta name=\"robots\" content=\"index, follow, max-snippet:-1, max-image-preview:large, max-video-preview:-1\" \/>\n<link rel=\"canonical\" href=\"https:\/\/cfpmaresme.org\/es\/111337\/\" \/>\n<meta property=\"og:locale\" content=\"es_ES\" \/>\n<meta property=\"og:type\" content=\"article\" \/>\n<meta property=\"og:title\" content=\"Equinoterapia: salud mental y bienestar a trav\u00e9s de los caballos | CFP Maresme\" \/>\n<meta property=\"og:description\" content=\"Cuando hablamos de salud mental, cada vez existe m\u00e1s consenso en la necesidad de ir m\u00e1s all\u00e1 de los tratamientos estrictamente m\u00e9dicos. Las terapias complementarias ofrecen nuevas herramientas para mejorar la calidad de vida de las personas. Una de ellas es la equinoterapia, que utiliza...\" \/>\n<meta property=\"og:url\" content=\"https:\/\/cfpmaresme.org\/es\/111337\/\" \/>\n<meta property=\"og:site_name\" content=\"CFP Maresme\" \/>\n<meta property=\"article:published_time\" content=\"2025-09-26T09:05:35+00:00\" \/>\n<meta property=\"article:modified_time\" content=\"2025-09-26T10:13:10+00:00\" \/>\n<meta property=\"og:image\" content=\"https:\/\/cfpmaresme.org\/wp-content\/uploads\/2025\/09\/equino-2.jpg\" \/>\n\t<meta property=\"og:image:width\" content=\"1185\" \/>\n\t<meta property=\"og:image:height\" content=\"551\" \/>\n\t<meta property=\"og:image:type\" content=\"image\/jpeg\" \/>\n<meta name=\"author\" content=\"CFPMaresme\" \/>\n<meta name=\"twitter:card\" content=\"summary_large_image\" \/>\n<meta name=\"twitter:creator\" content=\"@cfpmaresme\" \/>\n<meta name=\"twitter:site\" content=\"@cfpmaresme\" \/>\n<meta name=\"twitter:label1\" content=\"Escrito por\" \/>\n\t<meta name=\"twitter:data1\" content=\"CFPMaresme\" \/>\n\t<meta name=\"twitter:label2\" content=\"Tiempo de lectura\" \/>\n\t<meta name=\"twitter:data2\" content=\"2 minutos\" \/>\n<script type=\"application\/ld+json\" class=\"yoast-schema-graph\">{\"@context\":\"https:\\\/\\\/schema.org\",\"@graph\":[{\"@type\":\"Article\",\"@id\":\"https:\\\/\\\/cfpmaresme.org\\\/es\\\/111337\\\/#article\",\"isPartOf\":{\"@id\":\"https:\\\/\\\/cfpmaresme.org\\\/es\\\/111337\\\/\"},\"author\":{\"name\":\"CFPMaresme\",\"@id\":\"https:\\\/\\\/cfpmaresme.org\\\/es\\\/#\\\/schema\\\/person\\\/b2634bcd796fafc667ea4055f61b9b2c\"},\"headline\":\"Equinoterapia: salud mental y bienestar a trav\u00e9s de los caballos\",\"datePublished\":\"2025-09-26T09:05:35+00:00\",\"dateModified\":\"2025-09-26T10:13:10+00:00\",\"mainEntityOfPage\":{\"@id\":\"https:\\\/\\\/cfpmaresme.org\\\/es\\\/111337\\\/\"},\"wordCount\":284,\"image\":{\"@id\":\"https:\\\/\\\/cfpmaresme.org\\\/es\\\/111337\\\/#primaryimage\"},\"thumbnailUrl\":\"https:\\\/\\\/cfpmaresme.org\\\/wp-content\\\/uploads\\\/2025\\\/09\\\/equino-2.jpg\",\"articleSection\":[\"CFP Maresme\",\"Habitatges salut mental\",\"Publicaciones\",\"Servei Prelaboral\",\"Serveis de Rehabilitaci\u00f3 Comunit\u00e0ria\",\"Sociolaboral\"],\"inLanguage\":\"es\"},{\"@type\":\"WebPage\",\"@id\":\"https:\\\/\\\/cfpmaresme.org\\\/es\\\/111337\\\/\",\"url\":\"https:\\\/\\\/cfpmaresme.org\\\/es\\\/111337\\\/\",\"name\":\"Equinoterapia: salud mental y bienestar a trav\u00e9s de los caballos | CFP Maresme\",\"isPartOf\":{\"@id\":\"https:\\\/\\\/cfpmaresme.org\\\/es\\\/#website\"},\"primaryImageOfPage\":{\"@id\":\"https:\\\/\\\/cfpmaresme.org\\\/es\\\/111337\\\/#primaryimage\"},\"image\":{\"@id\":\"https:\\\/\\\/cfpmaresme.org\\\/es\\\/111337\\\/#primaryimage\"},\"thumbnailUrl\":\"https:\\\/\\\/cfpmaresme.org\\\/wp-content\\\/uploads\\\/2025\\\/09\\\/equino-2.jpg\",\"datePublished\":\"2025-09-26T09:05:35+00:00\",\"dateModified\":\"2025-09-26T10:13:10+00:00\",\"author\":{\"@id\":\"https:\\\/\\\/cfpmaresme.org\\\/es\\\/#\\\/schema\\\/person\\\/b2634bcd796fafc667ea4055f61b9b2c\"},\"breadcrumb\":{\"@id\":\"https:\\\/\\\/cfpmaresme.org\\\/es\\\/111337\\\/#breadcrumb\"},\"inLanguage\":\"es\",\"potentialAction\":[{\"@type\":\"ReadAction\",\"target\":[\"https:\\\/\\\/cfpmaresme.org\\\/es\\\/111337\\\/\"]}]},{\"@type\":\"ImageObject\",\"inLanguage\":\"es\",\"@id\":\"https:\\\/\\\/cfpmaresme.org\\\/es\\\/111337\\\/#primaryimage\",\"url\":\"https:\\\/\\\/cfpmaresme.org\\\/wp-content\\\/uploads\\\/2025\\\/09\\\/equino-2.jpg\",\"contentUrl\":\"https:\\\/\\\/cfpmaresme.org\\\/wp-content\\\/uploads\\\/2025\\\/09\\\/equino-2.jpg\",\"width\":1185,\"height\":551},{\"@type\":\"BreadcrumbList\",\"@id\":\"https:\\\/\\\/cfpmaresme.org\\\/es\\\/111337\\\/#breadcrumb\",\"itemListElement\":[{\"@type\":\"ListItem\",\"position\":1,\"name\":\"Home\",\"item\":\"https:\\\/\\\/cfpmaresme.org\\\/es\\\/\"},{\"@type\":\"ListItem\",\"position\":2,\"name\":\"Equinoterapia: salud mental y bienestar a trav\u00e9s de los caballos\"}]},{\"@type\":\"WebSite\",\"@id\":\"https:\\\/\\\/cfpmaresme.org\\\/es\\\/#website\",\"url\":\"https:\\\/\\\/cfpmaresme.org\\\/es\\\/\",\"name\":\"CFP Maresme\",\"description\":\"Centre Formaci\u00f3 Prevenci\u00f3\",\"potentialAction\":[{\"@type\":\"SearchAction\",\"target\":{\"@type\":\"EntryPoint\",\"urlTemplate\":\"https:\\\/\\\/cfpmaresme.org\\\/es\\\/?s={search_term_string}\"},\"query-input\":{\"@type\":\"PropertyValueSpecification\",\"valueRequired\":true,\"valueName\":\"search_term_string\"}}],\"inLanguage\":\"es\"},{\"@type\":\"Person\",\"@id\":\"https:\\\/\\\/cfpmaresme.org\\\/es\\\/#\\\/schema\\\/person\\\/b2634bcd796fafc667ea4055f61b9b2c\",\"name\":\"CFPMaresme\"}]}<\/script>\n<!-- \/ Yoast SEO plugin. -->","yoast_head_json":{"title":"Equinoterapia: salud mental y bienestar a trav\u00e9s de los caballos | CFP Maresme","robots":{"index":"index","follow":"follow","max-snippet":"max-snippet:-1","max-image-preview":"max-image-preview:large","max-video-preview":"max-video-preview:-1"},"canonical":"https:\/\/cfpmaresme.org\/es\/111337\/","og_locale":"es_ES","og_type":"article","og_title":"Equinoterapia: salud mental y bienestar a trav\u00e9s de los caballos | CFP Maresme","og_description":"Cuando hablamos de salud mental, cada vez existe m\u00e1s consenso en la necesidad de ir m\u00e1s all\u00e1 de los tratamientos estrictamente m\u00e9dicos. Las terapias complementarias ofrecen nuevas herramientas para mejorar la calidad de vida de las personas. Una de ellas es la equinoterapia, que utiliza...","og_url":"https:\/\/cfpmaresme.org\/es\/111337\/","og_site_name":"CFP Maresme","article_published_time":"2025-09-26T09:05:35+00:00","article_modified_time":"2025-09-26T10:13:10+00:00","og_image":[{"width":1185,"height":551,"url":"https:\/\/cfpmaresme.org\/wp-content\/uploads\/2025\/09\/equino-2.jpg","type":"image\/jpeg"}],"author":"CFPMaresme","twitter_card":"summary_large_image","twitter_creator":"@cfpmaresme","twitter_site":"@cfpmaresme","twitter_misc":{"Escrito por":"CFPMaresme","Tiempo de lectura":"2 minutos"},"schema":{"@context":"https:\/\/schema.org","@graph":[{"@type":"Article","@id":"https:\/\/cfpmaresme.org\/es\/111337\/#article","isPartOf":{"@id":"https:\/\/cfpmaresme.org\/es\/111337\/"},"author":{"name":"CFPMaresme","@id":"https:\/\/cfpmaresme.org\/es\/#\/schema\/person\/b2634bcd796fafc667ea4055f61b9b2c"},"headline":"Equinoterapia: salud mental y bienestar a trav\u00e9s de los caballos","datePublished":"2025-09-26T09:05:35+00:00","dateModified":"2025-09-26T10:13:10+00:00","mainEntityOfPage":{"@id":"https:\/\/cfpmaresme.org\/es\/111337\/"},"wordCount":284,"image":{"@id":"https:\/\/cfpmaresme.org\/es\/111337\/#primaryimage"},"thumbnailUrl":"https:\/\/cfpmaresme.org\/wp-content\/uploads\/2025\/09\/equino-2.jpg","articleSection":["CFP Maresme","Habitatges salut mental","Publicaciones","Servei Prelaboral","Serveis de Rehabilitaci\u00f3 Comunit\u00e0ria","Sociolaboral"],"inLanguage":"es"},{"@type":"WebPage","@id":"https:\/\/cfpmaresme.org\/es\/111337\/","url":"https:\/\/cfpmaresme.org\/es\/111337\/","name":"Equinoterapia: salud mental y bienestar a trav\u00e9s de los caballos | CFP Maresme","isPartOf":{"@id":"https:\/\/cfpmaresme.org\/es\/#website"},"primaryImageOfPage":{"@id":"https:\/\/cfpmaresme.org\/es\/111337\/#primaryimage"},"image":{"@id":"https:\/\/cfpmaresme.org\/es\/111337\/#primaryimage"},"thumbnailUrl":"https:\/\/cfpmaresme.org\/wp-content\/uploads\/2025\/09\/equino-2.jpg","datePublished":"2025-09-26T09:05:35+00:00","dateModified":"2025-09-26T10:13:10+00:00","author":{"@id":"https:\/\/cfpmaresme.org\/es\/#\/schema\/person\/b2634bcd796fafc667ea4055f61b9b2c"},"breadcrumb":{"@id":"https:\/\/cfpmaresme.org\/es\/111337\/#breadcrumb"},"inLanguage":"es","potentialAction":[{"@type":"ReadAction","target":["https:\/\/cfpmaresme.org\/es\/111337\/"]}]},{"@type":"ImageObject","inLanguage":"es","@id":"https:\/\/cfpmaresme.org\/es\/111337\/#primaryimage","url":"https:\/\/cfpmaresme.org\/wp-content\/uploads\/2025\/09\/equino-2.jpg","contentUrl":"https:\/\/cfpmaresme.org\/wp-content\/uploads\/2025\/09\/equino-2.jpg","width":1185,"height":551},{"@type":"BreadcrumbList","@id":"https:\/\/cfpmaresme.org\/es\/111337\/#breadcrumb","itemListElement":[{"@type":"ListItem","position":1,"name":"Home","item":"https:\/\/cfpmaresme.org\/es\/"},{"@type":"ListItem","position":2,"name":"Equinoterapia: salud mental y bienestar a trav\u00e9s de los caballos"}]},{"@type":"WebSite","@id":"https:\/\/cfpmaresme.org\/es\/#website","url":"https:\/\/cfpmaresme.org\/es\/","name":"CFP Maresme","description":"Centre Formaci\u00f3 Prevenci\u00f3","potentialAction":[{"@type":"SearchAction","target":{"@type":"EntryPoint","urlTemplate":"https:\/\/cfpmaresme.org\/es\/?s={search_term_string}"},"query-input":{"@type":"PropertyValueSpecification","valueRequired":true,"valueName":"search_term_string"}}],"inLanguage":"es"},{"@type":"Person","@id":"https:\/\/cfpmaresme.org\/es\/#\/schema\/person\/b2634bcd796fafc667ea4055f61b9b2c","name":"CFPMaresme"}]}},"_links":{"self":[{"href":"https:\/\/cfpmaresme.org\/es\/wp-json\/wp\/v2\/posts\/111345","targetHints":{"allow":["GET"]}}],"collection":[{"href":"https:\/\/cfpmaresme.org\/es\/wp-json\/wp\/v2\/posts"}],"about":[{"href":"https:\/\/cfpmaresme.org\/es\/wp-json\/wp\/v2\/types\/post"}],"author":[{"embeddable":true,"href":"https:\/\/cfpmaresme.org\/es\/wp-json\/wp\/v2\/users\/2"}],"replies":[{"embeddable":true,"href":"https:\/\/cfpmaresme.org\/es\/wp-json\/wp\/v2\/comments?post=111345"}],"version-history":[{"count":3,"href":"https:\/\/cfpmaresme.org\/es\/wp-json\/wp\/v2\/posts\/111345\/revisions"}],"predecessor-version":[{"id":111348,"href":"https:\/\/cfpmaresme.org\/es\/wp-json\/wp\/v2\/posts\/111345\/revisions\/111348"}],"wp:featuredmedia":[{"embeddable":true,"href":"https:\/\/cfpmaresme.org\/es\/wp-json\/wp\/v2\/media\/111341"}],"wp:attachment":[{"href":"https:\/\/cfpmaresme.org\/es\/wp-json\/wp\/v2\/media?parent=111345"}],"wp:term":[{"taxonomy":"category","embeddable":true,"href":"https:\/\/cfpmaresme.org\/es\/wp-json\/wp\/v2\/categories?post=111345"},{"taxonomy":"post_tag","embeddable":true,"href":"https:\/\/cfpmaresme.org\/es\/wp-json\/wp\/v2\/tags?post=111345"}],"curies":[{"name":"wp","href":"https:\/\/api.w.org\/{rel}","templated":true}]}}