{"id":111491,"date":"2025-10-13T11:18:40","date_gmt":"2025-10-13T09:18:40","guid":{"rendered":"https:\/\/cfpmaresme.org\/recomanacions-de-llibres-i-pellicules-sobre-salut-mental\/"},"modified":"2025-10-13T11:24:42","modified_gmt":"2025-10-13T09:24:42","slug":"recomanacions-de-llibres-i-pellicules-sobre-salut-mental","status":"publish","type":"post","link":"https:\/\/cfpmaresme.org\/es\/recomanacions-de-llibres-i-pellicules-sobre-salut-mental\/","title":{"rendered":"Recomendaciones de libros y pel\u00edculas sobre Salud Mental"},"content":{"rendered":"<p data-start=\"41\" data-end=\"270\">Con motivo de los actos del Mes de la Salud Mental, desde el SRC Burriac hemos impulsado una propuesta que nos entusiasma compartir: una selecci\u00f3n de libros y pel\u00edculas que abordan la salud mental desde diferentes perspectivas.<\/p>\n<p data-start=\"277\" data-end=\"402\" data-is-last-node=\"\">Adem\u00e1s, hemos incorporado una secci\u00f3n especial dedicada a los j\u00f3venes, con el objetivo de fomentar el di\u00e1logo y la reflexi\u00f3.<\/p>\n<p>&nbsp;<\/p>\n<p>Os lo presentamos:<\/p>\n<div style=\"width: 640px;\" class=\"wp-video\"><video class=\"wp-video-shortcode\" id=\"video-111491-1\" width=\"640\" height=\"360\" preload=\"metadata\" controls=\"controls\"><source type=\"video\/mp4\" src=\"http:\/\/cfpmaresme.org\/wp-content\/uploads\/2025\/10\/Recomendaciones-de-libros-SM.mp4?_=1\" \/><a href=\"http:\/\/cfpmaresme.org\/wp-content\/uploads\/2025\/10\/Recomendaciones-de-libros-SM.mp4\">http:\/\/cfpmaresme.org\/wp-content\/uploads\/2025\/10\/Recomendaciones-de-libros-SM.mp4<\/a><\/video><\/div>\n<p>&nbsp;<\/p>\n<p data-start=\"41\" data-end=\"221\">Queremos que esta iniciativa sea colaborativa y abierta. Si conoc\u00e9is otras obras que traten la salud mental, os invitamos a compartirlas y as\u00ed hacer crecer juntos esta propuesta.<\/p>\n<p data-start=\"228\" data-end=\"373\" data-is-last-node=\"\">Promovamos juntos la sensibilizaci\u00f3n social y la lucha contra el estigma hacia las personas que conviven con una problem\u00e1tica de salud mental. \ud83d\udc9a<\/p>\n","protected":false},"excerpt":{"rendered":"<p>Con motivo de los actos del Mes de la Salud Mental, desde el SRC Burriac hemos impulsado una propuesta que nos entusiasma compartir: una selecci\u00f3n de libros y pel\u00edculas que abordan la salud mental desde diferentes perspectivas. Adem\u00e1s, hemos incorporado una secci\u00f3n especial dedicada a&#8230;<\/p>\n","protected":false},"author":2,"featured_media":111489,"comment_status":"closed","ping_status":"closed","sticky":false,"template":"","format":"standard","meta":{"footnotes":""},"categories":[1187,1259],"tags":[],"class_list":["post-111491","post","type-post","status-publish","format-standard","has-post-thumbnail","hentry","category-cfp-maresme-es","category-publicaciones"],"yoast_head":"<!-- This site is optimized with the Yoast SEO plugin v27.4 - https:\/\/yoast.com\/product\/yoast-seo-wordpress\/ -->\n<title>Recomendaciones de libros y pel\u00edculas sobre Salud Mental | CFP Maresme<\/title>\n<meta name=\"robots\" content=\"index, follow, max-snippet:-1, max-image-preview:large, max-video-preview:-1\" \/>\n<link rel=\"canonical\" href=\"https:\/\/cfpmaresme.org\/es\/recomanacions-de-llibres-i-pellicules-sobre-salut-mental\/\" \/>\n<meta property=\"og:locale\" content=\"es_ES\" \/>\n<meta property=\"og:type\" content=\"article\" \/>\n<meta property=\"og:title\" content=\"Recomendaciones de libros y pel\u00edculas sobre Salud Mental | CFP Maresme\" \/>\n<meta property=\"og:description\" content=\"Con motivo de los actos del Mes de la Salud Mental, desde el SRC Burriac hemos impulsado una propuesta que nos entusiasma compartir: una selecci\u00f3n de libros y pel\u00edculas que abordan la salud mental desde diferentes perspectivas. Adem\u00e1s, hemos incorporado una secci\u00f3n especial dedicada a...\" \/>\n<meta property=\"og:url\" content=\"https:\/\/cfpmaresme.org\/es\/recomanacions-de-llibres-i-pellicules-sobre-salut-mental\/\" \/>\n<meta property=\"og:site_name\" content=\"CFP Maresme\" \/>\n<meta property=\"article:published_time\" content=\"2025-10-13T09:18:40+00:00\" \/>\n<meta property=\"article:modified_time\" content=\"2025-10-13T09:24:42+00:00\" \/>\n<meta property=\"og:image\" content=\"https:\/\/cfpmaresme.org\/wp-content\/uploads\/2025\/10\/Exposicio.jpg\" \/>\n\t<meta property=\"og:image:width\" content=\"2040\" \/>\n\t<meta property=\"og:image:height\" content=\"1148\" \/>\n\t<meta property=\"og:image:type\" content=\"image\/jpeg\" \/>\n<meta name=\"author\" content=\"CFPMaresme\" \/>\n<meta name=\"twitter:card\" content=\"summary_large_image\" \/>\n<meta name=\"twitter:creator\" content=\"@cfpmaresme\" \/>\n<meta name=\"twitter:site\" content=\"@cfpmaresme\" \/>\n<meta name=\"twitter:label1\" content=\"Escrito por\" \/>\n\t<meta name=\"twitter:data1\" content=\"CFPMaresme\" \/>\n\t<meta name=\"twitter:label2\" content=\"Tiempo de lectura\" \/>\n\t<meta name=\"twitter:data2\" content=\"1 minuto\" \/>\n<script type=\"application\/ld+json\" class=\"yoast-schema-graph\">{\"@context\":\"https:\\\/\\\/schema.org\",\"@graph\":[{\"@type\":\"Article\",\"@id\":\"https:\\\/\\\/cfpmaresme.org\\\/es\\\/recomanacions-de-llibres-i-pellicules-sobre-salut-mental\\\/#article\",\"isPartOf\":{\"@id\":\"https:\\\/\\\/cfpmaresme.org\\\/es\\\/recomanacions-de-llibres-i-pellicules-sobre-salut-mental\\\/\"},\"author\":{\"name\":\"CFPMaresme\",\"@id\":\"https:\\\/\\\/cfpmaresme.org\\\/#\\\/schema\\\/person\\\/b2634bcd796fafc667ea4055f61b9b2c\"},\"headline\":\"Recomendaciones de libros y pel\u00edculas sobre Salud Mental\",\"datePublished\":\"2025-10-13T09:18:40+00:00\",\"dateModified\":\"2025-10-13T09:24:42+00:00\",\"mainEntityOfPage\":{\"@id\":\"https:\\\/\\\/cfpmaresme.org\\\/es\\\/recomanacions-de-llibres-i-pellicules-sobre-salut-mental\\\/\"},\"wordCount\":137,\"image\":{\"@id\":\"https:\\\/\\\/cfpmaresme.org\\\/es\\\/recomanacions-de-llibres-i-pellicules-sobre-salut-mental\\\/#primaryimage\"},\"thumbnailUrl\":\"https:\\\/\\\/cfpmaresme.org\\\/wp-content\\\/uploads\\\/2025\\\/10\\\/Exposicio.jpg\",\"articleSection\":[\"CFP Maresme\",\"Publicaciones\"],\"inLanguage\":\"es\"},{\"@type\":\"WebPage\",\"@id\":\"https:\\\/\\\/cfpmaresme.org\\\/es\\\/recomanacions-de-llibres-i-pellicules-sobre-salut-mental\\\/\",\"url\":\"https:\\\/\\\/cfpmaresme.org\\\/es\\\/recomanacions-de-llibres-i-pellicules-sobre-salut-mental\\\/\",\"name\":\"Recomendaciones de libros y pel\u00edculas sobre Salud Mental | CFP Maresme\",\"isPartOf\":{\"@id\":\"https:\\\/\\\/cfpmaresme.org\\\/#website\"},\"primaryImageOfPage\":{\"@id\":\"https:\\\/\\\/cfpmaresme.org\\\/es\\\/recomanacions-de-llibres-i-pellicules-sobre-salut-mental\\\/#primaryimage\"},\"image\":{\"@id\":\"https:\\\/\\\/cfpmaresme.org\\\/es\\\/recomanacions-de-llibres-i-pellicules-sobre-salut-mental\\\/#primaryimage\"},\"thumbnailUrl\":\"https:\\\/\\\/cfpmaresme.org\\\/wp-content\\\/uploads\\\/2025\\\/10\\\/Exposicio.jpg\",\"datePublished\":\"2025-10-13T09:18:40+00:00\",\"dateModified\":\"2025-10-13T09:24:42+00:00\",\"author\":{\"@id\":\"https:\\\/\\\/cfpmaresme.org\\\/#\\\/schema\\\/person\\\/b2634bcd796fafc667ea4055f61b9b2c\"},\"breadcrumb\":{\"@id\":\"https:\\\/\\\/cfpmaresme.org\\\/es\\\/recomanacions-de-llibres-i-pellicules-sobre-salut-mental\\\/#breadcrumb\"},\"inLanguage\":\"es\",\"potentialAction\":[{\"@type\":\"ReadAction\",\"target\":[\"https:\\\/\\\/cfpmaresme.org\\\/es\\\/recomanacions-de-llibres-i-pellicules-sobre-salut-mental\\\/\"]}]},{\"@type\":\"ImageObject\",\"inLanguage\":\"es\",\"@id\":\"https:\\\/\\\/cfpmaresme.org\\\/es\\\/recomanacions-de-llibres-i-pellicules-sobre-salut-mental\\\/#primaryimage\",\"url\":\"https:\\\/\\\/cfpmaresme.org\\\/wp-content\\\/uploads\\\/2025\\\/10\\\/Exposicio.jpg\",\"contentUrl\":\"https:\\\/\\\/cfpmaresme.org\\\/wp-content\\\/uploads\\\/2025\\\/10\\\/Exposicio.jpg\",\"width\":2040,\"height\":1148},{\"@type\":\"BreadcrumbList\",\"@id\":\"https:\\\/\\\/cfpmaresme.org\\\/es\\\/recomanacions-de-llibres-i-pellicules-sobre-salut-mental\\\/#breadcrumb\",\"itemListElement\":[{\"@type\":\"ListItem\",\"position\":1,\"name\":\"Home\",\"item\":\"https:\\\/\\\/cfpmaresme.org\\\/es\\\/\"},{\"@type\":\"ListItem\",\"position\":2,\"name\":\"Recomendaciones de libros y pel\u00edculas sobre Salud Mental\"}]},{\"@type\":\"WebSite\",\"@id\":\"https:\\\/\\\/cfpmaresme.org\\\/#website\",\"url\":\"https:\\\/\\\/cfpmaresme.org\\\/\",\"name\":\"CFP Maresme\",\"description\":\"Centre Formaci\u00f3 Prevenci\u00f3\",\"potentialAction\":[{\"@type\":\"SearchAction\",\"target\":{\"@type\":\"EntryPoint\",\"urlTemplate\":\"https:\\\/\\\/cfpmaresme.org\\\/?s={search_term_string}\"},\"query-input\":{\"@type\":\"PropertyValueSpecification\",\"valueRequired\":true,\"valueName\":\"search_term_string\"}}],\"inLanguage\":\"es\"},{\"@type\":\"Person\",\"@id\":\"https:\\\/\\\/cfpmaresme.org\\\/#\\\/schema\\\/person\\\/b2634bcd796fafc667ea4055f61b9b2c\",\"name\":\"CFPMaresme\"}]}<\/script>\n<!-- \/ Yoast SEO plugin. -->","yoast_head_json":{"title":"Recomendaciones de libros y pel\u00edculas sobre Salud Mental | CFP Maresme","robots":{"index":"index","follow":"follow","max-snippet":"max-snippet:-1","max-image-preview":"max-image-preview:large","max-video-preview":"max-video-preview:-1"},"canonical":"https:\/\/cfpmaresme.org\/es\/recomanacions-de-llibres-i-pellicules-sobre-salut-mental\/","og_locale":"es_ES","og_type":"article","og_title":"Recomendaciones de libros y pel\u00edculas sobre Salud Mental | CFP Maresme","og_description":"Con motivo de los actos del Mes de la Salud Mental, desde el SRC Burriac hemos impulsado una propuesta que nos entusiasma compartir: una selecci\u00f3n de libros y pel\u00edculas que abordan la salud mental desde diferentes perspectivas. Adem\u00e1s, hemos incorporado una secci\u00f3n especial dedicada a...","og_url":"https:\/\/cfpmaresme.org\/es\/recomanacions-de-llibres-i-pellicules-sobre-salut-mental\/","og_site_name":"CFP Maresme","article_published_time":"2025-10-13T09:18:40+00:00","article_modified_time":"2025-10-13T09:24:42+00:00","og_image":[{"width":2040,"height":1148,"url":"https:\/\/cfpmaresme.org\/wp-content\/uploads\/2025\/10\/Exposicio.jpg","type":"image\/jpeg"}],"author":"CFPMaresme","twitter_card":"summary_large_image","twitter_creator":"@cfpmaresme","twitter_site":"@cfpmaresme","twitter_misc":{"Escrito por":"CFPMaresme","Tiempo de lectura":"1 minuto"},"schema":{"@context":"https:\/\/schema.org","@graph":[{"@type":"Article","@id":"https:\/\/cfpmaresme.org\/es\/recomanacions-de-llibres-i-pellicules-sobre-salut-mental\/#article","isPartOf":{"@id":"https:\/\/cfpmaresme.org\/es\/recomanacions-de-llibres-i-pellicules-sobre-salut-mental\/"},"author":{"name":"CFPMaresme","@id":"https:\/\/cfpmaresme.org\/#\/schema\/person\/b2634bcd796fafc667ea4055f61b9b2c"},"headline":"Recomendaciones de libros y pel\u00edculas sobre Salud Mental","datePublished":"2025-10-13T09:18:40+00:00","dateModified":"2025-10-13T09:24:42+00:00","mainEntityOfPage":{"@id":"https:\/\/cfpmaresme.org\/es\/recomanacions-de-llibres-i-pellicules-sobre-salut-mental\/"},"wordCount":137,"image":{"@id":"https:\/\/cfpmaresme.org\/es\/recomanacions-de-llibres-i-pellicules-sobre-salut-mental\/#primaryimage"},"thumbnailUrl":"https:\/\/cfpmaresme.org\/wp-content\/uploads\/2025\/10\/Exposicio.jpg","articleSection":["CFP Maresme","Publicaciones"],"inLanguage":"es"},{"@type":"WebPage","@id":"https:\/\/cfpmaresme.org\/es\/recomanacions-de-llibres-i-pellicules-sobre-salut-mental\/","url":"https:\/\/cfpmaresme.org\/es\/recomanacions-de-llibres-i-pellicules-sobre-salut-mental\/","name":"Recomendaciones de libros y pel\u00edculas sobre Salud Mental | CFP Maresme","isPartOf":{"@id":"https:\/\/cfpmaresme.org\/#website"},"primaryImageOfPage":{"@id":"https:\/\/cfpmaresme.org\/es\/recomanacions-de-llibres-i-pellicules-sobre-salut-mental\/#primaryimage"},"image":{"@id":"https:\/\/cfpmaresme.org\/es\/recomanacions-de-llibres-i-pellicules-sobre-salut-mental\/#primaryimage"},"thumbnailUrl":"https:\/\/cfpmaresme.org\/wp-content\/uploads\/2025\/10\/Exposicio.jpg","datePublished":"2025-10-13T09:18:40+00:00","dateModified":"2025-10-13T09:24:42+00:00","author":{"@id":"https:\/\/cfpmaresme.org\/#\/schema\/person\/b2634bcd796fafc667ea4055f61b9b2c"},"breadcrumb":{"@id":"https:\/\/cfpmaresme.org\/es\/recomanacions-de-llibres-i-pellicules-sobre-salut-mental\/#breadcrumb"},"inLanguage":"es","potentialAction":[{"@type":"ReadAction","target":["https:\/\/cfpmaresme.org\/es\/recomanacions-de-llibres-i-pellicules-sobre-salut-mental\/"]}]},{"@type":"ImageObject","inLanguage":"es","@id":"https:\/\/cfpmaresme.org\/es\/recomanacions-de-llibres-i-pellicules-sobre-salut-mental\/#primaryimage","url":"https:\/\/cfpmaresme.org\/wp-content\/uploads\/2025\/10\/Exposicio.jpg","contentUrl":"https:\/\/cfpmaresme.org\/wp-content\/uploads\/2025\/10\/Exposicio.jpg","width":2040,"height":1148},{"@type":"BreadcrumbList","@id":"https:\/\/cfpmaresme.org\/es\/recomanacions-de-llibres-i-pellicules-sobre-salut-mental\/#breadcrumb","itemListElement":[{"@type":"ListItem","position":1,"name":"Home","item":"https:\/\/cfpmaresme.org\/es\/"},{"@type":"ListItem","position":2,"name":"Recomendaciones de libros y pel\u00edculas sobre Salud Mental"}]},{"@type":"WebSite","@id":"https:\/\/cfpmaresme.org\/#website","url":"https:\/\/cfpmaresme.org\/","name":"CFP Maresme","description":"Centre Formaci\u00f3 Prevenci\u00f3","potentialAction":[{"@type":"SearchAction","target":{"@type":"EntryPoint","urlTemplate":"https:\/\/cfpmaresme.org\/?s={search_term_string}"},"query-input":{"@type":"PropertyValueSpecification","valueRequired":true,"valueName":"search_term_string"}}],"inLanguage":"es"},{"@type":"Person","@id":"https:\/\/cfpmaresme.org\/#\/schema\/person\/b2634bcd796fafc667ea4055f61b9b2c","name":"CFPMaresme"}]}},"_links":{"self":[{"href":"https:\/\/cfpmaresme.org\/es\/wp-json\/wp\/v2\/posts\/111491","targetHints":{"allow":["GET"]}}],"collection":[{"href":"https:\/\/cfpmaresme.org\/es\/wp-json\/wp\/v2\/posts"}],"about":[{"href":"https:\/\/cfpmaresme.org\/es\/wp-json\/wp\/v2\/types\/post"}],"author":[{"embeddable":true,"href":"https:\/\/cfpmaresme.org\/es\/wp-json\/wp\/v2\/users\/2"}],"replies":[{"embeddable":true,"href":"https:\/\/cfpmaresme.org\/es\/wp-json\/wp\/v2\/comments?post=111491"}],"version-history":[{"count":3,"href":"https:\/\/cfpmaresme.org\/es\/wp-json\/wp\/v2\/posts\/111491\/revisions"}],"predecessor-version":[{"id":111494,"href":"https:\/\/cfpmaresme.org\/es\/wp-json\/wp\/v2\/posts\/111491\/revisions\/111494"}],"wp:featuredmedia":[{"embeddable":true,"href":"https:\/\/cfpmaresme.org\/es\/wp-json\/wp\/v2\/media\/111489"}],"wp:attachment":[{"href":"https:\/\/cfpmaresme.org\/es\/wp-json\/wp\/v2\/media?parent=111491"}],"wp:term":[{"taxonomy":"category","embeddable":true,"href":"https:\/\/cfpmaresme.org\/es\/wp-json\/wp\/v2\/categories?post=111491"},{"taxonomy":"post_tag","embeddable":true,"href":"https:\/\/cfpmaresme.org\/es\/wp-json\/wp\/v2\/tags?post=111491"}],"curies":[{"name":"wp","href":"https:\/\/api.w.org\/{rel}","templated":true}]}}