{"id":111553,"date":"2025-10-23T11:09:55","date_gmt":"2025-10-23T09:09:55","guid":{"rendered":"https:\/\/cfpmaresme.org\/guarda-la-data-17-de-novembre-12a-marxa-per-la-salut-mental-de-mataro\/"},"modified":"2025-11-13T12:59:07","modified_gmt":"2025-11-13T10:59:07","slug":"guarda-la-data-17-de-novembre-12a-marxa-per-la-salut-mental-de-mataro","status":"publish","type":"post","link":"https:\/\/cfpmaresme.org\/es\/guarda-la-data-17-de-novembre-12a-marxa-per-la-salut-mental-de-mataro\/","title":{"rendered":"Guarda la fecha! El 16 de noviembre 13a Marcha para la Salud Mental de Matar\u00f3"},"content":{"rendered":"<p>Te invitamos a <strong>caminar<\/strong> juntos\/as para la <strong>salud mental<\/strong> el pr\u00f3ximo <strong>16 de noviembre<\/strong>. Porque una de cada cuatro personas conviviremos con una problem\u00e1tica de salud mental en algun momento de nuestra vida es importante venir. Todos\/as tenemos esta realidad cerca y ayudando a visibilizarla damos voz a las personas que la est\u00e1n sufriendo y tambi\u00e9n a sus familiares, y luchamos contra el estigma.<\/p>\n<p>&nbsp;<\/p>\n<p>Descubrid los detalles de La Marcha y c\u00f3mo inscriviros aqu\u00ed:<\/p>\n<p><img loading=\"lazy\" decoding=\"async\" class=\"alignnone wp-image-111651\" src=\"http:\/\/cfpmaresme.org\/wp-content\/uploads\/2025\/10\/Cartell-Marxa-SM_Definitiu-212x300.jpg\" alt=\"\" width=\"425\" height=\"601\" srcset=\"https:\/\/cfpmaresme.org\/wp-content\/uploads\/2025\/10\/Cartell-Marxa-SM_Definitiu-212x300.jpg 212w, https:\/\/cfpmaresme.org\/wp-content\/uploads\/2025\/10\/Cartell-Marxa-SM_Definitiu-724x1024.jpg 724w, https:\/\/cfpmaresme.org\/wp-content\/uploads\/2025\/10\/Cartell-Marxa-SM_Definitiu-768x1086.jpg 768w, https:\/\/cfpmaresme.org\/wp-content\/uploads\/2025\/10\/Cartell-Marxa-SM_Definitiu-1086x1536.jpg 1086w, https:\/\/cfpmaresme.org\/wp-content\/uploads\/2025\/10\/Cartell-Marxa-SM_Definitiu-700x990.jpg 700w, https:\/\/cfpmaresme.org\/wp-content\/uploads\/2025\/10\/Cartell-Marxa-SM_Definitiu.jpg 1414w\" sizes=\"auto, (max-width: 425px) 100vw, 425px\" \/><\/p>\n<p>El evento est\u00e1 organitzado por Forum de Iniciativas asistenciales y de gesti\u00f3n en Salud Mental y Addicciones y las entidades mataroninas Associaci\u00f3 Viure i Benestar Salut Mental i el Centre de Formaci\u00f3 i Prevenci\u00f3 (CFP) amb el suport de l\u2019Ajuntament de Matar\u00f3, el Departament de Drets Socials i Inclusi\u00f3 del a Generalitat de Catalunya i la Diputaci\u00f3 de Barcelona.<\/p>\n<p>Para la organizaci\u00f3n contamos con la valiosa colaboraci\u00f3n de entidades y empresas: Albertplas, Associaci\u00f3 Matar\u00f3 Camina, Maimakanso , HOKO, Fundaci\u00f3 Educativa Cor de Maria, Club Social Tu Tries, AFA L\u2019Arbo\u00e7 i CEO el Maresme (Fundaci\u00f3 El Maresme), Maresme Continuum, Escola GEM. Institut Cinc S\u00e8nies, Boetukada, MaresFruits, Casa Mir\u00f3, Hoko, Skoda, Bar La Morera, Q&amp;H, Tres x tres, Tartessos, Pastisseria Roc\u00edo, Torre d&#8217;Ara i Puga T\u00e8xtil.<\/p>\n<p>Desde aqu\u00ed queremos agradecer a todas las personas que, voluntariamente, os implic\u00e1is para que este evento pueda tirar adelante y la capital del Maresme continue teniendo una Marcha para\u00a0 \u00a0la Salud Mental.<\/p>\n<p>Dicho esto, solo nos queda desear que os apunt\u00e9is y que caminemos juntos\/as para la Salud Mental el pr\u00f3ximo 16 de noviembre!<\/p>\n","protected":false},"excerpt":{"rendered":"<p>Te invitamos a caminar juntos\/as para la salud mental el pr\u00f3ximo 16 de noviembre. Porque una de cada cuatro personas conviviremos con una problem\u00e1tica de salud mental en algun momento de nuestra vida es importante venir. Todos\/as tenemos esta realidad cerca y ayudando a visibilizarla&#8230;<\/p>\n","protected":false},"author":2,"featured_media":111549,"comment_status":"closed","ping_status":"closed","sticky":false,"template":"","format":"standard","meta":{"footnotes":""},"categories":[1187,1259],"tags":[],"class_list":["post-111553","post","type-post","status-publish","format-standard","has-post-thumbnail","hentry","category-cfp-maresme-es","category-publicaciones"],"yoast_head":"<!-- This site is optimized with the Yoast SEO plugin v27.4 - https:\/\/yoast.com\/product\/yoast-seo-wordpress\/ -->\n<title>Guarda la fecha! El 16 de noviembre 13a Marcha para la Salud Mental de Matar\u00f3 | CFP Maresme<\/title>\n<meta name=\"robots\" content=\"index, follow, max-snippet:-1, max-image-preview:large, max-video-preview:-1\" \/>\n<link rel=\"canonical\" href=\"https:\/\/cfpmaresme.org\/es\/guarda-la-data-17-de-novembre-12a-marxa-per-la-salut-mental-de-mataro\/\" \/>\n<meta property=\"og:locale\" content=\"es_ES\" \/>\n<meta property=\"og:type\" content=\"article\" \/>\n<meta property=\"og:title\" content=\"Guarda la fecha! El 16 de noviembre 13a Marcha para la Salud Mental de Matar\u00f3 | CFP Maresme\" \/>\n<meta property=\"og:description\" content=\"Te invitamos a caminar juntos\/as para la salud mental el pr\u00f3ximo 16 de noviembre. Porque una de cada cuatro personas conviviremos con una problem\u00e1tica de salud mental en algun momento de nuestra vida es importante venir. Todos\/as tenemos esta realidad cerca y ayudando a visibilizarla...\" \/>\n<meta property=\"og:url\" content=\"https:\/\/cfpmaresme.org\/es\/guarda-la-data-17-de-novembre-12a-marxa-per-la-salut-mental-de-mataro\/\" \/>\n<meta property=\"og:site_name\" content=\"CFP Maresme\" \/>\n<meta property=\"article:published_time\" content=\"2025-10-23T09:09:55+00:00\" \/>\n<meta property=\"article:modified_time\" content=\"2025-11-13T10:59:07+00:00\" \/>\n<meta property=\"og:image\" content=\"https:\/\/cfpmaresme.org\/wp-content\/uploads\/2024\/10\/Banner-.png\" \/>\n\t<meta property=\"og:image:width\" content=\"1169\" \/>\n\t<meta property=\"og:image:height\" content=\"630\" \/>\n\t<meta property=\"og:image:type\" content=\"image\/png\" \/>\n<meta name=\"author\" content=\"CFPMaresme\" \/>\n<meta name=\"twitter:card\" content=\"summary_large_image\" \/>\n<meta name=\"twitter:creator\" content=\"@cfpmaresme\" \/>\n<meta name=\"twitter:site\" content=\"@cfpmaresme\" \/>\n<meta name=\"twitter:label1\" content=\"Escrito por\" \/>\n\t<meta name=\"twitter:data1\" content=\"CFPMaresme\" \/>\n\t<meta name=\"twitter:label2\" content=\"Tiempo de lectura\" \/>\n\t<meta name=\"twitter:data2\" content=\"2 minutos\" \/>\n<script type=\"application\/ld+json\" class=\"yoast-schema-graph\">{\"@context\":\"https:\\\/\\\/schema.org\",\"@graph\":[{\"@type\":\"Article\",\"@id\":\"https:\\\/\\\/cfpmaresme.org\\\/es\\\/guarda-la-data-17-de-novembre-12a-marxa-per-la-salut-mental-de-mataro\\\/#article\",\"isPartOf\":{\"@id\":\"https:\\\/\\\/cfpmaresme.org\\\/es\\\/guarda-la-data-17-de-novembre-12a-marxa-per-la-salut-mental-de-mataro\\\/\"},\"author\":{\"name\":\"CFPMaresme\",\"@id\":\"https:\\\/\\\/cfpmaresme.org\\\/#\\\/schema\\\/person\\\/b2634bcd796fafc667ea4055f61b9b2c\"},\"headline\":\"Guarda la fecha! El 16 de noviembre 13a Marcha para la Salud Mental de Matar\u00f3\",\"datePublished\":\"2025-10-23T09:09:55+00:00\",\"dateModified\":\"2025-11-13T10:59:07+00:00\",\"mainEntityOfPage\":{\"@id\":\"https:\\\/\\\/cfpmaresme.org\\\/es\\\/guarda-la-data-17-de-novembre-12a-marxa-per-la-salut-mental-de-mataro\\\/\"},\"wordCount\":286,\"image\":{\"@id\":\"https:\\\/\\\/cfpmaresme.org\\\/es\\\/guarda-la-data-17-de-novembre-12a-marxa-per-la-salut-mental-de-mataro\\\/#primaryimage\"},\"thumbnailUrl\":\"https:\\\/\\\/cfpmaresme.org\\\/wp-content\\\/uploads\\\/2024\\\/10\\\/Banner-.png\",\"articleSection\":[\"CFP Maresme\",\"Publicaciones\"],\"inLanguage\":\"es\"},{\"@type\":\"WebPage\",\"@id\":\"https:\\\/\\\/cfpmaresme.org\\\/es\\\/guarda-la-data-17-de-novembre-12a-marxa-per-la-salut-mental-de-mataro\\\/\",\"url\":\"https:\\\/\\\/cfpmaresme.org\\\/es\\\/guarda-la-data-17-de-novembre-12a-marxa-per-la-salut-mental-de-mataro\\\/\",\"name\":\"Guarda la fecha! El 16 de noviembre 13a Marcha para la Salud Mental de Matar\u00f3 | CFP Maresme\",\"isPartOf\":{\"@id\":\"https:\\\/\\\/cfpmaresme.org\\\/#website\"},\"primaryImageOfPage\":{\"@id\":\"https:\\\/\\\/cfpmaresme.org\\\/es\\\/guarda-la-data-17-de-novembre-12a-marxa-per-la-salut-mental-de-mataro\\\/#primaryimage\"},\"image\":{\"@id\":\"https:\\\/\\\/cfpmaresme.org\\\/es\\\/guarda-la-data-17-de-novembre-12a-marxa-per-la-salut-mental-de-mataro\\\/#primaryimage\"},\"thumbnailUrl\":\"https:\\\/\\\/cfpmaresme.org\\\/wp-content\\\/uploads\\\/2024\\\/10\\\/Banner-.png\",\"datePublished\":\"2025-10-23T09:09:55+00:00\",\"dateModified\":\"2025-11-13T10:59:07+00:00\",\"author\":{\"@id\":\"https:\\\/\\\/cfpmaresme.org\\\/#\\\/schema\\\/person\\\/b2634bcd796fafc667ea4055f61b9b2c\"},\"breadcrumb\":{\"@id\":\"https:\\\/\\\/cfpmaresme.org\\\/es\\\/guarda-la-data-17-de-novembre-12a-marxa-per-la-salut-mental-de-mataro\\\/#breadcrumb\"},\"inLanguage\":\"es\",\"potentialAction\":[{\"@type\":\"ReadAction\",\"target\":[\"https:\\\/\\\/cfpmaresme.org\\\/es\\\/guarda-la-data-17-de-novembre-12a-marxa-per-la-salut-mental-de-mataro\\\/\"]}]},{\"@type\":\"ImageObject\",\"inLanguage\":\"es\",\"@id\":\"https:\\\/\\\/cfpmaresme.org\\\/es\\\/guarda-la-data-17-de-novembre-12a-marxa-per-la-salut-mental-de-mataro\\\/#primaryimage\",\"url\":\"https:\\\/\\\/cfpmaresme.org\\\/wp-content\\\/uploads\\\/2024\\\/10\\\/Banner-.png\",\"contentUrl\":\"https:\\\/\\\/cfpmaresme.org\\\/wp-content\\\/uploads\\\/2024\\\/10\\\/Banner-.png\",\"width\":1169,\"height\":630},{\"@type\":\"BreadcrumbList\",\"@id\":\"https:\\\/\\\/cfpmaresme.org\\\/es\\\/guarda-la-data-17-de-novembre-12a-marxa-per-la-salut-mental-de-mataro\\\/#breadcrumb\",\"itemListElement\":[{\"@type\":\"ListItem\",\"position\":1,\"name\":\"Home\",\"item\":\"https:\\\/\\\/cfpmaresme.org\\\/es\\\/\"},{\"@type\":\"ListItem\",\"position\":2,\"name\":\"Guarda la fecha! El 16 de noviembre 13a Marcha para la Salud Mental de Matar\u00f3\"}]},{\"@type\":\"WebSite\",\"@id\":\"https:\\\/\\\/cfpmaresme.org\\\/#website\",\"url\":\"https:\\\/\\\/cfpmaresme.org\\\/\",\"name\":\"CFP Maresme\",\"description\":\"Centre Formaci\u00f3 Prevenci\u00f3\",\"potentialAction\":[{\"@type\":\"SearchAction\",\"target\":{\"@type\":\"EntryPoint\",\"urlTemplate\":\"https:\\\/\\\/cfpmaresme.org\\\/?s={search_term_string}\"},\"query-input\":{\"@type\":\"PropertyValueSpecification\",\"valueRequired\":true,\"valueName\":\"search_term_string\"}}],\"inLanguage\":\"es\"},{\"@type\":\"Person\",\"@id\":\"https:\\\/\\\/cfpmaresme.org\\\/#\\\/schema\\\/person\\\/b2634bcd796fafc667ea4055f61b9b2c\",\"name\":\"CFPMaresme\"}]}<\/script>\n<!-- \/ Yoast SEO plugin. -->","yoast_head_json":{"title":"Guarda la fecha! El 16 de noviembre 13a Marcha para la Salud Mental de Matar\u00f3 | CFP Maresme","robots":{"index":"index","follow":"follow","max-snippet":"max-snippet:-1","max-image-preview":"max-image-preview:large","max-video-preview":"max-video-preview:-1"},"canonical":"https:\/\/cfpmaresme.org\/es\/guarda-la-data-17-de-novembre-12a-marxa-per-la-salut-mental-de-mataro\/","og_locale":"es_ES","og_type":"article","og_title":"Guarda la fecha! El 16 de noviembre 13a Marcha para la Salud Mental de Matar\u00f3 | CFP Maresme","og_description":"Te invitamos a caminar juntos\/as para la salud mental el pr\u00f3ximo 16 de noviembre. Porque una de cada cuatro personas conviviremos con una problem\u00e1tica de salud mental en algun momento de nuestra vida es importante venir. Todos\/as tenemos esta realidad cerca y ayudando a visibilizarla...","og_url":"https:\/\/cfpmaresme.org\/es\/guarda-la-data-17-de-novembre-12a-marxa-per-la-salut-mental-de-mataro\/","og_site_name":"CFP Maresme","article_published_time":"2025-10-23T09:09:55+00:00","article_modified_time":"2025-11-13T10:59:07+00:00","og_image":[{"width":1169,"height":630,"url":"https:\/\/cfpmaresme.org\/wp-content\/uploads\/2024\/10\/Banner-.png","type":"image\/png"}],"author":"CFPMaresme","twitter_card":"summary_large_image","twitter_creator":"@cfpmaresme","twitter_site":"@cfpmaresme","twitter_misc":{"Escrito por":"CFPMaresme","Tiempo de lectura":"2 minutos"},"schema":{"@context":"https:\/\/schema.org","@graph":[{"@type":"Article","@id":"https:\/\/cfpmaresme.org\/es\/guarda-la-data-17-de-novembre-12a-marxa-per-la-salut-mental-de-mataro\/#article","isPartOf":{"@id":"https:\/\/cfpmaresme.org\/es\/guarda-la-data-17-de-novembre-12a-marxa-per-la-salut-mental-de-mataro\/"},"author":{"name":"CFPMaresme","@id":"https:\/\/cfpmaresme.org\/#\/schema\/person\/b2634bcd796fafc667ea4055f61b9b2c"},"headline":"Guarda la fecha! El 16 de noviembre 13a Marcha para la Salud Mental de Matar\u00f3","datePublished":"2025-10-23T09:09:55+00:00","dateModified":"2025-11-13T10:59:07+00:00","mainEntityOfPage":{"@id":"https:\/\/cfpmaresme.org\/es\/guarda-la-data-17-de-novembre-12a-marxa-per-la-salut-mental-de-mataro\/"},"wordCount":286,"image":{"@id":"https:\/\/cfpmaresme.org\/es\/guarda-la-data-17-de-novembre-12a-marxa-per-la-salut-mental-de-mataro\/#primaryimage"},"thumbnailUrl":"https:\/\/cfpmaresme.org\/wp-content\/uploads\/2024\/10\/Banner-.png","articleSection":["CFP Maresme","Publicaciones"],"inLanguage":"es"},{"@type":"WebPage","@id":"https:\/\/cfpmaresme.org\/es\/guarda-la-data-17-de-novembre-12a-marxa-per-la-salut-mental-de-mataro\/","url":"https:\/\/cfpmaresme.org\/es\/guarda-la-data-17-de-novembre-12a-marxa-per-la-salut-mental-de-mataro\/","name":"Guarda la fecha! El 16 de noviembre 13a Marcha para la Salud Mental de Matar\u00f3 | CFP Maresme","isPartOf":{"@id":"https:\/\/cfpmaresme.org\/#website"},"primaryImageOfPage":{"@id":"https:\/\/cfpmaresme.org\/es\/guarda-la-data-17-de-novembre-12a-marxa-per-la-salut-mental-de-mataro\/#primaryimage"},"image":{"@id":"https:\/\/cfpmaresme.org\/es\/guarda-la-data-17-de-novembre-12a-marxa-per-la-salut-mental-de-mataro\/#primaryimage"},"thumbnailUrl":"https:\/\/cfpmaresme.org\/wp-content\/uploads\/2024\/10\/Banner-.png","datePublished":"2025-10-23T09:09:55+00:00","dateModified":"2025-11-13T10:59:07+00:00","author":{"@id":"https:\/\/cfpmaresme.org\/#\/schema\/person\/b2634bcd796fafc667ea4055f61b9b2c"},"breadcrumb":{"@id":"https:\/\/cfpmaresme.org\/es\/guarda-la-data-17-de-novembre-12a-marxa-per-la-salut-mental-de-mataro\/#breadcrumb"},"inLanguage":"es","potentialAction":[{"@type":"ReadAction","target":["https:\/\/cfpmaresme.org\/es\/guarda-la-data-17-de-novembre-12a-marxa-per-la-salut-mental-de-mataro\/"]}]},{"@type":"ImageObject","inLanguage":"es","@id":"https:\/\/cfpmaresme.org\/es\/guarda-la-data-17-de-novembre-12a-marxa-per-la-salut-mental-de-mataro\/#primaryimage","url":"https:\/\/cfpmaresme.org\/wp-content\/uploads\/2024\/10\/Banner-.png","contentUrl":"https:\/\/cfpmaresme.org\/wp-content\/uploads\/2024\/10\/Banner-.png","width":1169,"height":630},{"@type":"BreadcrumbList","@id":"https:\/\/cfpmaresme.org\/es\/guarda-la-data-17-de-novembre-12a-marxa-per-la-salut-mental-de-mataro\/#breadcrumb","itemListElement":[{"@type":"ListItem","position":1,"name":"Home","item":"https:\/\/cfpmaresme.org\/es\/"},{"@type":"ListItem","position":2,"name":"Guarda la fecha! El 16 de noviembre 13a Marcha para la Salud Mental de Matar\u00f3"}]},{"@type":"WebSite","@id":"https:\/\/cfpmaresme.org\/#website","url":"https:\/\/cfpmaresme.org\/","name":"CFP Maresme","description":"Centre Formaci\u00f3 Prevenci\u00f3","potentialAction":[{"@type":"SearchAction","target":{"@type":"EntryPoint","urlTemplate":"https:\/\/cfpmaresme.org\/?s={search_term_string}"},"query-input":{"@type":"PropertyValueSpecification","valueRequired":true,"valueName":"search_term_string"}}],"inLanguage":"es"},{"@type":"Person","@id":"https:\/\/cfpmaresme.org\/#\/schema\/person\/b2634bcd796fafc667ea4055f61b9b2c","name":"CFPMaresme"}]}},"_links":{"self":[{"href":"https:\/\/cfpmaresme.org\/es\/wp-json\/wp\/v2\/posts\/111553","targetHints":{"allow":["GET"]}}],"collection":[{"href":"https:\/\/cfpmaresme.org\/es\/wp-json\/wp\/v2\/posts"}],"about":[{"href":"https:\/\/cfpmaresme.org\/es\/wp-json\/wp\/v2\/types\/post"}],"author":[{"embeddable":true,"href":"https:\/\/cfpmaresme.org\/es\/wp-json\/wp\/v2\/users\/2"}],"replies":[{"embeddable":true,"href":"https:\/\/cfpmaresme.org\/es\/wp-json\/wp\/v2\/comments?post=111553"}],"version-history":[{"count":6,"href":"https:\/\/cfpmaresme.org\/es\/wp-json\/wp\/v2\/posts\/111553\/revisions"}],"predecessor-version":[{"id":111730,"href":"https:\/\/cfpmaresme.org\/es\/wp-json\/wp\/v2\/posts\/111553\/revisions\/111730"}],"wp:featuredmedia":[{"embeddable":true,"href":"https:\/\/cfpmaresme.org\/es\/wp-json\/wp\/v2\/media\/111549"}],"wp:attachment":[{"href":"https:\/\/cfpmaresme.org\/es\/wp-json\/wp\/v2\/media?parent=111553"}],"wp:term":[{"taxonomy":"category","embeddable":true,"href":"https:\/\/cfpmaresme.org\/es\/wp-json\/wp\/v2\/categories?post=111553"},{"taxonomy":"post_tag","embeddable":true,"href":"https:\/\/cfpmaresme.org\/es\/wp-json\/wp\/v2\/tags?post=111553"}],"curies":[{"name":"wp","href":"https:\/\/api.w.org\/{rel}","templated":true}]}}