{"id":111573,"date":"2025-10-29T09:59:51","date_gmt":"2025-10-29T07:59:51","guid":{"rendered":"https:\/\/cfpmaresme.org\/jornada-sobre-insercio-sociolaboral-i-salut-mental-una-mirada-comunitaria-i-transformadora\/"},"modified":"2025-10-29T10:31:47","modified_gmt":"2025-10-29T08:31:47","slug":"jornada-sobre-insercio-sociolaboral-i-salut-mental-una-mirada-comunitaria-i-transformadora","status":"publish","type":"post","link":"https:\/\/cfpmaresme.org\/es\/jornada-sobre-insercio-sociolaboral-i-salut-mental-una-mirada-comunitaria-i-transformadora\/","title":{"rendered":"Jornada sobre inserci\u00f3n sociolaboral y salud mental: una mirada comunitaria y transformadora"},"content":{"rendered":"<p data-start=\"183\" data-end=\"414\">Una jornada destinada a los y las profesionales de los diferentes servicios de la ciudad y de poblaciones cercanas, con la participaci\u00f3n de m\u00e1s de 60 profesionales de los \u00e1mbitos educativo, laboral, deportivo, social y sanitario.<\/p>\n<p data-start=\"416\" data-end=\"710\">El pasado 24 de octubre se celebr\u00f3 la jornada <strong data-start=\"462\" data-end=\"489\">\u201cConocer para conectar\u201d<\/strong>, impulsada por la subcomisi\u00f3n de inserci\u00f3n sociolaboral de la <strong data-start=\"552\" data-end=\"586\">Mesa de Salud Mental de Matar\u00f3<\/strong>, organizada por el <strong data-start=\"606\" data-end=\"648\">Centro de Formaci\u00f3n y Prevenci\u00f3n (CFP)<\/strong> con la colaboraci\u00f3n del resto de entidades que la integran.<\/p>\n<p data-start=\"712\" data-end=\"1006\">El acto se inici\u00f3 con la participaci\u00f3n de la concejala <strong data-start=\"767\" data-end=\"782\">Laura Seijo<\/strong>, concejala de Ciudad Inclusiva y Saludable, Atenci\u00f3n a los Barrios y la Comunidad, quien ofreci\u00f3 una breve explicaci\u00f3n sobre la labor de la Mesa de Salud Mental y, en concreto, de la subcomisi\u00f3n de inserci\u00f3n sociolaboral.<\/p>\n<p data-start=\"1008\" data-end=\"1352\">A continuaci\u00f3n, la psic\u00f3loga cl\u00ednica <strong data-start=\"1045\" data-end=\"1060\">Carol Palma<\/strong>, del <strong data-start=\"1066\" data-end=\"1110\">Centro de Salud Mental de Adultos (CSMA)<\/strong> del Consorcio Sanitario del Maresme, ofreci\u00f3 una ponencia centrada en la salud mental y en la importancia de abordarla desde una mirada integral y comunitaria, haciendo tambi\u00e9n una breve explicaci\u00f3n de los recursos sanitarios de la ciudad.<\/p>\n<p data-start=\"1354\" data-end=\"1914\">La jornada continu\u00f3 con la intervenci\u00f3n de <strong data-start=\"1397\" data-end=\"1411\">Marta Ruiz<\/strong>, t\u00e9cnica del <strong data-start=\"1425\" data-end=\"1472\">Servicio de Acogida de la Fundaci\u00f3n Maresme<\/strong>, quien destac\u00f3 la importancia de los servicios de acogida, el trabajo familiar y el trabajo en red. Despu\u00e9s, <strong data-start=\"1582\" data-end=\"1598\">M\u00edriam P\u00e9rez<\/strong>, t\u00e9cnica del <strong data-start=\"1612\" data-end=\"1648\">Centro de Formaci\u00f3n y Prevenci\u00f3n<\/strong>, present\u00f3 los recursos comunitarios disponibles en el territorio, poniendo especial \u00e9nfasis en el objetivo de la jornada: facilitar el acceso de las personas con diagn\u00f3stico de salud mental a los activos comunitarios y dar a conocer c\u00f3mo funcionan estos recursos.<\/p>\n<p data-start=\"1916\" data-end=\"2358\">Se subray\u00f3 que estos espacios son mucho m\u00e1s que puntos de atenci\u00f3n: son herramientas clave para la reconstrucci\u00f3n de la identidad, la prevenci\u00f3n de reca\u00eddas y el empoderamiento personal. Tambi\u00e9n se remarc\u00f3 la importancia de compartir una mirada hol\u00edstica y contextualizada, que permita ir m\u00e1s all\u00e1 del s\u00edntoma o la etiqueta, y el valor de la <strong data-start=\"2258\" data-end=\"2281\">prescripci\u00f3n social<\/strong> como herramienta transformadora dentro de la intervenci\u00f3n en salud mental.<\/p>\n<p data-start=\"2360\" data-end=\"2595\">Y, como no pod\u00eda ser de otra manera, se cont\u00f3 con experiencias en primera persona, que pusieron de relieve el valor de los recursos comunitarios y la importancia del trabajo conjunto. \u00a1Gracias a todas las personas que participasteis!<\/p>\n<p data-start=\"2597\" data-end=\"2771\">Una jornada enriquecedora e inspiradora, que reafirma el compromiso de la red de entidades del territorio con una atenci\u00f3n comunitaria, coordinada y centrada en la persona.<\/p>\n","protected":false},"excerpt":{"rendered":"<p>Una jornada destinada a los y las profesionales de los diferentes servicios de la ciudad y de poblaciones cercanas, con la participaci\u00f3n de m\u00e1s de 60 profesionales de los \u00e1mbitos educativo, laboral, deportivo, social y sanitario. El pasado 24 de octubre se celebr\u00f3 la jornada&#8230;<\/p>\n","protected":false},"author":2,"featured_media":111571,"comment_status":"closed","ping_status":"closed","sticky":false,"template":"","format":"standard","meta":{"footnotes":""},"categories":[1187,1259],"tags":[],"class_list":["post-111573","post","type-post","status-publish","format-standard","has-post-thumbnail","hentry","category-cfp-maresme-es","category-publicaciones"],"yoast_head":"<!-- This site is optimized with the Yoast SEO plugin v27.4 - https:\/\/yoast.com\/product\/yoast-seo-wordpress\/ -->\n<title>Jornada sobre inserci\u00f3n sociolaboral y salud mental: una mirada comunitaria y transformadora | CFP Maresme<\/title>\n<meta name=\"robots\" content=\"index, follow, max-snippet:-1, max-image-preview:large, max-video-preview:-1\" \/>\n<link rel=\"canonical\" href=\"https:\/\/cfpmaresme.org\/es\/jornada-sobre-insercio-sociolaboral-i-salut-mental-una-mirada-comunitaria-i-transformadora\/\" \/>\n<meta property=\"og:locale\" content=\"es_ES\" \/>\n<meta property=\"og:type\" content=\"article\" \/>\n<meta property=\"og:title\" content=\"Jornada sobre inserci\u00f3n sociolaboral y salud mental: una mirada comunitaria y transformadora | CFP Maresme\" \/>\n<meta property=\"og:description\" content=\"Una jornada destinada a los y las profesionales de los diferentes servicios de la ciudad y de poblaciones cercanas, con la participaci\u00f3n de m\u00e1s de 60 profesionales de los \u00e1mbitos educativo, laboral, deportivo, social y sanitario. El pasado 24 de octubre se celebr\u00f3 la jornada...\" \/>\n<meta property=\"og:url\" content=\"https:\/\/cfpmaresme.org\/es\/jornada-sobre-insercio-sociolaboral-i-salut-mental-una-mirada-comunitaria-i-transformadora\/\" \/>\n<meta property=\"og:site_name\" content=\"CFP Maresme\" \/>\n<meta property=\"article:published_time\" content=\"2025-10-29T07:59:51+00:00\" \/>\n<meta property=\"article:modified_time\" content=\"2025-10-29T08:31:47+00:00\" \/>\n<meta property=\"og:image\" content=\"https:\/\/cfpmaresme.org\/wp-content\/uploads\/2025\/10\/533ccc09-6834-4586-8c26-9a28cc5f8386.jpg\" \/>\n\t<meta property=\"og:image:width\" content=\"1600\" \/>\n\t<meta property=\"og:image:height\" content=\"1200\" \/>\n\t<meta property=\"og:image:type\" content=\"image\/jpeg\" \/>\n<meta name=\"author\" content=\"CFPMaresme\" \/>\n<meta name=\"twitter:card\" content=\"summary_large_image\" \/>\n<meta name=\"twitter:creator\" content=\"@cfpmaresme\" \/>\n<meta name=\"twitter:site\" content=\"@cfpmaresme\" \/>\n<meta name=\"twitter:label1\" content=\"Escrito por\" \/>\n\t<meta name=\"twitter:data1\" content=\"CFPMaresme\" \/>\n\t<meta name=\"twitter:label2\" content=\"Tiempo de lectura\" \/>\n\t<meta name=\"twitter:data2\" content=\"3 minutos\" \/>\n<script type=\"application\/ld+json\" class=\"yoast-schema-graph\">{\"@context\":\"https:\\\/\\\/schema.org\",\"@graph\":[{\"@type\":\"Article\",\"@id\":\"https:\\\/\\\/cfpmaresme.org\\\/es\\\/jornada-sobre-insercio-sociolaboral-i-salut-mental-una-mirada-comunitaria-i-transformadora\\\/#article\",\"isPartOf\":{\"@id\":\"https:\\\/\\\/cfpmaresme.org\\\/es\\\/jornada-sobre-insercio-sociolaboral-i-salut-mental-una-mirada-comunitaria-i-transformadora\\\/\"},\"author\":{\"name\":\"CFPMaresme\",\"@id\":\"https:\\\/\\\/cfpmaresme.org\\\/#\\\/schema\\\/person\\\/b2634bcd796fafc667ea4055f61b9b2c\"},\"headline\":\"Jornada sobre inserci\u00f3n sociolaboral y salud mental: una mirada comunitaria y transformadora\",\"datePublished\":\"2025-10-29T07:59:51+00:00\",\"dateModified\":\"2025-10-29T08:31:47+00:00\",\"mainEntityOfPage\":{\"@id\":\"https:\\\/\\\/cfpmaresme.org\\\/es\\\/jornada-sobre-insercio-sociolaboral-i-salut-mental-una-mirada-comunitaria-i-transformadora\\\/\"},\"wordCount\":451,\"image\":{\"@id\":\"https:\\\/\\\/cfpmaresme.org\\\/es\\\/jornada-sobre-insercio-sociolaboral-i-salut-mental-una-mirada-comunitaria-i-transformadora\\\/#primaryimage\"},\"thumbnailUrl\":\"https:\\\/\\\/cfpmaresme.org\\\/wp-content\\\/uploads\\\/2025\\\/10\\\/533ccc09-6834-4586-8c26-9a28cc5f8386.jpg\",\"articleSection\":[\"CFP Maresme\",\"Publicaciones\"],\"inLanguage\":\"es\"},{\"@type\":\"WebPage\",\"@id\":\"https:\\\/\\\/cfpmaresme.org\\\/es\\\/jornada-sobre-insercio-sociolaboral-i-salut-mental-una-mirada-comunitaria-i-transformadora\\\/\",\"url\":\"https:\\\/\\\/cfpmaresme.org\\\/es\\\/jornada-sobre-insercio-sociolaboral-i-salut-mental-una-mirada-comunitaria-i-transformadora\\\/\",\"name\":\"Jornada sobre inserci\u00f3n sociolaboral y salud mental: una mirada comunitaria y transformadora | CFP Maresme\",\"isPartOf\":{\"@id\":\"https:\\\/\\\/cfpmaresme.org\\\/#website\"},\"primaryImageOfPage\":{\"@id\":\"https:\\\/\\\/cfpmaresme.org\\\/es\\\/jornada-sobre-insercio-sociolaboral-i-salut-mental-una-mirada-comunitaria-i-transformadora\\\/#primaryimage\"},\"image\":{\"@id\":\"https:\\\/\\\/cfpmaresme.org\\\/es\\\/jornada-sobre-insercio-sociolaboral-i-salut-mental-una-mirada-comunitaria-i-transformadora\\\/#primaryimage\"},\"thumbnailUrl\":\"https:\\\/\\\/cfpmaresme.org\\\/wp-content\\\/uploads\\\/2025\\\/10\\\/533ccc09-6834-4586-8c26-9a28cc5f8386.jpg\",\"datePublished\":\"2025-10-29T07:59:51+00:00\",\"dateModified\":\"2025-10-29T08:31:47+00:00\",\"author\":{\"@id\":\"https:\\\/\\\/cfpmaresme.org\\\/#\\\/schema\\\/person\\\/b2634bcd796fafc667ea4055f61b9b2c\"},\"breadcrumb\":{\"@id\":\"https:\\\/\\\/cfpmaresme.org\\\/es\\\/jornada-sobre-insercio-sociolaboral-i-salut-mental-una-mirada-comunitaria-i-transformadora\\\/#breadcrumb\"},\"inLanguage\":\"es\",\"potentialAction\":[{\"@type\":\"ReadAction\",\"target\":[\"https:\\\/\\\/cfpmaresme.org\\\/es\\\/jornada-sobre-insercio-sociolaboral-i-salut-mental-una-mirada-comunitaria-i-transformadora\\\/\"]}]},{\"@type\":\"ImageObject\",\"inLanguage\":\"es\",\"@id\":\"https:\\\/\\\/cfpmaresme.org\\\/es\\\/jornada-sobre-insercio-sociolaboral-i-salut-mental-una-mirada-comunitaria-i-transformadora\\\/#primaryimage\",\"url\":\"https:\\\/\\\/cfpmaresme.org\\\/wp-content\\\/uploads\\\/2025\\\/10\\\/533ccc09-6834-4586-8c26-9a28cc5f8386.jpg\",\"contentUrl\":\"https:\\\/\\\/cfpmaresme.org\\\/wp-content\\\/uploads\\\/2025\\\/10\\\/533ccc09-6834-4586-8c26-9a28cc5f8386.jpg\",\"width\":1600,\"height\":1200},{\"@type\":\"BreadcrumbList\",\"@id\":\"https:\\\/\\\/cfpmaresme.org\\\/es\\\/jornada-sobre-insercio-sociolaboral-i-salut-mental-una-mirada-comunitaria-i-transformadora\\\/#breadcrumb\",\"itemListElement\":[{\"@type\":\"ListItem\",\"position\":1,\"name\":\"Home\",\"item\":\"https:\\\/\\\/cfpmaresme.org\\\/es\\\/\"},{\"@type\":\"ListItem\",\"position\":2,\"name\":\"Jornada sobre inserci\u00f3n sociolaboral y salud mental: una mirada comunitaria y transformadora\"}]},{\"@type\":\"WebSite\",\"@id\":\"https:\\\/\\\/cfpmaresme.org\\\/#website\",\"url\":\"https:\\\/\\\/cfpmaresme.org\\\/\",\"name\":\"CFP Maresme\",\"description\":\"Centre Formaci\u00f3 Prevenci\u00f3\",\"potentialAction\":[{\"@type\":\"SearchAction\",\"target\":{\"@type\":\"EntryPoint\",\"urlTemplate\":\"https:\\\/\\\/cfpmaresme.org\\\/?s={search_term_string}\"},\"query-input\":{\"@type\":\"PropertyValueSpecification\",\"valueRequired\":true,\"valueName\":\"search_term_string\"}}],\"inLanguage\":\"es\"},{\"@type\":\"Person\",\"@id\":\"https:\\\/\\\/cfpmaresme.org\\\/#\\\/schema\\\/person\\\/b2634bcd796fafc667ea4055f61b9b2c\",\"name\":\"CFPMaresme\"}]}<\/script>\n<!-- \/ Yoast SEO plugin. -->","yoast_head_json":{"title":"Jornada sobre inserci\u00f3n sociolaboral y salud mental: una mirada comunitaria y transformadora | CFP Maresme","robots":{"index":"index","follow":"follow","max-snippet":"max-snippet:-1","max-image-preview":"max-image-preview:large","max-video-preview":"max-video-preview:-1"},"canonical":"https:\/\/cfpmaresme.org\/es\/jornada-sobre-insercio-sociolaboral-i-salut-mental-una-mirada-comunitaria-i-transformadora\/","og_locale":"es_ES","og_type":"article","og_title":"Jornada sobre inserci\u00f3n sociolaboral y salud mental: una mirada comunitaria y transformadora | CFP Maresme","og_description":"Una jornada destinada a los y las profesionales de los diferentes servicios de la ciudad y de poblaciones cercanas, con la participaci\u00f3n de m\u00e1s de 60 profesionales de los \u00e1mbitos educativo, laboral, deportivo, social y sanitario. El pasado 24 de octubre se celebr\u00f3 la jornada...","og_url":"https:\/\/cfpmaresme.org\/es\/jornada-sobre-insercio-sociolaboral-i-salut-mental-una-mirada-comunitaria-i-transformadora\/","og_site_name":"CFP Maresme","article_published_time":"2025-10-29T07:59:51+00:00","article_modified_time":"2025-10-29T08:31:47+00:00","og_image":[{"width":1600,"height":1200,"url":"https:\/\/cfpmaresme.org\/wp-content\/uploads\/2025\/10\/533ccc09-6834-4586-8c26-9a28cc5f8386.jpg","type":"image\/jpeg"}],"author":"CFPMaresme","twitter_card":"summary_large_image","twitter_creator":"@cfpmaresme","twitter_site":"@cfpmaresme","twitter_misc":{"Escrito por":"CFPMaresme","Tiempo de lectura":"3 minutos"},"schema":{"@context":"https:\/\/schema.org","@graph":[{"@type":"Article","@id":"https:\/\/cfpmaresme.org\/es\/jornada-sobre-insercio-sociolaboral-i-salut-mental-una-mirada-comunitaria-i-transformadora\/#article","isPartOf":{"@id":"https:\/\/cfpmaresme.org\/es\/jornada-sobre-insercio-sociolaboral-i-salut-mental-una-mirada-comunitaria-i-transformadora\/"},"author":{"name":"CFPMaresme","@id":"https:\/\/cfpmaresme.org\/#\/schema\/person\/b2634bcd796fafc667ea4055f61b9b2c"},"headline":"Jornada sobre inserci\u00f3n sociolaboral y salud mental: una mirada comunitaria y transformadora","datePublished":"2025-10-29T07:59:51+00:00","dateModified":"2025-10-29T08:31:47+00:00","mainEntityOfPage":{"@id":"https:\/\/cfpmaresme.org\/es\/jornada-sobre-insercio-sociolaboral-i-salut-mental-una-mirada-comunitaria-i-transformadora\/"},"wordCount":451,"image":{"@id":"https:\/\/cfpmaresme.org\/es\/jornada-sobre-insercio-sociolaboral-i-salut-mental-una-mirada-comunitaria-i-transformadora\/#primaryimage"},"thumbnailUrl":"https:\/\/cfpmaresme.org\/wp-content\/uploads\/2025\/10\/533ccc09-6834-4586-8c26-9a28cc5f8386.jpg","articleSection":["CFP Maresme","Publicaciones"],"inLanguage":"es"},{"@type":"WebPage","@id":"https:\/\/cfpmaresme.org\/es\/jornada-sobre-insercio-sociolaboral-i-salut-mental-una-mirada-comunitaria-i-transformadora\/","url":"https:\/\/cfpmaresme.org\/es\/jornada-sobre-insercio-sociolaboral-i-salut-mental-una-mirada-comunitaria-i-transformadora\/","name":"Jornada sobre inserci\u00f3n sociolaboral y salud mental: una mirada comunitaria y transformadora | CFP Maresme","isPartOf":{"@id":"https:\/\/cfpmaresme.org\/#website"},"primaryImageOfPage":{"@id":"https:\/\/cfpmaresme.org\/es\/jornada-sobre-insercio-sociolaboral-i-salut-mental-una-mirada-comunitaria-i-transformadora\/#primaryimage"},"image":{"@id":"https:\/\/cfpmaresme.org\/es\/jornada-sobre-insercio-sociolaboral-i-salut-mental-una-mirada-comunitaria-i-transformadora\/#primaryimage"},"thumbnailUrl":"https:\/\/cfpmaresme.org\/wp-content\/uploads\/2025\/10\/533ccc09-6834-4586-8c26-9a28cc5f8386.jpg","datePublished":"2025-10-29T07:59:51+00:00","dateModified":"2025-10-29T08:31:47+00:00","author":{"@id":"https:\/\/cfpmaresme.org\/#\/schema\/person\/b2634bcd796fafc667ea4055f61b9b2c"},"breadcrumb":{"@id":"https:\/\/cfpmaresme.org\/es\/jornada-sobre-insercio-sociolaboral-i-salut-mental-una-mirada-comunitaria-i-transformadora\/#breadcrumb"},"inLanguage":"es","potentialAction":[{"@type":"ReadAction","target":["https:\/\/cfpmaresme.org\/es\/jornada-sobre-insercio-sociolaboral-i-salut-mental-una-mirada-comunitaria-i-transformadora\/"]}]},{"@type":"ImageObject","inLanguage":"es","@id":"https:\/\/cfpmaresme.org\/es\/jornada-sobre-insercio-sociolaboral-i-salut-mental-una-mirada-comunitaria-i-transformadora\/#primaryimage","url":"https:\/\/cfpmaresme.org\/wp-content\/uploads\/2025\/10\/533ccc09-6834-4586-8c26-9a28cc5f8386.jpg","contentUrl":"https:\/\/cfpmaresme.org\/wp-content\/uploads\/2025\/10\/533ccc09-6834-4586-8c26-9a28cc5f8386.jpg","width":1600,"height":1200},{"@type":"BreadcrumbList","@id":"https:\/\/cfpmaresme.org\/es\/jornada-sobre-insercio-sociolaboral-i-salut-mental-una-mirada-comunitaria-i-transformadora\/#breadcrumb","itemListElement":[{"@type":"ListItem","position":1,"name":"Home","item":"https:\/\/cfpmaresme.org\/es\/"},{"@type":"ListItem","position":2,"name":"Jornada sobre inserci\u00f3n sociolaboral y salud mental: una mirada comunitaria y transformadora"}]},{"@type":"WebSite","@id":"https:\/\/cfpmaresme.org\/#website","url":"https:\/\/cfpmaresme.org\/","name":"CFP Maresme","description":"Centre Formaci\u00f3 Prevenci\u00f3","potentialAction":[{"@type":"SearchAction","target":{"@type":"EntryPoint","urlTemplate":"https:\/\/cfpmaresme.org\/?s={search_term_string}"},"query-input":{"@type":"PropertyValueSpecification","valueRequired":true,"valueName":"search_term_string"}}],"inLanguage":"es"},{"@type":"Person","@id":"https:\/\/cfpmaresme.org\/#\/schema\/person\/b2634bcd796fafc667ea4055f61b9b2c","name":"CFPMaresme"}]}},"_links":{"self":[{"href":"https:\/\/cfpmaresme.org\/es\/wp-json\/wp\/v2\/posts\/111573","targetHints":{"allow":["GET"]}}],"collection":[{"href":"https:\/\/cfpmaresme.org\/es\/wp-json\/wp\/v2\/posts"}],"about":[{"href":"https:\/\/cfpmaresme.org\/es\/wp-json\/wp\/v2\/types\/post"}],"author":[{"embeddable":true,"href":"https:\/\/cfpmaresme.org\/es\/wp-json\/wp\/v2\/users\/2"}],"replies":[{"embeddable":true,"href":"https:\/\/cfpmaresme.org\/es\/wp-json\/wp\/v2\/comments?post=111573"}],"version-history":[{"count":2,"href":"https:\/\/cfpmaresme.org\/es\/wp-json\/wp\/v2\/posts\/111573\/revisions"}],"predecessor-version":[{"id":111575,"href":"https:\/\/cfpmaresme.org\/es\/wp-json\/wp\/v2\/posts\/111573\/revisions\/111575"}],"wp:featuredmedia":[{"embeddable":true,"href":"https:\/\/cfpmaresme.org\/es\/wp-json\/wp\/v2\/media\/111571"}],"wp:attachment":[{"href":"https:\/\/cfpmaresme.org\/es\/wp-json\/wp\/v2\/media?parent=111573"}],"wp:term":[{"taxonomy":"category","embeddable":true,"href":"https:\/\/cfpmaresme.org\/es\/wp-json\/wp\/v2\/categories?post=111573"},{"taxonomy":"post_tag","embeddable":true,"href":"https:\/\/cfpmaresme.org\/es\/wp-json\/wp\/v2\/tags?post=111573"}],"curies":[{"name":"wp","href":"https:\/\/api.w.org\/{rel}","templated":true}]}}