{"id":111605,"date":"2025-10-31T14:14:03","date_gmt":"2025-10-31T12:14:03","guid":{"rendered":"https:\/\/cfpmaresme.org\/el-punt-inclusiu-ja-esta-en-ple-funcionament\/"},"modified":"2025-10-31T14:17:04","modified_gmt":"2025-10-31T12:17:04","slug":"el-punt-inclusiu-ja-esta-en-ple-funcionament","status":"publish","type":"post","link":"https:\/\/cfpmaresme.org\/es\/el-punt-inclusiu-ja-esta-en-ple-funcionament\/","title":{"rendered":"Punt Inclusiu ya est\u00e1 en pleno funcionamiento"},"content":{"rendered":"<p data-start=\"75\" data-end=\"223\"><strong data-start=\"75\" data-end=\"92\">Punt Inclusiu<\/strong> es un servicio de orientaci\u00f3n e intermediaci\u00f3n laboral dirigido a personas con diagn\u00f3stico de salud mental o malestar emocional.<\/p>\n<p data-start=\"225\" data-end=\"410\">En <strong data-start=\"228\" data-end=\"245\">Punt Inclusiu<\/strong> te ofrecemos:<br data-start=\"259\" data-end=\"262\" \/>\u2714\ufe0f Acompa\u00f1amiento personalizado para definir tu itinerario laboral.<br data-start=\"329\" data-end=\"332\" \/>\u2714\ufe0f Apoyo y seguimiento durante el proceso de b\u00fasqueda de empleo e inserci\u00f3n.<\/p>\n<p data-start=\"412\" data-end=\"593\">Todo ello dentro del <strong data-start=\"433\" data-end=\"474\">Servicio de Ocupaci\u00f3n de Matar\u00f3 (SOM)<\/strong>, con la atenci\u00f3n de profesionales expertos en salud mental.<br data-start=\"534\" data-end=\"537\" \/>\ud83d\udccd C\/ Francisco Herrera, 70 \u2013 Matar\u00f3<br data-start=\"573\" data-end=\"576\" \/>\ud83d\udcde 644 15 58 60<\/p>\n<p data-start=\"595\" data-end=\"696\">Una iniciativa del <strong data-start=\"614\" data-end=\"650\">Centro de Formaci\u00f3n y Prevenci\u00f3n<\/strong>, con el apoyo de la <strong data-start=\"671\" data-end=\"693\">Fundaci\u00f3n La Caixa<\/strong>.<\/p>\n","protected":false},"excerpt":{"rendered":"<p>Punt Inclusiu es un servicio de orientaci\u00f3n e intermediaci\u00f3n laboral dirigido a personas con diagn\u00f3stico de salud mental o malestar emocional. En Punt Inclusiu te ofrecemos:\u2714\ufe0f Acompa\u00f1amiento personalizado para definir tu itinerario laboral.\u2714\ufe0f Apoyo y seguimiento durante el proceso de b\u00fasqueda de empleo e inserci\u00f3n&#8230;.<\/p>\n","protected":false},"author":2,"featured_media":111603,"comment_status":"closed","ping_status":"closed","sticky":false,"template":"","format":"standard","meta":{"footnotes":""},"categories":[1270,1193,1259],"tags":[],"class_list":["post-111605","post","type-post","status-publish","format-standard","has-post-thumbnail","hentry","category-formacio-i-intermediacio-laboral-es","category-servicio-de-formacion-e-intermediacion-laboral","category-publicaciones"],"yoast_head":"<!-- This site is optimized with the Yoast SEO plugin v27.4 - https:\/\/yoast.com\/product\/yoast-seo-wordpress\/ -->\n<title>Punt Inclusiu ya est\u00e1 en pleno funcionamiento | CFP Maresme<\/title>\n<meta name=\"robots\" content=\"index, follow, max-snippet:-1, max-image-preview:large, max-video-preview:-1\" \/>\n<link rel=\"canonical\" href=\"https:\/\/cfpmaresme.org\/es\/el-punt-inclusiu-ja-esta-en-ple-funcionament\/\" \/>\n<meta property=\"og:locale\" content=\"es_ES\" \/>\n<meta property=\"og:type\" content=\"article\" \/>\n<meta property=\"og:title\" content=\"Punt Inclusiu ya est\u00e1 en pleno funcionamiento | CFP Maresme\" \/>\n<meta property=\"og:description\" content=\"Punt Inclusiu es un servicio de orientaci\u00f3n e intermediaci\u00f3n laboral dirigido a personas con diagn\u00f3stico de salud mental o malestar emocional. En Punt Inclusiu te ofrecemos:\u2714\ufe0f Acompa\u00f1amiento personalizado para definir tu itinerario laboral.\u2714\ufe0f Apoyo y seguimiento durante el proceso de b\u00fasqueda de empleo e inserci\u00f3n....\" \/>\n<meta property=\"og:url\" content=\"https:\/\/cfpmaresme.org\/es\/el-punt-inclusiu-ja-esta-en-ple-funcionament\/\" \/>\n<meta property=\"og:site_name\" content=\"CFP Maresme\" \/>\n<meta property=\"article:published_time\" content=\"2025-10-31T12:14:03+00:00\" \/>\n<meta property=\"article:modified_time\" content=\"2025-10-31T12:17:04+00:00\" \/>\n<meta property=\"og:image\" content=\"https:\/\/cfpmaresme.org\/wp-content\/uploads\/2025\/10\/banner.png\" \/>\n\t<meta property=\"og:image:width\" content=\"1170\" \/>\n\t<meta property=\"og:image:height\" content=\"653\" \/>\n\t<meta property=\"og:image:type\" content=\"image\/png\" \/>\n<meta name=\"author\" content=\"CFPMaresme\" \/>\n<meta name=\"twitter:card\" content=\"summary_large_image\" \/>\n<meta name=\"twitter:creator\" content=\"@cfpmaresme\" \/>\n<meta name=\"twitter:site\" content=\"@cfpmaresme\" \/>\n<meta name=\"twitter:label1\" content=\"Escrito por\" \/>\n\t<meta name=\"twitter:data1\" content=\"CFPMaresme\" \/>\n\t<meta name=\"twitter:label2\" content=\"Tiempo de lectura\" \/>\n\t<meta name=\"twitter:data2\" content=\"1 minuto\" \/>\n<script type=\"application\/ld+json\" class=\"yoast-schema-graph\">{\"@context\":\"https:\\\/\\\/schema.org\",\"@graph\":[{\"@type\":\"Article\",\"@id\":\"https:\\\/\\\/cfpmaresme.org\\\/es\\\/el-punt-inclusiu-ja-esta-en-ple-funcionament\\\/#article\",\"isPartOf\":{\"@id\":\"https:\\\/\\\/cfpmaresme.org\\\/es\\\/el-punt-inclusiu-ja-esta-en-ple-funcionament\\\/\"},\"author\":{\"name\":\"CFPMaresme\",\"@id\":\"https:\\\/\\\/cfpmaresme.org\\\/#\\\/schema\\\/person\\\/b2634bcd796fafc667ea4055f61b9b2c\"},\"headline\":\"Punt Inclusiu ya est\u00e1 en pleno funcionamiento\",\"datePublished\":\"2025-10-31T12:14:03+00:00\",\"dateModified\":\"2025-10-31T12:17:04+00:00\",\"mainEntityOfPage\":{\"@id\":\"https:\\\/\\\/cfpmaresme.org\\\/es\\\/el-punt-inclusiu-ja-esta-en-ple-funcionament\\\/\"},\"wordCount\":102,\"image\":{\"@id\":\"https:\\\/\\\/cfpmaresme.org\\\/es\\\/el-punt-inclusiu-ja-esta-en-ple-funcionament\\\/#primaryimage\"},\"thumbnailUrl\":\"https:\\\/\\\/cfpmaresme.org\\\/wp-content\\\/uploads\\\/2025\\\/10\\\/banner.png\",\"articleSection\":[\"Formaci\u00f3 i Intermediaci\u00f3 Laboral\",\"Formaci\u00f3n e Intermediaci\u00f3n Laboral\",\"Publicaciones\"],\"inLanguage\":\"es\"},{\"@type\":\"WebPage\",\"@id\":\"https:\\\/\\\/cfpmaresme.org\\\/es\\\/el-punt-inclusiu-ja-esta-en-ple-funcionament\\\/\",\"url\":\"https:\\\/\\\/cfpmaresme.org\\\/es\\\/el-punt-inclusiu-ja-esta-en-ple-funcionament\\\/\",\"name\":\"Punt Inclusiu ya est\u00e1 en pleno funcionamiento | CFP Maresme\",\"isPartOf\":{\"@id\":\"https:\\\/\\\/cfpmaresme.org\\\/#website\"},\"primaryImageOfPage\":{\"@id\":\"https:\\\/\\\/cfpmaresme.org\\\/es\\\/el-punt-inclusiu-ja-esta-en-ple-funcionament\\\/#primaryimage\"},\"image\":{\"@id\":\"https:\\\/\\\/cfpmaresme.org\\\/es\\\/el-punt-inclusiu-ja-esta-en-ple-funcionament\\\/#primaryimage\"},\"thumbnailUrl\":\"https:\\\/\\\/cfpmaresme.org\\\/wp-content\\\/uploads\\\/2025\\\/10\\\/banner.png\",\"datePublished\":\"2025-10-31T12:14:03+00:00\",\"dateModified\":\"2025-10-31T12:17:04+00:00\",\"author\":{\"@id\":\"https:\\\/\\\/cfpmaresme.org\\\/#\\\/schema\\\/person\\\/b2634bcd796fafc667ea4055f61b9b2c\"},\"breadcrumb\":{\"@id\":\"https:\\\/\\\/cfpmaresme.org\\\/es\\\/el-punt-inclusiu-ja-esta-en-ple-funcionament\\\/#breadcrumb\"},\"inLanguage\":\"es\",\"potentialAction\":[{\"@type\":\"ReadAction\",\"target\":[\"https:\\\/\\\/cfpmaresme.org\\\/es\\\/el-punt-inclusiu-ja-esta-en-ple-funcionament\\\/\"]}]},{\"@type\":\"ImageObject\",\"inLanguage\":\"es\",\"@id\":\"https:\\\/\\\/cfpmaresme.org\\\/es\\\/el-punt-inclusiu-ja-esta-en-ple-funcionament\\\/#primaryimage\",\"url\":\"https:\\\/\\\/cfpmaresme.org\\\/wp-content\\\/uploads\\\/2025\\\/10\\\/banner.png\",\"contentUrl\":\"https:\\\/\\\/cfpmaresme.org\\\/wp-content\\\/uploads\\\/2025\\\/10\\\/banner.png\",\"width\":1170,\"height\":653},{\"@type\":\"BreadcrumbList\",\"@id\":\"https:\\\/\\\/cfpmaresme.org\\\/es\\\/el-punt-inclusiu-ja-esta-en-ple-funcionament\\\/#breadcrumb\",\"itemListElement\":[{\"@type\":\"ListItem\",\"position\":1,\"name\":\"Home\",\"item\":\"https:\\\/\\\/cfpmaresme.org\\\/es\\\/\"},{\"@type\":\"ListItem\",\"position\":2,\"name\":\"Punt Inclusiu ya est\u00e1 en pleno funcionamiento\"}]},{\"@type\":\"WebSite\",\"@id\":\"https:\\\/\\\/cfpmaresme.org\\\/#website\",\"url\":\"https:\\\/\\\/cfpmaresme.org\\\/\",\"name\":\"CFP Maresme\",\"description\":\"Centre Formaci\u00f3 Prevenci\u00f3\",\"potentialAction\":[{\"@type\":\"SearchAction\",\"target\":{\"@type\":\"EntryPoint\",\"urlTemplate\":\"https:\\\/\\\/cfpmaresme.org\\\/?s={search_term_string}\"},\"query-input\":{\"@type\":\"PropertyValueSpecification\",\"valueRequired\":true,\"valueName\":\"search_term_string\"}}],\"inLanguage\":\"es\"},{\"@type\":\"Person\",\"@id\":\"https:\\\/\\\/cfpmaresme.org\\\/#\\\/schema\\\/person\\\/b2634bcd796fafc667ea4055f61b9b2c\",\"name\":\"CFPMaresme\"}]}<\/script>\n<!-- \/ Yoast SEO plugin. -->","yoast_head_json":{"title":"Punt Inclusiu ya est\u00e1 en pleno funcionamiento | CFP Maresme","robots":{"index":"index","follow":"follow","max-snippet":"max-snippet:-1","max-image-preview":"max-image-preview:large","max-video-preview":"max-video-preview:-1"},"canonical":"https:\/\/cfpmaresme.org\/es\/el-punt-inclusiu-ja-esta-en-ple-funcionament\/","og_locale":"es_ES","og_type":"article","og_title":"Punt Inclusiu ya est\u00e1 en pleno funcionamiento | CFP Maresme","og_description":"Punt Inclusiu es un servicio de orientaci\u00f3n e intermediaci\u00f3n laboral dirigido a personas con diagn\u00f3stico de salud mental o malestar emocional. En Punt Inclusiu te ofrecemos:\u2714\ufe0f Acompa\u00f1amiento personalizado para definir tu itinerario laboral.\u2714\ufe0f Apoyo y seguimiento durante el proceso de b\u00fasqueda de empleo e inserci\u00f3n....","og_url":"https:\/\/cfpmaresme.org\/es\/el-punt-inclusiu-ja-esta-en-ple-funcionament\/","og_site_name":"CFP Maresme","article_published_time":"2025-10-31T12:14:03+00:00","article_modified_time":"2025-10-31T12:17:04+00:00","og_image":[{"width":1170,"height":653,"url":"https:\/\/cfpmaresme.org\/wp-content\/uploads\/2025\/10\/banner.png","type":"image\/png"}],"author":"CFPMaresme","twitter_card":"summary_large_image","twitter_creator":"@cfpmaresme","twitter_site":"@cfpmaresme","twitter_misc":{"Escrito por":"CFPMaresme","Tiempo de lectura":"1 minuto"},"schema":{"@context":"https:\/\/schema.org","@graph":[{"@type":"Article","@id":"https:\/\/cfpmaresme.org\/es\/el-punt-inclusiu-ja-esta-en-ple-funcionament\/#article","isPartOf":{"@id":"https:\/\/cfpmaresme.org\/es\/el-punt-inclusiu-ja-esta-en-ple-funcionament\/"},"author":{"name":"CFPMaresme","@id":"https:\/\/cfpmaresme.org\/#\/schema\/person\/b2634bcd796fafc667ea4055f61b9b2c"},"headline":"Punt Inclusiu ya est\u00e1 en pleno funcionamiento","datePublished":"2025-10-31T12:14:03+00:00","dateModified":"2025-10-31T12:17:04+00:00","mainEntityOfPage":{"@id":"https:\/\/cfpmaresme.org\/es\/el-punt-inclusiu-ja-esta-en-ple-funcionament\/"},"wordCount":102,"image":{"@id":"https:\/\/cfpmaresme.org\/es\/el-punt-inclusiu-ja-esta-en-ple-funcionament\/#primaryimage"},"thumbnailUrl":"https:\/\/cfpmaresme.org\/wp-content\/uploads\/2025\/10\/banner.png","articleSection":["Formaci\u00f3 i Intermediaci\u00f3 Laboral","Formaci\u00f3n e Intermediaci\u00f3n Laboral","Publicaciones"],"inLanguage":"es"},{"@type":"WebPage","@id":"https:\/\/cfpmaresme.org\/es\/el-punt-inclusiu-ja-esta-en-ple-funcionament\/","url":"https:\/\/cfpmaresme.org\/es\/el-punt-inclusiu-ja-esta-en-ple-funcionament\/","name":"Punt Inclusiu ya est\u00e1 en pleno funcionamiento | CFP Maresme","isPartOf":{"@id":"https:\/\/cfpmaresme.org\/#website"},"primaryImageOfPage":{"@id":"https:\/\/cfpmaresme.org\/es\/el-punt-inclusiu-ja-esta-en-ple-funcionament\/#primaryimage"},"image":{"@id":"https:\/\/cfpmaresme.org\/es\/el-punt-inclusiu-ja-esta-en-ple-funcionament\/#primaryimage"},"thumbnailUrl":"https:\/\/cfpmaresme.org\/wp-content\/uploads\/2025\/10\/banner.png","datePublished":"2025-10-31T12:14:03+00:00","dateModified":"2025-10-31T12:17:04+00:00","author":{"@id":"https:\/\/cfpmaresme.org\/#\/schema\/person\/b2634bcd796fafc667ea4055f61b9b2c"},"breadcrumb":{"@id":"https:\/\/cfpmaresme.org\/es\/el-punt-inclusiu-ja-esta-en-ple-funcionament\/#breadcrumb"},"inLanguage":"es","potentialAction":[{"@type":"ReadAction","target":["https:\/\/cfpmaresme.org\/es\/el-punt-inclusiu-ja-esta-en-ple-funcionament\/"]}]},{"@type":"ImageObject","inLanguage":"es","@id":"https:\/\/cfpmaresme.org\/es\/el-punt-inclusiu-ja-esta-en-ple-funcionament\/#primaryimage","url":"https:\/\/cfpmaresme.org\/wp-content\/uploads\/2025\/10\/banner.png","contentUrl":"https:\/\/cfpmaresme.org\/wp-content\/uploads\/2025\/10\/banner.png","width":1170,"height":653},{"@type":"BreadcrumbList","@id":"https:\/\/cfpmaresme.org\/es\/el-punt-inclusiu-ja-esta-en-ple-funcionament\/#breadcrumb","itemListElement":[{"@type":"ListItem","position":1,"name":"Home","item":"https:\/\/cfpmaresme.org\/es\/"},{"@type":"ListItem","position":2,"name":"Punt Inclusiu ya est\u00e1 en pleno funcionamiento"}]},{"@type":"WebSite","@id":"https:\/\/cfpmaresme.org\/#website","url":"https:\/\/cfpmaresme.org\/","name":"CFP Maresme","description":"Centre Formaci\u00f3 Prevenci\u00f3","potentialAction":[{"@type":"SearchAction","target":{"@type":"EntryPoint","urlTemplate":"https:\/\/cfpmaresme.org\/?s={search_term_string}"},"query-input":{"@type":"PropertyValueSpecification","valueRequired":true,"valueName":"search_term_string"}}],"inLanguage":"es"},{"@type":"Person","@id":"https:\/\/cfpmaresme.org\/#\/schema\/person\/b2634bcd796fafc667ea4055f61b9b2c","name":"CFPMaresme"}]}},"_links":{"self":[{"href":"https:\/\/cfpmaresme.org\/es\/wp-json\/wp\/v2\/posts\/111605","targetHints":{"allow":["GET"]}}],"collection":[{"href":"https:\/\/cfpmaresme.org\/es\/wp-json\/wp\/v2\/posts"}],"about":[{"href":"https:\/\/cfpmaresme.org\/es\/wp-json\/wp\/v2\/types\/post"}],"author":[{"embeddable":true,"href":"https:\/\/cfpmaresme.org\/es\/wp-json\/wp\/v2\/users\/2"}],"replies":[{"embeddable":true,"href":"https:\/\/cfpmaresme.org\/es\/wp-json\/wp\/v2\/comments?post=111605"}],"version-history":[{"count":3,"href":"https:\/\/cfpmaresme.org\/es\/wp-json\/wp\/v2\/posts\/111605\/revisions"}],"predecessor-version":[{"id":111608,"href":"https:\/\/cfpmaresme.org\/es\/wp-json\/wp\/v2\/posts\/111605\/revisions\/111608"}],"wp:featuredmedia":[{"embeddable":true,"href":"https:\/\/cfpmaresme.org\/es\/wp-json\/wp\/v2\/media\/111603"}],"wp:attachment":[{"href":"https:\/\/cfpmaresme.org\/es\/wp-json\/wp\/v2\/media?parent=111605"}],"wp:term":[{"taxonomy":"category","embeddable":true,"href":"https:\/\/cfpmaresme.org\/es\/wp-json\/wp\/v2\/categories?post=111605"},{"taxonomy":"post_tag","embeddable":true,"href":"https:\/\/cfpmaresme.org\/es\/wp-json\/wp\/v2\/tags?post=111605"}],"curies":[{"name":"wp","href":"https:\/\/api.w.org\/{rel}","templated":true}]}}