{"id":111717,"date":"2025-11-12T11:42:03","date_gmt":"2025-11-12T09:42:03","guid":{"rendered":"https:\/\/cfpmaresme.org\/%f0%9f%92%ab-impulsem-la-realitat-immersiva-per-millorar-el-benestar-emocional\/"},"modified":"2025-11-12T15:30:22","modified_gmt":"2025-11-12T13:30:22","slug":"%f0%9f%92%ab-impulsem-la-realitat-immersiva-per-millorar-el-benestar-emocional","status":"publish","type":"post","link":"https:\/\/cfpmaresme.org\/es\/%f0%9f%92%ab-impulsem-la-realitat-immersiva-per-millorar-el-benestar-emocional\/","title":{"rendered":"Impulsem la realitat immersiva per millorar el benestar emocional"},"content":{"rendered":"<p data-start=\"218\" data-end=\"443\">Al <strong data-start=\"221\" data-end=\"261\">Centre de Formaci\u00f3 i Prevenci\u00f3 (CFP)<\/strong> hem dut a terme amb \u00e8xit una <strong data-start=\"291\" data-end=\"328\">prova pilot de realitat immersiva<\/strong> orientada a millorar el benestar emocional de persones amb diferents necessitats i situacions de vulnerabilitat.<\/p>\n<p data-start=\"445\" data-end=\"788\">Hi han participat <strong data-start=\"463\" data-end=\"478\">54 persones<\/strong> que acompanyem des de diversos serveis i programes com: <strong data-start=\"535\" data-end=\"544\">Estoa<\/strong>, el programa d\u2019autonomia per a joves que conviuen amb autisme i\/o discapacitat intel\u00b7lectual, els <strong data-start=\"643\" data-end=\"689\">Serveis de Rehabilitaci\u00f3 Comunit\u00e0ria (SRC)<\/strong>, el <strong data-start=\"694\" data-end=\"715\">servei prelaboral<\/strong>, el d\u2019<strong data-start=\"722\" data-end=\"747\">intermediaci\u00f3 laboral<\/strong> i els <strong data-start=\"754\" data-end=\"785\">pisos assistits per a joves<\/strong>.<\/p>\n<p data-start=\"790\" data-end=\"990\">Durant dos mesos, hem realitzat sessions amb <strong data-start=\"835\" data-end=\"859\">tecnologia immersiva<\/strong> que permeten recrear entorns visuals i sonors per reduir l\u2019estr\u00e8s, afavorir la calma i potenciar la concentraci\u00f3 i la motivaci\u00f3.<\/p>\n<p data-start=\"992\" data-end=\"1202\">Els resultats, recollits mitjan\u00e7ant l\u2019<strong data-start=\"1030\" data-end=\"1046\">escala WHO-5<\/strong>, mostren una <strong data-start=\"1060\" data-end=\"1108\">millora significativa del benestar emocional<\/strong>, especialment en aspectes com la relaxaci\u00f3, l\u2019estat d\u2019\u00e0nim positiu i la sensaci\u00f3 d\u2019energia.<\/p>\n<p data-start=\"1204\" data-end=\"1367\">Aquesta experi\u00e8ncia confirma el <strong data-start=\"1236\" data-end=\"1308\">potencial de la realitat immersiva com a eina terap\u00e8utica innovadora<\/strong> dins de l\u2019\u00e0mbit de la salut mental i la inclusi\u00f3 social.<\/p>\n<p data-start=\"1369\" data-end=\"1640\">Despr\u00e9s dels bons resultats, incorporarem aquesta metodologia a <strong data-start=\"1433\" data-end=\"1461\">tots els nostres serveis<\/strong> i a l\u2019<strong data-start=\"1468\" data-end=\"1510\">Equip Psicoterap\u00e8utic i Pedag\u00f2gic A\u00efna<\/strong>, com a recurs complementari per fomentar el benestar emocional, la motivaci\u00f3 i la participaci\u00f3 activa de les persones usu\u00e0ries.<\/p>\n<p data-start=\"1642\" data-end=\"1763\">\ud83d\udfe2 Aquest programa compta amb el suport del <strong data-start=\"1686\" data-end=\"1760\">Departament de Drets Socials i Inclusi\u00f3 de la Generalitat de Catalunya<\/strong>.<\/p>\n<p><img loading=\"lazy\" decoding=\"async\" class=\" wp-image-111714 alignleft\" src=\"http:\/\/cfpmaresme.org\/wp-content\/uploads\/2025\/11\/drets_socials_centrdada-2-linies-300x111.jpg\" alt=\"\" width=\"208\" height=\"77\" srcset=\"https:\/\/cfpmaresme.org\/wp-content\/uploads\/2025\/11\/drets_socials_centrdada-2-linies-300x111.jpg 300w, https:\/\/cfpmaresme.org\/wp-content\/uploads\/2025\/11\/drets_socials_centrdada-2-linies-700x259.jpg 700w, https:\/\/cfpmaresme.org\/wp-content\/uploads\/2025\/11\/drets_socials_centrdada-2-linies.jpg 711w\" sizes=\"auto, (max-width: 208px) 100vw, 208px\" \/><\/p>\n","protected":false},"excerpt":{"rendered":"<p>Al Centre de Formaci\u00f3 i Prevenci\u00f3 (CFP) hem dut a terme amb \u00e8xit una prova pilot de realitat immersiva orientada a millorar el benestar emocional de persones amb diferents necessitats i situacions de vulnerabilitat. Hi han participat 54 persones que acompanyem des de diversos serveis&#8230;<\/p>\n","protected":false},"author":2,"featured_media":111713,"comment_status":"closed","ping_status":"closed","sticky":false,"template":"","format":"standard","meta":{"footnotes":""},"categories":[1187],"tags":[],"class_list":["post-111717","post","type-post","status-publish","format-standard","has-post-thumbnail","hentry","category-cfp-maresme-es"],"yoast_head":"<!-- This site is optimized with the Yoast SEO plugin v27.4 - https:\/\/yoast.com\/product\/yoast-seo-wordpress\/ -->\n<title>Impulsem la realitat immersiva per millorar el benestar emocional | CFP Maresme<\/title>\n<meta name=\"robots\" content=\"index, follow, max-snippet:-1, max-image-preview:large, max-video-preview:-1\" \/>\n<link rel=\"canonical\" href=\"https:\/\/cfpmaresme.org\/es\/\ud83d\udcab-impulsem-la-realitat-immersiva-per-millorar-el-benestar-emocional\/\" \/>\n<meta property=\"og:locale\" content=\"es_ES\" \/>\n<meta property=\"og:type\" content=\"article\" \/>\n<meta property=\"og:title\" content=\"Impulsem la realitat immersiva per millorar el benestar emocional | CFP Maresme\" \/>\n<meta property=\"og:description\" content=\"Al Centre de Formaci\u00f3 i Prevenci\u00f3 (CFP) hem dut a terme amb \u00e8xit una prova pilot de realitat immersiva orientada a millorar el benestar emocional de persones amb diferents necessitats i situacions de vulnerabilitat. Hi han participat 54 persones que acompanyem des de diversos serveis...\" \/>\n<meta property=\"og:url\" content=\"https:\/\/cfpmaresme.org\/es\/\ud83d\udcab-impulsem-la-realitat-immersiva-per-millorar-el-benestar-emocional\/\" \/>\n<meta property=\"og:site_name\" content=\"CFP Maresme\" \/>\n<meta property=\"article:published_time\" content=\"2025-11-12T09:42:03+00:00\" \/>\n<meta property=\"article:modified_time\" content=\"2025-11-12T13:30:22+00:00\" \/>\n<meta property=\"og:image\" content=\"https:\/\/cfpmaresme.org\/wp-content\/uploads\/2025\/11\/Banner.png\" \/>\n\t<meta property=\"og:image:width\" content=\"515\" \/>\n\t<meta property=\"og:image:height\" content=\"283\" \/>\n\t<meta property=\"og:image:type\" content=\"image\/png\" \/>\n<meta name=\"author\" content=\"CFPMaresme\" \/>\n<meta name=\"twitter:card\" content=\"summary_large_image\" \/>\n<meta name=\"twitter:creator\" content=\"@cfpmaresme\" \/>\n<meta name=\"twitter:site\" content=\"@cfpmaresme\" \/>\n<meta name=\"twitter:label1\" content=\"Escrito por\" \/>\n\t<meta name=\"twitter:data1\" content=\"CFPMaresme\" \/>\n\t<meta name=\"twitter:label2\" content=\"Tiempo de lectura\" \/>\n\t<meta name=\"twitter:data2\" content=\"2 minutos\" \/>\n<script type=\"application\/ld+json\" class=\"yoast-schema-graph\">{\"@context\":\"https:\\\/\\\/schema.org\",\"@graph\":[{\"@type\":\"Article\",\"@id\":\"https:\\\/\\\/cfpmaresme.org\\\/es\\\/%f0%9f%92%ab-impulsem-la-realitat-immersiva-per-millorar-el-benestar-emocional\\\/#article\",\"isPartOf\":{\"@id\":\"https:\\\/\\\/cfpmaresme.org\\\/es\\\/%f0%9f%92%ab-impulsem-la-realitat-immersiva-per-millorar-el-benestar-emocional\\\/\"},\"author\":{\"name\":\"CFPMaresme\",\"@id\":\"https:\\\/\\\/cfpmaresme.org\\\/#\\\/schema\\\/person\\\/b2634bcd796fafc667ea4055f61b9b2c\"},\"headline\":\"Impulsem la realitat immersiva per millorar el benestar emocional\",\"datePublished\":\"2025-11-12T09:42:03+00:00\",\"dateModified\":\"2025-11-12T13:30:22+00:00\",\"mainEntityOfPage\":{\"@id\":\"https:\\\/\\\/cfpmaresme.org\\\/es\\\/%f0%9f%92%ab-impulsem-la-realitat-immersiva-per-millorar-el-benestar-emocional\\\/\"},\"wordCount\":246,\"image\":{\"@id\":\"https:\\\/\\\/cfpmaresme.org\\\/es\\\/%f0%9f%92%ab-impulsem-la-realitat-immersiva-per-millorar-el-benestar-emocional\\\/#primaryimage\"},\"thumbnailUrl\":\"https:\\\/\\\/cfpmaresme.org\\\/wp-content\\\/uploads\\\/2025\\\/11\\\/Banner.png\",\"articleSection\":[\"CFP Maresme\"],\"inLanguage\":\"es\"},{\"@type\":\"WebPage\",\"@id\":\"https:\\\/\\\/cfpmaresme.org\\\/es\\\/%f0%9f%92%ab-impulsem-la-realitat-immersiva-per-millorar-el-benestar-emocional\\\/\",\"url\":\"https:\\\/\\\/cfpmaresme.org\\\/es\\\/%f0%9f%92%ab-impulsem-la-realitat-immersiva-per-millorar-el-benestar-emocional\\\/\",\"name\":\"Impulsem la realitat immersiva per millorar el benestar emocional | CFP Maresme\",\"isPartOf\":{\"@id\":\"https:\\\/\\\/cfpmaresme.org\\\/#website\"},\"primaryImageOfPage\":{\"@id\":\"https:\\\/\\\/cfpmaresme.org\\\/es\\\/%f0%9f%92%ab-impulsem-la-realitat-immersiva-per-millorar-el-benestar-emocional\\\/#primaryimage\"},\"image\":{\"@id\":\"https:\\\/\\\/cfpmaresme.org\\\/es\\\/%f0%9f%92%ab-impulsem-la-realitat-immersiva-per-millorar-el-benestar-emocional\\\/#primaryimage\"},\"thumbnailUrl\":\"https:\\\/\\\/cfpmaresme.org\\\/wp-content\\\/uploads\\\/2025\\\/11\\\/Banner.png\",\"datePublished\":\"2025-11-12T09:42:03+00:00\",\"dateModified\":\"2025-11-12T13:30:22+00:00\",\"author\":{\"@id\":\"https:\\\/\\\/cfpmaresme.org\\\/#\\\/schema\\\/person\\\/b2634bcd796fafc667ea4055f61b9b2c\"},\"breadcrumb\":{\"@id\":\"https:\\\/\\\/cfpmaresme.org\\\/es\\\/%f0%9f%92%ab-impulsem-la-realitat-immersiva-per-millorar-el-benestar-emocional\\\/#breadcrumb\"},\"inLanguage\":\"es\",\"potentialAction\":[{\"@type\":\"ReadAction\",\"target\":[\"https:\\\/\\\/cfpmaresme.org\\\/es\\\/%f0%9f%92%ab-impulsem-la-realitat-immersiva-per-millorar-el-benestar-emocional\\\/\"]}]},{\"@type\":\"ImageObject\",\"inLanguage\":\"es\",\"@id\":\"https:\\\/\\\/cfpmaresme.org\\\/es\\\/%f0%9f%92%ab-impulsem-la-realitat-immersiva-per-millorar-el-benestar-emocional\\\/#primaryimage\",\"url\":\"https:\\\/\\\/cfpmaresme.org\\\/wp-content\\\/uploads\\\/2025\\\/11\\\/Banner.png\",\"contentUrl\":\"https:\\\/\\\/cfpmaresme.org\\\/wp-content\\\/uploads\\\/2025\\\/11\\\/Banner.png\",\"width\":515,\"height\":283},{\"@type\":\"BreadcrumbList\",\"@id\":\"https:\\\/\\\/cfpmaresme.org\\\/es\\\/%f0%9f%92%ab-impulsem-la-realitat-immersiva-per-millorar-el-benestar-emocional\\\/#breadcrumb\",\"itemListElement\":[{\"@type\":\"ListItem\",\"position\":1,\"name\":\"Home\",\"item\":\"https:\\\/\\\/cfpmaresme.org\\\/es\\\/\"},{\"@type\":\"ListItem\",\"position\":2,\"name\":\"Impulsem la realitat immersiva per millorar el benestar emocional\"}]},{\"@type\":\"WebSite\",\"@id\":\"https:\\\/\\\/cfpmaresme.org\\\/#website\",\"url\":\"https:\\\/\\\/cfpmaresme.org\\\/\",\"name\":\"CFP Maresme\",\"description\":\"Centre Formaci\u00f3 Prevenci\u00f3\",\"potentialAction\":[{\"@type\":\"SearchAction\",\"target\":{\"@type\":\"EntryPoint\",\"urlTemplate\":\"https:\\\/\\\/cfpmaresme.org\\\/?s={search_term_string}\"},\"query-input\":{\"@type\":\"PropertyValueSpecification\",\"valueRequired\":true,\"valueName\":\"search_term_string\"}}],\"inLanguage\":\"es\"},{\"@type\":\"Person\",\"@id\":\"https:\\\/\\\/cfpmaresme.org\\\/#\\\/schema\\\/person\\\/b2634bcd796fafc667ea4055f61b9b2c\",\"name\":\"CFPMaresme\"}]}<\/script>\n<!-- \/ Yoast SEO plugin. -->","yoast_head_json":{"title":"Impulsem la realitat immersiva per millorar el benestar emocional | CFP Maresme","robots":{"index":"index","follow":"follow","max-snippet":"max-snippet:-1","max-image-preview":"max-image-preview:large","max-video-preview":"max-video-preview:-1"},"canonical":"https:\/\/cfpmaresme.org\/es\/\ud83d\udcab-impulsem-la-realitat-immersiva-per-millorar-el-benestar-emocional\/","og_locale":"es_ES","og_type":"article","og_title":"Impulsem la realitat immersiva per millorar el benestar emocional | CFP Maresme","og_description":"Al Centre de Formaci\u00f3 i Prevenci\u00f3 (CFP) hem dut a terme amb \u00e8xit una prova pilot de realitat immersiva orientada a millorar el benestar emocional de persones amb diferents necessitats i situacions de vulnerabilitat. Hi han participat 54 persones que acompanyem des de diversos serveis...","og_url":"https:\/\/cfpmaresme.org\/es\/\ud83d\udcab-impulsem-la-realitat-immersiva-per-millorar-el-benestar-emocional\/","og_site_name":"CFP Maresme","article_published_time":"2025-11-12T09:42:03+00:00","article_modified_time":"2025-11-12T13:30:22+00:00","og_image":[{"width":515,"height":283,"url":"https:\/\/cfpmaresme.org\/wp-content\/uploads\/2025\/11\/Banner.png","type":"image\/png"}],"author":"CFPMaresme","twitter_card":"summary_large_image","twitter_creator":"@cfpmaresme","twitter_site":"@cfpmaresme","twitter_misc":{"Escrito por":"CFPMaresme","Tiempo de lectura":"2 minutos"},"schema":{"@context":"https:\/\/schema.org","@graph":[{"@type":"Article","@id":"https:\/\/cfpmaresme.org\/es\/%f0%9f%92%ab-impulsem-la-realitat-immersiva-per-millorar-el-benestar-emocional\/#article","isPartOf":{"@id":"https:\/\/cfpmaresme.org\/es\/%f0%9f%92%ab-impulsem-la-realitat-immersiva-per-millorar-el-benestar-emocional\/"},"author":{"name":"CFPMaresme","@id":"https:\/\/cfpmaresme.org\/#\/schema\/person\/b2634bcd796fafc667ea4055f61b9b2c"},"headline":"Impulsem la realitat immersiva per millorar el benestar emocional","datePublished":"2025-11-12T09:42:03+00:00","dateModified":"2025-11-12T13:30:22+00:00","mainEntityOfPage":{"@id":"https:\/\/cfpmaresme.org\/es\/%f0%9f%92%ab-impulsem-la-realitat-immersiva-per-millorar-el-benestar-emocional\/"},"wordCount":246,"image":{"@id":"https:\/\/cfpmaresme.org\/es\/%f0%9f%92%ab-impulsem-la-realitat-immersiva-per-millorar-el-benestar-emocional\/#primaryimage"},"thumbnailUrl":"https:\/\/cfpmaresme.org\/wp-content\/uploads\/2025\/11\/Banner.png","articleSection":["CFP Maresme"],"inLanguage":"es"},{"@type":"WebPage","@id":"https:\/\/cfpmaresme.org\/es\/%f0%9f%92%ab-impulsem-la-realitat-immersiva-per-millorar-el-benestar-emocional\/","url":"https:\/\/cfpmaresme.org\/es\/%f0%9f%92%ab-impulsem-la-realitat-immersiva-per-millorar-el-benestar-emocional\/","name":"Impulsem la realitat immersiva per millorar el benestar emocional | CFP Maresme","isPartOf":{"@id":"https:\/\/cfpmaresme.org\/#website"},"primaryImageOfPage":{"@id":"https:\/\/cfpmaresme.org\/es\/%f0%9f%92%ab-impulsem-la-realitat-immersiva-per-millorar-el-benestar-emocional\/#primaryimage"},"image":{"@id":"https:\/\/cfpmaresme.org\/es\/%f0%9f%92%ab-impulsem-la-realitat-immersiva-per-millorar-el-benestar-emocional\/#primaryimage"},"thumbnailUrl":"https:\/\/cfpmaresme.org\/wp-content\/uploads\/2025\/11\/Banner.png","datePublished":"2025-11-12T09:42:03+00:00","dateModified":"2025-11-12T13:30:22+00:00","author":{"@id":"https:\/\/cfpmaresme.org\/#\/schema\/person\/b2634bcd796fafc667ea4055f61b9b2c"},"breadcrumb":{"@id":"https:\/\/cfpmaresme.org\/es\/%f0%9f%92%ab-impulsem-la-realitat-immersiva-per-millorar-el-benestar-emocional\/#breadcrumb"},"inLanguage":"es","potentialAction":[{"@type":"ReadAction","target":["https:\/\/cfpmaresme.org\/es\/%f0%9f%92%ab-impulsem-la-realitat-immersiva-per-millorar-el-benestar-emocional\/"]}]},{"@type":"ImageObject","inLanguage":"es","@id":"https:\/\/cfpmaresme.org\/es\/%f0%9f%92%ab-impulsem-la-realitat-immersiva-per-millorar-el-benestar-emocional\/#primaryimage","url":"https:\/\/cfpmaresme.org\/wp-content\/uploads\/2025\/11\/Banner.png","contentUrl":"https:\/\/cfpmaresme.org\/wp-content\/uploads\/2025\/11\/Banner.png","width":515,"height":283},{"@type":"BreadcrumbList","@id":"https:\/\/cfpmaresme.org\/es\/%f0%9f%92%ab-impulsem-la-realitat-immersiva-per-millorar-el-benestar-emocional\/#breadcrumb","itemListElement":[{"@type":"ListItem","position":1,"name":"Home","item":"https:\/\/cfpmaresme.org\/es\/"},{"@type":"ListItem","position":2,"name":"Impulsem la realitat immersiva per millorar el benestar emocional"}]},{"@type":"WebSite","@id":"https:\/\/cfpmaresme.org\/#website","url":"https:\/\/cfpmaresme.org\/","name":"CFP Maresme","description":"Centre Formaci\u00f3 Prevenci\u00f3","potentialAction":[{"@type":"SearchAction","target":{"@type":"EntryPoint","urlTemplate":"https:\/\/cfpmaresme.org\/?s={search_term_string}"},"query-input":{"@type":"PropertyValueSpecification","valueRequired":true,"valueName":"search_term_string"}}],"inLanguage":"es"},{"@type":"Person","@id":"https:\/\/cfpmaresme.org\/#\/schema\/person\/b2634bcd796fafc667ea4055f61b9b2c","name":"CFPMaresme"}]}},"_links":{"self":[{"href":"https:\/\/cfpmaresme.org\/es\/wp-json\/wp\/v2\/posts\/111717","targetHints":{"allow":["GET"]}}],"collection":[{"href":"https:\/\/cfpmaresme.org\/es\/wp-json\/wp\/v2\/posts"}],"about":[{"href":"https:\/\/cfpmaresme.org\/es\/wp-json\/wp\/v2\/types\/post"}],"author":[{"embeddable":true,"href":"https:\/\/cfpmaresme.org\/es\/wp-json\/wp\/v2\/users\/2"}],"replies":[{"embeddable":true,"href":"https:\/\/cfpmaresme.org\/es\/wp-json\/wp\/v2\/comments?post=111717"}],"version-history":[{"count":3,"href":"https:\/\/cfpmaresme.org\/es\/wp-json\/wp\/v2\/posts\/111717\/revisions"}],"predecessor-version":[{"id":111722,"href":"https:\/\/cfpmaresme.org\/es\/wp-json\/wp\/v2\/posts\/111717\/revisions\/111722"}],"wp:featuredmedia":[{"embeddable":true,"href":"https:\/\/cfpmaresme.org\/es\/wp-json\/wp\/v2\/media\/111713"}],"wp:attachment":[{"href":"https:\/\/cfpmaresme.org\/es\/wp-json\/wp\/v2\/media?parent=111717"}],"wp:term":[{"taxonomy":"category","embeddable":true,"href":"https:\/\/cfpmaresme.org\/es\/wp-json\/wp\/v2\/categories?post=111717"},{"taxonomy":"post_tag","embeddable":true,"href":"https:\/\/cfpmaresme.org\/es\/wp-json\/wp\/v2\/tags?post=111717"}],"curies":[{"name":"wp","href":"https:\/\/api.w.org\/{rel}","templated":true}]}}