{"id":111788,"date":"2025-11-17T10:44:11","date_gmt":"2025-11-17T08:44:11","guid":{"rendered":"https:\/\/cfpmaresme.org\/la-marxa-per-la-salut-mental-una-jornada-emocionant-amb-mes-de-1-100-persones-caminant-per-la-salut-mental\/"},"modified":"2025-11-17T16:39:52","modified_gmt":"2025-11-17T14:39:52","slug":"la-marxa-per-la-salut-mental-una-jornada-emocionant-amb-mes-de-1-100-persones-caminant-per-la-salut-mental","status":"publish","type":"post","link":"https:\/\/cfpmaresme.org\/es\/la-marxa-per-la-salut-mental-una-jornada-emocionant-amb-mes-de-1-100-persones-caminant-per-la-salut-mental\/","title":{"rendered":"La Marcha por la Salud Mental: una jornada emocionante con unas 1.100 personas caminando por la Salud Mental"},"content":{"rendered":"<p>Ayer celebramos la <strong data-start=\"190\" data-end=\"225\">13.\u00aa Marcha por la Salud Mental<\/strong>, una jornada que un a\u00f1o m\u00e1s se ha convertido en un gran espacio de comunidad, visibilizaci\u00f3n y compromiso con la salud mental. Unas <strong data-start=\"358\" data-end=\"376\">1.100 personas<\/strong> caminaron con nosotros en esta edici\u00f3n, llenando Matar\u00f3 de energ\u00eda, solidaridad y esperanza.<\/p>\n<p>&nbsp;<\/p>\n<p>\ud83d\udc63 Una Marcha que suma y conecta<\/p>\n<p data-start=\"509\" data-end=\"802\">La Marcha, organizada por la <strong data-start=\"538\" data-end=\"558\">Asociaci\u00f3n Viure<\/strong>, el <strong data-start=\"563\" data-end=\"605\">Centro de Formaci\u00f3n y Prevenci\u00f3n (CFP)<\/strong> y <strong data-start=\"608\" data-end=\"643\">F\u00f2rum Salut Mental i Addiccions<\/strong>, ha contado con el apoyo de decenas de personas voluntarias, entidades, empresas colaboradoras e instituciones que hacen posible este gran encuentro cada a\u00f1o.<\/p>\n<p data-start=\"804\" data-end=\"919\">Jaume Clup\u00e9s, presidente del Centro de Formaci\u00f3n y Prevenci\u00f3n, explica qu\u00e9 significa la realizaci\u00f3n de esta Marcha:<\/p>\n<blockquote>\n<p data-start=\"923\" data-end=\"1282\"><em>Cada paso que hemos dado hoy es mucho m\u00e1s que una caminata: es un paso adelante hacia una sociedad m\u00e1s consciente, m\u00e1s emp\u00e1tica y m\u00e1s libre de estigmas. Esta Marcha por la Salud Mental quiere dar continuidad a un camino que hace a\u00f1os que recorremos juntos\/as: el de visibilizar la importancia de cuidar la salud mental, tanto individual como colectivamente.<\/em><\/p>\n<p data-start=\"1289\" data-end=\"1598\"><em>Porque la salud mental no es solo ausencia de malestar, sino la manera en que nos relacionamos con nosotros\/as mismos\/as, con los dem\u00e1s y con el mundo que nos rodea. Y caminar juntos\/as hoy es una forma de articularnos emocionalmente como comunidad, de decir bien alto que la salud mental somos todos y todas.<\/em><\/p>\n<\/blockquote>\n<p>&nbsp;<\/p>\n<p>\ud83c\udfb6 Actividades, m\u00fasica y muy buen ambiente<\/p>\n<p>La salida y la llegada tuvieron lugar en la <strong data-start=\"1675\" data-end=\"1695\">Playa del Callao<\/strong> y, como siempre, hubo m\u00fasica y ambiente festivo, barra solidaria, actividades en el punto de llegada y, c\u00f3mo no, fue un buen momento para encontrarnos personas atendidas, familias, profesionales, personas vinculadas a la salud mental y ciudadanos\/as.<br data-start=\"1946\" data-end=\"1949\" \/>Una fiesta comunitaria donde cada uno aporta su voz y su presencia.<\/p>\n<p>&nbsp;<\/p>\n<p>\ud83c\udfa5 V\u00eddeoresumen\u00a0 de la 13\u00aa Marcha<\/p>\n<p><iframe loading=\"lazy\" title=\"vimeo-player\" src=\"https:\/\/player.vimeo.com\/video\/1137648701?h=85aed8628d\" width=\"640\" height=\"360\" frameborder=\"0\" referrerpolicy=\"strict-origin-when-cross-origin\" allow=\"autoplay; fullscreen; picture-in-picture; clipboard-write; encrypted-media; web-share\"   allowfullscreen><\/iframe><\/p>\n<p>\ud83d\udcf8 Galer\u00eda de im\u00e1genes<\/p>\n<p><img loading=\"lazy\" decoding=\"async\" class=\"alignnone size-medium wp-image-111744\" src=\"http:\/\/cfpmaresme.org\/wp-content\/uploads\/2025\/11\/5b8c1083-b6ce-4d2c-bdaa-9d817b21788c-225x300.jpg\" alt=\"\" width=\"225\" height=\"300\" srcset=\"https:\/\/cfpmaresme.org\/wp-content\/uploads\/2025\/11\/5b8c1083-b6ce-4d2c-bdaa-9d817b21788c-225x300.jpg 225w, https:\/\/cfpmaresme.org\/wp-content\/uploads\/2025\/11\/5b8c1083-b6ce-4d2c-bdaa-9d817b21788c-768x1024.jpg 768w, https:\/\/cfpmaresme.org\/wp-content\/uploads\/2025\/11\/5b8c1083-b6ce-4d2c-bdaa-9d817b21788c-1152x1536.jpg 1152w, https:\/\/cfpmaresme.org\/wp-content\/uploads\/2025\/11\/5b8c1083-b6ce-4d2c-bdaa-9d817b21788c-600x800.jpg 600w, https:\/\/cfpmaresme.org\/wp-content\/uploads\/2025\/11\/5b8c1083-b6ce-4d2c-bdaa-9d817b21788c-700x933.jpg 700w, https:\/\/cfpmaresme.org\/wp-content\/uploads\/2025\/11\/5b8c1083-b6ce-4d2c-bdaa-9d817b21788c.jpg 1200w\" sizes=\"auto, (max-width: 225px) 100vw, 225px\" \/><img loading=\"lazy\" decoding=\"async\" class=\"alignnone size-medium wp-image-111746\" src=\"http:\/\/cfpmaresme.org\/wp-content\/uploads\/2025\/11\/315e551b-a012-437b-ba13-cb81538fc69b-225x300.jpg\" alt=\"\" width=\"225\" height=\"300\" srcset=\"https:\/\/cfpmaresme.org\/wp-content\/uploads\/2025\/11\/315e551b-a012-437b-ba13-cb81538fc69b-225x300.jpg 225w, https:\/\/cfpmaresme.org\/wp-content\/uploads\/2025\/11\/315e551b-a012-437b-ba13-cb81538fc69b-768x1024.jpg 768w, https:\/\/cfpmaresme.org\/wp-content\/uploads\/2025\/11\/315e551b-a012-437b-ba13-cb81538fc69b-1152x1536.jpg 1152w, https:\/\/cfpmaresme.org\/wp-content\/uploads\/2025\/11\/315e551b-a012-437b-ba13-cb81538fc69b-600x800.jpg 600w, https:\/\/cfpmaresme.org\/wp-content\/uploads\/2025\/11\/315e551b-a012-437b-ba13-cb81538fc69b-700x933.jpg 700w, https:\/\/cfpmaresme.org\/wp-content\/uploads\/2025\/11\/315e551b-a012-437b-ba13-cb81538fc69b.jpg 1200w\" sizes=\"auto, (max-width: 225px) 100vw, 225px\" \/><img loading=\"lazy\" decoding=\"async\" class=\"alignnone size-medium wp-image-111748\" src=\"http:\/\/cfpmaresme.org\/wp-content\/uploads\/2025\/11\/IMG_0088-240x300.jpg\" alt=\"\" width=\"240\" height=\"300\" srcset=\"https:\/\/cfpmaresme.org\/wp-content\/uploads\/2025\/11\/IMG_0088-240x300.jpg 240w, https:\/\/cfpmaresme.org\/wp-content\/uploads\/2025\/11\/IMG_0088-819x1024.jpg 819w, https:\/\/cfpmaresme.org\/wp-content\/uploads\/2025\/11\/IMG_0088-768x960.jpg 768w, https:\/\/cfpmaresme.org\/wp-content\/uploads\/2025\/11\/IMG_0088-1229x1536.jpg 1229w, https:\/\/cfpmaresme.org\/wp-content\/uploads\/2025\/11\/IMG_0088-700x875.jpg 700w, https:\/\/cfpmaresme.org\/wp-content\/uploads\/2025\/11\/IMG_0088.jpg 1638w\" sizes=\"auto, (max-width: 240px) 100vw, 240px\" \/><img loading=\"lazy\" decoding=\"async\" class=\"alignnone size-medium wp-image-111750\" src=\"http:\/\/cfpmaresme.org\/wp-content\/uploads\/2025\/11\/IMG_0098-240x300.jpg\" alt=\"\" width=\"240\" height=\"300\" srcset=\"https:\/\/cfpmaresme.org\/wp-content\/uploads\/2025\/11\/IMG_0098-240x300.jpg 240w, https:\/\/cfpmaresme.org\/wp-content\/uploads\/2025\/11\/IMG_0098-819x1024.jpg 819w, https:\/\/cfpmaresme.org\/wp-content\/uploads\/2025\/11\/IMG_0098-768x960.jpg 768w, https:\/\/cfpmaresme.org\/wp-content\/uploads\/2025\/11\/IMG_0098-1229x1536.jpg 1229w, https:\/\/cfpmaresme.org\/wp-content\/uploads\/2025\/11\/IMG_0098-700x875.jpg 700w, https:\/\/cfpmaresme.org\/wp-content\/uploads\/2025\/11\/IMG_0098.jpg 1638w\" sizes=\"auto, (max-width: 240px) 100vw, 240px\" \/><img loading=\"lazy\" decoding=\"async\" class=\" wp-image-111760 alignleft\" src=\"http:\/\/cfpmaresme.org\/wp-content\/uploads\/2025\/11\/IMG_0114-240x300.jpg\" alt=\"\" width=\"220\" height=\"275\" srcset=\"https:\/\/cfpmaresme.org\/wp-content\/uploads\/2025\/11\/IMG_0114-240x300.jpg 240w, https:\/\/cfpmaresme.org\/wp-content\/uploads\/2025\/11\/IMG_0114-819x1024.jpg 819w, https:\/\/cfpmaresme.org\/wp-content\/uploads\/2025\/11\/IMG_0114-768x960.jpg 768w, https:\/\/cfpmaresme.org\/wp-content\/uploads\/2025\/11\/IMG_0114-1229x1536.jpg 1229w, https:\/\/cfpmaresme.org\/wp-content\/uploads\/2025\/11\/IMG_0114-700x875.jpg 700w, https:\/\/cfpmaresme.org\/wp-content\/uploads\/2025\/11\/IMG_0114.jpg 1638w\" sizes=\"auto, (max-width: 220px) 100vw, 220px\" \/><img loading=\"lazy\" decoding=\"async\" class=\"alignnone size-medium wp-image-111768\" src=\"http:\/\/cfpmaresme.org\/wp-content\/uploads\/2025\/11\/IMG_0126-240x300.jpg\" alt=\"\" width=\"240\" height=\"300\" srcset=\"https:\/\/cfpmaresme.org\/wp-content\/uploads\/2025\/11\/IMG_0126-240x300.jpg 240w, https:\/\/cfpmaresme.org\/wp-content\/uploads\/2025\/11\/IMG_0126-820x1024.jpg 820w, https:\/\/cfpmaresme.org\/wp-content\/uploads\/2025\/11\/IMG_0126-768x960.jpg 768w, https:\/\/cfpmaresme.org\/wp-content\/uploads\/2025\/11\/IMG_0126-1229x1536.jpg 1229w, https:\/\/cfpmaresme.org\/wp-content\/uploads\/2025\/11\/IMG_0126-700x875.jpg 700w, https:\/\/cfpmaresme.org\/wp-content\/uploads\/2025\/11\/IMG_0126.jpg 1639w\" sizes=\"auto, (max-width: 240px) 100vw, 240px\" \/><img loading=\"lazy\" decoding=\"async\" class=\"alignnone size-medium wp-image-111772\" src=\"http:\/\/cfpmaresme.org\/wp-content\/uploads\/2025\/11\/IMG_0116-240x300.jpg\" alt=\"\" width=\"240\" height=\"300\" srcset=\"https:\/\/cfpmaresme.org\/wp-content\/uploads\/2025\/11\/IMG_0116-240x300.jpg 240w, https:\/\/cfpmaresme.org\/wp-content\/uploads\/2025\/11\/IMG_0116-819x1024.jpg 819w, https:\/\/cfpmaresme.org\/wp-content\/uploads\/2025\/11\/IMG_0116-768x960.jpg 768w, https:\/\/cfpmaresme.org\/wp-content\/uploads\/2025\/11\/IMG_0116-1229x1536.jpg 1229w, https:\/\/cfpmaresme.org\/wp-content\/uploads\/2025\/11\/IMG_0116-700x875.jpg 700w, https:\/\/cfpmaresme.org\/wp-content\/uploads\/2025\/11\/IMG_0116.jpg 1638w\" sizes=\"auto, (max-width: 240px) 100vw, 240px\" \/> <img loading=\"lazy\" decoding=\"async\" class=\"wp-image-111783 alignleft\" src=\"http:\/\/cfpmaresme.org\/wp-content\/uploads\/2025\/11\/IMG_20251116_084345-002-225x300.jpg\" alt=\"\" width=\"225\" height=\"300\" srcset=\"https:\/\/cfpmaresme.org\/wp-content\/uploads\/2025\/11\/IMG_20251116_084345-002-225x300.jpg 225w, https:\/\/cfpmaresme.org\/wp-content\/uploads\/2025\/11\/IMG_20251116_084345-002-768x1024.jpg 768w, https:\/\/cfpmaresme.org\/wp-content\/uploads\/2025\/11\/IMG_20251116_084345-002-1152x1536.jpg 1152w, https:\/\/cfpmaresme.org\/wp-content\/uploads\/2025\/11\/IMG_20251116_084345-002-1536x2048.jpg 1536w, https:\/\/cfpmaresme.org\/wp-content\/uploads\/2025\/11\/IMG_20251116_084345-002-600x800.jpg 600w, https:\/\/cfpmaresme.org\/wp-content\/uploads\/2025\/11\/IMG_20251116_084345-002-700x933.jpg 700w, https:\/\/cfpmaresme.org\/wp-content\/uploads\/2025\/11\/IMG_20251116_084345-002-scaled.jpg 1920w\" sizes=\"auto, (max-width: 225px) 100vw, 225px\" \/><\/p>\n<p>&nbsp;<\/p>\n<p>\ud83e\udd1d Gracias a todas las personas que lo han hecho posible<\/p>\n<p data-start=\"2148\" data-end=\"2361\">Un agradecimiento inmenso a las personas participantes, a las personas voluntarias, a las entidades e instituciones colaboradoras y a todas las personas que, de una manera u otra, hacen posible cada a\u00f1o la Marcha.<\/p>\n<p data-start=\"2363\" data-end=\"2443\">Caminamos juntos\/as por una sociedad m\u00e1s justa, inclusiva y libre de estigma. \ud83d\udc9a<\/p>\n","protected":false},"excerpt":{"rendered":"<p>Ayer celebramos la 13.\u00aa Marcha por la Salud Mental, una jornada que un a\u00f1o m\u00e1s se ha convertido en un gran espacio de comunidad, visibilizaci\u00f3n y compromiso con la salud mental. Unas 1.100 personas caminaron con nosotros en esta edici\u00f3n, llenando Matar\u00f3 de energ\u00eda, solidaridad&#8230;<\/p>\n","protected":false},"author":2,"featured_media":111740,"comment_status":"closed","ping_status":"closed","sticky":false,"template":"","format":"standard","meta":{"footnotes":""},"categories":[1187,1259],"tags":[],"class_list":["post-111788","post","type-post","status-publish","format-standard","has-post-thumbnail","hentry","category-cfp-maresme-es","category-publicaciones"],"yoast_head":"<!-- This site is optimized with the Yoast SEO plugin v27.4 - https:\/\/yoast.com\/product\/yoast-seo-wordpress\/ -->\n<title>La Marcha por la Salud Mental: una jornada emocionante con unas 1.100 personas caminando por la Salud Mental | CFP Maresme<\/title>\n<meta name=\"robots\" content=\"index, follow, max-snippet:-1, max-image-preview:large, max-video-preview:-1\" \/>\n<link rel=\"canonical\" href=\"https:\/\/cfpmaresme.org\/la-marxa-per-la-salut-mental-una-jornada-emocionant-amb-mes-de-1-100-persones-caminant-per-la-salut-mental\/\" \/>\n<meta property=\"og:locale\" content=\"es_ES\" \/>\n<meta property=\"og:type\" content=\"article\" \/>\n<meta property=\"og:title\" content=\"La Marcha por la Salud Mental: una jornada emocionante con unas 1.100 personas caminando por la Salud Mental | CFP Maresme\" \/>\n<meta property=\"og:description\" content=\"Ayer celebramos la 13.\u00aa Marcha por la Salud Mental, una jornada que un a\u00f1o m\u00e1s se ha convertido en un gran espacio de comunidad, visibilizaci\u00f3n y compromiso con la salud mental. Unas 1.100 personas caminaron con nosotros en esta edici\u00f3n, llenando Matar\u00f3 de energ\u00eda, solidaridad...\" \/>\n<meta property=\"og:url\" content=\"https:\/\/cfpmaresme.org\/la-marxa-per-la-salut-mental-una-jornada-emocionant-amb-mes-de-1-100-persones-caminant-per-la-salut-mental\/\" \/>\n<meta property=\"og:site_name\" content=\"CFP Maresme\" \/>\n<meta property=\"article:published_time\" content=\"2025-11-17T08:44:11+00:00\" \/>\n<meta property=\"article:modified_time\" content=\"2025-11-17T14:39:52+00:00\" \/>\n<meta property=\"og:image\" content=\"https:\/\/cfpmaresme.org\/wp-content\/uploads\/2025\/11\/Banner-amb-fotos-.png\" \/>\n\t<meta property=\"og:image:width\" content=\"1376\" \/>\n\t<meta property=\"og:image:height\" content=\"536\" \/>\n\t<meta property=\"og:image:type\" content=\"image\/png\" \/>\n<meta name=\"author\" content=\"CFPMaresme\" \/>\n<meta name=\"twitter:card\" content=\"summary_large_image\" \/>\n<meta name=\"twitter:creator\" content=\"@cfpmaresme\" \/>\n<meta name=\"twitter:site\" content=\"@cfpmaresme\" \/>\n<meta name=\"twitter:label1\" content=\"Escrito por\" \/>\n\t<meta name=\"twitter:data1\" content=\"CFPMaresme\" \/>\n\t<meta name=\"twitter:label2\" content=\"Tiempo de lectura\" \/>\n\t<meta name=\"twitter:data2\" content=\"4 minutos\" \/>\n<script type=\"application\/ld+json\" class=\"yoast-schema-graph\">{\"@context\":\"https:\\\/\\\/schema.org\",\"@graph\":[{\"@type\":\"Article\",\"@id\":\"https:\\\/\\\/cfpmaresme.org\\\/la-marxa-per-la-salut-mental-una-jornada-emocionant-amb-mes-de-1-100-persones-caminant-per-la-salut-mental\\\/#article\",\"isPartOf\":{\"@id\":\"https:\\\/\\\/cfpmaresme.org\\\/la-marxa-per-la-salut-mental-una-jornada-emocionant-amb-mes-de-1-100-persones-caminant-per-la-salut-mental\\\/\"},\"author\":{\"name\":\"CFPMaresme\",\"@id\":\"https:\\\/\\\/cfpmaresme.org\\\/es\\\/#\\\/schema\\\/person\\\/b2634bcd796fafc667ea4055f61b9b2c\"},\"headline\":\"La Marcha por la Salud Mental: una jornada emocionante con unas 1.100 personas caminando por la Salud Mental\",\"datePublished\":\"2025-11-17T08:44:11+00:00\",\"dateModified\":\"2025-11-17T14:39:52+00:00\",\"mainEntityOfPage\":{\"@id\":\"https:\\\/\\\/cfpmaresme.org\\\/la-marxa-per-la-salut-mental-una-jornada-emocionant-amb-mes-de-1-100-persones-caminant-per-la-salut-mental\\\/\"},\"wordCount\":411,\"image\":{\"@id\":\"https:\\\/\\\/cfpmaresme.org\\\/la-marxa-per-la-salut-mental-una-jornada-emocionant-amb-mes-de-1-100-persones-caminant-per-la-salut-mental\\\/#primaryimage\"},\"thumbnailUrl\":\"https:\\\/\\\/cfpmaresme.org\\\/wp-content\\\/uploads\\\/2025\\\/11\\\/Banner-amb-fotos-.png\",\"articleSection\":[\"CFP Maresme\",\"Publicaciones\"],\"inLanguage\":\"es\"},{\"@type\":\"WebPage\",\"@id\":\"https:\\\/\\\/cfpmaresme.org\\\/la-marxa-per-la-salut-mental-una-jornada-emocionant-amb-mes-de-1-100-persones-caminant-per-la-salut-mental\\\/\",\"url\":\"https:\\\/\\\/cfpmaresme.org\\\/la-marxa-per-la-salut-mental-una-jornada-emocionant-amb-mes-de-1-100-persones-caminant-per-la-salut-mental\\\/\",\"name\":\"La Marcha por la Salud Mental: una jornada emocionante con unas 1.100 personas caminando por la Salud Mental | CFP Maresme\",\"isPartOf\":{\"@id\":\"https:\\\/\\\/cfpmaresme.org\\\/es\\\/#website\"},\"primaryImageOfPage\":{\"@id\":\"https:\\\/\\\/cfpmaresme.org\\\/la-marxa-per-la-salut-mental-una-jornada-emocionant-amb-mes-de-1-100-persones-caminant-per-la-salut-mental\\\/#primaryimage\"},\"image\":{\"@id\":\"https:\\\/\\\/cfpmaresme.org\\\/la-marxa-per-la-salut-mental-una-jornada-emocionant-amb-mes-de-1-100-persones-caminant-per-la-salut-mental\\\/#primaryimage\"},\"thumbnailUrl\":\"https:\\\/\\\/cfpmaresme.org\\\/wp-content\\\/uploads\\\/2025\\\/11\\\/Banner-amb-fotos-.png\",\"datePublished\":\"2025-11-17T08:44:11+00:00\",\"dateModified\":\"2025-11-17T14:39:52+00:00\",\"author\":{\"@id\":\"https:\\\/\\\/cfpmaresme.org\\\/es\\\/#\\\/schema\\\/person\\\/b2634bcd796fafc667ea4055f61b9b2c\"},\"breadcrumb\":{\"@id\":\"https:\\\/\\\/cfpmaresme.org\\\/la-marxa-per-la-salut-mental-una-jornada-emocionant-amb-mes-de-1-100-persones-caminant-per-la-salut-mental\\\/#breadcrumb\"},\"inLanguage\":\"es\",\"potentialAction\":[{\"@type\":\"ReadAction\",\"target\":[\"https:\\\/\\\/cfpmaresme.org\\\/la-marxa-per-la-salut-mental-una-jornada-emocionant-amb-mes-de-1-100-persones-caminant-per-la-salut-mental\\\/\"]}]},{\"@type\":\"ImageObject\",\"inLanguage\":\"es\",\"@id\":\"https:\\\/\\\/cfpmaresme.org\\\/la-marxa-per-la-salut-mental-una-jornada-emocionant-amb-mes-de-1-100-persones-caminant-per-la-salut-mental\\\/#primaryimage\",\"url\":\"https:\\\/\\\/cfpmaresme.org\\\/wp-content\\\/uploads\\\/2025\\\/11\\\/Banner-amb-fotos-.png\",\"contentUrl\":\"https:\\\/\\\/cfpmaresme.org\\\/wp-content\\\/uploads\\\/2025\\\/11\\\/Banner-amb-fotos-.png\",\"width\":1376,\"height\":536},{\"@type\":\"BreadcrumbList\",\"@id\":\"https:\\\/\\\/cfpmaresme.org\\\/la-marxa-per-la-salut-mental-una-jornada-emocionant-amb-mes-de-1-100-persones-caminant-per-la-salut-mental\\\/#breadcrumb\",\"itemListElement\":[{\"@type\":\"ListItem\",\"position\":1,\"name\":\"Home\",\"item\":\"https:\\\/\\\/cfpmaresme.org\\\/es\\\/\"},{\"@type\":\"ListItem\",\"position\":2,\"name\":\"La Marcha por la Salud Mental: una jornada emocionante con unas 1.100 personas caminando por la Salud Mental\"}]},{\"@type\":\"WebSite\",\"@id\":\"https:\\\/\\\/cfpmaresme.org\\\/es\\\/#website\",\"url\":\"https:\\\/\\\/cfpmaresme.org\\\/es\\\/\",\"name\":\"CFP Maresme\",\"description\":\"Centre Formaci\u00f3 Prevenci\u00f3\",\"potentialAction\":[{\"@type\":\"SearchAction\",\"target\":{\"@type\":\"EntryPoint\",\"urlTemplate\":\"https:\\\/\\\/cfpmaresme.org\\\/es\\\/?s={search_term_string}\"},\"query-input\":{\"@type\":\"PropertyValueSpecification\",\"valueRequired\":true,\"valueName\":\"search_term_string\"}}],\"inLanguage\":\"es\"},{\"@type\":\"Person\",\"@id\":\"https:\\\/\\\/cfpmaresme.org\\\/es\\\/#\\\/schema\\\/person\\\/b2634bcd796fafc667ea4055f61b9b2c\",\"name\":\"CFPMaresme\"}]}<\/script>\n<!-- \/ Yoast SEO plugin. -->","yoast_head_json":{"title":"La Marcha por la Salud Mental: una jornada emocionante con unas 1.100 personas caminando por la Salud Mental | CFP Maresme","robots":{"index":"index","follow":"follow","max-snippet":"max-snippet:-1","max-image-preview":"max-image-preview:large","max-video-preview":"max-video-preview:-1"},"canonical":"https:\/\/cfpmaresme.org\/la-marxa-per-la-salut-mental-una-jornada-emocionant-amb-mes-de-1-100-persones-caminant-per-la-salut-mental\/","og_locale":"es_ES","og_type":"article","og_title":"La Marcha por la Salud Mental: una jornada emocionante con unas 1.100 personas caminando por la Salud Mental | CFP Maresme","og_description":"Ayer celebramos la 13.\u00aa Marcha por la Salud Mental, una jornada que un a\u00f1o m\u00e1s se ha convertido en un gran espacio de comunidad, visibilizaci\u00f3n y compromiso con la salud mental. Unas 1.100 personas caminaron con nosotros en esta edici\u00f3n, llenando Matar\u00f3 de energ\u00eda, solidaridad...","og_url":"https:\/\/cfpmaresme.org\/la-marxa-per-la-salut-mental-una-jornada-emocionant-amb-mes-de-1-100-persones-caminant-per-la-salut-mental\/","og_site_name":"CFP Maresme","article_published_time":"2025-11-17T08:44:11+00:00","article_modified_time":"2025-11-17T14:39:52+00:00","og_image":[{"width":1376,"height":536,"url":"https:\/\/cfpmaresme.org\/wp-content\/uploads\/2025\/11\/Banner-amb-fotos-.png","type":"image\/png"}],"author":"CFPMaresme","twitter_card":"summary_large_image","twitter_creator":"@cfpmaresme","twitter_site":"@cfpmaresme","twitter_misc":{"Escrito por":"CFPMaresme","Tiempo de lectura":"4 minutos"},"schema":{"@context":"https:\/\/schema.org","@graph":[{"@type":"Article","@id":"https:\/\/cfpmaresme.org\/la-marxa-per-la-salut-mental-una-jornada-emocionant-amb-mes-de-1-100-persones-caminant-per-la-salut-mental\/#article","isPartOf":{"@id":"https:\/\/cfpmaresme.org\/la-marxa-per-la-salut-mental-una-jornada-emocionant-amb-mes-de-1-100-persones-caminant-per-la-salut-mental\/"},"author":{"name":"CFPMaresme","@id":"https:\/\/cfpmaresme.org\/es\/#\/schema\/person\/b2634bcd796fafc667ea4055f61b9b2c"},"headline":"La Marcha por la Salud Mental: una jornada emocionante con unas 1.100 personas caminando por la Salud Mental","datePublished":"2025-11-17T08:44:11+00:00","dateModified":"2025-11-17T14:39:52+00:00","mainEntityOfPage":{"@id":"https:\/\/cfpmaresme.org\/la-marxa-per-la-salut-mental-una-jornada-emocionant-amb-mes-de-1-100-persones-caminant-per-la-salut-mental\/"},"wordCount":411,"image":{"@id":"https:\/\/cfpmaresme.org\/la-marxa-per-la-salut-mental-una-jornada-emocionant-amb-mes-de-1-100-persones-caminant-per-la-salut-mental\/#primaryimage"},"thumbnailUrl":"https:\/\/cfpmaresme.org\/wp-content\/uploads\/2025\/11\/Banner-amb-fotos-.png","articleSection":["CFP Maresme","Publicaciones"],"inLanguage":"es"},{"@type":"WebPage","@id":"https:\/\/cfpmaresme.org\/la-marxa-per-la-salut-mental-una-jornada-emocionant-amb-mes-de-1-100-persones-caminant-per-la-salut-mental\/","url":"https:\/\/cfpmaresme.org\/la-marxa-per-la-salut-mental-una-jornada-emocionant-amb-mes-de-1-100-persones-caminant-per-la-salut-mental\/","name":"La Marcha por la Salud Mental: una jornada emocionante con unas 1.100 personas caminando por la Salud Mental | CFP Maresme","isPartOf":{"@id":"https:\/\/cfpmaresme.org\/es\/#website"},"primaryImageOfPage":{"@id":"https:\/\/cfpmaresme.org\/la-marxa-per-la-salut-mental-una-jornada-emocionant-amb-mes-de-1-100-persones-caminant-per-la-salut-mental\/#primaryimage"},"image":{"@id":"https:\/\/cfpmaresme.org\/la-marxa-per-la-salut-mental-una-jornada-emocionant-amb-mes-de-1-100-persones-caminant-per-la-salut-mental\/#primaryimage"},"thumbnailUrl":"https:\/\/cfpmaresme.org\/wp-content\/uploads\/2025\/11\/Banner-amb-fotos-.png","datePublished":"2025-11-17T08:44:11+00:00","dateModified":"2025-11-17T14:39:52+00:00","author":{"@id":"https:\/\/cfpmaresme.org\/es\/#\/schema\/person\/b2634bcd796fafc667ea4055f61b9b2c"},"breadcrumb":{"@id":"https:\/\/cfpmaresme.org\/la-marxa-per-la-salut-mental-una-jornada-emocionant-amb-mes-de-1-100-persones-caminant-per-la-salut-mental\/#breadcrumb"},"inLanguage":"es","potentialAction":[{"@type":"ReadAction","target":["https:\/\/cfpmaresme.org\/la-marxa-per-la-salut-mental-una-jornada-emocionant-amb-mes-de-1-100-persones-caminant-per-la-salut-mental\/"]}]},{"@type":"ImageObject","inLanguage":"es","@id":"https:\/\/cfpmaresme.org\/la-marxa-per-la-salut-mental-una-jornada-emocionant-amb-mes-de-1-100-persones-caminant-per-la-salut-mental\/#primaryimage","url":"https:\/\/cfpmaresme.org\/wp-content\/uploads\/2025\/11\/Banner-amb-fotos-.png","contentUrl":"https:\/\/cfpmaresme.org\/wp-content\/uploads\/2025\/11\/Banner-amb-fotos-.png","width":1376,"height":536},{"@type":"BreadcrumbList","@id":"https:\/\/cfpmaresme.org\/la-marxa-per-la-salut-mental-una-jornada-emocionant-amb-mes-de-1-100-persones-caminant-per-la-salut-mental\/#breadcrumb","itemListElement":[{"@type":"ListItem","position":1,"name":"Home","item":"https:\/\/cfpmaresme.org\/es\/"},{"@type":"ListItem","position":2,"name":"La Marcha por la Salud Mental: una jornada emocionante con unas 1.100 personas caminando por la Salud Mental"}]},{"@type":"WebSite","@id":"https:\/\/cfpmaresme.org\/es\/#website","url":"https:\/\/cfpmaresme.org\/es\/","name":"CFP Maresme","description":"Centre Formaci\u00f3 Prevenci\u00f3","potentialAction":[{"@type":"SearchAction","target":{"@type":"EntryPoint","urlTemplate":"https:\/\/cfpmaresme.org\/es\/?s={search_term_string}"},"query-input":{"@type":"PropertyValueSpecification","valueRequired":true,"valueName":"search_term_string"}}],"inLanguage":"es"},{"@type":"Person","@id":"https:\/\/cfpmaresme.org\/es\/#\/schema\/person\/b2634bcd796fafc667ea4055f61b9b2c","name":"CFPMaresme"}]}},"_links":{"self":[{"href":"https:\/\/cfpmaresme.org\/es\/wp-json\/wp\/v2\/posts\/111788","targetHints":{"allow":["GET"]}}],"collection":[{"href":"https:\/\/cfpmaresme.org\/es\/wp-json\/wp\/v2\/posts"}],"about":[{"href":"https:\/\/cfpmaresme.org\/es\/wp-json\/wp\/v2\/types\/post"}],"author":[{"embeddable":true,"href":"https:\/\/cfpmaresme.org\/es\/wp-json\/wp\/v2\/users\/2"}],"replies":[{"embeddable":true,"href":"https:\/\/cfpmaresme.org\/es\/wp-json\/wp\/v2\/comments?post=111788"}],"version-history":[{"count":6,"href":"https:\/\/cfpmaresme.org\/es\/wp-json\/wp\/v2\/posts\/111788\/revisions"}],"predecessor-version":[{"id":111798,"href":"https:\/\/cfpmaresme.org\/es\/wp-json\/wp\/v2\/posts\/111788\/revisions\/111798"}],"wp:featuredmedia":[{"embeddable":true,"href":"https:\/\/cfpmaresme.org\/es\/wp-json\/wp\/v2\/media\/111740"}],"wp:attachment":[{"href":"https:\/\/cfpmaresme.org\/es\/wp-json\/wp\/v2\/media?parent=111788"}],"wp:term":[{"taxonomy":"category","embeddable":true,"href":"https:\/\/cfpmaresme.org\/es\/wp-json\/wp\/v2\/categories?post=111788"},{"taxonomy":"post_tag","embeddable":true,"href":"https:\/\/cfpmaresme.org\/es\/wp-json\/wp\/v2\/tags?post=111788"}],"curies":[{"name":"wp","href":"https:\/\/api.w.org\/{rel}","templated":true}]}}