{"id":111960,"date":"2025-12-04T16:15:12","date_gmt":"2025-12-04T14:15:12","guid":{"rendered":"https:\/\/cfpmaresme.org\/acompanyament-a-families-de-joves-que-conviuen-amb-amb-autisme-i-o-discapacitat-intellectual-des-de-lequip-aina\/"},"modified":"2025-12-04T16:21:38","modified_gmt":"2025-12-04T14:21:38","slug":"acompanyament-a-families-de-joves-que-conviuen-amb-amb-autisme-i-o-discapacitat-intellectual-des-de-lequip-aina","status":"publish","type":"post","link":"https:\/\/cfpmaresme.org\/es\/acompanyament-a-families-de-joves-que-conviuen-amb-amb-autisme-i-o-discapacitat-intellectual-des-de-lequip-aina\/","title":{"rendered":"Acompa\u00f1amiento a familias de j\u00f3venes que conviven con autismo y\/o discapacidad intelectual desde el Equipo A\u00efna"},"content":{"rendered":"<p>\u00daltimamente hemos realizado un taller con padres y madres de j\u00f3venes de Estoa, el programa del CFP que trabaja la autonom\u00eda de j\u00f3venes de 12 a 30 a\u00f1os.<\/p>\n<p>Hemos abordado temas clave como:<br \/>\n\u2022 Qu\u00e9 es el TEA y sus caracter\u00edsticas.<br \/>\n\u2022 Adolescencia y dificultades asociadas.<br \/>\n\u2022 Roles familiares.<\/p>\n<p>Tambi\u00e9n hemos realizado din\u00e1micas pr\u00e1cticas: juegos, debates, v\u00eddeos, role playing y casos reales.<\/p>\n<p>En la sesi\u00f3n final hemos reflexionado sobre perder el miedo a hablar del futuro, los cambios en el discurso familiar y las posibilidades y limitaciones reales de los y las j\u00f3venes.<\/p>\n<p>Desde A\u00efna queremos transmitir que tener Autismo es una manera de estar en el mundo.<\/p>\n<p>\u00a1Estamos aqu\u00ed para caminar con vosotros!<br \/>\nPod\u00e9is informaros sobre este servicio de acompa\u00f1amiento en:<\/p>\n<p><img decoding=\"async\" class=\"emoji\" role=\"img\" draggable=\"false\" src=\"https:\/\/s.w.org\/images\/core\/emoji\/16.0.1\/svg\/1f4e9.svg\" alt=\"\ud83d\udce9\" \/>\u00a0equipaina@cfpmaresme.org<br \/>\n<img decoding=\"async\" class=\"emoji\" role=\"img\" draggable=\"false\" src=\"https:\/\/s.w.org\/images\/core\/emoji\/16.0.1\/svg\/1f4de.svg\" alt=\"\ud83d\udcde\" \/>\u00a0616 93 92 73<\/p>\n","protected":false},"excerpt":{"rendered":"<p>\u00daltimamente hemos realizado un taller con padres y madres de j\u00f3venes de Estoa, el programa del CFP que trabaja la autonom\u00eda de j\u00f3venes de 12 a 30 a\u00f1os. Hemos abordado temas clave como: \u2022 Qu\u00e9 es el TEA y sus caracter\u00edsticas. \u2022 Adolescencia y dificultades&#8230;<\/p>\n","protected":false},"author":2,"featured_media":111957,"comment_status":"closed","ping_status":"closed","sticky":false,"template":"","format":"standard","meta":{"footnotes":""},"categories":[1275,1259],"tags":[],"class_list":["post-111960","post","type-post","status-publish","format-standard","has-post-thumbnail","hentry","category-equip-aina-es","category-publicaciones"],"yoast_head":"<!-- This site is optimized with the Yoast SEO plugin v27.4 - https:\/\/yoast.com\/product\/yoast-seo-wordpress\/ -->\n<title>Acompa\u00f1amiento a familias de j\u00f3venes que conviven con autismo y\/o discapacidad intelectual desde el Equipo A\u00efna | CFP Maresme<\/title>\n<meta name=\"robots\" content=\"index, follow, max-snippet:-1, max-image-preview:large, max-video-preview:-1\" \/>\n<link rel=\"canonical\" href=\"https:\/\/cfpmaresme.org\/es\/acompanyament-a-families-de-joves-que-conviuen-amb-amb-autisme-i-o-discapacitat-intellectual-des-de-lequip-aina\/\" \/>\n<meta property=\"og:locale\" content=\"es_ES\" \/>\n<meta property=\"og:type\" content=\"article\" \/>\n<meta property=\"og:title\" content=\"Acompa\u00f1amiento a familias de j\u00f3venes que conviven con autismo y\/o discapacidad intelectual desde el Equipo A\u00efna | CFP Maresme\" \/>\n<meta property=\"og:description\" content=\"\u00daltimamente hemos realizado un taller con padres y madres de j\u00f3venes de Estoa, el programa del CFP que trabaja la autonom\u00eda de j\u00f3venes de 12 a 30 a\u00f1os. Hemos abordado temas clave como: \u2022 Qu\u00e9 es el TEA y sus caracter\u00edsticas. \u2022 Adolescencia y dificultades...\" \/>\n<meta property=\"og:url\" content=\"https:\/\/cfpmaresme.org\/es\/acompanyament-a-families-de-joves-que-conviuen-amb-amb-autisme-i-o-discapacitat-intellectual-des-de-lequip-aina\/\" \/>\n<meta property=\"og:site_name\" content=\"CFP Maresme\" \/>\n<meta property=\"article:published_time\" content=\"2025-12-04T14:15:12+00:00\" \/>\n<meta property=\"article:modified_time\" content=\"2025-12-04T14:21:38+00:00\" \/>\n<meta property=\"og:image\" content=\"https:\/\/cfpmaresme.org\/wp-content\/uploads\/2025\/12\/Captura-de-pantalla-2025-12-04-151332.png\" \/>\n\t<meta property=\"og:image:width\" content=\"667\" \/>\n\t<meta property=\"og:image:height\" content=\"450\" \/>\n\t<meta property=\"og:image:type\" content=\"image\/png\" \/>\n<meta name=\"author\" content=\"CFPMaresme\" \/>\n<meta name=\"twitter:card\" content=\"summary_large_image\" \/>\n<meta name=\"twitter:creator\" content=\"@cfpmaresme\" \/>\n<meta name=\"twitter:site\" content=\"@cfpmaresme\" \/>\n<meta name=\"twitter:label1\" content=\"Escrito por\" \/>\n\t<meta name=\"twitter:data1\" content=\"CFPMaresme\" \/>\n\t<meta name=\"twitter:label2\" content=\"Tiempo de lectura\" \/>\n\t<meta name=\"twitter:data2\" content=\"2 minutos\" \/>\n<script type=\"application\/ld+json\" class=\"yoast-schema-graph\">{\"@context\":\"https:\\\/\\\/schema.org\",\"@graph\":[{\"@type\":\"Article\",\"@id\":\"https:\\\/\\\/cfpmaresme.org\\\/es\\\/acompanyament-a-families-de-joves-que-conviuen-amb-amb-autisme-i-o-discapacitat-intellectual-des-de-lequip-aina\\\/#article\",\"isPartOf\":{\"@id\":\"https:\\\/\\\/cfpmaresme.org\\\/es\\\/acompanyament-a-families-de-joves-que-conviuen-amb-amb-autisme-i-o-discapacitat-intellectual-des-de-lequip-aina\\\/\"},\"author\":{\"name\":\"CFPMaresme\",\"@id\":\"https:\\\/\\\/cfpmaresme.org\\\/#\\\/schema\\\/person\\\/b2634bcd796fafc667ea4055f61b9b2c\"},\"headline\":\"Acompa\u00f1amiento a familias de j\u00f3venes que conviven con autismo y\\\/o discapacidad intelectual desde el Equipo A\u00efna\",\"datePublished\":\"2025-12-04T14:15:12+00:00\",\"dateModified\":\"2025-12-04T14:21:38+00:00\",\"mainEntityOfPage\":{\"@id\":\"https:\\\/\\\/cfpmaresme.org\\\/es\\\/acompanyament-a-families-de-joves-que-conviuen-amb-amb-autisme-i-o-discapacitat-intellectual-des-de-lequip-aina\\\/\"},\"wordCount\":154,\"image\":{\"@id\":\"https:\\\/\\\/cfpmaresme.org\\\/es\\\/acompanyament-a-families-de-joves-que-conviuen-amb-amb-autisme-i-o-discapacitat-intellectual-des-de-lequip-aina\\\/#primaryimage\"},\"thumbnailUrl\":\"https:\\\/\\\/cfpmaresme.org\\\/wp-content\\\/uploads\\\/2025\\\/12\\\/Captura-de-pantalla-2025-12-04-151332.png\",\"articleSection\":[\"Equip A\u00efna\",\"Publicaciones\"],\"inLanguage\":\"es\"},{\"@type\":\"WebPage\",\"@id\":\"https:\\\/\\\/cfpmaresme.org\\\/es\\\/acompanyament-a-families-de-joves-que-conviuen-amb-amb-autisme-i-o-discapacitat-intellectual-des-de-lequip-aina\\\/\",\"url\":\"https:\\\/\\\/cfpmaresme.org\\\/es\\\/acompanyament-a-families-de-joves-que-conviuen-amb-amb-autisme-i-o-discapacitat-intellectual-des-de-lequip-aina\\\/\",\"name\":\"Acompa\u00f1amiento a familias de j\u00f3venes que conviven con autismo y\\\/o discapacidad intelectual desde el Equipo A\u00efna | CFP Maresme\",\"isPartOf\":{\"@id\":\"https:\\\/\\\/cfpmaresme.org\\\/#website\"},\"primaryImageOfPage\":{\"@id\":\"https:\\\/\\\/cfpmaresme.org\\\/es\\\/acompanyament-a-families-de-joves-que-conviuen-amb-amb-autisme-i-o-discapacitat-intellectual-des-de-lequip-aina\\\/#primaryimage\"},\"image\":{\"@id\":\"https:\\\/\\\/cfpmaresme.org\\\/es\\\/acompanyament-a-families-de-joves-que-conviuen-amb-amb-autisme-i-o-discapacitat-intellectual-des-de-lequip-aina\\\/#primaryimage\"},\"thumbnailUrl\":\"https:\\\/\\\/cfpmaresme.org\\\/wp-content\\\/uploads\\\/2025\\\/12\\\/Captura-de-pantalla-2025-12-04-151332.png\",\"datePublished\":\"2025-12-04T14:15:12+00:00\",\"dateModified\":\"2025-12-04T14:21:38+00:00\",\"author\":{\"@id\":\"https:\\\/\\\/cfpmaresme.org\\\/#\\\/schema\\\/person\\\/b2634bcd796fafc667ea4055f61b9b2c\"},\"breadcrumb\":{\"@id\":\"https:\\\/\\\/cfpmaresme.org\\\/es\\\/acompanyament-a-families-de-joves-que-conviuen-amb-amb-autisme-i-o-discapacitat-intellectual-des-de-lequip-aina\\\/#breadcrumb\"},\"inLanguage\":\"es\",\"potentialAction\":[{\"@type\":\"ReadAction\",\"target\":[\"https:\\\/\\\/cfpmaresme.org\\\/es\\\/acompanyament-a-families-de-joves-que-conviuen-amb-amb-autisme-i-o-discapacitat-intellectual-des-de-lequip-aina\\\/\"]}]},{\"@type\":\"ImageObject\",\"inLanguage\":\"es\",\"@id\":\"https:\\\/\\\/cfpmaresme.org\\\/es\\\/acompanyament-a-families-de-joves-que-conviuen-amb-amb-autisme-i-o-discapacitat-intellectual-des-de-lequip-aina\\\/#primaryimage\",\"url\":\"https:\\\/\\\/cfpmaresme.org\\\/wp-content\\\/uploads\\\/2025\\\/12\\\/Captura-de-pantalla-2025-12-04-151332.png\",\"contentUrl\":\"https:\\\/\\\/cfpmaresme.org\\\/wp-content\\\/uploads\\\/2025\\\/12\\\/Captura-de-pantalla-2025-12-04-151332.png\",\"width\":667,\"height\":450},{\"@type\":\"BreadcrumbList\",\"@id\":\"https:\\\/\\\/cfpmaresme.org\\\/es\\\/acompanyament-a-families-de-joves-que-conviuen-amb-amb-autisme-i-o-discapacitat-intellectual-des-de-lequip-aina\\\/#breadcrumb\",\"itemListElement\":[{\"@type\":\"ListItem\",\"position\":1,\"name\":\"Home\",\"item\":\"https:\\\/\\\/cfpmaresme.org\\\/es\\\/\"},{\"@type\":\"ListItem\",\"position\":2,\"name\":\"Acompa\u00f1amiento a familias de j\u00f3venes que conviven con autismo y\\\/o discapacidad intelectual desde el Equipo A\u00efna\"}]},{\"@type\":\"WebSite\",\"@id\":\"https:\\\/\\\/cfpmaresme.org\\\/#website\",\"url\":\"https:\\\/\\\/cfpmaresme.org\\\/\",\"name\":\"CFP Maresme\",\"description\":\"Centre Formaci\u00f3 Prevenci\u00f3\",\"potentialAction\":[{\"@type\":\"SearchAction\",\"target\":{\"@type\":\"EntryPoint\",\"urlTemplate\":\"https:\\\/\\\/cfpmaresme.org\\\/?s={search_term_string}\"},\"query-input\":{\"@type\":\"PropertyValueSpecification\",\"valueRequired\":true,\"valueName\":\"search_term_string\"}}],\"inLanguage\":\"es\"},{\"@type\":\"Person\",\"@id\":\"https:\\\/\\\/cfpmaresme.org\\\/#\\\/schema\\\/person\\\/b2634bcd796fafc667ea4055f61b9b2c\",\"name\":\"CFPMaresme\"}]}<\/script>\n<!-- \/ Yoast SEO plugin. -->","yoast_head_json":{"title":"Acompa\u00f1amiento a familias de j\u00f3venes que conviven con autismo y\/o discapacidad intelectual desde el Equipo A\u00efna | CFP Maresme","robots":{"index":"index","follow":"follow","max-snippet":"max-snippet:-1","max-image-preview":"max-image-preview:large","max-video-preview":"max-video-preview:-1"},"canonical":"https:\/\/cfpmaresme.org\/es\/acompanyament-a-families-de-joves-que-conviuen-amb-amb-autisme-i-o-discapacitat-intellectual-des-de-lequip-aina\/","og_locale":"es_ES","og_type":"article","og_title":"Acompa\u00f1amiento a familias de j\u00f3venes que conviven con autismo y\/o discapacidad intelectual desde el Equipo A\u00efna | CFP Maresme","og_description":"\u00daltimamente hemos realizado un taller con padres y madres de j\u00f3venes de Estoa, el programa del CFP que trabaja la autonom\u00eda de j\u00f3venes de 12 a 30 a\u00f1os. Hemos abordado temas clave como: \u2022 Qu\u00e9 es el TEA y sus caracter\u00edsticas. \u2022 Adolescencia y dificultades...","og_url":"https:\/\/cfpmaresme.org\/es\/acompanyament-a-families-de-joves-que-conviuen-amb-amb-autisme-i-o-discapacitat-intellectual-des-de-lequip-aina\/","og_site_name":"CFP Maresme","article_published_time":"2025-12-04T14:15:12+00:00","article_modified_time":"2025-12-04T14:21:38+00:00","og_image":[{"width":667,"height":450,"url":"https:\/\/cfpmaresme.org\/wp-content\/uploads\/2025\/12\/Captura-de-pantalla-2025-12-04-151332.png","type":"image\/png"}],"author":"CFPMaresme","twitter_card":"summary_large_image","twitter_creator":"@cfpmaresme","twitter_site":"@cfpmaresme","twitter_misc":{"Escrito por":"CFPMaresme","Tiempo de lectura":"2 minutos"},"schema":{"@context":"https:\/\/schema.org","@graph":[{"@type":"Article","@id":"https:\/\/cfpmaresme.org\/es\/acompanyament-a-families-de-joves-que-conviuen-amb-amb-autisme-i-o-discapacitat-intellectual-des-de-lequip-aina\/#article","isPartOf":{"@id":"https:\/\/cfpmaresme.org\/es\/acompanyament-a-families-de-joves-que-conviuen-amb-amb-autisme-i-o-discapacitat-intellectual-des-de-lequip-aina\/"},"author":{"name":"CFPMaresme","@id":"https:\/\/cfpmaresme.org\/#\/schema\/person\/b2634bcd796fafc667ea4055f61b9b2c"},"headline":"Acompa\u00f1amiento a familias de j\u00f3venes que conviven con autismo y\/o discapacidad intelectual desde el Equipo A\u00efna","datePublished":"2025-12-04T14:15:12+00:00","dateModified":"2025-12-04T14:21:38+00:00","mainEntityOfPage":{"@id":"https:\/\/cfpmaresme.org\/es\/acompanyament-a-families-de-joves-que-conviuen-amb-amb-autisme-i-o-discapacitat-intellectual-des-de-lequip-aina\/"},"wordCount":154,"image":{"@id":"https:\/\/cfpmaresme.org\/es\/acompanyament-a-families-de-joves-que-conviuen-amb-amb-autisme-i-o-discapacitat-intellectual-des-de-lequip-aina\/#primaryimage"},"thumbnailUrl":"https:\/\/cfpmaresme.org\/wp-content\/uploads\/2025\/12\/Captura-de-pantalla-2025-12-04-151332.png","articleSection":["Equip A\u00efna","Publicaciones"],"inLanguage":"es"},{"@type":"WebPage","@id":"https:\/\/cfpmaresme.org\/es\/acompanyament-a-families-de-joves-que-conviuen-amb-amb-autisme-i-o-discapacitat-intellectual-des-de-lequip-aina\/","url":"https:\/\/cfpmaresme.org\/es\/acompanyament-a-families-de-joves-que-conviuen-amb-amb-autisme-i-o-discapacitat-intellectual-des-de-lequip-aina\/","name":"Acompa\u00f1amiento a familias de j\u00f3venes que conviven con autismo y\/o discapacidad intelectual desde el Equipo A\u00efna | CFP Maresme","isPartOf":{"@id":"https:\/\/cfpmaresme.org\/#website"},"primaryImageOfPage":{"@id":"https:\/\/cfpmaresme.org\/es\/acompanyament-a-families-de-joves-que-conviuen-amb-amb-autisme-i-o-discapacitat-intellectual-des-de-lequip-aina\/#primaryimage"},"image":{"@id":"https:\/\/cfpmaresme.org\/es\/acompanyament-a-families-de-joves-que-conviuen-amb-amb-autisme-i-o-discapacitat-intellectual-des-de-lequip-aina\/#primaryimage"},"thumbnailUrl":"https:\/\/cfpmaresme.org\/wp-content\/uploads\/2025\/12\/Captura-de-pantalla-2025-12-04-151332.png","datePublished":"2025-12-04T14:15:12+00:00","dateModified":"2025-12-04T14:21:38+00:00","author":{"@id":"https:\/\/cfpmaresme.org\/#\/schema\/person\/b2634bcd796fafc667ea4055f61b9b2c"},"breadcrumb":{"@id":"https:\/\/cfpmaresme.org\/es\/acompanyament-a-families-de-joves-que-conviuen-amb-amb-autisme-i-o-discapacitat-intellectual-des-de-lequip-aina\/#breadcrumb"},"inLanguage":"es","potentialAction":[{"@type":"ReadAction","target":["https:\/\/cfpmaresme.org\/es\/acompanyament-a-families-de-joves-que-conviuen-amb-amb-autisme-i-o-discapacitat-intellectual-des-de-lequip-aina\/"]}]},{"@type":"ImageObject","inLanguage":"es","@id":"https:\/\/cfpmaresme.org\/es\/acompanyament-a-families-de-joves-que-conviuen-amb-amb-autisme-i-o-discapacitat-intellectual-des-de-lequip-aina\/#primaryimage","url":"https:\/\/cfpmaresme.org\/wp-content\/uploads\/2025\/12\/Captura-de-pantalla-2025-12-04-151332.png","contentUrl":"https:\/\/cfpmaresme.org\/wp-content\/uploads\/2025\/12\/Captura-de-pantalla-2025-12-04-151332.png","width":667,"height":450},{"@type":"BreadcrumbList","@id":"https:\/\/cfpmaresme.org\/es\/acompanyament-a-families-de-joves-que-conviuen-amb-amb-autisme-i-o-discapacitat-intellectual-des-de-lequip-aina\/#breadcrumb","itemListElement":[{"@type":"ListItem","position":1,"name":"Home","item":"https:\/\/cfpmaresme.org\/es\/"},{"@type":"ListItem","position":2,"name":"Acompa\u00f1amiento a familias de j\u00f3venes que conviven con autismo y\/o discapacidad intelectual desde el Equipo A\u00efna"}]},{"@type":"WebSite","@id":"https:\/\/cfpmaresme.org\/#website","url":"https:\/\/cfpmaresme.org\/","name":"CFP Maresme","description":"Centre Formaci\u00f3 Prevenci\u00f3","potentialAction":[{"@type":"SearchAction","target":{"@type":"EntryPoint","urlTemplate":"https:\/\/cfpmaresme.org\/?s={search_term_string}"},"query-input":{"@type":"PropertyValueSpecification","valueRequired":true,"valueName":"search_term_string"}}],"inLanguage":"es"},{"@type":"Person","@id":"https:\/\/cfpmaresme.org\/#\/schema\/person\/b2634bcd796fafc667ea4055f61b9b2c","name":"CFPMaresme"}]}},"_links":{"self":[{"href":"https:\/\/cfpmaresme.org\/es\/wp-json\/wp\/v2\/posts\/111960","targetHints":{"allow":["GET"]}}],"collection":[{"href":"https:\/\/cfpmaresme.org\/es\/wp-json\/wp\/v2\/posts"}],"about":[{"href":"https:\/\/cfpmaresme.org\/es\/wp-json\/wp\/v2\/types\/post"}],"author":[{"embeddable":true,"href":"https:\/\/cfpmaresme.org\/es\/wp-json\/wp\/v2\/users\/2"}],"replies":[{"embeddable":true,"href":"https:\/\/cfpmaresme.org\/es\/wp-json\/wp\/v2\/comments?post=111960"}],"version-history":[{"count":4,"href":"https:\/\/cfpmaresme.org\/es\/wp-json\/wp\/v2\/posts\/111960\/revisions"}],"predecessor-version":[{"id":111964,"href":"https:\/\/cfpmaresme.org\/es\/wp-json\/wp\/v2\/posts\/111960\/revisions\/111964"}],"wp:featuredmedia":[{"embeddable":true,"href":"https:\/\/cfpmaresme.org\/es\/wp-json\/wp\/v2\/media\/111957"}],"wp:attachment":[{"href":"https:\/\/cfpmaresme.org\/es\/wp-json\/wp\/v2\/media?parent=111960"}],"wp:term":[{"taxonomy":"category","embeddable":true,"href":"https:\/\/cfpmaresme.org\/es\/wp-json\/wp\/v2\/categories?post=111960"},{"taxonomy":"post_tag","embeddable":true,"href":"https:\/\/cfpmaresme.org\/es\/wp-json\/wp\/v2\/tags?post=111960"}],"curies":[{"name":"wp","href":"https:\/\/api.w.org\/{rel}","templated":true}]}}