{"id":112084,"date":"2025-12-19T12:18:12","date_gmt":"2025-12-19T10:18:12","guid":{"rendered":"https:\/\/cfpmaresme.org\/presentem-linforme-de-la-prova-pilot-que-confirma-el-potencial-de-la-realitat-immersiva-com-a-eina-terapeutica-innovadora-dins-de-lambit-de-la-salut-mental-i-la-inclusio-social\/"},"modified":"2025-12-19T12:50:28","modified_gmt":"2025-12-19T10:50:28","slug":"presentem-linforme-de-la-prova-pilot-que-confirma-el-potencial-de-la-realitat-immersiva-com-a-eina-terapeutica-innovadora-dins-de-lambit-de-la-salut-mental-i-la-inclusio-social","status":"publish","type":"post","link":"https:\/\/cfpmaresme.org\/es\/presentem-linforme-de-la-prova-pilot-que-confirma-el-potencial-de-la-realitat-immersiva-com-a-eina-terapeutica-innovadora-dins-de-lambit-de-la-salut-mental-i-la-inclusio-social\/","title":{"rendered":"Presentamos el informe que confirma el potencial de la Realidad Inmersiva como herramienta terap\u00e9utica innovadora en el \u00e1mbito de la salud mental y la inclusi\u00f3n social."},"content":{"rendered":"<p>Hemos llevado a cabo con \u00e9xito una prueba piloto de Realidad Inmersiva orientada a mejorar el bienestar emocional de personas con diferentes necesidades y situaciones de vulnerabilidad.<\/p>\n<p><strong>Pod\u00e9is leer el informe completo <a href=\"http:\/\/cfpmaresme.org\/wp-content\/uploads\/2025\/12\/Informe-Realitat-immersiva.pdf\" target=\"_blank\" rel=\"noopener\">clicando aqu\u00ed<\/a>.\u00a0 \u00a0\u00a0<\/strong><\/p>\n<p><img loading=\"lazy\" decoding=\"async\" class=\"size-medium wp-image-112073 alignleft\" src=\"http:\/\/cfpmaresme.org\/wp-content\/uploads\/2025\/12\/Portada-informe-212x300.jpg\" alt=\"\" width=\"212\" height=\"300\" srcset=\"https:\/\/cfpmaresme.org\/wp-content\/uploads\/2025\/12\/Portada-informe-212x300.jpg 212w, https:\/\/cfpmaresme.org\/wp-content\/uploads\/2025\/12\/Portada-informe-723x1024.jpg 723w, https:\/\/cfpmaresme.org\/wp-content\/uploads\/2025\/12\/Portada-informe-768x1088.jpg 768w, https:\/\/cfpmaresme.org\/wp-content\/uploads\/2025\/12\/Portada-informe-1085x1536.jpg 1085w, https:\/\/cfpmaresme.org\/wp-content\/uploads\/2025\/12\/Portada-informe-1446x2048.jpg 1446w, https:\/\/cfpmaresme.org\/wp-content\/uploads\/2025\/12\/Portada-informe-700x991.jpg 700w, https:\/\/cfpmaresme.org\/wp-content\/uploads\/2025\/12\/Portada-informe-scaled.jpg 1808w\" sizes=\"auto, (max-width: 212px) 100vw, 212px\" \/><\/p>\n<p>Han participado 54 personas que acompa\u00f1amos desde distintos servicios y programas.<\/p>\n<p>Durante dos meses, hemos realizado sesiones con tecnolog\u00eda inmersiva que permiten recrear entornos visuales y sonoros para reducir el estr\u00e9s, favorecer la calma y potenciar la concentraci\u00f3n y la motivaci\u00f3n.<\/p>\n<p>Los resultados muestran una mejora significativa del bienestar emocional, especialmente en aspectos como la relajaci\u00f3n, el estado de \u00e1nimo positivo y la sensaci\u00f3n de energ\u00eda.<\/p>\n<p>Esta experiencia confirma el potencial de la realidad inmersiva como herramienta terap\u00e9utica innovadora dentro del \u00e1mbito de la salud mental y la inclusi\u00f3n social.<\/p>\n<p>Tras los buenos resultados, incorporaremos esta metodolog\u00eda en todos nuestros servicios y en el <a href=\"https:\/\/cfpmaresme.org\/equip-psicoterapeutic-i-pedagogic-aina\/\" target=\"_blank\" rel=\"noopener\">Equipo Psicoterap\u00e9utico y Pedag\u00f3gico A\u00efna<\/a>, como recurso\u00a0 complementario para fomentar el bienestar emocional de personas.<\/p>\n<p>&nbsp;<\/p>\n<p>\ud83d\udfe2 Este programa cuenta con el soporte del Departament de Drets Socials de la Generalitat de Catalunya.<\/p>\n<p><img loading=\"lazy\" decoding=\"async\" class=\"\" src=\"http:\/\/cfpmaresme.org\/wp-content\/uploads\/2025\/12\/Logo_drets_socials_i_inclusio.jpg\" width=\"316\" height=\"55\" \/><\/p>\n<p>&nbsp;<\/p>\n","protected":false},"excerpt":{"rendered":"<p>Hemos llevado a cabo con \u00e9xito una prueba piloto de Realidad Inmersiva orientada a mejorar el bienestar emocional de personas con diferentes necesidades y situaciones de vulnerabilidad. Pod\u00e9is leer el informe completo clicando aqu\u00ed.\u00a0 \u00a0\u00a0 Han participado 54 personas que acompa\u00f1amos desde distintos servicios y&#8230;<\/p>\n","protected":false},"author":2,"featured_media":112080,"comment_status":"closed","ping_status":"closed","sticky":false,"template":"","format":"standard","meta":{"footnotes":""},"categories":[1278,1259,1279],"tags":[],"class_list":["post-112084","post","type-post","status-publish","format-standard","has-post-thumbnail","hentry","category-area-transversal-es","category-publicaciones","category-realitat-immersiva-es"],"yoast_head":"<!-- This site is optimized with the Yoast SEO plugin v27.4 - https:\/\/yoast.com\/product\/yoast-seo-wordpress\/ -->\n<title>Presentamos el informe que confirma el potencial de la Realidad Inmersiva como herramienta terap\u00e9utica innovadora en el \u00e1mbito de la salud mental y la inclusi\u00f3n social. | CFP Maresme<\/title>\n<meta name=\"robots\" content=\"index, follow, max-snippet:-1, max-image-preview:large, max-video-preview:-1\" \/>\n<link rel=\"canonical\" href=\"https:\/\/cfpmaresme.org\/es\/presentem-linforme-de-la-prova-pilot-que-confirma-el-potencial-de-la-realitat-immersiva-com-a-eina-terapeutica-innovadora-dins-de-lambit-de-la-salut-mental-i-la-inclusio-social\/\" \/>\n<meta property=\"og:locale\" content=\"es_ES\" \/>\n<meta property=\"og:type\" content=\"article\" \/>\n<meta property=\"og:title\" content=\"Presentamos el informe que confirma el potencial de la Realidad Inmersiva como herramienta terap\u00e9utica innovadora en el \u00e1mbito de la salud mental y la inclusi\u00f3n social. | CFP Maresme\" \/>\n<meta property=\"og:description\" content=\"Hemos llevado a cabo con \u00e9xito una prueba piloto de Realidad Inmersiva orientada a mejorar el bienestar emocional de personas con diferentes necesidades y situaciones de vulnerabilidad. Pod\u00e9is leer el informe completo clicando aqu\u00ed.\u00a0 \u00a0\u00a0 Han participado 54 personas que acompa\u00f1amos desde distintos servicios y...\" \/>\n<meta property=\"og:url\" content=\"https:\/\/cfpmaresme.org\/es\/presentem-linforme-de-la-prova-pilot-que-confirma-el-potencial-de-la-realitat-immersiva-com-a-eina-terapeutica-innovadora-dins-de-lambit-de-la-salut-mental-i-la-inclusio-social\/\" \/>\n<meta property=\"og:site_name\" content=\"CFP Maresme\" \/>\n<meta property=\"article:published_time\" content=\"2025-12-19T10:18:12+00:00\" \/>\n<meta property=\"article:modified_time\" content=\"2025-12-19T10:50:28+00:00\" \/>\n<meta property=\"og:image\" content=\"https:\/\/cfpmaresme.org\/wp-content\/uploads\/2025\/12\/Banner-Informe-RI-Retallat.png\" \/>\n\t<meta property=\"og:image:width\" content=\"1337\" \/>\n\t<meta property=\"og:image:height\" content=\"658\" \/>\n\t<meta property=\"og:image:type\" content=\"image\/png\" \/>\n<meta name=\"author\" content=\"CFPMaresme\" \/>\n<meta name=\"twitter:card\" content=\"summary_large_image\" \/>\n<meta name=\"twitter:creator\" content=\"@cfpmaresme\" \/>\n<meta name=\"twitter:site\" content=\"@cfpmaresme\" \/>\n<meta name=\"twitter:label1\" content=\"Escrito por\" \/>\n\t<meta name=\"twitter:data1\" content=\"CFPMaresme\" \/>\n\t<meta name=\"twitter:label2\" content=\"Tiempo de lectura\" \/>\n\t<meta name=\"twitter:data2\" content=\"2 minutos\" \/>\n<script type=\"application\/ld+json\" class=\"yoast-schema-graph\">{\"@context\":\"https:\\\/\\\/schema.org\",\"@graph\":[{\"@type\":\"Article\",\"@id\":\"https:\\\/\\\/cfpmaresme.org\\\/es\\\/presentem-linforme-de-la-prova-pilot-que-confirma-el-potencial-de-la-realitat-immersiva-com-a-eina-terapeutica-innovadora-dins-de-lambit-de-la-salut-mental-i-la-inclusio-social\\\/#article\",\"isPartOf\":{\"@id\":\"https:\\\/\\\/cfpmaresme.org\\\/es\\\/presentem-linforme-de-la-prova-pilot-que-confirma-el-potencial-de-la-realitat-immersiva-com-a-eina-terapeutica-innovadora-dins-de-lambit-de-la-salut-mental-i-la-inclusio-social\\\/\"},\"author\":{\"name\":\"CFPMaresme\",\"@id\":\"https:\\\/\\\/cfpmaresme.org\\\/#\\\/schema\\\/person\\\/b2634bcd796fafc667ea4055f61b9b2c\"},\"headline\":\"Presentamos el informe que confirma el potencial de la Realidad Inmersiva como herramienta terap\u00e9utica innovadora en el \u00e1mbito de la salud mental y la inclusi\u00f3n social.\",\"datePublished\":\"2025-12-19T10:18:12+00:00\",\"dateModified\":\"2025-12-19T10:50:28+00:00\",\"mainEntityOfPage\":{\"@id\":\"https:\\\/\\\/cfpmaresme.org\\\/es\\\/presentem-linforme-de-la-prova-pilot-que-confirma-el-potencial-de-la-realitat-immersiva-com-a-eina-terapeutica-innovadora-dins-de-lambit-de-la-salut-mental-i-la-inclusio-social\\\/\"},\"wordCount\":213,\"image\":{\"@id\":\"https:\\\/\\\/cfpmaresme.org\\\/es\\\/presentem-linforme-de-la-prova-pilot-que-confirma-el-potencial-de-la-realitat-immersiva-com-a-eina-terapeutica-innovadora-dins-de-lambit-de-la-salut-mental-i-la-inclusio-social\\\/#primaryimage\"},\"thumbnailUrl\":\"https:\\\/\\\/cfpmaresme.org\\\/wp-content\\\/uploads\\\/2025\\\/12\\\/Banner-Informe-RI-Retallat.png\",\"articleSection\":[\"\u00c0rea transversal\",\"Publicaciones\",\"Realitat Immersiva\"],\"inLanguage\":\"es\"},{\"@type\":\"WebPage\",\"@id\":\"https:\\\/\\\/cfpmaresme.org\\\/es\\\/presentem-linforme-de-la-prova-pilot-que-confirma-el-potencial-de-la-realitat-immersiva-com-a-eina-terapeutica-innovadora-dins-de-lambit-de-la-salut-mental-i-la-inclusio-social\\\/\",\"url\":\"https:\\\/\\\/cfpmaresme.org\\\/es\\\/presentem-linforme-de-la-prova-pilot-que-confirma-el-potencial-de-la-realitat-immersiva-com-a-eina-terapeutica-innovadora-dins-de-lambit-de-la-salut-mental-i-la-inclusio-social\\\/\",\"name\":\"Presentamos el informe que confirma el potencial de la Realidad Inmersiva como herramienta terap\u00e9utica innovadora en el \u00e1mbito de la salud mental y la inclusi\u00f3n social. | CFP Maresme\",\"isPartOf\":{\"@id\":\"https:\\\/\\\/cfpmaresme.org\\\/#website\"},\"primaryImageOfPage\":{\"@id\":\"https:\\\/\\\/cfpmaresme.org\\\/es\\\/presentem-linforme-de-la-prova-pilot-que-confirma-el-potencial-de-la-realitat-immersiva-com-a-eina-terapeutica-innovadora-dins-de-lambit-de-la-salut-mental-i-la-inclusio-social\\\/#primaryimage\"},\"image\":{\"@id\":\"https:\\\/\\\/cfpmaresme.org\\\/es\\\/presentem-linforme-de-la-prova-pilot-que-confirma-el-potencial-de-la-realitat-immersiva-com-a-eina-terapeutica-innovadora-dins-de-lambit-de-la-salut-mental-i-la-inclusio-social\\\/#primaryimage\"},\"thumbnailUrl\":\"https:\\\/\\\/cfpmaresme.org\\\/wp-content\\\/uploads\\\/2025\\\/12\\\/Banner-Informe-RI-Retallat.png\",\"datePublished\":\"2025-12-19T10:18:12+00:00\",\"dateModified\":\"2025-12-19T10:50:28+00:00\",\"author\":{\"@id\":\"https:\\\/\\\/cfpmaresme.org\\\/#\\\/schema\\\/person\\\/b2634bcd796fafc667ea4055f61b9b2c\"},\"breadcrumb\":{\"@id\":\"https:\\\/\\\/cfpmaresme.org\\\/es\\\/presentem-linforme-de-la-prova-pilot-que-confirma-el-potencial-de-la-realitat-immersiva-com-a-eina-terapeutica-innovadora-dins-de-lambit-de-la-salut-mental-i-la-inclusio-social\\\/#breadcrumb\"},\"inLanguage\":\"es\",\"potentialAction\":[{\"@type\":\"ReadAction\",\"target\":[\"https:\\\/\\\/cfpmaresme.org\\\/es\\\/presentem-linforme-de-la-prova-pilot-que-confirma-el-potencial-de-la-realitat-immersiva-com-a-eina-terapeutica-innovadora-dins-de-lambit-de-la-salut-mental-i-la-inclusio-social\\\/\"]}]},{\"@type\":\"ImageObject\",\"inLanguage\":\"es\",\"@id\":\"https:\\\/\\\/cfpmaresme.org\\\/es\\\/presentem-linforme-de-la-prova-pilot-que-confirma-el-potencial-de-la-realitat-immersiva-com-a-eina-terapeutica-innovadora-dins-de-lambit-de-la-salut-mental-i-la-inclusio-social\\\/#primaryimage\",\"url\":\"https:\\\/\\\/cfpmaresme.org\\\/wp-content\\\/uploads\\\/2025\\\/12\\\/Banner-Informe-RI-Retallat.png\",\"contentUrl\":\"https:\\\/\\\/cfpmaresme.org\\\/wp-content\\\/uploads\\\/2025\\\/12\\\/Banner-Informe-RI-Retallat.png\",\"width\":1337,\"height\":658},{\"@type\":\"BreadcrumbList\",\"@id\":\"https:\\\/\\\/cfpmaresme.org\\\/es\\\/presentem-linforme-de-la-prova-pilot-que-confirma-el-potencial-de-la-realitat-immersiva-com-a-eina-terapeutica-innovadora-dins-de-lambit-de-la-salut-mental-i-la-inclusio-social\\\/#breadcrumb\",\"itemListElement\":[{\"@type\":\"ListItem\",\"position\":1,\"name\":\"Home\",\"item\":\"https:\\\/\\\/cfpmaresme.org\\\/es\\\/\"},{\"@type\":\"ListItem\",\"position\":2,\"name\":\"Presentamos el informe que confirma el potencial de la Realidad Inmersiva como herramienta terap\u00e9utica innovadora en el \u00e1mbito de la salud mental y la inclusi\u00f3n social.\"}]},{\"@type\":\"WebSite\",\"@id\":\"https:\\\/\\\/cfpmaresme.org\\\/#website\",\"url\":\"https:\\\/\\\/cfpmaresme.org\\\/\",\"name\":\"CFP Maresme\",\"description\":\"Centre Formaci\u00f3 Prevenci\u00f3\",\"potentialAction\":[{\"@type\":\"SearchAction\",\"target\":{\"@type\":\"EntryPoint\",\"urlTemplate\":\"https:\\\/\\\/cfpmaresme.org\\\/?s={search_term_string}\"},\"query-input\":{\"@type\":\"PropertyValueSpecification\",\"valueRequired\":true,\"valueName\":\"search_term_string\"}}],\"inLanguage\":\"es\"},{\"@type\":\"Person\",\"@id\":\"https:\\\/\\\/cfpmaresme.org\\\/#\\\/schema\\\/person\\\/b2634bcd796fafc667ea4055f61b9b2c\",\"name\":\"CFPMaresme\"}]}<\/script>\n<!-- \/ Yoast SEO plugin. -->","yoast_head_json":{"title":"Presentamos el informe que confirma el potencial de la Realidad Inmersiva como herramienta terap\u00e9utica innovadora en el \u00e1mbito de la salud mental y la inclusi\u00f3n social. | CFP Maresme","robots":{"index":"index","follow":"follow","max-snippet":"max-snippet:-1","max-image-preview":"max-image-preview:large","max-video-preview":"max-video-preview:-1"},"canonical":"https:\/\/cfpmaresme.org\/es\/presentem-linforme-de-la-prova-pilot-que-confirma-el-potencial-de-la-realitat-immersiva-com-a-eina-terapeutica-innovadora-dins-de-lambit-de-la-salut-mental-i-la-inclusio-social\/","og_locale":"es_ES","og_type":"article","og_title":"Presentamos el informe que confirma el potencial de la Realidad Inmersiva como herramienta terap\u00e9utica innovadora en el \u00e1mbito de la salud mental y la inclusi\u00f3n social. | CFP Maresme","og_description":"Hemos llevado a cabo con \u00e9xito una prueba piloto de Realidad Inmersiva orientada a mejorar el bienestar emocional de personas con diferentes necesidades y situaciones de vulnerabilidad. Pod\u00e9is leer el informe completo clicando aqu\u00ed.\u00a0 \u00a0\u00a0 Han participado 54 personas que acompa\u00f1amos desde distintos servicios y...","og_url":"https:\/\/cfpmaresme.org\/es\/presentem-linforme-de-la-prova-pilot-que-confirma-el-potencial-de-la-realitat-immersiva-com-a-eina-terapeutica-innovadora-dins-de-lambit-de-la-salut-mental-i-la-inclusio-social\/","og_site_name":"CFP Maresme","article_published_time":"2025-12-19T10:18:12+00:00","article_modified_time":"2025-12-19T10:50:28+00:00","og_image":[{"width":1337,"height":658,"url":"https:\/\/cfpmaresme.org\/wp-content\/uploads\/2025\/12\/Banner-Informe-RI-Retallat.png","type":"image\/png"}],"author":"CFPMaresme","twitter_card":"summary_large_image","twitter_creator":"@cfpmaresme","twitter_site":"@cfpmaresme","twitter_misc":{"Escrito por":"CFPMaresme","Tiempo de lectura":"2 minutos"},"schema":{"@context":"https:\/\/schema.org","@graph":[{"@type":"Article","@id":"https:\/\/cfpmaresme.org\/es\/presentem-linforme-de-la-prova-pilot-que-confirma-el-potencial-de-la-realitat-immersiva-com-a-eina-terapeutica-innovadora-dins-de-lambit-de-la-salut-mental-i-la-inclusio-social\/#article","isPartOf":{"@id":"https:\/\/cfpmaresme.org\/es\/presentem-linforme-de-la-prova-pilot-que-confirma-el-potencial-de-la-realitat-immersiva-com-a-eina-terapeutica-innovadora-dins-de-lambit-de-la-salut-mental-i-la-inclusio-social\/"},"author":{"name":"CFPMaresme","@id":"https:\/\/cfpmaresme.org\/#\/schema\/person\/b2634bcd796fafc667ea4055f61b9b2c"},"headline":"Presentamos el informe que confirma el potencial de la Realidad Inmersiva como herramienta terap\u00e9utica innovadora en el \u00e1mbito de la salud mental y la inclusi\u00f3n social.","datePublished":"2025-12-19T10:18:12+00:00","dateModified":"2025-12-19T10:50:28+00:00","mainEntityOfPage":{"@id":"https:\/\/cfpmaresme.org\/es\/presentem-linforme-de-la-prova-pilot-que-confirma-el-potencial-de-la-realitat-immersiva-com-a-eina-terapeutica-innovadora-dins-de-lambit-de-la-salut-mental-i-la-inclusio-social\/"},"wordCount":213,"image":{"@id":"https:\/\/cfpmaresme.org\/es\/presentem-linforme-de-la-prova-pilot-que-confirma-el-potencial-de-la-realitat-immersiva-com-a-eina-terapeutica-innovadora-dins-de-lambit-de-la-salut-mental-i-la-inclusio-social\/#primaryimage"},"thumbnailUrl":"https:\/\/cfpmaresme.org\/wp-content\/uploads\/2025\/12\/Banner-Informe-RI-Retallat.png","articleSection":["\u00c0rea transversal","Publicaciones","Realitat Immersiva"],"inLanguage":"es"},{"@type":"WebPage","@id":"https:\/\/cfpmaresme.org\/es\/presentem-linforme-de-la-prova-pilot-que-confirma-el-potencial-de-la-realitat-immersiva-com-a-eina-terapeutica-innovadora-dins-de-lambit-de-la-salut-mental-i-la-inclusio-social\/","url":"https:\/\/cfpmaresme.org\/es\/presentem-linforme-de-la-prova-pilot-que-confirma-el-potencial-de-la-realitat-immersiva-com-a-eina-terapeutica-innovadora-dins-de-lambit-de-la-salut-mental-i-la-inclusio-social\/","name":"Presentamos el informe que confirma el potencial de la Realidad Inmersiva como herramienta terap\u00e9utica innovadora en el \u00e1mbito de la salud mental y la inclusi\u00f3n social. | CFP Maresme","isPartOf":{"@id":"https:\/\/cfpmaresme.org\/#website"},"primaryImageOfPage":{"@id":"https:\/\/cfpmaresme.org\/es\/presentem-linforme-de-la-prova-pilot-que-confirma-el-potencial-de-la-realitat-immersiva-com-a-eina-terapeutica-innovadora-dins-de-lambit-de-la-salut-mental-i-la-inclusio-social\/#primaryimage"},"image":{"@id":"https:\/\/cfpmaresme.org\/es\/presentem-linforme-de-la-prova-pilot-que-confirma-el-potencial-de-la-realitat-immersiva-com-a-eina-terapeutica-innovadora-dins-de-lambit-de-la-salut-mental-i-la-inclusio-social\/#primaryimage"},"thumbnailUrl":"https:\/\/cfpmaresme.org\/wp-content\/uploads\/2025\/12\/Banner-Informe-RI-Retallat.png","datePublished":"2025-12-19T10:18:12+00:00","dateModified":"2025-12-19T10:50:28+00:00","author":{"@id":"https:\/\/cfpmaresme.org\/#\/schema\/person\/b2634bcd796fafc667ea4055f61b9b2c"},"breadcrumb":{"@id":"https:\/\/cfpmaresme.org\/es\/presentem-linforme-de-la-prova-pilot-que-confirma-el-potencial-de-la-realitat-immersiva-com-a-eina-terapeutica-innovadora-dins-de-lambit-de-la-salut-mental-i-la-inclusio-social\/#breadcrumb"},"inLanguage":"es","potentialAction":[{"@type":"ReadAction","target":["https:\/\/cfpmaresme.org\/es\/presentem-linforme-de-la-prova-pilot-que-confirma-el-potencial-de-la-realitat-immersiva-com-a-eina-terapeutica-innovadora-dins-de-lambit-de-la-salut-mental-i-la-inclusio-social\/"]}]},{"@type":"ImageObject","inLanguage":"es","@id":"https:\/\/cfpmaresme.org\/es\/presentem-linforme-de-la-prova-pilot-que-confirma-el-potencial-de-la-realitat-immersiva-com-a-eina-terapeutica-innovadora-dins-de-lambit-de-la-salut-mental-i-la-inclusio-social\/#primaryimage","url":"https:\/\/cfpmaresme.org\/wp-content\/uploads\/2025\/12\/Banner-Informe-RI-Retallat.png","contentUrl":"https:\/\/cfpmaresme.org\/wp-content\/uploads\/2025\/12\/Banner-Informe-RI-Retallat.png","width":1337,"height":658},{"@type":"BreadcrumbList","@id":"https:\/\/cfpmaresme.org\/es\/presentem-linforme-de-la-prova-pilot-que-confirma-el-potencial-de-la-realitat-immersiva-com-a-eina-terapeutica-innovadora-dins-de-lambit-de-la-salut-mental-i-la-inclusio-social\/#breadcrumb","itemListElement":[{"@type":"ListItem","position":1,"name":"Home","item":"https:\/\/cfpmaresme.org\/es\/"},{"@type":"ListItem","position":2,"name":"Presentamos el informe que confirma el potencial de la Realidad Inmersiva como herramienta terap\u00e9utica innovadora en el \u00e1mbito de la salud mental y la inclusi\u00f3n social."}]},{"@type":"WebSite","@id":"https:\/\/cfpmaresme.org\/#website","url":"https:\/\/cfpmaresme.org\/","name":"CFP Maresme","description":"Centre Formaci\u00f3 Prevenci\u00f3","potentialAction":[{"@type":"SearchAction","target":{"@type":"EntryPoint","urlTemplate":"https:\/\/cfpmaresme.org\/?s={search_term_string}"},"query-input":{"@type":"PropertyValueSpecification","valueRequired":true,"valueName":"search_term_string"}}],"inLanguage":"es"},{"@type":"Person","@id":"https:\/\/cfpmaresme.org\/#\/schema\/person\/b2634bcd796fafc667ea4055f61b9b2c","name":"CFPMaresme"}]}},"_links":{"self":[{"href":"https:\/\/cfpmaresme.org\/es\/wp-json\/wp\/v2\/posts\/112084","targetHints":{"allow":["GET"]}}],"collection":[{"href":"https:\/\/cfpmaresme.org\/es\/wp-json\/wp\/v2\/posts"}],"about":[{"href":"https:\/\/cfpmaresme.org\/es\/wp-json\/wp\/v2\/types\/post"}],"author":[{"embeddable":true,"href":"https:\/\/cfpmaresme.org\/es\/wp-json\/wp\/v2\/users\/2"}],"replies":[{"embeddable":true,"href":"https:\/\/cfpmaresme.org\/es\/wp-json\/wp\/v2\/comments?post=112084"}],"version-history":[{"count":4,"href":"https:\/\/cfpmaresme.org\/es\/wp-json\/wp\/v2\/posts\/112084\/revisions"}],"predecessor-version":[{"id":112089,"href":"https:\/\/cfpmaresme.org\/es\/wp-json\/wp\/v2\/posts\/112084\/revisions\/112089"}],"wp:featuredmedia":[{"embeddable":true,"href":"https:\/\/cfpmaresme.org\/es\/wp-json\/wp\/v2\/media\/112080"}],"wp:attachment":[{"href":"https:\/\/cfpmaresme.org\/es\/wp-json\/wp\/v2\/media?parent=112084"}],"wp:term":[{"taxonomy":"category","embeddable":true,"href":"https:\/\/cfpmaresme.org\/es\/wp-json\/wp\/v2\/categories?post=112084"},{"taxonomy":"post_tag","embeddable":true,"href":"https:\/\/cfpmaresme.org\/es\/wp-json\/wp\/v2\/tags?post=112084"}],"curies":[{"name":"wp","href":"https:\/\/api.w.org\/{rel}","templated":true}]}}