{"id":112161,"date":"2025-12-19T10:59:38","date_gmt":"2025-12-19T08:59:38","guid":{"rendered":"https:\/\/cfpmaresme.org\/fem-un-pas-mes-cap-a-laccessibilitat-i-la-inclusio\/"},"modified":"2026-01-08T11:04:26","modified_gmt":"2026-01-08T09:04:26","slug":"fem-un-pas-mes-cap-a-laccessibilitat-i-la-inclusio","status":"publish","type":"post","link":"https:\/\/cfpmaresme.org\/es\/fem-un-pas-mes-cap-a-laccessibilitat-i-la-inclusio\/","title":{"rendered":"Hacemos un paso m\u00e1s hacia la accesibilidad y la inclusi\u00f3n"},"content":{"rendered":"<p data-start=\"55\" data-end=\"213\">Hemos instalado una <strong data-start=\"75\" data-end=\"104\">plataforma salvaescaleras<\/strong> en el servicio Prelaboral para mejorar el acceso a las instalaciones de las personas con movilidad reducida.<\/p>\n<p data-start=\"215\" data-end=\"439\">Esta actuaci\u00f3n nos permite eliminar barreras arquitect\u00f3nicas y garantizar una movilidad m\u00e1s segura y aut\u00f3noma, promoviendo un entorno en el que todas las personas puedan participar plenamente en las actividades del servicio.<\/p>\n<p data-start=\"441\" data-end=\"515\">\u2728 Seguimos trabajando por un centro m\u00e1s accesible, equitativo e inclusivo.<\/p>\n<p data-start=\"517\" data-end=\"572\">\n<p><strong>Amb el suport del Departament de Drets Socials.\u00a0<\/strong><\/p>\n<p><img loading=\"lazy\" decoding=\"async\" class=\"alignnone size-medium wp-image-112076\" src=\"http:\/\/cfpmaresme.org\/wp-content\/uploads\/2025\/12\/Logo_drets_socials_i_inclusio-300x52.jpg\" alt=\"\" width=\"300\" height=\"52\" srcset=\"https:\/\/cfpmaresme.org\/wp-content\/uploads\/2025\/12\/Logo_drets_socials_i_inclusio-300x52.jpg 300w, https:\/\/cfpmaresme.org\/wp-content\/uploads\/2025\/12\/Logo_drets_socials_i_inclusio-570x100.jpg 570w, https:\/\/cfpmaresme.org\/wp-content\/uploads\/2025\/12\/Logo_drets_socials_i_inclusio.jpg 575w\" sizes=\"auto, (max-width: 300px) 100vw, 300px\" \/><\/p>\n","protected":false},"excerpt":{"rendered":"<p>Hemos instalado una plataforma salvaescaleras en el servicio Prelaboral para mejorar el acceso a las instalaciones de las personas con movilidad reducida. Esta actuaci\u00f3n nos permite eliminar barreras arquitect\u00f3nicas y garantizar una movilidad m\u00e1s segura y aut\u00f3noma, promoviendo un entorno en el que todas las&#8230;<\/p>\n","protected":false},"author":2,"featured_media":112159,"comment_status":"closed","ping_status":"closed","sticky":false,"template":"","format":"standard","meta":{"footnotes":""},"categories":[1259,1195,1269],"tags":[],"class_list":["post-112161","post","type-post","status-publish","format-standard","has-post-thumbnail","hentry","category-publicaciones","category-servicio-prelaboral","category-sociolaboral-publicacions-es"],"yoast_head":"<!-- This site is optimized with the Yoast SEO plugin v27.4 - https:\/\/yoast.com\/product\/yoast-seo-wordpress\/ -->\n<title>Hacemos un paso m\u00e1s hacia la accesibilidad y la inclusi\u00f3n | CFP Maresme<\/title>\n<meta name=\"robots\" content=\"index, follow, max-snippet:-1, max-image-preview:large, max-video-preview:-1\" \/>\n<link rel=\"canonical\" href=\"https:\/\/cfpmaresme.org\/es\/fem-un-pas-mes-cap-a-laccessibilitat-i-la-inclusio\/\" \/>\n<meta property=\"og:locale\" content=\"es_ES\" \/>\n<meta property=\"og:type\" content=\"article\" \/>\n<meta property=\"og:title\" content=\"Hacemos un paso m\u00e1s hacia la accesibilidad y la inclusi\u00f3n | CFP Maresme\" \/>\n<meta property=\"og:description\" content=\"Hemos instalado una plataforma salvaescaleras en el servicio Prelaboral para mejorar el acceso a las instalaciones de las personas con movilidad reducida. Esta actuaci\u00f3n nos permite eliminar barreras arquitect\u00f3nicas y garantizar una movilidad m\u00e1s segura y aut\u00f3noma, promoviendo un entorno en el que todas las...\" \/>\n<meta property=\"og:url\" content=\"https:\/\/cfpmaresme.org\/es\/fem-un-pas-mes-cap-a-laccessibilitat-i-la-inclusio\/\" \/>\n<meta property=\"og:site_name\" content=\"CFP Maresme\" \/>\n<meta property=\"article:published_time\" content=\"2025-12-19T08:59:38+00:00\" \/>\n<meta property=\"article:modified_time\" content=\"2026-01-08T09:04:26+00:00\" \/>\n<meta property=\"og:image\" content=\"https:\/\/cfpmaresme.org\/wp-content\/uploads\/2026\/01\/756dff7a-1d5f-448c-b3fe-938bcb31bac1.jpg\" \/>\n\t<meta property=\"og:image:width\" content=\"2000\" \/>\n\t<meta property=\"og:image:height\" content=\"1500\" \/>\n\t<meta property=\"og:image:type\" content=\"image\/jpeg\" \/>\n<meta name=\"author\" content=\"CFPMaresme\" \/>\n<meta name=\"twitter:card\" content=\"summary_large_image\" \/>\n<meta name=\"twitter:creator\" content=\"@cfpmaresme\" \/>\n<meta name=\"twitter:site\" content=\"@cfpmaresme\" \/>\n<meta name=\"twitter:label1\" content=\"Escrito por\" \/>\n\t<meta name=\"twitter:data1\" content=\"CFPMaresme\" \/>\n\t<meta name=\"twitter:label2\" content=\"Tiempo de lectura\" \/>\n\t<meta name=\"twitter:data2\" content=\"1 minuto\" \/>\n<script type=\"application\/ld+json\" class=\"yoast-schema-graph\">{\"@context\":\"https:\\\/\\\/schema.org\",\"@graph\":[{\"@type\":\"Article\",\"@id\":\"https:\\\/\\\/cfpmaresme.org\\\/es\\\/fem-un-pas-mes-cap-a-laccessibilitat-i-la-inclusio\\\/#article\",\"isPartOf\":{\"@id\":\"https:\\\/\\\/cfpmaresme.org\\\/es\\\/fem-un-pas-mes-cap-a-laccessibilitat-i-la-inclusio\\\/\"},\"author\":{\"name\":\"CFPMaresme\",\"@id\":\"https:\\\/\\\/cfpmaresme.org\\\/#\\\/schema\\\/person\\\/b2634bcd796fafc667ea4055f61b9b2c\"},\"headline\":\"Hacemos un paso m\u00e1s hacia la accesibilidad y la inclusi\u00f3n\",\"datePublished\":\"2025-12-19T08:59:38+00:00\",\"dateModified\":\"2026-01-08T09:04:26+00:00\",\"mainEntityOfPage\":{\"@id\":\"https:\\\/\\\/cfpmaresme.org\\\/es\\\/fem-un-pas-mes-cap-a-laccessibilitat-i-la-inclusio\\\/\"},\"wordCount\":89,\"image\":{\"@id\":\"https:\\\/\\\/cfpmaresme.org\\\/es\\\/fem-un-pas-mes-cap-a-laccessibilitat-i-la-inclusio\\\/#primaryimage\"},\"thumbnailUrl\":\"https:\\\/\\\/cfpmaresme.org\\\/wp-content\\\/uploads\\\/2026\\\/01\\\/756dff7a-1d5f-448c-b3fe-938bcb31bac1.jpg\",\"articleSection\":[\"Publicaciones\",\"Servicio Prelaboral\",\"Sociolaboral\"],\"inLanguage\":\"es\"},{\"@type\":\"WebPage\",\"@id\":\"https:\\\/\\\/cfpmaresme.org\\\/es\\\/fem-un-pas-mes-cap-a-laccessibilitat-i-la-inclusio\\\/\",\"url\":\"https:\\\/\\\/cfpmaresme.org\\\/es\\\/fem-un-pas-mes-cap-a-laccessibilitat-i-la-inclusio\\\/\",\"name\":\"Hacemos un paso m\u00e1s hacia la accesibilidad y la inclusi\u00f3n | CFP Maresme\",\"isPartOf\":{\"@id\":\"https:\\\/\\\/cfpmaresme.org\\\/#website\"},\"primaryImageOfPage\":{\"@id\":\"https:\\\/\\\/cfpmaresme.org\\\/es\\\/fem-un-pas-mes-cap-a-laccessibilitat-i-la-inclusio\\\/#primaryimage\"},\"image\":{\"@id\":\"https:\\\/\\\/cfpmaresme.org\\\/es\\\/fem-un-pas-mes-cap-a-laccessibilitat-i-la-inclusio\\\/#primaryimage\"},\"thumbnailUrl\":\"https:\\\/\\\/cfpmaresme.org\\\/wp-content\\\/uploads\\\/2026\\\/01\\\/756dff7a-1d5f-448c-b3fe-938bcb31bac1.jpg\",\"datePublished\":\"2025-12-19T08:59:38+00:00\",\"dateModified\":\"2026-01-08T09:04:26+00:00\",\"author\":{\"@id\":\"https:\\\/\\\/cfpmaresme.org\\\/#\\\/schema\\\/person\\\/b2634bcd796fafc667ea4055f61b9b2c\"},\"breadcrumb\":{\"@id\":\"https:\\\/\\\/cfpmaresme.org\\\/es\\\/fem-un-pas-mes-cap-a-laccessibilitat-i-la-inclusio\\\/#breadcrumb\"},\"inLanguage\":\"es\",\"potentialAction\":[{\"@type\":\"ReadAction\",\"target\":[\"https:\\\/\\\/cfpmaresme.org\\\/es\\\/fem-un-pas-mes-cap-a-laccessibilitat-i-la-inclusio\\\/\"]}]},{\"@type\":\"ImageObject\",\"inLanguage\":\"es\",\"@id\":\"https:\\\/\\\/cfpmaresme.org\\\/es\\\/fem-un-pas-mes-cap-a-laccessibilitat-i-la-inclusio\\\/#primaryimage\",\"url\":\"https:\\\/\\\/cfpmaresme.org\\\/wp-content\\\/uploads\\\/2026\\\/01\\\/756dff7a-1d5f-448c-b3fe-938bcb31bac1.jpg\",\"contentUrl\":\"https:\\\/\\\/cfpmaresme.org\\\/wp-content\\\/uploads\\\/2026\\\/01\\\/756dff7a-1d5f-448c-b3fe-938bcb31bac1.jpg\",\"width\":2000,\"height\":1500},{\"@type\":\"BreadcrumbList\",\"@id\":\"https:\\\/\\\/cfpmaresme.org\\\/es\\\/fem-un-pas-mes-cap-a-laccessibilitat-i-la-inclusio\\\/#breadcrumb\",\"itemListElement\":[{\"@type\":\"ListItem\",\"position\":1,\"name\":\"Home\",\"item\":\"https:\\\/\\\/cfpmaresme.org\\\/es\\\/\"},{\"@type\":\"ListItem\",\"position\":2,\"name\":\"Hacemos un paso m\u00e1s hacia la accesibilidad y la inclusi\u00f3n\"}]},{\"@type\":\"WebSite\",\"@id\":\"https:\\\/\\\/cfpmaresme.org\\\/#website\",\"url\":\"https:\\\/\\\/cfpmaresme.org\\\/\",\"name\":\"CFP Maresme\",\"description\":\"Centre Formaci\u00f3 Prevenci\u00f3\",\"potentialAction\":[{\"@type\":\"SearchAction\",\"target\":{\"@type\":\"EntryPoint\",\"urlTemplate\":\"https:\\\/\\\/cfpmaresme.org\\\/?s={search_term_string}\"},\"query-input\":{\"@type\":\"PropertyValueSpecification\",\"valueRequired\":true,\"valueName\":\"search_term_string\"}}],\"inLanguage\":\"es\"},{\"@type\":\"Person\",\"@id\":\"https:\\\/\\\/cfpmaresme.org\\\/#\\\/schema\\\/person\\\/b2634bcd796fafc667ea4055f61b9b2c\",\"name\":\"CFPMaresme\"}]}<\/script>\n<!-- \/ Yoast SEO plugin. -->","yoast_head_json":{"title":"Hacemos un paso m\u00e1s hacia la accesibilidad y la inclusi\u00f3n | CFP Maresme","robots":{"index":"index","follow":"follow","max-snippet":"max-snippet:-1","max-image-preview":"max-image-preview:large","max-video-preview":"max-video-preview:-1"},"canonical":"https:\/\/cfpmaresme.org\/es\/fem-un-pas-mes-cap-a-laccessibilitat-i-la-inclusio\/","og_locale":"es_ES","og_type":"article","og_title":"Hacemos un paso m\u00e1s hacia la accesibilidad y la inclusi\u00f3n | CFP Maresme","og_description":"Hemos instalado una plataforma salvaescaleras en el servicio Prelaboral para mejorar el acceso a las instalaciones de las personas con movilidad reducida. Esta actuaci\u00f3n nos permite eliminar barreras arquitect\u00f3nicas y garantizar una movilidad m\u00e1s segura y aut\u00f3noma, promoviendo un entorno en el que todas las...","og_url":"https:\/\/cfpmaresme.org\/es\/fem-un-pas-mes-cap-a-laccessibilitat-i-la-inclusio\/","og_site_name":"CFP Maresme","article_published_time":"2025-12-19T08:59:38+00:00","article_modified_time":"2026-01-08T09:04:26+00:00","og_image":[{"width":2000,"height":1500,"url":"https:\/\/cfpmaresme.org\/wp-content\/uploads\/2026\/01\/756dff7a-1d5f-448c-b3fe-938bcb31bac1.jpg","type":"image\/jpeg"}],"author":"CFPMaresme","twitter_card":"summary_large_image","twitter_creator":"@cfpmaresme","twitter_site":"@cfpmaresme","twitter_misc":{"Escrito por":"CFPMaresme","Tiempo de lectura":"1 minuto"},"schema":{"@context":"https:\/\/schema.org","@graph":[{"@type":"Article","@id":"https:\/\/cfpmaresme.org\/es\/fem-un-pas-mes-cap-a-laccessibilitat-i-la-inclusio\/#article","isPartOf":{"@id":"https:\/\/cfpmaresme.org\/es\/fem-un-pas-mes-cap-a-laccessibilitat-i-la-inclusio\/"},"author":{"name":"CFPMaresme","@id":"https:\/\/cfpmaresme.org\/#\/schema\/person\/b2634bcd796fafc667ea4055f61b9b2c"},"headline":"Hacemos un paso m\u00e1s hacia la accesibilidad y la inclusi\u00f3n","datePublished":"2025-12-19T08:59:38+00:00","dateModified":"2026-01-08T09:04:26+00:00","mainEntityOfPage":{"@id":"https:\/\/cfpmaresme.org\/es\/fem-un-pas-mes-cap-a-laccessibilitat-i-la-inclusio\/"},"wordCount":89,"image":{"@id":"https:\/\/cfpmaresme.org\/es\/fem-un-pas-mes-cap-a-laccessibilitat-i-la-inclusio\/#primaryimage"},"thumbnailUrl":"https:\/\/cfpmaresme.org\/wp-content\/uploads\/2026\/01\/756dff7a-1d5f-448c-b3fe-938bcb31bac1.jpg","articleSection":["Publicaciones","Servicio Prelaboral","Sociolaboral"],"inLanguage":"es"},{"@type":"WebPage","@id":"https:\/\/cfpmaresme.org\/es\/fem-un-pas-mes-cap-a-laccessibilitat-i-la-inclusio\/","url":"https:\/\/cfpmaresme.org\/es\/fem-un-pas-mes-cap-a-laccessibilitat-i-la-inclusio\/","name":"Hacemos un paso m\u00e1s hacia la accesibilidad y la inclusi\u00f3n | CFP Maresme","isPartOf":{"@id":"https:\/\/cfpmaresme.org\/#website"},"primaryImageOfPage":{"@id":"https:\/\/cfpmaresme.org\/es\/fem-un-pas-mes-cap-a-laccessibilitat-i-la-inclusio\/#primaryimage"},"image":{"@id":"https:\/\/cfpmaresme.org\/es\/fem-un-pas-mes-cap-a-laccessibilitat-i-la-inclusio\/#primaryimage"},"thumbnailUrl":"https:\/\/cfpmaresme.org\/wp-content\/uploads\/2026\/01\/756dff7a-1d5f-448c-b3fe-938bcb31bac1.jpg","datePublished":"2025-12-19T08:59:38+00:00","dateModified":"2026-01-08T09:04:26+00:00","author":{"@id":"https:\/\/cfpmaresme.org\/#\/schema\/person\/b2634bcd796fafc667ea4055f61b9b2c"},"breadcrumb":{"@id":"https:\/\/cfpmaresme.org\/es\/fem-un-pas-mes-cap-a-laccessibilitat-i-la-inclusio\/#breadcrumb"},"inLanguage":"es","potentialAction":[{"@type":"ReadAction","target":["https:\/\/cfpmaresme.org\/es\/fem-un-pas-mes-cap-a-laccessibilitat-i-la-inclusio\/"]}]},{"@type":"ImageObject","inLanguage":"es","@id":"https:\/\/cfpmaresme.org\/es\/fem-un-pas-mes-cap-a-laccessibilitat-i-la-inclusio\/#primaryimage","url":"https:\/\/cfpmaresme.org\/wp-content\/uploads\/2026\/01\/756dff7a-1d5f-448c-b3fe-938bcb31bac1.jpg","contentUrl":"https:\/\/cfpmaresme.org\/wp-content\/uploads\/2026\/01\/756dff7a-1d5f-448c-b3fe-938bcb31bac1.jpg","width":2000,"height":1500},{"@type":"BreadcrumbList","@id":"https:\/\/cfpmaresme.org\/es\/fem-un-pas-mes-cap-a-laccessibilitat-i-la-inclusio\/#breadcrumb","itemListElement":[{"@type":"ListItem","position":1,"name":"Home","item":"https:\/\/cfpmaresme.org\/es\/"},{"@type":"ListItem","position":2,"name":"Hacemos un paso m\u00e1s hacia la accesibilidad y la inclusi\u00f3n"}]},{"@type":"WebSite","@id":"https:\/\/cfpmaresme.org\/#website","url":"https:\/\/cfpmaresme.org\/","name":"CFP Maresme","description":"Centre Formaci\u00f3 Prevenci\u00f3","potentialAction":[{"@type":"SearchAction","target":{"@type":"EntryPoint","urlTemplate":"https:\/\/cfpmaresme.org\/?s={search_term_string}"},"query-input":{"@type":"PropertyValueSpecification","valueRequired":true,"valueName":"search_term_string"}}],"inLanguage":"es"},{"@type":"Person","@id":"https:\/\/cfpmaresme.org\/#\/schema\/person\/b2634bcd796fafc667ea4055f61b9b2c","name":"CFPMaresme"}]}},"_links":{"self":[{"href":"https:\/\/cfpmaresme.org\/es\/wp-json\/wp\/v2\/posts\/112161","targetHints":{"allow":["GET"]}}],"collection":[{"href":"https:\/\/cfpmaresme.org\/es\/wp-json\/wp\/v2\/posts"}],"about":[{"href":"https:\/\/cfpmaresme.org\/es\/wp-json\/wp\/v2\/types\/post"}],"author":[{"embeddable":true,"href":"https:\/\/cfpmaresme.org\/es\/wp-json\/wp\/v2\/users\/2"}],"replies":[{"embeddable":true,"href":"https:\/\/cfpmaresme.org\/es\/wp-json\/wp\/v2\/comments?post=112161"}],"version-history":[{"count":3,"href":"https:\/\/cfpmaresme.org\/es\/wp-json\/wp\/v2\/posts\/112161\/revisions"}],"predecessor-version":[{"id":112164,"href":"https:\/\/cfpmaresme.org\/es\/wp-json\/wp\/v2\/posts\/112161\/revisions\/112164"}],"wp:featuredmedia":[{"embeddable":true,"href":"https:\/\/cfpmaresme.org\/es\/wp-json\/wp\/v2\/media\/112159"}],"wp:attachment":[{"href":"https:\/\/cfpmaresme.org\/es\/wp-json\/wp\/v2\/media?parent=112161"}],"wp:term":[{"taxonomy":"category","embeddable":true,"href":"https:\/\/cfpmaresme.org\/es\/wp-json\/wp\/v2\/categories?post=112161"},{"taxonomy":"post_tag","embeddable":true,"href":"https:\/\/cfpmaresme.org\/es\/wp-json\/wp\/v2\/tags?post=112161"}],"curies":[{"name":"wp","href":"https:\/\/api.w.org\/{rel}","templated":true}]}}