{"id":112225,"date":"2025-12-05T11:53:24","date_gmt":"2025-12-05T09:53:24","guid":{"rendered":"https:\/\/cfpmaresme.org\/?p=112225"},"modified":"2026-01-15T12:38:13","modified_gmt":"2026-01-15T10:38:13","slug":"lequip-dintermediacio-laboral-participa-en-una-formacio-per-millorar-la-motivacio-i-la-vinculacio-amb-les-persones-ateses","status":"publish","type":"post","link":"https:\/\/cfpmaresme.org\/es\/lequip-dintermediacio-laboral-participa-en-una-formacio-per-millorar-la-motivacio-i-la-vinculacio-amb-les-persones-ateses\/","title":{"rendered":"El equipo de Intermediaci\u00f3n Laboral participa en una formaci\u00f3n para mejorar la motivaci\u00f3n y el v\u00ednculo con las personas atendidas"},"content":{"rendered":"<p data-start=\"298\" data-end=\"584\">Parte del equipo de <strong data-start=\"318\" data-end=\"381\">Intermediaci\u00f3n Laboral del Centro de Formaci\u00f3n y Prevenci\u00f3n<\/strong> ha participado recientemente en una formaci\u00f3n impulsada por <strong data-start=\"442\" data-end=\"460\">Matar\u00f3 Orienta<\/strong>, con el objetivo de mejorar la calidad de la atenci\u00f3n a las personas participantes de los itinerarios de inserci\u00f3n laboral.<\/p>\n<p data-start=\"586\" data-end=\"1006\">La formaci\u00f3n, titulada <strong data-start=\"609\" data-end=\"698\">\u201cC\u00f3mo mantener y\/o mejorar la motivaci\u00f3n y el v\u00ednculo con las personas que atendemos\u201d<\/strong>, se llev\u00f3 a cabo los d\u00edas <strong data-start=\"725\" data-end=\"761\">25 de noviembre y 3 de diciembre<\/strong> en el <strong data-start=\"768\" data-end=\"795\">Espacio Matar\u00f3 Connecta<\/strong>. Fue organizada por el <strong data-start=\"819\" data-end=\"845\">Ayuntamiento de Matar\u00f3<\/strong> y <strong data-start=\"848\" data-end=\"866\">Matar\u00f3 Orienta<\/strong>, con la colaboraci\u00f3n de <strong data-start=\"891\" data-end=\"905\">La Biscuit<\/strong>, consultor\u00eda especializada en el desarrollo competencial de profesionales de la intervenci\u00f3n social.<\/p>\n<p data-start=\"586\" data-end=\"1006\">\n<h3 data-start=\"1008\" data-end=\"1071\">Una metodolog\u00eda pr\u00e1ctica para abordar situaciones complejas<\/h3>\n<p data-start=\"1073\" data-end=\"1288\">Durante las sesiones se present\u00f3 la <strong data-start=\"1109\" data-end=\"1157\">metodolog\u00eda SAM (Scene Analysis Methodology)<\/strong>, una herramienta dise\u00f1ada para analizar casos reales y situaciones complejas que se dan en el d\u00eda a d\u00eda de la intervenci\u00f3n social.<\/p>\n<p data-start=\"1290\" data-end=\"1574\">A trav\u00e9s de la simulaci\u00f3n de situaciones y casos pr\u00e1cticos, la metodolog\u00eda SAM pone en escena a los y las profesionales para que puedan practicar conversaciones e intervenciones complejas, incorporar nuevos aprendizajes y reflexionar de forma compartida sobre su pr\u00e1ctica profesional.<\/p>\n<p data-start=\"1576\" data-end=\"1785\">Este enfoque permite ofrecer herramientas y recursos para trabajar la motivaci\u00f3n y el v\u00ednculo de las personas usuarias que presentan dificultades a\u00f1adidas para desarrollar sus itinerarios de inserci\u00f3n laboral.<\/p>\n<p data-start=\"1787\" data-end=\"2029\">Desde el <strong data-start=\"1796\" data-end=\"1832\">Centro de Formaci\u00f3n y Prevenci\u00f3n<\/strong> valoramos muy positivamente este tipo de espacios formativos, que contribuyen a fortalecer las competencias de los equipos y a mejorar el acompa\u00f1amiento que ofrecemos a las personas que atendemos.<\/p>\n","protected":false},"excerpt":{"rendered":"<p>Parte del equipo de Intermediaci\u00f3n Laboral del Centro de Formaci\u00f3n y Prevenci\u00f3n ha participado recientemente en una formaci\u00f3n impulsada por Matar\u00f3 Orienta, con el objetivo de mejorar la calidad de la atenci\u00f3n a las personas participantes de los itinerarios de inserci\u00f3n laboral. La formaci\u00f3n, titulada&#8230;<\/p>\n","protected":false},"author":2,"featured_media":112230,"comment_status":"closed","ping_status":"closed","sticky":false,"template":"","format":"standard","meta":{"footnotes":""},"categories":[1193,1270,1259,1269],"tags":[],"class_list":["post-112225","post","type-post","status-publish","format-standard","has-post-thumbnail","hentry","category-servicio-de-formacion-e-intermediacion-laboral","category-intermediacio-laboral-la-clau-es","category-publicaciones","category-sociolaboral-publicacions-es"],"yoast_head":"<!-- This site is optimized with the Yoast SEO plugin v27.4 - https:\/\/yoast.com\/product\/yoast-seo-wordpress\/ -->\n<title>El equipo de Intermediaci\u00f3n Laboral participa en una formaci\u00f3n para mejorar la motivaci\u00f3n y el v\u00ednculo con las personas atendidas | CFP Maresme<\/title>\n<meta name=\"robots\" content=\"index, follow, max-snippet:-1, max-image-preview:large, max-video-preview:-1\" \/>\n<link rel=\"canonical\" href=\"https:\/\/cfpmaresme.org\/es\/lequip-dintermediacio-laboral-participa-en-una-formacio-per-millorar-la-motivacio-i-la-vinculacio-amb-les-persones-ateses\/\" \/>\n<meta property=\"og:locale\" content=\"es_ES\" \/>\n<meta property=\"og:type\" content=\"article\" \/>\n<meta property=\"og:title\" content=\"El equipo de Intermediaci\u00f3n Laboral participa en una formaci\u00f3n para mejorar la motivaci\u00f3n y el v\u00ednculo con las personas atendidas | CFP Maresme\" \/>\n<meta property=\"og:description\" content=\"Parte del equipo de Intermediaci\u00f3n Laboral del Centro de Formaci\u00f3n y Prevenci\u00f3n ha participado recientemente en una formaci\u00f3n impulsada por Matar\u00f3 Orienta, con el objetivo de mejorar la calidad de la atenci\u00f3n a las personas participantes de los itinerarios de inserci\u00f3n laboral. La formaci\u00f3n, titulada...\" \/>\n<meta property=\"og:url\" content=\"https:\/\/cfpmaresme.org\/es\/lequip-dintermediacio-laboral-participa-en-una-formacio-per-millorar-la-motivacio-i-la-vinculacio-amb-les-persones-ateses\/\" \/>\n<meta property=\"og:site_name\" content=\"CFP Maresme\" \/>\n<meta property=\"article:published_time\" content=\"2025-12-05T09:53:24+00:00\" \/>\n<meta property=\"article:modified_time\" content=\"2026-01-15T10:38:13+00:00\" \/>\n<meta property=\"og:image\" content=\"https:\/\/cfpmaresme.org\/wp-content\/uploads\/2025\/12\/Captura-de-pantalla-2026-01-19-100203.png\" \/>\n\t<meta property=\"og:image:width\" content=\"677\" \/>\n\t<meta property=\"og:image:height\" content=\"331\" \/>\n\t<meta property=\"og:image:type\" content=\"image\/png\" \/>\n<meta name=\"author\" content=\"CFPMaresme\" \/>\n<meta name=\"twitter:card\" content=\"summary_large_image\" \/>\n<meta name=\"twitter:creator\" content=\"@cfpmaresme\" \/>\n<meta name=\"twitter:site\" content=\"@cfpmaresme\" \/>\n<meta name=\"twitter:label1\" content=\"Escrito por\" \/>\n\t<meta name=\"twitter:data1\" content=\"CFPMaresme\" \/>\n\t<meta name=\"twitter:label2\" content=\"Tiempo de lectura\" \/>\n\t<meta name=\"twitter:data2\" content=\"2 minutos\" \/>\n<script type=\"application\/ld+json\" class=\"yoast-schema-graph\">{\"@context\":\"https:\\\/\\\/schema.org\",\"@graph\":[{\"@type\":\"Article\",\"@id\":\"https:\\\/\\\/cfpmaresme.org\\\/es\\\/lequip-dintermediacio-laboral-participa-en-una-formacio-per-millorar-la-motivacio-i-la-vinculacio-amb-les-persones-ateses\\\/#article\",\"isPartOf\":{\"@id\":\"https:\\\/\\\/cfpmaresme.org\\\/es\\\/lequip-dintermediacio-laboral-participa-en-una-formacio-per-millorar-la-motivacio-i-la-vinculacio-amb-les-persones-ateses\\\/\"},\"author\":{\"name\":\"CFPMaresme\",\"@id\":\"https:\\\/\\\/cfpmaresme.org\\\/#\\\/schema\\\/person\\\/b2634bcd796fafc667ea4055f61b9b2c\"},\"headline\":\"El equipo de Intermediaci\u00f3n Laboral participa en una formaci\u00f3n para mejorar la motivaci\u00f3n y el v\u00ednculo con las personas atendidas\",\"datePublished\":\"2025-12-05T09:53:24+00:00\",\"dateModified\":\"2026-01-15T10:38:13+00:00\",\"mainEntityOfPage\":{\"@id\":\"https:\\\/\\\/cfpmaresme.org\\\/es\\\/lequip-dintermediacio-laboral-participa-en-una-formacio-per-millorar-la-motivacio-i-la-vinculacio-amb-les-persones-ateses\\\/\"},\"wordCount\":307,\"image\":{\"@id\":\"https:\\\/\\\/cfpmaresme.org\\\/es\\\/lequip-dintermediacio-laboral-participa-en-una-formacio-per-millorar-la-motivacio-i-la-vinculacio-amb-les-persones-ateses\\\/#primaryimage\"},\"thumbnailUrl\":\"https:\\\/\\\/cfpmaresme.org\\\/wp-content\\\/uploads\\\/2025\\\/12\\\/Captura-de-pantalla-2026-01-19-100203.png\",\"articleSection\":[\"Formaci\u00f3n e Intermediaci\u00f3n Laboral\",\"Intermediaci\u00f3 Laboral: la clau\",\"Publicaciones\",\"Sociolaboral\"],\"inLanguage\":\"es\"},{\"@type\":\"WebPage\",\"@id\":\"https:\\\/\\\/cfpmaresme.org\\\/es\\\/lequip-dintermediacio-laboral-participa-en-una-formacio-per-millorar-la-motivacio-i-la-vinculacio-amb-les-persones-ateses\\\/\",\"url\":\"https:\\\/\\\/cfpmaresme.org\\\/es\\\/lequip-dintermediacio-laboral-participa-en-una-formacio-per-millorar-la-motivacio-i-la-vinculacio-amb-les-persones-ateses\\\/\",\"name\":\"El equipo de Intermediaci\u00f3n Laboral participa en una formaci\u00f3n para mejorar la motivaci\u00f3n y el v\u00ednculo con las personas atendidas | CFP Maresme\",\"isPartOf\":{\"@id\":\"https:\\\/\\\/cfpmaresme.org\\\/#website\"},\"primaryImageOfPage\":{\"@id\":\"https:\\\/\\\/cfpmaresme.org\\\/es\\\/lequip-dintermediacio-laboral-participa-en-una-formacio-per-millorar-la-motivacio-i-la-vinculacio-amb-les-persones-ateses\\\/#primaryimage\"},\"image\":{\"@id\":\"https:\\\/\\\/cfpmaresme.org\\\/es\\\/lequip-dintermediacio-laboral-participa-en-una-formacio-per-millorar-la-motivacio-i-la-vinculacio-amb-les-persones-ateses\\\/#primaryimage\"},\"thumbnailUrl\":\"https:\\\/\\\/cfpmaresme.org\\\/wp-content\\\/uploads\\\/2025\\\/12\\\/Captura-de-pantalla-2026-01-19-100203.png\",\"datePublished\":\"2025-12-05T09:53:24+00:00\",\"dateModified\":\"2026-01-15T10:38:13+00:00\",\"author\":{\"@id\":\"https:\\\/\\\/cfpmaresme.org\\\/#\\\/schema\\\/person\\\/b2634bcd796fafc667ea4055f61b9b2c\"},\"breadcrumb\":{\"@id\":\"https:\\\/\\\/cfpmaresme.org\\\/es\\\/lequip-dintermediacio-laboral-participa-en-una-formacio-per-millorar-la-motivacio-i-la-vinculacio-amb-les-persones-ateses\\\/#breadcrumb\"},\"inLanguage\":\"es\",\"potentialAction\":[{\"@type\":\"ReadAction\",\"target\":[\"https:\\\/\\\/cfpmaresme.org\\\/es\\\/lequip-dintermediacio-laboral-participa-en-una-formacio-per-millorar-la-motivacio-i-la-vinculacio-amb-les-persones-ateses\\\/\"]}]},{\"@type\":\"ImageObject\",\"inLanguage\":\"es\",\"@id\":\"https:\\\/\\\/cfpmaresme.org\\\/es\\\/lequip-dintermediacio-laboral-participa-en-una-formacio-per-millorar-la-motivacio-i-la-vinculacio-amb-les-persones-ateses\\\/#primaryimage\",\"url\":\"https:\\\/\\\/cfpmaresme.org\\\/wp-content\\\/uploads\\\/2025\\\/12\\\/Captura-de-pantalla-2026-01-19-100203.png\",\"contentUrl\":\"https:\\\/\\\/cfpmaresme.org\\\/wp-content\\\/uploads\\\/2025\\\/12\\\/Captura-de-pantalla-2026-01-19-100203.png\",\"width\":677,\"height\":331},{\"@type\":\"BreadcrumbList\",\"@id\":\"https:\\\/\\\/cfpmaresme.org\\\/es\\\/lequip-dintermediacio-laboral-participa-en-una-formacio-per-millorar-la-motivacio-i-la-vinculacio-amb-les-persones-ateses\\\/#breadcrumb\",\"itemListElement\":[{\"@type\":\"ListItem\",\"position\":1,\"name\":\"Home\",\"item\":\"https:\\\/\\\/cfpmaresme.org\\\/es\\\/\"},{\"@type\":\"ListItem\",\"position\":2,\"name\":\"El equipo de Intermediaci\u00f3n Laboral participa en una formaci\u00f3n para mejorar la motivaci\u00f3n y el v\u00ednculo con las personas atendidas\"}]},{\"@type\":\"WebSite\",\"@id\":\"https:\\\/\\\/cfpmaresme.org\\\/#website\",\"url\":\"https:\\\/\\\/cfpmaresme.org\\\/\",\"name\":\"CFP Maresme\",\"description\":\"Centre Formaci\u00f3 Prevenci\u00f3\",\"potentialAction\":[{\"@type\":\"SearchAction\",\"target\":{\"@type\":\"EntryPoint\",\"urlTemplate\":\"https:\\\/\\\/cfpmaresme.org\\\/?s={search_term_string}\"},\"query-input\":{\"@type\":\"PropertyValueSpecification\",\"valueRequired\":true,\"valueName\":\"search_term_string\"}}],\"inLanguage\":\"es\"},{\"@type\":\"Person\",\"@id\":\"https:\\\/\\\/cfpmaresme.org\\\/#\\\/schema\\\/person\\\/b2634bcd796fafc667ea4055f61b9b2c\",\"name\":\"CFPMaresme\"}]}<\/script>\n<!-- \/ Yoast SEO plugin. -->","yoast_head_json":{"title":"El equipo de Intermediaci\u00f3n Laboral participa en una formaci\u00f3n para mejorar la motivaci\u00f3n y el v\u00ednculo con las personas atendidas | CFP Maresme","robots":{"index":"index","follow":"follow","max-snippet":"max-snippet:-1","max-image-preview":"max-image-preview:large","max-video-preview":"max-video-preview:-1"},"canonical":"https:\/\/cfpmaresme.org\/es\/lequip-dintermediacio-laboral-participa-en-una-formacio-per-millorar-la-motivacio-i-la-vinculacio-amb-les-persones-ateses\/","og_locale":"es_ES","og_type":"article","og_title":"El equipo de Intermediaci\u00f3n Laboral participa en una formaci\u00f3n para mejorar la motivaci\u00f3n y el v\u00ednculo con las personas atendidas | CFP Maresme","og_description":"Parte del equipo de Intermediaci\u00f3n Laboral del Centro de Formaci\u00f3n y Prevenci\u00f3n ha participado recientemente en una formaci\u00f3n impulsada por Matar\u00f3 Orienta, con el objetivo de mejorar la calidad de la atenci\u00f3n a las personas participantes de los itinerarios de inserci\u00f3n laboral. La formaci\u00f3n, titulada...","og_url":"https:\/\/cfpmaresme.org\/es\/lequip-dintermediacio-laboral-participa-en-una-formacio-per-millorar-la-motivacio-i-la-vinculacio-amb-les-persones-ateses\/","og_site_name":"CFP Maresme","article_published_time":"2025-12-05T09:53:24+00:00","article_modified_time":"2026-01-15T10:38:13+00:00","og_image":[{"width":677,"height":331,"url":"https:\/\/cfpmaresme.org\/wp-content\/uploads\/2025\/12\/Captura-de-pantalla-2026-01-19-100203.png","type":"image\/png"}],"author":"CFPMaresme","twitter_card":"summary_large_image","twitter_creator":"@cfpmaresme","twitter_site":"@cfpmaresme","twitter_misc":{"Escrito por":"CFPMaresme","Tiempo de lectura":"2 minutos"},"schema":{"@context":"https:\/\/schema.org","@graph":[{"@type":"Article","@id":"https:\/\/cfpmaresme.org\/es\/lequip-dintermediacio-laboral-participa-en-una-formacio-per-millorar-la-motivacio-i-la-vinculacio-amb-les-persones-ateses\/#article","isPartOf":{"@id":"https:\/\/cfpmaresme.org\/es\/lequip-dintermediacio-laboral-participa-en-una-formacio-per-millorar-la-motivacio-i-la-vinculacio-amb-les-persones-ateses\/"},"author":{"name":"CFPMaresme","@id":"https:\/\/cfpmaresme.org\/#\/schema\/person\/b2634bcd796fafc667ea4055f61b9b2c"},"headline":"El equipo de Intermediaci\u00f3n Laboral participa en una formaci\u00f3n para mejorar la motivaci\u00f3n y el v\u00ednculo con las personas atendidas","datePublished":"2025-12-05T09:53:24+00:00","dateModified":"2026-01-15T10:38:13+00:00","mainEntityOfPage":{"@id":"https:\/\/cfpmaresme.org\/es\/lequip-dintermediacio-laboral-participa-en-una-formacio-per-millorar-la-motivacio-i-la-vinculacio-amb-les-persones-ateses\/"},"wordCount":307,"image":{"@id":"https:\/\/cfpmaresme.org\/es\/lequip-dintermediacio-laboral-participa-en-una-formacio-per-millorar-la-motivacio-i-la-vinculacio-amb-les-persones-ateses\/#primaryimage"},"thumbnailUrl":"https:\/\/cfpmaresme.org\/wp-content\/uploads\/2025\/12\/Captura-de-pantalla-2026-01-19-100203.png","articleSection":["Formaci\u00f3n e Intermediaci\u00f3n Laboral","Intermediaci\u00f3 Laboral: la clau","Publicaciones","Sociolaboral"],"inLanguage":"es"},{"@type":"WebPage","@id":"https:\/\/cfpmaresme.org\/es\/lequip-dintermediacio-laboral-participa-en-una-formacio-per-millorar-la-motivacio-i-la-vinculacio-amb-les-persones-ateses\/","url":"https:\/\/cfpmaresme.org\/es\/lequip-dintermediacio-laboral-participa-en-una-formacio-per-millorar-la-motivacio-i-la-vinculacio-amb-les-persones-ateses\/","name":"El equipo de Intermediaci\u00f3n Laboral participa en una formaci\u00f3n para mejorar la motivaci\u00f3n y el v\u00ednculo con las personas atendidas | CFP Maresme","isPartOf":{"@id":"https:\/\/cfpmaresme.org\/#website"},"primaryImageOfPage":{"@id":"https:\/\/cfpmaresme.org\/es\/lequip-dintermediacio-laboral-participa-en-una-formacio-per-millorar-la-motivacio-i-la-vinculacio-amb-les-persones-ateses\/#primaryimage"},"image":{"@id":"https:\/\/cfpmaresme.org\/es\/lequip-dintermediacio-laboral-participa-en-una-formacio-per-millorar-la-motivacio-i-la-vinculacio-amb-les-persones-ateses\/#primaryimage"},"thumbnailUrl":"https:\/\/cfpmaresme.org\/wp-content\/uploads\/2025\/12\/Captura-de-pantalla-2026-01-19-100203.png","datePublished":"2025-12-05T09:53:24+00:00","dateModified":"2026-01-15T10:38:13+00:00","author":{"@id":"https:\/\/cfpmaresme.org\/#\/schema\/person\/b2634bcd796fafc667ea4055f61b9b2c"},"breadcrumb":{"@id":"https:\/\/cfpmaresme.org\/es\/lequip-dintermediacio-laboral-participa-en-una-formacio-per-millorar-la-motivacio-i-la-vinculacio-amb-les-persones-ateses\/#breadcrumb"},"inLanguage":"es","potentialAction":[{"@type":"ReadAction","target":["https:\/\/cfpmaresme.org\/es\/lequip-dintermediacio-laboral-participa-en-una-formacio-per-millorar-la-motivacio-i-la-vinculacio-amb-les-persones-ateses\/"]}]},{"@type":"ImageObject","inLanguage":"es","@id":"https:\/\/cfpmaresme.org\/es\/lequip-dintermediacio-laboral-participa-en-una-formacio-per-millorar-la-motivacio-i-la-vinculacio-amb-les-persones-ateses\/#primaryimage","url":"https:\/\/cfpmaresme.org\/wp-content\/uploads\/2025\/12\/Captura-de-pantalla-2026-01-19-100203.png","contentUrl":"https:\/\/cfpmaresme.org\/wp-content\/uploads\/2025\/12\/Captura-de-pantalla-2026-01-19-100203.png","width":677,"height":331},{"@type":"BreadcrumbList","@id":"https:\/\/cfpmaresme.org\/es\/lequip-dintermediacio-laboral-participa-en-una-formacio-per-millorar-la-motivacio-i-la-vinculacio-amb-les-persones-ateses\/#breadcrumb","itemListElement":[{"@type":"ListItem","position":1,"name":"Home","item":"https:\/\/cfpmaresme.org\/es\/"},{"@type":"ListItem","position":2,"name":"El equipo de Intermediaci\u00f3n Laboral participa en una formaci\u00f3n para mejorar la motivaci\u00f3n y el v\u00ednculo con las personas atendidas"}]},{"@type":"WebSite","@id":"https:\/\/cfpmaresme.org\/#website","url":"https:\/\/cfpmaresme.org\/","name":"CFP Maresme","description":"Centre Formaci\u00f3 Prevenci\u00f3","potentialAction":[{"@type":"SearchAction","target":{"@type":"EntryPoint","urlTemplate":"https:\/\/cfpmaresme.org\/?s={search_term_string}"},"query-input":{"@type":"PropertyValueSpecification","valueRequired":true,"valueName":"search_term_string"}}],"inLanguage":"es"},{"@type":"Person","@id":"https:\/\/cfpmaresme.org\/#\/schema\/person\/b2634bcd796fafc667ea4055f61b9b2c","name":"CFPMaresme"}]}},"_links":{"self":[{"href":"https:\/\/cfpmaresme.org\/es\/wp-json\/wp\/v2\/posts\/112225","targetHints":{"allow":["GET"]}}],"collection":[{"href":"https:\/\/cfpmaresme.org\/es\/wp-json\/wp\/v2\/posts"}],"about":[{"href":"https:\/\/cfpmaresme.org\/es\/wp-json\/wp\/v2\/types\/post"}],"author":[{"embeddable":true,"href":"https:\/\/cfpmaresme.org\/es\/wp-json\/wp\/v2\/users\/2"}],"replies":[{"embeddable":true,"href":"https:\/\/cfpmaresme.org\/es\/wp-json\/wp\/v2\/comments?post=112225"}],"version-history":[{"count":2,"href":"https:\/\/cfpmaresme.org\/es\/wp-json\/wp\/v2\/posts\/112225\/revisions"}],"predecessor-version":[{"id":112227,"href":"https:\/\/cfpmaresme.org\/es\/wp-json\/wp\/v2\/posts\/112225\/revisions\/112227"}],"wp:featuredmedia":[{"embeddable":true,"href":"https:\/\/cfpmaresme.org\/es\/wp-json\/wp\/v2\/media\/112230"}],"wp:attachment":[{"href":"https:\/\/cfpmaresme.org\/es\/wp-json\/wp\/v2\/media?parent=112225"}],"wp:term":[{"taxonomy":"category","embeddable":true,"href":"https:\/\/cfpmaresme.org\/es\/wp-json\/wp\/v2\/categories?post=112225"},{"taxonomy":"post_tag","embeddable":true,"href":"https:\/\/cfpmaresme.org\/es\/wp-json\/wp\/v2\/tags?post=112225"}],"curies":[{"name":"wp","href":"https:\/\/api.w.org\/{rel}","templated":true}]}}