{"id":112490,"date":"2026-02-13T16:16:18","date_gmt":"2026-02-13T14:16:18","guid":{"rendered":"https:\/\/cfpmaresme.org\/et-convidem-a-lacte-inaugural-de-lexposicio-els-tallers-del-cfp-muntatge-i-produccio\/"},"modified":"2026-02-13T17:03:20","modified_gmt":"2026-02-13T15:03:20","slug":"et-convidem-a-lacte-inaugural-de-lexposicio-els-tallers-del-cfp-muntatge-i-produccio","status":"publish","type":"post","link":"https:\/\/cfpmaresme.org\/es\/et-convidem-a-lacte-inaugural-de-lexposicio-els-tallers-del-cfp-muntatge-i-produccio\/","title":{"rendered":"Te invitamos al acto inaugural de la exposici\u00f3n \u00abLos talleres del CFP. Montaje y producci\u00f3n\u00bb."},"content":{"rendered":"<p><img loading=\"lazy\" decoding=\"async\" class=\"size-medium wp-image-112485 alignright\" src=\"http:\/\/cfpmaresme.org\/wp-content\/uploads\/2026\/02\/Els-tallers-del-CFP_Cartell-212x300.jpg\" alt=\"\" width=\"212\" height=\"300\" srcset=\"https:\/\/cfpmaresme.org\/wp-content\/uploads\/2026\/02\/Els-tallers-del-CFP_Cartell-212x300.jpg 212w, https:\/\/cfpmaresme.org\/wp-content\/uploads\/2026\/02\/Els-tallers-del-CFP_Cartell-724x1024.jpg 724w, https:\/\/cfpmaresme.org\/wp-content\/uploads\/2026\/02\/Els-tallers-del-CFP_Cartell-768x1086.jpg 768w, https:\/\/cfpmaresme.org\/wp-content\/uploads\/2026\/02\/Els-tallers-del-CFP_Cartell-1086x1536.jpg 1086w, https:\/\/cfpmaresme.org\/wp-content\/uploads\/2026\/02\/Els-tallers-del-CFP_Cartell-700x990.jpg 700w, https:\/\/cfpmaresme.org\/wp-content\/uploads\/2026\/02\/Els-tallers-del-CFP_Cartell.jpg 1414w\" sizes=\"auto, (max-width: 212px) 100vw, 212px\" \/><\/p>\n<p>Te invitamos a participar en el acto inaugural de la exposici\u00f3n \u00abLos talleres del CFP. Montaje y producci\u00f3n\u00bb, una muestra que<strong> pone en valor la labor<\/strong> que llevamos a cabo desde este servicio <strong>tan emblem\u00e1tico de nuestra entidad.<\/strong><\/p>\n<p>En los talleres del CFP, las personas que atendemos desde la mayor\u00eda de programas y servicios trabajan para<strong> adquirir habilidades personales y laborales<\/strong>.<\/p>\n<p>Adem\u00e1s, los talleres fueron el inicio de la labor del Centro de Formaci\u00f3n y Prevenci\u00f3n a finales de los a\u00f1os setenta, lo que convierte este espacio en una <strong>parte esencial de nuestra historia.<\/strong><\/p>\n<p>&nbsp;<\/p>\n<p><strong>Informaci\u00f3n destacada<\/strong><\/p>\n<p>\ud83d\udcc5 <strong>Fecha:<\/strong> 19 de marzo, coincidiendo con el D\u00eda de San Jos\u00e9, patr\u00f3n de los carpinteros.<br \/>\n\ud83d\udd65 <strong>Hora:<\/strong> de 10.45 h a 13 h<br \/>\n\ud83d\udccd<strong>\u00a0 Lugar:<\/strong> Centre C\u00edvic Espai Gatassa (C\/ de Josep Monserrat i Cuadrada,1. Matar\u00f3)<\/p>\n<p>&nbsp;<\/p>\n<p><strong>Programa del acto.\u00a0<\/strong><\/p>\n<p>10:45 h \u2013 Apertura de puertas.<br \/>\n11:00 h \u2013 Bienvenida de Jaume Clup\u00e9s, director del Centro de Formaci\u00f3n y Prevenci\u00f3n.<br \/>\n11:15 h \u2013 Ponencia \u00abDe Lego a Gepetto\u00bb, a cargo de Jordi L\u00f3pez, psic\u00f3logo del Centro de Formaci\u00f3n y Prevenci\u00f3n.<br \/>\n11:35 h \u2013 Testimonios en primera persona.<br \/>\n12:00 h \u2013 Testimonio familiar del programa SAFIR.<br \/>\n12:05 h \u2013 Turno abierto de palabra.<br \/>\n12:20 h \u2013 Breve interpretaci\u00f3n ac\u00fastica.<br \/>\n12:25 h \u2013 Intervenci\u00f3n institucional.<br \/>\n12:30 h \u2013 Visita guiada a la exposici\u00f3n.<br \/>\n13:00 h \u2013 Entrega de un obsequio elaborado por las personas participantes.<\/p>\n<p>Te puedes inscribir <a href=\"https:\/\/docs.google.com\/forms\/d\/e\/1FAIpQLSfFcMkXEYKUSpV57u0dYP-Mc1-U4994sA5KDTdGAtz9IfONYA\/viewform\" target=\"_blank\" rel=\"noopener\">aqu\u00ed.\u00a0<\/a><\/p>\n<p><strong>\u00a1Esperamos contar con tu presencia!\u00a0<\/strong><\/p>\n<p>&nbsp;<\/p>\n","protected":false},"excerpt":{"rendered":"<p>Te invitamos a participar en el acto inaugural de la exposici\u00f3n \u00abLos talleres del CFP. Montaje y producci\u00f3n\u00bb, una muestra que pone en valor la labor que llevamos a cabo desde este servicio tan emblem\u00e1tico de nuestra entidad. En los talleres del CFP, las personas&#8230;<\/p>\n","protected":false},"author":2,"featured_media":112483,"comment_status":"closed","ping_status":"closed","sticky":false,"template":"","format":"standard","meta":{"footnotes":""},"categories":[1187,1259,1145],"tags":[],"class_list":["post-112490","post","type-post","status-publish","format-standard","has-post-thumbnail","hentry","category-cfp-maresme-es","category-publicaciones","category-sociolaboral"],"yoast_head":"<!-- This site is optimized with the Yoast SEO plugin v27.4 - https:\/\/yoast.com\/product\/yoast-seo-wordpress\/ -->\n<title>Te invitamos al acto inaugural de la exposici\u00f3n \u00abLos talleres del CFP. Montaje y producci\u00f3n\u00bb. | CFP Maresme<\/title>\n<meta name=\"robots\" content=\"index, follow, max-snippet:-1, max-image-preview:large, max-video-preview:-1\" \/>\n<link rel=\"canonical\" href=\"https:\/\/cfpmaresme.org\/es\/et-convidem-a-lacte-inaugural-de-lexposicio-els-tallers-del-cfp-muntatge-i-produccio\/\" \/>\n<meta property=\"og:locale\" content=\"es_ES\" \/>\n<meta property=\"og:type\" content=\"article\" \/>\n<meta property=\"og:title\" content=\"Te invitamos al acto inaugural de la exposici\u00f3n \u00abLos talleres del CFP. Montaje y producci\u00f3n\u00bb. | CFP Maresme\" \/>\n<meta property=\"og:description\" content=\"Te invitamos a participar en el acto inaugural de la exposici\u00f3n \u00abLos talleres del CFP. Montaje y producci\u00f3n\u00bb, una muestra que pone en valor la labor que llevamos a cabo desde este servicio tan emblem\u00e1tico de nuestra entidad. En los talleres del CFP, las personas...\" \/>\n<meta property=\"og:url\" content=\"https:\/\/cfpmaresme.org\/es\/et-convidem-a-lacte-inaugural-de-lexposicio-els-tallers-del-cfp-muntatge-i-produccio\/\" \/>\n<meta property=\"og:site_name\" content=\"CFP Maresme\" \/>\n<meta property=\"article:published_time\" content=\"2026-02-13T14:16:18+00:00\" \/>\n<meta property=\"article:modified_time\" content=\"2026-02-13T15:03:20+00:00\" \/>\n<meta property=\"og:image\" content=\"http:\/\/cfpmaresme.org\/wp-content\/uploads\/2026\/02\/Banner_tallers.jpg\" \/>\n\t<meta property=\"og:image:width\" content=\"600\" \/>\n\t<meta property=\"og:image:height\" content=\"200\" \/>\n\t<meta property=\"og:image:type\" content=\"image\/jpeg\" \/>\n<meta name=\"author\" content=\"CFPMaresme\" \/>\n<meta name=\"twitter:card\" content=\"summary_large_image\" \/>\n<meta name=\"twitter:creator\" content=\"@cfpmaresme\" \/>\n<meta name=\"twitter:site\" content=\"@cfpmaresme\" \/>\n<meta name=\"twitter:label1\" content=\"Escrito por\" \/>\n\t<meta name=\"twitter:data1\" content=\"CFPMaresme\" \/>\n\t<meta name=\"twitter:label2\" content=\"Tiempo de lectura\" \/>\n\t<meta name=\"twitter:data2\" content=\"2 minutos\" \/>\n<script type=\"application\/ld+json\" class=\"yoast-schema-graph\">{\"@context\":\"https:\\\/\\\/schema.org\",\"@graph\":[{\"@type\":\"Article\",\"@id\":\"https:\\\/\\\/cfpmaresme.org\\\/es\\\/et-convidem-a-lacte-inaugural-de-lexposicio-els-tallers-del-cfp-muntatge-i-produccio\\\/#article\",\"isPartOf\":{\"@id\":\"https:\\\/\\\/cfpmaresme.org\\\/es\\\/et-convidem-a-lacte-inaugural-de-lexposicio-els-tallers-del-cfp-muntatge-i-produccio\\\/\"},\"author\":{\"name\":\"CFPMaresme\",\"@id\":\"https:\\\/\\\/cfpmaresme.org\\\/#\\\/schema\\\/person\\\/b2634bcd796fafc667ea4055f61b9b2c\"},\"headline\":\"Te invitamos al acto inaugural de la exposici\u00f3n \u00abLos talleres del CFP. Montaje y producci\u00f3n\u00bb.\",\"datePublished\":\"2026-02-13T14:16:18+00:00\",\"dateModified\":\"2026-02-13T15:03:20+00:00\",\"mainEntityOfPage\":{\"@id\":\"https:\\\/\\\/cfpmaresme.org\\\/es\\\/et-convidem-a-lacte-inaugural-de-lexposicio-els-tallers-del-cfp-muntatge-i-produccio\\\/\"},\"wordCount\":255,\"image\":{\"@id\":\"https:\\\/\\\/cfpmaresme.org\\\/es\\\/et-convidem-a-lacte-inaugural-de-lexposicio-els-tallers-del-cfp-muntatge-i-produccio\\\/#primaryimage\"},\"thumbnailUrl\":\"https:\\\/\\\/cfpmaresme.org\\\/wp-content\\\/uploads\\\/2026\\\/02\\\/Banner_tallers.jpg\",\"articleSection\":[\"CFP Maresme\",\"Publicaciones\",\"Sociolaboral\"],\"inLanguage\":\"es\"},{\"@type\":\"WebPage\",\"@id\":\"https:\\\/\\\/cfpmaresme.org\\\/es\\\/et-convidem-a-lacte-inaugural-de-lexposicio-els-tallers-del-cfp-muntatge-i-produccio\\\/\",\"url\":\"https:\\\/\\\/cfpmaresme.org\\\/es\\\/et-convidem-a-lacte-inaugural-de-lexposicio-els-tallers-del-cfp-muntatge-i-produccio\\\/\",\"name\":\"Te invitamos al acto inaugural de la exposici\u00f3n \u00abLos talleres del CFP. Montaje y producci\u00f3n\u00bb. | CFP Maresme\",\"isPartOf\":{\"@id\":\"https:\\\/\\\/cfpmaresme.org\\\/#website\"},\"primaryImageOfPage\":{\"@id\":\"https:\\\/\\\/cfpmaresme.org\\\/es\\\/et-convidem-a-lacte-inaugural-de-lexposicio-els-tallers-del-cfp-muntatge-i-produccio\\\/#primaryimage\"},\"image\":{\"@id\":\"https:\\\/\\\/cfpmaresme.org\\\/es\\\/et-convidem-a-lacte-inaugural-de-lexposicio-els-tallers-del-cfp-muntatge-i-produccio\\\/#primaryimage\"},\"thumbnailUrl\":\"https:\\\/\\\/cfpmaresme.org\\\/wp-content\\\/uploads\\\/2026\\\/02\\\/Banner_tallers.jpg\",\"datePublished\":\"2026-02-13T14:16:18+00:00\",\"dateModified\":\"2026-02-13T15:03:20+00:00\",\"author\":{\"@id\":\"https:\\\/\\\/cfpmaresme.org\\\/#\\\/schema\\\/person\\\/b2634bcd796fafc667ea4055f61b9b2c\"},\"breadcrumb\":{\"@id\":\"https:\\\/\\\/cfpmaresme.org\\\/es\\\/et-convidem-a-lacte-inaugural-de-lexposicio-els-tallers-del-cfp-muntatge-i-produccio\\\/#breadcrumb\"},\"inLanguage\":\"es\",\"potentialAction\":[{\"@type\":\"ReadAction\",\"target\":[\"https:\\\/\\\/cfpmaresme.org\\\/es\\\/et-convidem-a-lacte-inaugural-de-lexposicio-els-tallers-del-cfp-muntatge-i-produccio\\\/\"]}]},{\"@type\":\"ImageObject\",\"inLanguage\":\"es\",\"@id\":\"https:\\\/\\\/cfpmaresme.org\\\/es\\\/et-convidem-a-lacte-inaugural-de-lexposicio-els-tallers-del-cfp-muntatge-i-produccio\\\/#primaryimage\",\"url\":\"https:\\\/\\\/cfpmaresme.org\\\/wp-content\\\/uploads\\\/2026\\\/02\\\/Banner_tallers.jpg\",\"contentUrl\":\"https:\\\/\\\/cfpmaresme.org\\\/wp-content\\\/uploads\\\/2026\\\/02\\\/Banner_tallers.jpg\",\"width\":600,\"height\":200},{\"@type\":\"BreadcrumbList\",\"@id\":\"https:\\\/\\\/cfpmaresme.org\\\/es\\\/et-convidem-a-lacte-inaugural-de-lexposicio-els-tallers-del-cfp-muntatge-i-produccio\\\/#breadcrumb\",\"itemListElement\":[{\"@type\":\"ListItem\",\"position\":1,\"name\":\"Home\",\"item\":\"https:\\\/\\\/cfpmaresme.org\\\/es\\\/\"},{\"@type\":\"ListItem\",\"position\":2,\"name\":\"Te invitamos al acto inaugural de la exposici\u00f3n \u00abLos talleres del CFP. Montaje y producci\u00f3n\u00bb.\"}]},{\"@type\":\"WebSite\",\"@id\":\"https:\\\/\\\/cfpmaresme.org\\\/#website\",\"url\":\"https:\\\/\\\/cfpmaresme.org\\\/\",\"name\":\"CFP Maresme\",\"description\":\"Centre Formaci\u00f3 Prevenci\u00f3\",\"potentialAction\":[{\"@type\":\"SearchAction\",\"target\":{\"@type\":\"EntryPoint\",\"urlTemplate\":\"https:\\\/\\\/cfpmaresme.org\\\/?s={search_term_string}\"},\"query-input\":{\"@type\":\"PropertyValueSpecification\",\"valueRequired\":true,\"valueName\":\"search_term_string\"}}],\"inLanguage\":\"es\"},{\"@type\":\"Person\",\"@id\":\"https:\\\/\\\/cfpmaresme.org\\\/#\\\/schema\\\/person\\\/b2634bcd796fafc667ea4055f61b9b2c\",\"name\":\"CFPMaresme\"}]}<\/script>\n<!-- \/ Yoast SEO plugin. -->","yoast_head_json":{"title":"Te invitamos al acto inaugural de la exposici\u00f3n \u00abLos talleres del CFP. Montaje y producci\u00f3n\u00bb. | CFP Maresme","robots":{"index":"index","follow":"follow","max-snippet":"max-snippet:-1","max-image-preview":"max-image-preview:large","max-video-preview":"max-video-preview:-1"},"canonical":"https:\/\/cfpmaresme.org\/es\/et-convidem-a-lacte-inaugural-de-lexposicio-els-tallers-del-cfp-muntatge-i-produccio\/","og_locale":"es_ES","og_type":"article","og_title":"Te invitamos al acto inaugural de la exposici\u00f3n \u00abLos talleres del CFP. Montaje y producci\u00f3n\u00bb. | CFP Maresme","og_description":"Te invitamos a participar en el acto inaugural de la exposici\u00f3n \u00abLos talleres del CFP. Montaje y producci\u00f3n\u00bb, una muestra que pone en valor la labor que llevamos a cabo desde este servicio tan emblem\u00e1tico de nuestra entidad. En los talleres del CFP, las personas...","og_url":"https:\/\/cfpmaresme.org\/es\/et-convidem-a-lacte-inaugural-de-lexposicio-els-tallers-del-cfp-muntatge-i-produccio\/","og_site_name":"CFP Maresme","article_published_time":"2026-02-13T14:16:18+00:00","article_modified_time":"2026-02-13T15:03:20+00:00","og_image":[{"width":600,"height":200,"url":"http:\/\/cfpmaresme.org\/wp-content\/uploads\/2026\/02\/Banner_tallers.jpg","type":"image\/jpeg"}],"author":"CFPMaresme","twitter_card":"summary_large_image","twitter_creator":"@cfpmaresme","twitter_site":"@cfpmaresme","twitter_misc":{"Escrito por":"CFPMaresme","Tiempo de lectura":"2 minutos"},"schema":{"@context":"https:\/\/schema.org","@graph":[{"@type":"Article","@id":"https:\/\/cfpmaresme.org\/es\/et-convidem-a-lacte-inaugural-de-lexposicio-els-tallers-del-cfp-muntatge-i-produccio\/#article","isPartOf":{"@id":"https:\/\/cfpmaresme.org\/es\/et-convidem-a-lacte-inaugural-de-lexposicio-els-tallers-del-cfp-muntatge-i-produccio\/"},"author":{"name":"CFPMaresme","@id":"https:\/\/cfpmaresme.org\/#\/schema\/person\/b2634bcd796fafc667ea4055f61b9b2c"},"headline":"Te invitamos al acto inaugural de la exposici\u00f3n \u00abLos talleres del CFP. Montaje y producci\u00f3n\u00bb.","datePublished":"2026-02-13T14:16:18+00:00","dateModified":"2026-02-13T15:03:20+00:00","mainEntityOfPage":{"@id":"https:\/\/cfpmaresme.org\/es\/et-convidem-a-lacte-inaugural-de-lexposicio-els-tallers-del-cfp-muntatge-i-produccio\/"},"wordCount":255,"image":{"@id":"https:\/\/cfpmaresme.org\/es\/et-convidem-a-lacte-inaugural-de-lexposicio-els-tallers-del-cfp-muntatge-i-produccio\/#primaryimage"},"thumbnailUrl":"https:\/\/cfpmaresme.org\/wp-content\/uploads\/2026\/02\/Banner_tallers.jpg","articleSection":["CFP Maresme","Publicaciones","Sociolaboral"],"inLanguage":"es"},{"@type":"WebPage","@id":"https:\/\/cfpmaresme.org\/es\/et-convidem-a-lacte-inaugural-de-lexposicio-els-tallers-del-cfp-muntatge-i-produccio\/","url":"https:\/\/cfpmaresme.org\/es\/et-convidem-a-lacte-inaugural-de-lexposicio-els-tallers-del-cfp-muntatge-i-produccio\/","name":"Te invitamos al acto inaugural de la exposici\u00f3n \u00abLos talleres del CFP. Montaje y producci\u00f3n\u00bb. | CFP Maresme","isPartOf":{"@id":"https:\/\/cfpmaresme.org\/#website"},"primaryImageOfPage":{"@id":"https:\/\/cfpmaresme.org\/es\/et-convidem-a-lacte-inaugural-de-lexposicio-els-tallers-del-cfp-muntatge-i-produccio\/#primaryimage"},"image":{"@id":"https:\/\/cfpmaresme.org\/es\/et-convidem-a-lacte-inaugural-de-lexposicio-els-tallers-del-cfp-muntatge-i-produccio\/#primaryimage"},"thumbnailUrl":"https:\/\/cfpmaresme.org\/wp-content\/uploads\/2026\/02\/Banner_tallers.jpg","datePublished":"2026-02-13T14:16:18+00:00","dateModified":"2026-02-13T15:03:20+00:00","author":{"@id":"https:\/\/cfpmaresme.org\/#\/schema\/person\/b2634bcd796fafc667ea4055f61b9b2c"},"breadcrumb":{"@id":"https:\/\/cfpmaresme.org\/es\/et-convidem-a-lacte-inaugural-de-lexposicio-els-tallers-del-cfp-muntatge-i-produccio\/#breadcrumb"},"inLanguage":"es","potentialAction":[{"@type":"ReadAction","target":["https:\/\/cfpmaresme.org\/es\/et-convidem-a-lacte-inaugural-de-lexposicio-els-tallers-del-cfp-muntatge-i-produccio\/"]}]},{"@type":"ImageObject","inLanguage":"es","@id":"https:\/\/cfpmaresme.org\/es\/et-convidem-a-lacte-inaugural-de-lexposicio-els-tallers-del-cfp-muntatge-i-produccio\/#primaryimage","url":"https:\/\/cfpmaresme.org\/wp-content\/uploads\/2026\/02\/Banner_tallers.jpg","contentUrl":"https:\/\/cfpmaresme.org\/wp-content\/uploads\/2026\/02\/Banner_tallers.jpg","width":600,"height":200},{"@type":"BreadcrumbList","@id":"https:\/\/cfpmaresme.org\/es\/et-convidem-a-lacte-inaugural-de-lexposicio-els-tallers-del-cfp-muntatge-i-produccio\/#breadcrumb","itemListElement":[{"@type":"ListItem","position":1,"name":"Home","item":"https:\/\/cfpmaresme.org\/es\/"},{"@type":"ListItem","position":2,"name":"Te invitamos al acto inaugural de la exposici\u00f3n \u00abLos talleres del CFP. Montaje y producci\u00f3n\u00bb."}]},{"@type":"WebSite","@id":"https:\/\/cfpmaresme.org\/#website","url":"https:\/\/cfpmaresme.org\/","name":"CFP Maresme","description":"Centre Formaci\u00f3 Prevenci\u00f3","potentialAction":[{"@type":"SearchAction","target":{"@type":"EntryPoint","urlTemplate":"https:\/\/cfpmaresme.org\/?s={search_term_string}"},"query-input":{"@type":"PropertyValueSpecification","valueRequired":true,"valueName":"search_term_string"}}],"inLanguage":"es"},{"@type":"Person","@id":"https:\/\/cfpmaresme.org\/#\/schema\/person\/b2634bcd796fafc667ea4055f61b9b2c","name":"CFPMaresme"}]}},"_links":{"self":[{"href":"https:\/\/cfpmaresme.org\/es\/wp-json\/wp\/v2\/posts\/112490","targetHints":{"allow":["GET"]}}],"collection":[{"href":"https:\/\/cfpmaresme.org\/es\/wp-json\/wp\/v2\/posts"}],"about":[{"href":"https:\/\/cfpmaresme.org\/es\/wp-json\/wp\/v2\/types\/post"}],"author":[{"embeddable":true,"href":"https:\/\/cfpmaresme.org\/es\/wp-json\/wp\/v2\/users\/2"}],"replies":[{"embeddable":true,"href":"https:\/\/cfpmaresme.org\/es\/wp-json\/wp\/v2\/comments?post=112490"}],"version-history":[{"count":3,"href":"https:\/\/cfpmaresme.org\/es\/wp-json\/wp\/v2\/posts\/112490\/revisions"}],"predecessor-version":[{"id":112493,"href":"https:\/\/cfpmaresme.org\/es\/wp-json\/wp\/v2\/posts\/112490\/revisions\/112493"}],"wp:featuredmedia":[{"embeddable":true,"href":"https:\/\/cfpmaresme.org\/es\/wp-json\/wp\/v2\/media\/112483"}],"wp:attachment":[{"href":"https:\/\/cfpmaresme.org\/es\/wp-json\/wp\/v2\/media?parent=112490"}],"wp:term":[{"taxonomy":"category","embeddable":true,"href":"https:\/\/cfpmaresme.org\/es\/wp-json\/wp\/v2\/categories?post=112490"},{"taxonomy":"post_tag","embeddable":true,"href":"https:\/\/cfpmaresme.org\/es\/wp-json\/wp\/v2\/tags?post=112490"}],"curies":[{"name":"wp","href":"https:\/\/api.w.org\/{rel}","templated":true}]}}