{"id":112583,"date":"2026-03-02T12:42:30","date_gmt":"2026-03-02T10:42:30","guid":{"rendered":"https:\/\/cfpmaresme.org\/trobada-de-les-entitats-de-caixa-proinfancia-a-mataro-i-experiencia-amb-realitat-immersiva\/"},"modified":"2026-03-02T12:53:48","modified_gmt":"2026-03-02T10:53:48","slug":"trobada-de-les-entitats-de-caixa-proinfancia-a-mataro-i-experiencia-amb-realitat-immersiva","status":"publish","type":"post","link":"https:\/\/cfpmaresme.org\/es\/trobada-de-les-entitats-de-caixa-proinfancia-a-mataro-i-experiencia-amb-realitat-immersiva\/","title":{"rendered":"Encuentro de las entidades de Caixa Proinfancia en Matar\u00f3 y experiencia con realidad inmersiva"},"content":{"rendered":"<p>Las entidades que formamos parte del programa Caixa Proinfancia en Matar\u00f3 nos hemos reunido en un encuentro de coordinaci\u00f3n y trabajo en red. Participaron Agi, Eduvic, C\u00e1ritas, Salesianos Social, Sant Antoni de P\u00e0dua, Vent\u00edjol y el Centro de Formaci\u00f3n y Prevenci\u00f3n.<\/p>\n<p>Estas reuniones permiten reforzar la coordinaci\u00f3n entre equipos, compartir miradas y seguir mejorando el acompa\u00f1amiento que ofrecemos a ni\u00f1os, ni\u00f1as y familias del territorio.<\/p>\n<p>&nbsp;<\/p>\n<p><strong>Realidad inmersiva: una metodolog\u00eda innovadora al servicio del bienestar<\/strong><\/p>\n<p>En el marco del encuentro, las profesionales pudieron experimentar con una de las metodolog\u00edas que estamos implementando en el CFP: la realidad inmersiva.<\/p>\n<p>Antes y despu\u00e9s de la reuni\u00f3n, se realizaron diferentes tipos de sesiones:<\/p>\n<ul>\n<li>Sesiones orientadas a promover la calma y la relajaci\u00f3n.<\/li>\n<li>Sesiones pedag\u00f3gicas pensadas para poder aplicarse con ni\u00f1os y ni\u00f1as del programa.<\/li>\n<\/ul>\n<p>La realidad inmersiva se ha convertido en una apuesta estrat\u00e9gica para nuestra entidad. Tras realizar un estudio interno para evaluar sus efectos, hemos podido constatar sus beneficios en el \u00e1mbito del bienestar emocional y el acompa\u00f1amiento socioeducativo.<\/p>\n<p><img loading=\"lazy\" decoding=\"async\" class=\"alignnone size-medium wp-image-112575\" src=\"http:\/\/cfpmaresme.org\/wp-content\/uploads\/2026\/03\/WhatsApp-Image-2026-02-27-at-18.45.48-1-300x225.jpeg\" alt=\"\" width=\"300\" height=\"225\" srcset=\"https:\/\/cfpmaresme.org\/wp-content\/uploads\/2026\/03\/WhatsApp-Image-2026-02-27-at-18.45.48-1-300x225.jpeg 300w, https:\/\/cfpmaresme.org\/wp-content\/uploads\/2026\/03\/WhatsApp-Image-2026-02-27-at-18.45.48-1-1024x768.jpeg 1024w, https:\/\/cfpmaresme.org\/wp-content\/uploads\/2026\/03\/WhatsApp-Image-2026-02-27-at-18.45.48-1-768x576.jpeg 768w, https:\/\/cfpmaresme.org\/wp-content\/uploads\/2026\/03\/WhatsApp-Image-2026-02-27-at-18.45.48-1-1536x1152.jpeg 1536w, https:\/\/cfpmaresme.org\/wp-content\/uploads\/2026\/03\/WhatsApp-Image-2026-02-27-at-18.45.48-1-800x600.jpeg 800w, https:\/\/cfpmaresme.org\/wp-content\/uploads\/2026\/03\/WhatsApp-Image-2026-02-27-at-18.45.48-1-700x525.jpeg 700w, https:\/\/cfpmaresme.org\/wp-content\/uploads\/2026\/03\/WhatsApp-Image-2026-02-27-at-18.45.48-1.jpeg 2000w\" sizes=\"auto, (max-width: 300px) 100vw, 300px\" \/><img loading=\"lazy\" decoding=\"async\" class=\"alignnone size-medium wp-image-112577\" src=\"http:\/\/cfpmaresme.org\/wp-content\/uploads\/2026\/03\/WhatsApp-Image-2026-02-27-at-18.45.48-2-300x225.jpeg\" alt=\"\" width=\"300\" height=\"225\" srcset=\"https:\/\/cfpmaresme.org\/wp-content\/uploads\/2026\/03\/WhatsApp-Image-2026-02-27-at-18.45.48-2-300x225.jpeg 300w, https:\/\/cfpmaresme.org\/wp-content\/uploads\/2026\/03\/WhatsApp-Image-2026-02-27-at-18.45.48-2-1024x768.jpeg 1024w, https:\/\/cfpmaresme.org\/wp-content\/uploads\/2026\/03\/WhatsApp-Image-2026-02-27-at-18.45.48-2-768x576.jpeg 768w, https:\/\/cfpmaresme.org\/wp-content\/uploads\/2026\/03\/WhatsApp-Image-2026-02-27-at-18.45.48-2-1536x1152.jpeg 1536w, https:\/\/cfpmaresme.org\/wp-content\/uploads\/2026\/03\/WhatsApp-Image-2026-02-27-at-18.45.48-2-800x600.jpeg 800w, https:\/\/cfpmaresme.org\/wp-content\/uploads\/2026\/03\/WhatsApp-Image-2026-02-27-at-18.45.48-2-700x525.jpeg 700w, https:\/\/cfpmaresme.org\/wp-content\/uploads\/2026\/03\/WhatsApp-Image-2026-02-27-at-18.45.48-2.jpeg 2000w\" sizes=\"auto, (max-width: 300px) 100vw, 300px\" \/><\/p>\n<p>&nbsp;<\/p>\n<p>A partir de estos resultados, estamos desplegando un programa s\u00f3lido y ambicioso que integra esta herramienta como recurso complementario en diferentes servicios.<\/p>\n<p>Trabajo en red, innovaci\u00f3n y compromiso con la calidad para seguir mejorando la atenci\u00f3n a las personas.<\/p>\n","protected":false},"excerpt":{"rendered":"<p>Las entidades que formamos parte del programa Caixa Proinfancia en Matar\u00f3 nos hemos reunido en un encuentro de coordinaci\u00f3n y trabajo en red. Participaron Agi, Eduvic, C\u00e1ritas, Salesianos Social, Sant Antoni de P\u00e0dua, Vent\u00edjol y el Centro de Formaci\u00f3n y Prevenci\u00f3n. Estas reuniones permiten reforzar&#8230;<\/p>\n","protected":false},"author":2,"featured_media":112580,"comment_status":"closed","ping_status":"closed","sticky":false,"template":"","format":"standard","meta":{"footnotes":""},"categories":[1144,1242,1259],"tags":[],"class_list":["post-112583","post","type-post","status-publish","format-standard","has-post-thumbnail","hentry","category-infancia-y-familia","category-programa-caixa-proinfancia-es","category-publicaciones"],"yoast_head":"<!-- This site is optimized with the Yoast SEO plugin v27.4 - https:\/\/yoast.com\/product\/yoast-seo-wordpress\/ -->\n<title>Encuentro de las entidades de Caixa Proinfancia en Matar\u00f3 y experiencia con realidad inmersiva | CFP Maresme<\/title>\n<meta name=\"robots\" content=\"index, follow, max-snippet:-1, max-image-preview:large, max-video-preview:-1\" \/>\n<link rel=\"canonical\" href=\"https:\/\/cfpmaresme.org\/es\/trobada-de-les-entitats-de-caixa-proinfancia-a-mataro-i-experiencia-amb-realitat-immersiva\/\" \/>\n<meta property=\"og:locale\" content=\"es_ES\" \/>\n<meta property=\"og:type\" content=\"article\" \/>\n<meta property=\"og:title\" content=\"Encuentro de las entidades de Caixa Proinfancia en Matar\u00f3 y experiencia con realidad inmersiva | CFP Maresme\" \/>\n<meta property=\"og:description\" content=\"Las entidades que formamos parte del programa Caixa Proinfancia en Matar\u00f3 nos hemos reunido en un encuentro de coordinaci\u00f3n y trabajo en red. Participaron Agi, Eduvic, C\u00e1ritas, Salesianos Social, Sant Antoni de P\u00e0dua, Vent\u00edjol y el Centro de Formaci\u00f3n y Prevenci\u00f3n. Estas reuniones permiten reforzar...\" \/>\n<meta property=\"og:url\" content=\"https:\/\/cfpmaresme.org\/es\/trobada-de-les-entitats-de-caixa-proinfancia-a-mataro-i-experiencia-amb-realitat-immersiva\/\" \/>\n<meta property=\"og:site_name\" content=\"CFP Maresme\" \/>\n<meta property=\"article:published_time\" content=\"2026-03-02T10:42:30+00:00\" \/>\n<meta property=\"article:modified_time\" content=\"2026-03-02T10:53:48+00:00\" \/>\n<meta property=\"og:image\" content=\"https:\/\/cfpmaresme.org\/wp-content\/uploads\/2026\/03\/4bc5caab-2a64-40f2-b47a-27eba8d4c043.jpg\" \/>\n\t<meta property=\"og:image:width\" content=\"1600\" \/>\n\t<meta property=\"og:image:height\" content=\"1204\" \/>\n\t<meta property=\"og:image:type\" content=\"image\/jpeg\" \/>\n<meta name=\"author\" content=\"CFPMaresme\" \/>\n<meta name=\"twitter:card\" content=\"summary_large_image\" \/>\n<meta name=\"twitter:creator\" content=\"@cfpmaresme\" \/>\n<meta name=\"twitter:site\" content=\"@cfpmaresme\" \/>\n<meta name=\"twitter:label1\" content=\"Escrito por\" \/>\n\t<meta name=\"twitter:data1\" content=\"CFPMaresme\" \/>\n\t<meta name=\"twitter:label2\" content=\"Tiempo de lectura\" \/>\n\t<meta name=\"twitter:data2\" content=\"2 minutos\" \/>\n<script type=\"application\/ld+json\" class=\"yoast-schema-graph\">{\"@context\":\"https:\\\/\\\/schema.org\",\"@graph\":[{\"@type\":\"Article\",\"@id\":\"https:\\\/\\\/cfpmaresme.org\\\/es\\\/trobada-de-les-entitats-de-caixa-proinfancia-a-mataro-i-experiencia-amb-realitat-immersiva\\\/#article\",\"isPartOf\":{\"@id\":\"https:\\\/\\\/cfpmaresme.org\\\/es\\\/trobada-de-les-entitats-de-caixa-proinfancia-a-mataro-i-experiencia-amb-realitat-immersiva\\\/\"},\"author\":{\"name\":\"CFPMaresme\",\"@id\":\"https:\\\/\\\/cfpmaresme.org\\\/#\\\/schema\\\/person\\\/b2634bcd796fafc667ea4055f61b9b2c\"},\"headline\":\"Encuentro de las entidades de Caixa Proinfancia en Matar\u00f3 y experiencia con realidad inmersiva\",\"datePublished\":\"2026-03-02T10:42:30+00:00\",\"dateModified\":\"2026-03-02T10:53:48+00:00\",\"mainEntityOfPage\":{\"@id\":\"https:\\\/\\\/cfpmaresme.org\\\/es\\\/trobada-de-les-entitats-de-caixa-proinfancia-a-mataro-i-experiencia-amb-realitat-immersiva\\\/\"},\"wordCount\":245,\"image\":{\"@id\":\"https:\\\/\\\/cfpmaresme.org\\\/es\\\/trobada-de-les-entitats-de-caixa-proinfancia-a-mataro-i-experiencia-amb-realitat-immersiva\\\/#primaryimage\"},\"thumbnailUrl\":\"https:\\\/\\\/cfpmaresme.org\\\/wp-content\\\/uploads\\\/2026\\\/03\\\/4bc5caab-2a64-40f2-b47a-27eba8d4c043.jpg\",\"articleSection\":[\"\u00c1rea de infancia, adolescencia y fam\u00edlia\",\"Programa Caixa Proinfancia\",\"Publicaciones\"],\"inLanguage\":\"es\"},{\"@type\":\"WebPage\",\"@id\":\"https:\\\/\\\/cfpmaresme.org\\\/es\\\/trobada-de-les-entitats-de-caixa-proinfancia-a-mataro-i-experiencia-amb-realitat-immersiva\\\/\",\"url\":\"https:\\\/\\\/cfpmaresme.org\\\/es\\\/trobada-de-les-entitats-de-caixa-proinfancia-a-mataro-i-experiencia-amb-realitat-immersiva\\\/\",\"name\":\"Encuentro de las entidades de Caixa Proinfancia en Matar\u00f3 y experiencia con realidad inmersiva | CFP Maresme\",\"isPartOf\":{\"@id\":\"https:\\\/\\\/cfpmaresme.org\\\/#website\"},\"primaryImageOfPage\":{\"@id\":\"https:\\\/\\\/cfpmaresme.org\\\/es\\\/trobada-de-les-entitats-de-caixa-proinfancia-a-mataro-i-experiencia-amb-realitat-immersiva\\\/#primaryimage\"},\"image\":{\"@id\":\"https:\\\/\\\/cfpmaresme.org\\\/es\\\/trobada-de-les-entitats-de-caixa-proinfancia-a-mataro-i-experiencia-amb-realitat-immersiva\\\/#primaryimage\"},\"thumbnailUrl\":\"https:\\\/\\\/cfpmaresme.org\\\/wp-content\\\/uploads\\\/2026\\\/03\\\/4bc5caab-2a64-40f2-b47a-27eba8d4c043.jpg\",\"datePublished\":\"2026-03-02T10:42:30+00:00\",\"dateModified\":\"2026-03-02T10:53:48+00:00\",\"author\":{\"@id\":\"https:\\\/\\\/cfpmaresme.org\\\/#\\\/schema\\\/person\\\/b2634bcd796fafc667ea4055f61b9b2c\"},\"breadcrumb\":{\"@id\":\"https:\\\/\\\/cfpmaresme.org\\\/es\\\/trobada-de-les-entitats-de-caixa-proinfancia-a-mataro-i-experiencia-amb-realitat-immersiva\\\/#breadcrumb\"},\"inLanguage\":\"es\",\"potentialAction\":[{\"@type\":\"ReadAction\",\"target\":[\"https:\\\/\\\/cfpmaresme.org\\\/es\\\/trobada-de-les-entitats-de-caixa-proinfancia-a-mataro-i-experiencia-amb-realitat-immersiva\\\/\"]}]},{\"@type\":\"ImageObject\",\"inLanguage\":\"es\",\"@id\":\"https:\\\/\\\/cfpmaresme.org\\\/es\\\/trobada-de-les-entitats-de-caixa-proinfancia-a-mataro-i-experiencia-amb-realitat-immersiva\\\/#primaryimage\",\"url\":\"https:\\\/\\\/cfpmaresme.org\\\/wp-content\\\/uploads\\\/2026\\\/03\\\/4bc5caab-2a64-40f2-b47a-27eba8d4c043.jpg\",\"contentUrl\":\"https:\\\/\\\/cfpmaresme.org\\\/wp-content\\\/uploads\\\/2026\\\/03\\\/4bc5caab-2a64-40f2-b47a-27eba8d4c043.jpg\",\"width\":1600,\"height\":1204},{\"@type\":\"BreadcrumbList\",\"@id\":\"https:\\\/\\\/cfpmaresme.org\\\/es\\\/trobada-de-les-entitats-de-caixa-proinfancia-a-mataro-i-experiencia-amb-realitat-immersiva\\\/#breadcrumb\",\"itemListElement\":[{\"@type\":\"ListItem\",\"position\":1,\"name\":\"Home\",\"item\":\"https:\\\/\\\/cfpmaresme.org\\\/es\\\/\"},{\"@type\":\"ListItem\",\"position\":2,\"name\":\"Encuentro de las entidades de Caixa Proinfancia en Matar\u00f3 y experiencia con realidad inmersiva\"}]},{\"@type\":\"WebSite\",\"@id\":\"https:\\\/\\\/cfpmaresme.org\\\/#website\",\"url\":\"https:\\\/\\\/cfpmaresme.org\\\/\",\"name\":\"CFP Maresme\",\"description\":\"Centre Formaci\u00f3 Prevenci\u00f3\",\"potentialAction\":[{\"@type\":\"SearchAction\",\"target\":{\"@type\":\"EntryPoint\",\"urlTemplate\":\"https:\\\/\\\/cfpmaresme.org\\\/?s={search_term_string}\"},\"query-input\":{\"@type\":\"PropertyValueSpecification\",\"valueRequired\":true,\"valueName\":\"search_term_string\"}}],\"inLanguage\":\"es\"},{\"@type\":\"Person\",\"@id\":\"https:\\\/\\\/cfpmaresme.org\\\/#\\\/schema\\\/person\\\/b2634bcd796fafc667ea4055f61b9b2c\",\"name\":\"CFPMaresme\"}]}<\/script>\n<!-- \/ Yoast SEO plugin. -->","yoast_head_json":{"title":"Encuentro de las entidades de Caixa Proinfancia en Matar\u00f3 y experiencia con realidad inmersiva | CFP Maresme","robots":{"index":"index","follow":"follow","max-snippet":"max-snippet:-1","max-image-preview":"max-image-preview:large","max-video-preview":"max-video-preview:-1"},"canonical":"https:\/\/cfpmaresme.org\/es\/trobada-de-les-entitats-de-caixa-proinfancia-a-mataro-i-experiencia-amb-realitat-immersiva\/","og_locale":"es_ES","og_type":"article","og_title":"Encuentro de las entidades de Caixa Proinfancia en Matar\u00f3 y experiencia con realidad inmersiva | CFP Maresme","og_description":"Las entidades que formamos parte del programa Caixa Proinfancia en Matar\u00f3 nos hemos reunido en un encuentro de coordinaci\u00f3n y trabajo en red. Participaron Agi, Eduvic, C\u00e1ritas, Salesianos Social, Sant Antoni de P\u00e0dua, Vent\u00edjol y el Centro de Formaci\u00f3n y Prevenci\u00f3n. Estas reuniones permiten reforzar...","og_url":"https:\/\/cfpmaresme.org\/es\/trobada-de-les-entitats-de-caixa-proinfancia-a-mataro-i-experiencia-amb-realitat-immersiva\/","og_site_name":"CFP Maresme","article_published_time":"2026-03-02T10:42:30+00:00","article_modified_time":"2026-03-02T10:53:48+00:00","og_image":[{"width":1600,"height":1204,"url":"https:\/\/cfpmaresme.org\/wp-content\/uploads\/2026\/03\/4bc5caab-2a64-40f2-b47a-27eba8d4c043.jpg","type":"image\/jpeg"}],"author":"CFPMaresme","twitter_card":"summary_large_image","twitter_creator":"@cfpmaresme","twitter_site":"@cfpmaresme","twitter_misc":{"Escrito por":"CFPMaresme","Tiempo de lectura":"2 minutos"},"schema":{"@context":"https:\/\/schema.org","@graph":[{"@type":"Article","@id":"https:\/\/cfpmaresme.org\/es\/trobada-de-les-entitats-de-caixa-proinfancia-a-mataro-i-experiencia-amb-realitat-immersiva\/#article","isPartOf":{"@id":"https:\/\/cfpmaresme.org\/es\/trobada-de-les-entitats-de-caixa-proinfancia-a-mataro-i-experiencia-amb-realitat-immersiva\/"},"author":{"name":"CFPMaresme","@id":"https:\/\/cfpmaresme.org\/#\/schema\/person\/b2634bcd796fafc667ea4055f61b9b2c"},"headline":"Encuentro de las entidades de Caixa Proinfancia en Matar\u00f3 y experiencia con realidad inmersiva","datePublished":"2026-03-02T10:42:30+00:00","dateModified":"2026-03-02T10:53:48+00:00","mainEntityOfPage":{"@id":"https:\/\/cfpmaresme.org\/es\/trobada-de-les-entitats-de-caixa-proinfancia-a-mataro-i-experiencia-amb-realitat-immersiva\/"},"wordCount":245,"image":{"@id":"https:\/\/cfpmaresme.org\/es\/trobada-de-les-entitats-de-caixa-proinfancia-a-mataro-i-experiencia-amb-realitat-immersiva\/#primaryimage"},"thumbnailUrl":"https:\/\/cfpmaresme.org\/wp-content\/uploads\/2026\/03\/4bc5caab-2a64-40f2-b47a-27eba8d4c043.jpg","articleSection":["\u00c1rea de infancia, adolescencia y fam\u00edlia","Programa Caixa Proinfancia","Publicaciones"],"inLanguage":"es"},{"@type":"WebPage","@id":"https:\/\/cfpmaresme.org\/es\/trobada-de-les-entitats-de-caixa-proinfancia-a-mataro-i-experiencia-amb-realitat-immersiva\/","url":"https:\/\/cfpmaresme.org\/es\/trobada-de-les-entitats-de-caixa-proinfancia-a-mataro-i-experiencia-amb-realitat-immersiva\/","name":"Encuentro de las entidades de Caixa Proinfancia en Matar\u00f3 y experiencia con realidad inmersiva | CFP Maresme","isPartOf":{"@id":"https:\/\/cfpmaresme.org\/#website"},"primaryImageOfPage":{"@id":"https:\/\/cfpmaresme.org\/es\/trobada-de-les-entitats-de-caixa-proinfancia-a-mataro-i-experiencia-amb-realitat-immersiva\/#primaryimage"},"image":{"@id":"https:\/\/cfpmaresme.org\/es\/trobada-de-les-entitats-de-caixa-proinfancia-a-mataro-i-experiencia-amb-realitat-immersiva\/#primaryimage"},"thumbnailUrl":"https:\/\/cfpmaresme.org\/wp-content\/uploads\/2026\/03\/4bc5caab-2a64-40f2-b47a-27eba8d4c043.jpg","datePublished":"2026-03-02T10:42:30+00:00","dateModified":"2026-03-02T10:53:48+00:00","author":{"@id":"https:\/\/cfpmaresme.org\/#\/schema\/person\/b2634bcd796fafc667ea4055f61b9b2c"},"breadcrumb":{"@id":"https:\/\/cfpmaresme.org\/es\/trobada-de-les-entitats-de-caixa-proinfancia-a-mataro-i-experiencia-amb-realitat-immersiva\/#breadcrumb"},"inLanguage":"es","potentialAction":[{"@type":"ReadAction","target":["https:\/\/cfpmaresme.org\/es\/trobada-de-les-entitats-de-caixa-proinfancia-a-mataro-i-experiencia-amb-realitat-immersiva\/"]}]},{"@type":"ImageObject","inLanguage":"es","@id":"https:\/\/cfpmaresme.org\/es\/trobada-de-les-entitats-de-caixa-proinfancia-a-mataro-i-experiencia-amb-realitat-immersiva\/#primaryimage","url":"https:\/\/cfpmaresme.org\/wp-content\/uploads\/2026\/03\/4bc5caab-2a64-40f2-b47a-27eba8d4c043.jpg","contentUrl":"https:\/\/cfpmaresme.org\/wp-content\/uploads\/2026\/03\/4bc5caab-2a64-40f2-b47a-27eba8d4c043.jpg","width":1600,"height":1204},{"@type":"BreadcrumbList","@id":"https:\/\/cfpmaresme.org\/es\/trobada-de-les-entitats-de-caixa-proinfancia-a-mataro-i-experiencia-amb-realitat-immersiva\/#breadcrumb","itemListElement":[{"@type":"ListItem","position":1,"name":"Home","item":"https:\/\/cfpmaresme.org\/es\/"},{"@type":"ListItem","position":2,"name":"Encuentro de las entidades de Caixa Proinfancia en Matar\u00f3 y experiencia con realidad inmersiva"}]},{"@type":"WebSite","@id":"https:\/\/cfpmaresme.org\/#website","url":"https:\/\/cfpmaresme.org\/","name":"CFP Maresme","description":"Centre Formaci\u00f3 Prevenci\u00f3","potentialAction":[{"@type":"SearchAction","target":{"@type":"EntryPoint","urlTemplate":"https:\/\/cfpmaresme.org\/?s={search_term_string}"},"query-input":{"@type":"PropertyValueSpecification","valueRequired":true,"valueName":"search_term_string"}}],"inLanguage":"es"},{"@type":"Person","@id":"https:\/\/cfpmaresme.org\/#\/schema\/person\/b2634bcd796fafc667ea4055f61b9b2c","name":"CFPMaresme"}]}},"_links":{"self":[{"href":"https:\/\/cfpmaresme.org\/es\/wp-json\/wp\/v2\/posts\/112583","targetHints":{"allow":["GET"]}}],"collection":[{"href":"https:\/\/cfpmaresme.org\/es\/wp-json\/wp\/v2\/posts"}],"about":[{"href":"https:\/\/cfpmaresme.org\/es\/wp-json\/wp\/v2\/types\/post"}],"author":[{"embeddable":true,"href":"https:\/\/cfpmaresme.org\/es\/wp-json\/wp\/v2\/users\/2"}],"replies":[{"embeddable":true,"href":"https:\/\/cfpmaresme.org\/es\/wp-json\/wp\/v2\/comments?post=112583"}],"version-history":[{"count":3,"href":"https:\/\/cfpmaresme.org\/es\/wp-json\/wp\/v2\/posts\/112583\/revisions"}],"predecessor-version":[{"id":112586,"href":"https:\/\/cfpmaresme.org\/es\/wp-json\/wp\/v2\/posts\/112583\/revisions\/112586"}],"wp:featuredmedia":[{"embeddable":true,"href":"https:\/\/cfpmaresme.org\/es\/wp-json\/wp\/v2\/media\/112580"}],"wp:attachment":[{"href":"https:\/\/cfpmaresme.org\/es\/wp-json\/wp\/v2\/media?parent=112583"}],"wp:term":[{"taxonomy":"category","embeddable":true,"href":"https:\/\/cfpmaresme.org\/es\/wp-json\/wp\/v2\/categories?post=112583"},{"taxonomy":"post_tag","embeddable":true,"href":"https:\/\/cfpmaresme.org\/es\/wp-json\/wp\/v2\/tags?post=112583"}],"curies":[{"name":"wp","href":"https:\/\/api.w.org\/{rel}","templated":true}]}}