{"id":112635,"date":"2026-03-11T10:32:37","date_gmt":"2026-03-11T08:32:37","guid":{"rendered":"https:\/\/cfpmaresme.org\/dones-que-creen-comunitat-projectes-artistics-impulsats-per-dones-en-el-marc-del-8m\/"},"modified":"2026-04-01T13:20:37","modified_gmt":"2026-04-01T11:20:37","slug":"dones-que-creen-comunitat-projectes-artistics-impulsats-per-dones-en-el-marc-del-8m","status":"publish","type":"post","link":"https:\/\/cfpmaresme.org\/es\/dones-que-creen-comunitat-projectes-artistics-impulsats-per-dones-en-el-marc-del-8m\/","title":{"rendered":"Mujeres que crean comunidad: proyectos art\u00edsticos impulsados por mujeres en el marco del 8M"},"content":{"rendered":"<p>Nos visibilizamos durante el mes de marzo con proyectos de creaci\u00f3n art\u00edstica comunitaria impulsados por mujeres, donde el arte se convierte en una herramienta de expresi\u00f3n, salud mental e inclusi\u00f3n.<\/p>\n<p>Los grupos de mujeres de los SRC Burriac y Maresme y el grupo de mujeres ucranianas de Alterarte han desarrollado durante los \u00faltimos meses procesos art\u00edsticos que hoy se materializan en dos exposiciones.<\/p>\n<p>&nbsp;<\/p>\n<h4>Aves Migratorias<\/h4>\n<p>Es un grupo de mujeres ucranianas que han llegado a Catalu\u00f1a a causa de la guerra. Se re\u00fanen semanalmente en Matar\u00f3 para hablar, a trav\u00e9s del arte, de temas dif\u00edciles: las p\u00e9rdidas, la b\u00fasqueda de una nueva identidad y la experiencia femenina en tiempos de cambio.<\/p>\n<p>Su exposici\u00f3n, <strong>\u201cC\u00f3digo de Mujer\u201d,<\/strong> es un intento valiente de mostrar todo aquello que construye nuestro mundo interior. Es una exposici\u00f3n con una mirada \u00edntima al mundo interior de mujeres desplazadas por la guerra. Lo hacen a trav\u00e9s del collage, un arte hecho de fragmentos, como sus propias experiencias.<\/p>\n<p>&nbsp;<\/p>\n<h4>Grupo de mujeres de los SRC Burriac y Maresme<\/h4>\n<p><strong>\u00abCuerpo, mujer y recomposici\u00f3n\u00bb\u00a0<\/strong><\/p>\n<p>En su exposici\u00f3n trabajan el collage a partir de temas como la presi\u00f3n est\u00e9tica, la identidad y la autoimagen, utilizando el arte como una herramienta de salud mental y expresi\u00f3n.<\/p>\n<p>M\u00e1s all\u00e1 de las obras expuestas, estos espacios han permitido:<\/p>\n<p>\u2022 Generar espacios seguros de encuentro entre mujeres.<br \/>\n\u2022 Compartir experiencias vitales.<br \/>\n\u2022 Reflexionar sobre la presi\u00f3n est\u00e9tica y los roles de g\u00e9nero.<br \/>\n\u2022 Expresar vivencias vinculadas a la migraci\u00f3n y la guerra.<\/p>\n<p>&nbsp;<\/p>\n<p><img loading=\"lazy\" decoding=\"async\" class=\"wp-image-112620 aligncenter\" src=\"http:\/\/cfpmaresme.org\/wp-content\/uploads\/2026\/03\/CODI-DONA-1-300x253.png\" alt=\"\" width=\"547\" height=\"461\" srcset=\"https:\/\/cfpmaresme.org\/wp-content\/uploads\/2026\/03\/CODI-DONA-1-300x253.png 300w, https:\/\/cfpmaresme.org\/wp-content\/uploads\/2026\/03\/CODI-DONA-1-1024x863.png 1024w, https:\/\/cfpmaresme.org\/wp-content\/uploads\/2026\/03\/CODI-DONA-1-768x647.png 768w, https:\/\/cfpmaresme.org\/wp-content\/uploads\/2026\/03\/CODI-DONA-1-1536x1295.png 1536w, https:\/\/cfpmaresme.org\/wp-content\/uploads\/2026\/03\/CODI-DONA-1-2048x1726.png 2048w, https:\/\/cfpmaresme.org\/wp-content\/uploads\/2026\/03\/CODI-DONA-1-700x590.png 700w\" sizes=\"auto, (max-width: 547px) 100vw, 547px\" \/><\/p>\n<p>Estos proyectos muestran c\u00f3mo el arte y la creaci\u00f3n colectiva pueden convertirse en herramientas de bienestar emocional, empoderamiento e inclusi\u00f3n comunitaria.<\/p>\n<p><strong>\u201cEste mes de marzo visita las exposiciones en clave de mujer.\u201d<\/strong><\/p>\n<p><img loading=\"lazy\" decoding=\"async\" class=\"wp-image-112627 alignleft\" src=\"http:\/\/cfpmaresme.org\/wp-content\/uploads\/2026\/03\/WhatsApp-Image-2026-03-02-at-14.27.57-212x300.jpeg\" alt=\"\" width=\"269\" height=\"381\" srcset=\"https:\/\/cfpmaresme.org\/wp-content\/uploads\/2026\/03\/WhatsApp-Image-2026-03-02-at-14.27.57-212x300.jpeg 212w, https:\/\/cfpmaresme.org\/wp-content\/uploads\/2026\/03\/WhatsApp-Image-2026-03-02-at-14.27.57-724x1024.jpeg 724w, https:\/\/cfpmaresme.org\/wp-content\/uploads\/2026\/03\/WhatsApp-Image-2026-03-02-at-14.27.57-768x1086.jpeg 768w, https:\/\/cfpmaresme.org\/wp-content\/uploads\/2026\/03\/WhatsApp-Image-2026-03-02-at-14.27.57-1086x1536.jpeg 1086w, https:\/\/cfpmaresme.org\/wp-content\/uploads\/2026\/03\/WhatsApp-Image-2026-03-02-at-14.27.57-700x990.jpeg 700w, https:\/\/cfpmaresme.org\/wp-content\/uploads\/2026\/03\/WhatsApp-Image-2026-03-02-at-14.27.57.jpeg 1131w\" sizes=\"auto, (max-width: 269px) 100vw, 269px\" \/><img loading=\"lazy\" decoding=\"async\" class=\"wp-image-112625 alignleft\" src=\"http:\/\/cfpmaresme.org\/wp-content\/uploads\/2026\/03\/Exposicions-212x300.jpg\" alt=\"\" width=\"278\" height=\"393\" srcset=\"https:\/\/cfpmaresme.org\/wp-content\/uploads\/2026\/03\/Exposicions-212x300.jpg 212w, https:\/\/cfpmaresme.org\/wp-content\/uploads\/2026\/03\/Exposicions-724x1024.jpg 724w, https:\/\/cfpmaresme.org\/wp-content\/uploads\/2026\/03\/Exposicions-768x1086.jpg 768w, https:\/\/cfpmaresme.org\/wp-content\/uploads\/2026\/03\/Exposicions-1086x1536.jpg 1086w, https:\/\/cfpmaresme.org\/wp-content\/uploads\/2026\/03\/Exposicions-700x990.jpg 700w, https:\/\/cfpmaresme.org\/wp-content\/uploads\/2026\/03\/Exposicions.jpg 1131w\" sizes=\"auto, (max-width: 278px) 100vw, 278px\" \/><\/p>\n","protected":false},"excerpt":{"rendered":"<p>Nos visibilizamos durante el mes de marzo con proyectos de creaci\u00f3n art\u00edstica comunitaria impulsados por mujeres, donde el arte se convierte en una herramienta de expresi\u00f3n, salud mental e inclusi\u00f3n. Los grupos de mujeres de los SRC Burriac y Maresme y el grupo de mujeres&#8230;<\/p>\n","protected":false},"author":2,"featured_media":112613,"comment_status":"closed","ping_status":"closed","sticky":false,"template":"","format":"standard","meta":{"footnotes":""},"categories":[1234,1282,1187,1259,1199],"tags":[],"class_list":["post-112635","post","type-post","status-publish","format-standard","has-post-thumbnail","hentry","category-alterarte-es","category-area-sanitaria","category-cfp-maresme-es","category-publicaciones","category-servicios-de-rehabilitacion-comunitaria"],"yoast_head":"<!-- This site is optimized with the Yoast SEO plugin v27.4 - https:\/\/yoast.com\/product\/yoast-seo-wordpress\/ -->\n<title>Mujeres que crean comunidad: proyectos art\u00edsticos impulsados por mujeres en el marco del 8M | CFP Maresme<\/title>\n<meta name=\"robots\" content=\"index, follow, max-snippet:-1, max-image-preview:large, max-video-preview:-1\" \/>\n<link rel=\"canonical\" href=\"https:\/\/cfpmaresme.org\/es\/dones-que-creen-comunitat-projectes-artistics-impulsats-per-dones-en-el-marc-del-8m\/\" \/>\n<meta property=\"og:locale\" content=\"es_ES\" \/>\n<meta property=\"og:type\" content=\"article\" \/>\n<meta property=\"og:title\" content=\"Mujeres que crean comunidad: proyectos art\u00edsticos impulsados por mujeres en el marco del 8M | CFP Maresme\" \/>\n<meta property=\"og:description\" content=\"Nos visibilizamos durante el mes de marzo con proyectos de creaci\u00f3n art\u00edstica comunitaria impulsados por mujeres, donde el arte se convierte en una herramienta de expresi\u00f3n, salud mental e inclusi\u00f3n. Los grupos de mujeres de los SRC Burriac y Maresme y el grupo de mujeres...\" \/>\n<meta property=\"og:url\" content=\"https:\/\/cfpmaresme.org\/es\/dones-que-creen-comunitat-projectes-artistics-impulsats-per-dones-en-el-marc-del-8m\/\" \/>\n<meta property=\"og:site_name\" content=\"CFP Maresme\" \/>\n<meta property=\"article:published_time\" content=\"2026-03-11T08:32:37+00:00\" \/>\n<meta property=\"article:modified_time\" content=\"2026-04-01T11:20:37+00:00\" \/>\n<meta property=\"og:image\" content=\"https:\/\/cfpmaresme.org\/wp-content\/uploads\/2026\/03\/Quant-les-dones-creen-transformen.png\" \/>\n\t<meta property=\"og:image:width\" content=\"851\" \/>\n\t<meta property=\"og:image:height\" content=\"315\" \/>\n\t<meta property=\"og:image:type\" content=\"image\/png\" \/>\n<meta name=\"author\" content=\"CFPMaresme\" \/>\n<meta name=\"twitter:card\" content=\"summary_large_image\" \/>\n<meta name=\"twitter:creator\" content=\"@cfpmaresme\" \/>\n<meta name=\"twitter:site\" content=\"@cfpmaresme\" \/>\n<meta name=\"twitter:label1\" content=\"Escrito por\" \/>\n\t<meta name=\"twitter:data1\" content=\"CFPMaresme\" \/>\n\t<meta name=\"twitter:label2\" content=\"Tiempo de lectura\" \/>\n\t<meta name=\"twitter:data2\" content=\"3 minutos\" \/>\n<script type=\"application\/ld+json\" class=\"yoast-schema-graph\">{\"@context\":\"https:\\\/\\\/schema.org\",\"@graph\":[{\"@type\":\"Article\",\"@id\":\"https:\\\/\\\/cfpmaresme.org\\\/es\\\/dones-que-creen-comunitat-projectes-artistics-impulsats-per-dones-en-el-marc-del-8m\\\/#article\",\"isPartOf\":{\"@id\":\"https:\\\/\\\/cfpmaresme.org\\\/es\\\/dones-que-creen-comunitat-projectes-artistics-impulsats-per-dones-en-el-marc-del-8m\\\/\"},\"author\":{\"name\":\"CFPMaresme\",\"@id\":\"https:\\\/\\\/cfpmaresme.org\\\/#\\\/schema\\\/person\\\/b2634bcd796fafc667ea4055f61b9b2c\"},\"headline\":\"Mujeres que crean comunidad: proyectos art\u00edsticos impulsados por mujeres en el marco del 8M\",\"datePublished\":\"2026-03-11T08:32:37+00:00\",\"dateModified\":\"2026-04-01T11:20:37+00:00\",\"mainEntityOfPage\":{\"@id\":\"https:\\\/\\\/cfpmaresme.org\\\/es\\\/dones-que-creen-comunitat-projectes-artistics-impulsats-per-dones-en-el-marc-del-8m\\\/\"},\"wordCount\":320,\"image\":{\"@id\":\"https:\\\/\\\/cfpmaresme.org\\\/es\\\/dones-que-creen-comunitat-projectes-artistics-impulsats-per-dones-en-el-marc-del-8m\\\/#primaryimage\"},\"thumbnailUrl\":\"https:\\\/\\\/cfpmaresme.org\\\/wp-content\\\/uploads\\\/2026\\\/03\\\/Quant-les-dones-creen-transformen.png\",\"articleSection\":[\"Alterarte\",\"\u00c1rea sanitaria\",\"CFP Maresme\",\"Publicaciones\",\"Servicios de Rehabilitaci\u00f3n Comunitaria\"],\"inLanguage\":\"es\"},{\"@type\":\"WebPage\",\"@id\":\"https:\\\/\\\/cfpmaresme.org\\\/es\\\/dones-que-creen-comunitat-projectes-artistics-impulsats-per-dones-en-el-marc-del-8m\\\/\",\"url\":\"https:\\\/\\\/cfpmaresme.org\\\/es\\\/dones-que-creen-comunitat-projectes-artistics-impulsats-per-dones-en-el-marc-del-8m\\\/\",\"name\":\"Mujeres que crean comunidad: proyectos art\u00edsticos impulsados por mujeres en el marco del 8M | CFP Maresme\",\"isPartOf\":{\"@id\":\"https:\\\/\\\/cfpmaresme.org\\\/#website\"},\"primaryImageOfPage\":{\"@id\":\"https:\\\/\\\/cfpmaresme.org\\\/es\\\/dones-que-creen-comunitat-projectes-artistics-impulsats-per-dones-en-el-marc-del-8m\\\/#primaryimage\"},\"image\":{\"@id\":\"https:\\\/\\\/cfpmaresme.org\\\/es\\\/dones-que-creen-comunitat-projectes-artistics-impulsats-per-dones-en-el-marc-del-8m\\\/#primaryimage\"},\"thumbnailUrl\":\"https:\\\/\\\/cfpmaresme.org\\\/wp-content\\\/uploads\\\/2026\\\/03\\\/Quant-les-dones-creen-transformen.png\",\"datePublished\":\"2026-03-11T08:32:37+00:00\",\"dateModified\":\"2026-04-01T11:20:37+00:00\",\"author\":{\"@id\":\"https:\\\/\\\/cfpmaresme.org\\\/#\\\/schema\\\/person\\\/b2634bcd796fafc667ea4055f61b9b2c\"},\"breadcrumb\":{\"@id\":\"https:\\\/\\\/cfpmaresme.org\\\/es\\\/dones-que-creen-comunitat-projectes-artistics-impulsats-per-dones-en-el-marc-del-8m\\\/#breadcrumb\"},\"inLanguage\":\"es\",\"potentialAction\":[{\"@type\":\"ReadAction\",\"target\":[\"https:\\\/\\\/cfpmaresme.org\\\/es\\\/dones-que-creen-comunitat-projectes-artistics-impulsats-per-dones-en-el-marc-del-8m\\\/\"]}]},{\"@type\":\"ImageObject\",\"inLanguage\":\"es\",\"@id\":\"https:\\\/\\\/cfpmaresme.org\\\/es\\\/dones-que-creen-comunitat-projectes-artistics-impulsats-per-dones-en-el-marc-del-8m\\\/#primaryimage\",\"url\":\"https:\\\/\\\/cfpmaresme.org\\\/wp-content\\\/uploads\\\/2026\\\/03\\\/Quant-les-dones-creen-transformen.png\",\"contentUrl\":\"https:\\\/\\\/cfpmaresme.org\\\/wp-content\\\/uploads\\\/2026\\\/03\\\/Quant-les-dones-creen-transformen.png\",\"width\":851,\"height\":315},{\"@type\":\"BreadcrumbList\",\"@id\":\"https:\\\/\\\/cfpmaresme.org\\\/es\\\/dones-que-creen-comunitat-projectes-artistics-impulsats-per-dones-en-el-marc-del-8m\\\/#breadcrumb\",\"itemListElement\":[{\"@type\":\"ListItem\",\"position\":1,\"name\":\"Home\",\"item\":\"https:\\\/\\\/cfpmaresme.org\\\/es\\\/\"},{\"@type\":\"ListItem\",\"position\":2,\"name\":\"Mujeres que crean comunidad: proyectos art\u00edsticos impulsados por mujeres en el marco del 8M\"}]},{\"@type\":\"WebSite\",\"@id\":\"https:\\\/\\\/cfpmaresme.org\\\/#website\",\"url\":\"https:\\\/\\\/cfpmaresme.org\\\/\",\"name\":\"CFP Maresme\",\"description\":\"Centre Formaci\u00f3 Prevenci\u00f3\",\"potentialAction\":[{\"@type\":\"SearchAction\",\"target\":{\"@type\":\"EntryPoint\",\"urlTemplate\":\"https:\\\/\\\/cfpmaresme.org\\\/?s={search_term_string}\"},\"query-input\":{\"@type\":\"PropertyValueSpecification\",\"valueRequired\":true,\"valueName\":\"search_term_string\"}}],\"inLanguage\":\"es\"},{\"@type\":\"Person\",\"@id\":\"https:\\\/\\\/cfpmaresme.org\\\/#\\\/schema\\\/person\\\/b2634bcd796fafc667ea4055f61b9b2c\",\"name\":\"CFPMaresme\"}]}<\/script>\n<!-- \/ Yoast SEO plugin. -->","yoast_head_json":{"title":"Mujeres que crean comunidad: proyectos art\u00edsticos impulsados por mujeres en el marco del 8M | CFP Maresme","robots":{"index":"index","follow":"follow","max-snippet":"max-snippet:-1","max-image-preview":"max-image-preview:large","max-video-preview":"max-video-preview:-1"},"canonical":"https:\/\/cfpmaresme.org\/es\/dones-que-creen-comunitat-projectes-artistics-impulsats-per-dones-en-el-marc-del-8m\/","og_locale":"es_ES","og_type":"article","og_title":"Mujeres que crean comunidad: proyectos art\u00edsticos impulsados por mujeres en el marco del 8M | CFP Maresme","og_description":"Nos visibilizamos durante el mes de marzo con proyectos de creaci\u00f3n art\u00edstica comunitaria impulsados por mujeres, donde el arte se convierte en una herramienta de expresi\u00f3n, salud mental e inclusi\u00f3n. Los grupos de mujeres de los SRC Burriac y Maresme y el grupo de mujeres...","og_url":"https:\/\/cfpmaresme.org\/es\/dones-que-creen-comunitat-projectes-artistics-impulsats-per-dones-en-el-marc-del-8m\/","og_site_name":"CFP Maresme","article_published_time":"2026-03-11T08:32:37+00:00","article_modified_time":"2026-04-01T11:20:37+00:00","og_image":[{"width":851,"height":315,"url":"https:\/\/cfpmaresme.org\/wp-content\/uploads\/2026\/03\/Quant-les-dones-creen-transformen.png","type":"image\/png"}],"author":"CFPMaresme","twitter_card":"summary_large_image","twitter_creator":"@cfpmaresme","twitter_site":"@cfpmaresme","twitter_misc":{"Escrito por":"CFPMaresme","Tiempo de lectura":"3 minutos"},"schema":{"@context":"https:\/\/schema.org","@graph":[{"@type":"Article","@id":"https:\/\/cfpmaresme.org\/es\/dones-que-creen-comunitat-projectes-artistics-impulsats-per-dones-en-el-marc-del-8m\/#article","isPartOf":{"@id":"https:\/\/cfpmaresme.org\/es\/dones-que-creen-comunitat-projectes-artistics-impulsats-per-dones-en-el-marc-del-8m\/"},"author":{"name":"CFPMaresme","@id":"https:\/\/cfpmaresme.org\/#\/schema\/person\/b2634bcd796fafc667ea4055f61b9b2c"},"headline":"Mujeres que crean comunidad: proyectos art\u00edsticos impulsados por mujeres en el marco del 8M","datePublished":"2026-03-11T08:32:37+00:00","dateModified":"2026-04-01T11:20:37+00:00","mainEntityOfPage":{"@id":"https:\/\/cfpmaresme.org\/es\/dones-que-creen-comunitat-projectes-artistics-impulsats-per-dones-en-el-marc-del-8m\/"},"wordCount":320,"image":{"@id":"https:\/\/cfpmaresme.org\/es\/dones-que-creen-comunitat-projectes-artistics-impulsats-per-dones-en-el-marc-del-8m\/#primaryimage"},"thumbnailUrl":"https:\/\/cfpmaresme.org\/wp-content\/uploads\/2026\/03\/Quant-les-dones-creen-transformen.png","articleSection":["Alterarte","\u00c1rea sanitaria","CFP Maresme","Publicaciones","Servicios de Rehabilitaci\u00f3n Comunitaria"],"inLanguage":"es"},{"@type":"WebPage","@id":"https:\/\/cfpmaresme.org\/es\/dones-que-creen-comunitat-projectes-artistics-impulsats-per-dones-en-el-marc-del-8m\/","url":"https:\/\/cfpmaresme.org\/es\/dones-que-creen-comunitat-projectes-artistics-impulsats-per-dones-en-el-marc-del-8m\/","name":"Mujeres que crean comunidad: proyectos art\u00edsticos impulsados por mujeres en el marco del 8M | CFP Maresme","isPartOf":{"@id":"https:\/\/cfpmaresme.org\/#website"},"primaryImageOfPage":{"@id":"https:\/\/cfpmaresme.org\/es\/dones-que-creen-comunitat-projectes-artistics-impulsats-per-dones-en-el-marc-del-8m\/#primaryimage"},"image":{"@id":"https:\/\/cfpmaresme.org\/es\/dones-que-creen-comunitat-projectes-artistics-impulsats-per-dones-en-el-marc-del-8m\/#primaryimage"},"thumbnailUrl":"https:\/\/cfpmaresme.org\/wp-content\/uploads\/2026\/03\/Quant-les-dones-creen-transformen.png","datePublished":"2026-03-11T08:32:37+00:00","dateModified":"2026-04-01T11:20:37+00:00","author":{"@id":"https:\/\/cfpmaresme.org\/#\/schema\/person\/b2634bcd796fafc667ea4055f61b9b2c"},"breadcrumb":{"@id":"https:\/\/cfpmaresme.org\/es\/dones-que-creen-comunitat-projectes-artistics-impulsats-per-dones-en-el-marc-del-8m\/#breadcrumb"},"inLanguage":"es","potentialAction":[{"@type":"ReadAction","target":["https:\/\/cfpmaresme.org\/es\/dones-que-creen-comunitat-projectes-artistics-impulsats-per-dones-en-el-marc-del-8m\/"]}]},{"@type":"ImageObject","inLanguage":"es","@id":"https:\/\/cfpmaresme.org\/es\/dones-que-creen-comunitat-projectes-artistics-impulsats-per-dones-en-el-marc-del-8m\/#primaryimage","url":"https:\/\/cfpmaresme.org\/wp-content\/uploads\/2026\/03\/Quant-les-dones-creen-transformen.png","contentUrl":"https:\/\/cfpmaresme.org\/wp-content\/uploads\/2026\/03\/Quant-les-dones-creen-transformen.png","width":851,"height":315},{"@type":"BreadcrumbList","@id":"https:\/\/cfpmaresme.org\/es\/dones-que-creen-comunitat-projectes-artistics-impulsats-per-dones-en-el-marc-del-8m\/#breadcrumb","itemListElement":[{"@type":"ListItem","position":1,"name":"Home","item":"https:\/\/cfpmaresme.org\/es\/"},{"@type":"ListItem","position":2,"name":"Mujeres que crean comunidad: proyectos art\u00edsticos impulsados por mujeres en el marco del 8M"}]},{"@type":"WebSite","@id":"https:\/\/cfpmaresme.org\/#website","url":"https:\/\/cfpmaresme.org\/","name":"CFP Maresme","description":"Centre Formaci\u00f3 Prevenci\u00f3","potentialAction":[{"@type":"SearchAction","target":{"@type":"EntryPoint","urlTemplate":"https:\/\/cfpmaresme.org\/?s={search_term_string}"},"query-input":{"@type":"PropertyValueSpecification","valueRequired":true,"valueName":"search_term_string"}}],"inLanguage":"es"},{"@type":"Person","@id":"https:\/\/cfpmaresme.org\/#\/schema\/person\/b2634bcd796fafc667ea4055f61b9b2c","name":"CFPMaresme"}]}},"_links":{"self":[{"href":"https:\/\/cfpmaresme.org\/es\/wp-json\/wp\/v2\/posts\/112635","targetHints":{"allow":["GET"]}}],"collection":[{"href":"https:\/\/cfpmaresme.org\/es\/wp-json\/wp\/v2\/posts"}],"about":[{"href":"https:\/\/cfpmaresme.org\/es\/wp-json\/wp\/v2\/types\/post"}],"author":[{"embeddable":true,"href":"https:\/\/cfpmaresme.org\/es\/wp-json\/wp\/v2\/users\/2"}],"replies":[{"embeddable":true,"href":"https:\/\/cfpmaresme.org\/es\/wp-json\/wp\/v2\/comments?post=112635"}],"version-history":[{"count":6,"href":"https:\/\/cfpmaresme.org\/es\/wp-json\/wp\/v2\/posts\/112635\/revisions"}],"predecessor-version":[{"id":112698,"href":"https:\/\/cfpmaresme.org\/es\/wp-json\/wp\/v2\/posts\/112635\/revisions\/112698"}],"wp:featuredmedia":[{"embeddable":true,"href":"https:\/\/cfpmaresme.org\/es\/wp-json\/wp\/v2\/media\/112613"}],"wp:attachment":[{"href":"https:\/\/cfpmaresme.org\/es\/wp-json\/wp\/v2\/media?parent=112635"}],"wp:term":[{"taxonomy":"category","embeddable":true,"href":"https:\/\/cfpmaresme.org\/es\/wp-json\/wp\/v2\/categories?post=112635"},{"taxonomy":"post_tag","embeddable":true,"href":"https:\/\/cfpmaresme.org\/es\/wp-json\/wp\/v2\/tags?post=112635"}],"curies":[{"name":"wp","href":"https:\/\/api.w.org\/{rel}","templated":true}]}}