{"id":112804,"date":"2026-04-27T11:34:52","date_gmt":"2026-04-27T09:34:52","guid":{"rendered":"https:\/\/cfpmaresme.org\/haver-estat-en-un-centre-no-em-defineix-el-recorregut-den-jonathan-pels-serveis-del-cfp\/"},"modified":"2026-04-27T14:37:37","modified_gmt":"2026-04-27T12:37:37","slug":"haver-estat-en-un-centre-no-em-defineix-el-recorregut-den-jonathan-pels-serveis-del-cfp","status":"publish","type":"post","link":"https:\/\/cfpmaresme.org\/es\/haver-estat-en-un-centre-no-em-defineix-el-recorregut-den-jonathan-pels-serveis-del-cfp\/","title":{"rendered":"\u201cHaber estado en un centro no me define\u201d. El recorrido de Jonathan por los servicios del CFP"},"content":{"rendered":"<h4>Jonathan tiene 21 a\u00f1os y, desde hace m\u00e1s de 10 a\u00f1os, lo acompa\u00f1amos desde distintos servicios del Centro de Formaci\u00f3n y Prevenci\u00f3n. A lo largo de este tiempo ha pasado por el CRAE, por los pisos asistidos para j\u00f3venes (DGPPIA) y por el Programa de Inserci\u00f3n Laboral (PIL). Ahora, despu\u00e9s de una d\u00e9cada de recorrido compartido, inicia una nueva etapa. Antes de marcharse, hemos querido recoger su testimonio.<\/h4>\n<h3>La estancia en el CRAE: convivencia y v\u00ednculos<\/h3>\n<p><strong>\u2014 Pasaste cinco a\u00f1os en el CRAE. \u00bfQu\u00e9 destacar\u00edas de esta etapa??<\/strong><br \/>\nC\u00f3mo cuidan los educadores a los ni\u00f1os y ni\u00f1as. Tambi\u00e9n la convivencia con los compa\u00f1eros y todas las actividades que hac\u00edamos fuera.<\/p>\n<p><strong>\u2014 \u00bfQu\u00e9 relaci\u00f3n ten\u00edas con los compa\u00f1eros y con los educadores?<\/strong><\/p>\n<p>Con los educadores ten\u00eda m\u00e1s relaci\u00f3n que con los ni\u00f1os. Era como un educador m\u00e1s. Con los compa\u00f1eros me llevaba bien, sobre todo cuando hac\u00edamos actividades. Tambi\u00e9n ayudaba a los m\u00e1s peque\u00f1os: si se ca\u00edan o algo les costaba, les echaba una mano.<\/p>\n<p>&nbsp;<\/p>\n<h3>El paso a los pisos asistidos: aprender a ser aut\u00f3nomo<\/h3>\n<p><strong>\u2014 \u00bfNotaste alg\u00fan cambio cuando pasaste del CRAE a pisos asistidos?<\/strong><br \/>\nS\u00ed, cambia mucho. De estar siempre con rutinas, llegas a un piso y se te abre la mente porque tienes que hacer la comida, poner lavadoras, estudiar\u2026 Tienes que organizarlo todo. Es un cambio positivo. Te ayuda a prepararte para el futuro.<br \/>\n<strong>\u2014 Es duro el cambio de tener que hacerlo todo\u2026 (Risas)<\/strong><\/p>\n<p>S\u00ed, pero tienes que hacerlo. Hay gente que con 25 a\u00f1os no sabe ni poner una lavadora. T\u00fa no vas a tener siempre a un educador supervis\u00e1ndote. Cuando tengas 21 a\u00f1os tendr\u00e1s que buscarte la vida. Si no te pones las pilas, pasar\u00e1 lo que tenga que pasar\u2026<\/p>\n<h3><\/h3>\n<h3>Estigma e identidad<\/h3>\n<p><strong>\u2014 \u00bfHas notado estigma por haber vivido en estos recursos?<\/strong><br \/>\nNo, nunca. Tampoco voy diciendo que vengo de un centro. Yo hago como si viniera de una familia. Y cuando ya tengo relaci\u00f3n con la persona y viene al caso, lo explico. Digo: mira, me ha pasado esto, he estado en un centro\u2026 Y ya est\u00e1. Me hacen algunas preguntas para entenderlo, pero nunca he tenido estigma.<\/p>\n<p><strong>\u2014 Esta actitud que te sale de forma natural evita los prejuicios, \u00bfverdad?<\/strong><br \/>\nS\u00ed, porque haber estado en un centro no te define. Eso es por un problema que ha tenido tu familia y ese problema ha tenido este resultado. Eso no dice qui\u00e9n eres ni c\u00f3mo eres. Ni la gente tiene que saber toda tu vida. No s\u00e9\u2026 es un centro, tampoco es culpa tuya. Es una consecuencia de una situaci\u00f3n, no dice qui\u00e9n eres ni c\u00f3mo eres. No es culpa tuya.<\/p>\n<h3><\/h3>\n<h3>El presente: una nueva etapa<\/h3>\n<p><strong>\u2014 \u00bfC\u00f3mo es tu situaci\u00f3n actual?<\/strong><\/p>\n<p>Ahora vivo solo en un piso. Trabajo repartiendo pizzas los fines de semana y estoy cursando segundo de Animaci\u00f3n Sociocultural y Tur\u00edstica.<\/p>\n<p>Buscar piso fue complicado al principio, pero cuando estaba a punto de irme a vivir a un piso compartido, mi suegro me ofreci\u00f3 uno. Ahora vivo en ese piso solo.<\/p>\n<p>&nbsp;<\/p>\n<p><strong>Jonathan cierra una etapa despu\u00e9s de 10 a\u00f1os de acompa\u00f1amiento en diferentes servicios del CFP. Lo hace con herramientas, experiencia y una mirada clara: el recorrido vivido no lo define, pero s\u00ed le ha ayudado a construir qui\u00e9n es hoy.<\/strong><\/p>\n<p><strong>\ud83d\udc99 Gracias, Jonathan, por compartir tu experiencia.<\/strong><\/p>\n","protected":false},"excerpt":{"rendered":"<p>Jonathan tiene 21 a\u00f1os y, desde hace m\u00e1s de 10 a\u00f1os, lo acompa\u00f1amos desde distintos servicios del Centro de Formaci\u00f3n y Prevenci\u00f3n. A lo largo de este tiempo ha pasado por el CRAE, por los pisos asistidos para j\u00f3venes (DGPPIA) y por el Programa de&#8230;<\/p>\n","protected":false},"author":2,"featured_media":112792,"comment_status":"closed","ping_status":"closed","sticky":false,"template":"","format":"standard","meta":{"footnotes":""},"categories":[1144,1243,1258,1244,1259],"tags":[],"class_list":["post-112804","post","type-post","status-publish","format-standard","has-post-thumbnail","hentry","category-infancia-y-familia","category-crae","category-entrevistas","category-pisos-jovenes","category-publicaciones"],"yoast_head":"<!-- This site is optimized with the Yoast SEO plugin v27.4 - https:\/\/yoast.com\/product\/yoast-seo-wordpress\/ -->\n<title>\u201cHaber estado en un centro no me define\u201d. El recorrido de Jonathan por los servicios del CFP | CFP Maresme<\/title>\n<meta name=\"robots\" content=\"index, follow, max-snippet:-1, max-image-preview:large, max-video-preview:-1\" \/>\n<link rel=\"canonical\" href=\"https:\/\/cfpmaresme.org\/es\/haver-estat-en-un-centre-no-em-defineix-el-recorregut-den-jonathan-pels-serveis-del-cfp\/\" \/>\n<meta property=\"og:locale\" content=\"es_ES\" \/>\n<meta property=\"og:type\" content=\"article\" \/>\n<meta property=\"og:title\" content=\"\u201cHaber estado en un centro no me define\u201d. El recorrido de Jonathan por los servicios del CFP | CFP Maresme\" \/>\n<meta property=\"og:description\" content=\"Jonathan tiene 21 a\u00f1os y, desde hace m\u00e1s de 10 a\u00f1os, lo acompa\u00f1amos desde distintos servicios del Centro de Formaci\u00f3n y Prevenci\u00f3n. A lo largo de este tiempo ha pasado por el CRAE, por los pisos asistidos para j\u00f3venes (DGPPIA) y por el Programa de...\" \/>\n<meta property=\"og:url\" content=\"https:\/\/cfpmaresme.org\/es\/haver-estat-en-un-centre-no-em-defineix-el-recorregut-den-jonathan-pels-serveis-del-cfp\/\" \/>\n<meta property=\"og:site_name\" content=\"CFP Maresme\" \/>\n<meta property=\"article:published_time\" content=\"2026-04-27T09:34:52+00:00\" \/>\n<meta property=\"article:modified_time\" content=\"2026-04-27T12:37:37+00:00\" \/>\n<meta property=\"og:image\" content=\"https:\/\/cfpmaresme.org\/wp-content\/uploads\/2026\/04\/bANNERS-1-scaled.png\" \/>\n\t<meta property=\"og:image:width\" content=\"2560\" \/>\n\t<meta property=\"og:image:height\" content=\"769\" \/>\n\t<meta property=\"og:image:type\" content=\"image\/png\" \/>\n<meta name=\"author\" content=\"CFPMaresme\" \/>\n<meta name=\"twitter:card\" content=\"summary_large_image\" \/>\n<meta name=\"twitter:creator\" content=\"@cfpmaresme\" \/>\n<meta name=\"twitter:site\" content=\"@cfpmaresme\" \/>\n<meta name=\"twitter:label1\" content=\"Escrito por\" \/>\n\t<meta name=\"twitter:data1\" content=\"CFPMaresme\" \/>\n\t<meta name=\"twitter:label2\" content=\"Tiempo de lectura\" \/>\n\t<meta name=\"twitter:data2\" content=\"4 minutos\" \/>\n<script type=\"application\/ld+json\" class=\"yoast-schema-graph\">{\"@context\":\"https:\\\/\\\/schema.org\",\"@graph\":[{\"@type\":\"Article\",\"@id\":\"https:\\\/\\\/cfpmaresme.org\\\/es\\\/haver-estat-en-un-centre-no-em-defineix-el-recorregut-den-jonathan-pels-serveis-del-cfp\\\/#article\",\"isPartOf\":{\"@id\":\"https:\\\/\\\/cfpmaresme.org\\\/es\\\/haver-estat-en-un-centre-no-em-defineix-el-recorregut-den-jonathan-pels-serveis-del-cfp\\\/\"},\"author\":{\"name\":\"CFPMaresme\",\"@id\":\"https:\\\/\\\/cfpmaresme.org\\\/#\\\/schema\\\/person\\\/b2634bcd796fafc667ea4055f61b9b2c\"},\"headline\":\"\u201cHaber estado en un centro no me define\u201d. El recorrido de Jonathan por los servicios del CFP\",\"datePublished\":\"2026-04-27T09:34:52+00:00\",\"dateModified\":\"2026-04-27T12:37:37+00:00\",\"mainEntityOfPage\":{\"@id\":\"https:\\\/\\\/cfpmaresme.org\\\/es\\\/haver-estat-en-un-centre-no-em-defineix-el-recorregut-den-jonathan-pels-serveis-del-cfp\\\/\"},\"wordCount\":608,\"image\":{\"@id\":\"https:\\\/\\\/cfpmaresme.org\\\/es\\\/haver-estat-en-un-centre-no-em-defineix-el-recorregut-den-jonathan-pels-serveis-del-cfp\\\/#primaryimage\"},\"thumbnailUrl\":\"https:\\\/\\\/cfpmaresme.org\\\/wp-content\\\/uploads\\\/2026\\\/04\\\/bANNERS-1-scaled.png\",\"articleSection\":[\"\u00c1rea de infancia, adolescencia y fam\u00edlia\",\"CRAE\",\"Entrevistas\",\"Pisos j\u00f3venes\",\"Publicaciones\"],\"inLanguage\":\"es\"},{\"@type\":\"WebPage\",\"@id\":\"https:\\\/\\\/cfpmaresme.org\\\/es\\\/haver-estat-en-un-centre-no-em-defineix-el-recorregut-den-jonathan-pels-serveis-del-cfp\\\/\",\"url\":\"https:\\\/\\\/cfpmaresme.org\\\/es\\\/haver-estat-en-un-centre-no-em-defineix-el-recorregut-den-jonathan-pels-serveis-del-cfp\\\/\",\"name\":\"\u201cHaber estado en un centro no me define\u201d. El recorrido de Jonathan por los servicios del CFP | CFP Maresme\",\"isPartOf\":{\"@id\":\"https:\\\/\\\/cfpmaresme.org\\\/#website\"},\"primaryImageOfPage\":{\"@id\":\"https:\\\/\\\/cfpmaresme.org\\\/es\\\/haver-estat-en-un-centre-no-em-defineix-el-recorregut-den-jonathan-pels-serveis-del-cfp\\\/#primaryimage\"},\"image\":{\"@id\":\"https:\\\/\\\/cfpmaresme.org\\\/es\\\/haver-estat-en-un-centre-no-em-defineix-el-recorregut-den-jonathan-pels-serveis-del-cfp\\\/#primaryimage\"},\"thumbnailUrl\":\"https:\\\/\\\/cfpmaresme.org\\\/wp-content\\\/uploads\\\/2026\\\/04\\\/bANNERS-1-scaled.png\",\"datePublished\":\"2026-04-27T09:34:52+00:00\",\"dateModified\":\"2026-04-27T12:37:37+00:00\",\"author\":{\"@id\":\"https:\\\/\\\/cfpmaresme.org\\\/#\\\/schema\\\/person\\\/b2634bcd796fafc667ea4055f61b9b2c\"},\"breadcrumb\":{\"@id\":\"https:\\\/\\\/cfpmaresme.org\\\/es\\\/haver-estat-en-un-centre-no-em-defineix-el-recorregut-den-jonathan-pels-serveis-del-cfp\\\/#breadcrumb\"},\"inLanguage\":\"es\",\"potentialAction\":[{\"@type\":\"ReadAction\",\"target\":[\"https:\\\/\\\/cfpmaresme.org\\\/es\\\/haver-estat-en-un-centre-no-em-defineix-el-recorregut-den-jonathan-pels-serveis-del-cfp\\\/\"]}]},{\"@type\":\"ImageObject\",\"inLanguage\":\"es\",\"@id\":\"https:\\\/\\\/cfpmaresme.org\\\/es\\\/haver-estat-en-un-centre-no-em-defineix-el-recorregut-den-jonathan-pels-serveis-del-cfp\\\/#primaryimage\",\"url\":\"https:\\\/\\\/cfpmaresme.org\\\/wp-content\\\/uploads\\\/2026\\\/04\\\/bANNERS-1-scaled.png\",\"contentUrl\":\"https:\\\/\\\/cfpmaresme.org\\\/wp-content\\\/uploads\\\/2026\\\/04\\\/bANNERS-1-scaled.png\",\"width\":2560,\"height\":769},{\"@type\":\"BreadcrumbList\",\"@id\":\"https:\\\/\\\/cfpmaresme.org\\\/es\\\/haver-estat-en-un-centre-no-em-defineix-el-recorregut-den-jonathan-pels-serveis-del-cfp\\\/#breadcrumb\",\"itemListElement\":[{\"@type\":\"ListItem\",\"position\":1,\"name\":\"Home\",\"item\":\"https:\\\/\\\/cfpmaresme.org\\\/es\\\/\"},{\"@type\":\"ListItem\",\"position\":2,\"name\":\"\u201cHaber estado en un centro no me define\u201d. El recorrido de Jonathan por los servicios del CFP\"}]},{\"@type\":\"WebSite\",\"@id\":\"https:\\\/\\\/cfpmaresme.org\\\/#website\",\"url\":\"https:\\\/\\\/cfpmaresme.org\\\/\",\"name\":\"CFP Maresme\",\"description\":\"Centre Formaci\u00f3 Prevenci\u00f3\",\"potentialAction\":[{\"@type\":\"SearchAction\",\"target\":{\"@type\":\"EntryPoint\",\"urlTemplate\":\"https:\\\/\\\/cfpmaresme.org\\\/?s={search_term_string}\"},\"query-input\":{\"@type\":\"PropertyValueSpecification\",\"valueRequired\":true,\"valueName\":\"search_term_string\"}}],\"inLanguage\":\"es\"},{\"@type\":\"Person\",\"@id\":\"https:\\\/\\\/cfpmaresme.org\\\/#\\\/schema\\\/person\\\/b2634bcd796fafc667ea4055f61b9b2c\",\"name\":\"CFPMaresme\"}]}<\/script>\n<!-- \/ Yoast SEO plugin. -->","yoast_head_json":{"title":"\u201cHaber estado en un centro no me define\u201d. El recorrido de Jonathan por los servicios del CFP | CFP Maresme","robots":{"index":"index","follow":"follow","max-snippet":"max-snippet:-1","max-image-preview":"max-image-preview:large","max-video-preview":"max-video-preview:-1"},"canonical":"https:\/\/cfpmaresme.org\/es\/haver-estat-en-un-centre-no-em-defineix-el-recorregut-den-jonathan-pels-serveis-del-cfp\/","og_locale":"es_ES","og_type":"article","og_title":"\u201cHaber estado en un centro no me define\u201d. El recorrido de Jonathan por los servicios del CFP | CFP Maresme","og_description":"Jonathan tiene 21 a\u00f1os y, desde hace m\u00e1s de 10 a\u00f1os, lo acompa\u00f1amos desde distintos servicios del Centro de Formaci\u00f3n y Prevenci\u00f3n. A lo largo de este tiempo ha pasado por el CRAE, por los pisos asistidos para j\u00f3venes (DGPPIA) y por el Programa de...","og_url":"https:\/\/cfpmaresme.org\/es\/haver-estat-en-un-centre-no-em-defineix-el-recorregut-den-jonathan-pels-serveis-del-cfp\/","og_site_name":"CFP Maresme","article_published_time":"2026-04-27T09:34:52+00:00","article_modified_time":"2026-04-27T12:37:37+00:00","og_image":[{"width":2560,"height":769,"url":"https:\/\/cfpmaresme.org\/wp-content\/uploads\/2026\/04\/bANNERS-1-scaled.png","type":"image\/png"}],"author":"CFPMaresme","twitter_card":"summary_large_image","twitter_creator":"@cfpmaresme","twitter_site":"@cfpmaresme","twitter_misc":{"Escrito por":"CFPMaresme","Tiempo de lectura":"4 minutos"},"schema":{"@context":"https:\/\/schema.org","@graph":[{"@type":"Article","@id":"https:\/\/cfpmaresme.org\/es\/haver-estat-en-un-centre-no-em-defineix-el-recorregut-den-jonathan-pels-serveis-del-cfp\/#article","isPartOf":{"@id":"https:\/\/cfpmaresme.org\/es\/haver-estat-en-un-centre-no-em-defineix-el-recorregut-den-jonathan-pels-serveis-del-cfp\/"},"author":{"name":"CFPMaresme","@id":"https:\/\/cfpmaresme.org\/#\/schema\/person\/b2634bcd796fafc667ea4055f61b9b2c"},"headline":"\u201cHaber estado en un centro no me define\u201d. El recorrido de Jonathan por los servicios del CFP","datePublished":"2026-04-27T09:34:52+00:00","dateModified":"2026-04-27T12:37:37+00:00","mainEntityOfPage":{"@id":"https:\/\/cfpmaresme.org\/es\/haver-estat-en-un-centre-no-em-defineix-el-recorregut-den-jonathan-pels-serveis-del-cfp\/"},"wordCount":608,"image":{"@id":"https:\/\/cfpmaresme.org\/es\/haver-estat-en-un-centre-no-em-defineix-el-recorregut-den-jonathan-pels-serveis-del-cfp\/#primaryimage"},"thumbnailUrl":"https:\/\/cfpmaresme.org\/wp-content\/uploads\/2026\/04\/bANNERS-1-scaled.png","articleSection":["\u00c1rea de infancia, adolescencia y fam\u00edlia","CRAE","Entrevistas","Pisos j\u00f3venes","Publicaciones"],"inLanguage":"es"},{"@type":"WebPage","@id":"https:\/\/cfpmaresme.org\/es\/haver-estat-en-un-centre-no-em-defineix-el-recorregut-den-jonathan-pels-serveis-del-cfp\/","url":"https:\/\/cfpmaresme.org\/es\/haver-estat-en-un-centre-no-em-defineix-el-recorregut-den-jonathan-pels-serveis-del-cfp\/","name":"\u201cHaber estado en un centro no me define\u201d. El recorrido de Jonathan por los servicios del CFP | CFP Maresme","isPartOf":{"@id":"https:\/\/cfpmaresme.org\/#website"},"primaryImageOfPage":{"@id":"https:\/\/cfpmaresme.org\/es\/haver-estat-en-un-centre-no-em-defineix-el-recorregut-den-jonathan-pels-serveis-del-cfp\/#primaryimage"},"image":{"@id":"https:\/\/cfpmaresme.org\/es\/haver-estat-en-un-centre-no-em-defineix-el-recorregut-den-jonathan-pels-serveis-del-cfp\/#primaryimage"},"thumbnailUrl":"https:\/\/cfpmaresme.org\/wp-content\/uploads\/2026\/04\/bANNERS-1-scaled.png","datePublished":"2026-04-27T09:34:52+00:00","dateModified":"2026-04-27T12:37:37+00:00","author":{"@id":"https:\/\/cfpmaresme.org\/#\/schema\/person\/b2634bcd796fafc667ea4055f61b9b2c"},"breadcrumb":{"@id":"https:\/\/cfpmaresme.org\/es\/haver-estat-en-un-centre-no-em-defineix-el-recorregut-den-jonathan-pels-serveis-del-cfp\/#breadcrumb"},"inLanguage":"es","potentialAction":[{"@type":"ReadAction","target":["https:\/\/cfpmaresme.org\/es\/haver-estat-en-un-centre-no-em-defineix-el-recorregut-den-jonathan-pels-serveis-del-cfp\/"]}]},{"@type":"ImageObject","inLanguage":"es","@id":"https:\/\/cfpmaresme.org\/es\/haver-estat-en-un-centre-no-em-defineix-el-recorregut-den-jonathan-pels-serveis-del-cfp\/#primaryimage","url":"https:\/\/cfpmaresme.org\/wp-content\/uploads\/2026\/04\/bANNERS-1-scaled.png","contentUrl":"https:\/\/cfpmaresme.org\/wp-content\/uploads\/2026\/04\/bANNERS-1-scaled.png","width":2560,"height":769},{"@type":"BreadcrumbList","@id":"https:\/\/cfpmaresme.org\/es\/haver-estat-en-un-centre-no-em-defineix-el-recorregut-den-jonathan-pels-serveis-del-cfp\/#breadcrumb","itemListElement":[{"@type":"ListItem","position":1,"name":"Home","item":"https:\/\/cfpmaresme.org\/es\/"},{"@type":"ListItem","position":2,"name":"\u201cHaber estado en un centro no me define\u201d. El recorrido de Jonathan por los servicios del CFP"}]},{"@type":"WebSite","@id":"https:\/\/cfpmaresme.org\/#website","url":"https:\/\/cfpmaresme.org\/","name":"CFP Maresme","description":"Centre Formaci\u00f3 Prevenci\u00f3","potentialAction":[{"@type":"SearchAction","target":{"@type":"EntryPoint","urlTemplate":"https:\/\/cfpmaresme.org\/?s={search_term_string}"},"query-input":{"@type":"PropertyValueSpecification","valueRequired":true,"valueName":"search_term_string"}}],"inLanguage":"es"},{"@type":"Person","@id":"https:\/\/cfpmaresme.org\/#\/schema\/person\/b2634bcd796fafc667ea4055f61b9b2c","name":"CFPMaresme"}]}},"_links":{"self":[{"href":"https:\/\/cfpmaresme.org\/es\/wp-json\/wp\/v2\/posts\/112804","targetHints":{"allow":["GET"]}}],"collection":[{"href":"https:\/\/cfpmaresme.org\/es\/wp-json\/wp\/v2\/posts"}],"about":[{"href":"https:\/\/cfpmaresme.org\/es\/wp-json\/wp\/v2\/types\/post"}],"author":[{"embeddable":true,"href":"https:\/\/cfpmaresme.org\/es\/wp-json\/wp\/v2\/users\/2"}],"replies":[{"embeddable":true,"href":"https:\/\/cfpmaresme.org\/es\/wp-json\/wp\/v2\/comments?post=112804"}],"version-history":[{"count":6,"href":"https:\/\/cfpmaresme.org\/es\/wp-json\/wp\/v2\/posts\/112804\/revisions"}],"predecessor-version":[{"id":112810,"href":"https:\/\/cfpmaresme.org\/es\/wp-json\/wp\/v2\/posts\/112804\/revisions\/112810"}],"wp:featuredmedia":[{"embeddable":true,"href":"https:\/\/cfpmaresme.org\/es\/wp-json\/wp\/v2\/media\/112792"}],"wp:attachment":[{"href":"https:\/\/cfpmaresme.org\/es\/wp-json\/wp\/v2\/media?parent=112804"}],"wp:term":[{"taxonomy":"category","embeddable":true,"href":"https:\/\/cfpmaresme.org\/es\/wp-json\/wp\/v2\/categories?post=112804"},{"taxonomy":"post_tag","embeddable":true,"href":"https:\/\/cfpmaresme.org\/es\/wp-json\/wp\/v2\/tags?post=112804"}],"curies":[{"name":"wp","href":"https:\/\/api.w.org\/{rel}","templated":true}]}}