{"id":112818,"date":"2026-04-28T15:06:45","date_gmt":"2026-04-28T13:06:45","guid":{"rendered":"https:\/\/cfpmaresme.org\/%f0%9f%93%a2-%f0%9f%93%a2-inscriu-te-i-reservat-el-dia-acte-de-reconeixement-a-les-empreses\/"},"modified":"2026-04-28T15:21:05","modified_gmt":"2026-04-28T13:21:05","slug":"%f0%9f%93%a2-%f0%9f%93%a2-inscriu-te-i-reservat-el-dia-acte-de-reconeixement-a-les-empreses","status":"publish","type":"post","link":"https:\/\/cfpmaresme.org\/es\/%f0%9f%93%a2-%f0%9f%93%a2-inscriu-te-i-reservat-el-dia-acte-de-reconeixement-a-les-empreses\/","title":{"rendered":"\ud83d\udce2 \u00a1INSCR\u00cdBETE Y RESERVA LA FECHA! Acto de RECONOCIMIENTO A LAS EMPRESAS"},"content":{"rendered":"<p>Desde el Servicio de Intermediaci\u00f3n Laboral: La Clave, de la Fundaci\u00f3n Centro de Formaci\u00f3n y Prevenci\u00f3n, estamos preparando la segunda edici\u00f3n del <strong>Acto de RECONOCIMIENTO A LAS EMPRESAS<\/strong> colaboradoras con nuestra entidad. Un evento en el que queremos volver a compartir con vosotros la importancia de abordar el cuidado de la salud mental en vuestros equipos de trabajo.<\/p>\n<p>&nbsp;<\/p>\n<p><u>Contaremos con:\u00a0<\/u><\/p>\n<p>* una ponencia central sobre \u201c<strong>El absentismo laboral a las empresas<\/strong>\u201d<\/p>\n<p>* la participaci\u00f3n al acto de primeras personas<\/p>\n<p>* la participaci\u00f3n al acte de empresas inclusivas<\/p>\n<p>* la presencia de referentes en el \u00e1mbito de la ocupaci\u00f3n y de la salud<\/p>\n<p>&nbsp;<\/p>\n<p><u>El acte incluye tambi\u00e9n:<\/u><\/p>\n<p>* Ceremonia de Reconocimiento: un momento especial dedicado a entregar un reconocimiento a aquellas empresas que se han distinguido por sus pol\u00edticas inclusivas y su compromiso con el bienestar de sus trabajadores\/as. Habr\u00e1 3 categor\u00edas:<\/p>\n<ul>\n<li>Empresa facilitadora<\/li>\n<li>Empresa inclusiva<\/li>\n<li>Empresa cuidadora<\/li>\n<\/ul>\n<p>&nbsp;<\/p>\n<p>* Piscolabis<\/p>\n<p>&nbsp;<\/p>\n<p>El Acto de <strong>RECONOCIMIENTO A LAS EMPRESAS<\/strong> tendr\u00e1 lugar:<\/p>\n<p>\ud83d\udcc5\u00a0<strong>21 de mayo del 2026<\/strong><\/p>\n<p>\ud83d\udd50\u00a0<strong>Tarde 18\u201900h a 20\u201900h<\/strong><\/p>\n<p>\ud83d\udea9\u00a0<strong>Nau Gaud\u00ed &#8211; Matar\u00f3<\/strong><\/p>\n<p>&nbsp;<\/p>\n<p><a href=\"https:\/\/docs.google.com\/forms\/d\/e\/1FAIpQLSeUvC0gpjhBjZCzZsz1-BvtYsA3QCo3gcfY3l0C5g1Qv_W4aw\/viewform?usp=dialog\">\ud83d\udc49 Enlace de inscripci\u00f3n<\/a><\/p>\n","protected":false},"excerpt":{"rendered":"<p>Desde el Servicio de Intermediaci\u00f3n Laboral: La Clave, de la Fundaci\u00f3n Centro de Formaci\u00f3n y Prevenci\u00f3n, estamos preparando la segunda edici\u00f3n del Acto de RECONOCIMIENTO A LAS EMPRESAS colaboradoras con nuestra entidad. Un evento en el que queremos volver a compartir con vosotros la importancia&#8230;<\/p>\n","protected":false},"author":2,"featured_media":112814,"comment_status":"closed","ping_status":"closed","sticky":false,"template":"","format":"standard","meta":{"footnotes":""},"categories":[1270,1259],"tags":[],"class_list":["post-112818","post","type-post","status-publish","format-standard","has-post-thumbnail","hentry","category-intermediacio-laboral-la-clau-es","category-publicaciones"],"yoast_head":"<!-- This site is optimized with the Yoast SEO plugin v27.4 - https:\/\/yoast.com\/product\/yoast-seo-wordpress\/ -->\n<title>\ud83d\udce2 \u00a1INSCR\u00cdBETE Y RESERVA LA FECHA! Acto de RECONOCIMIENTO A LAS EMPRESAS | CFP Maresme<\/title>\n<meta name=\"robots\" content=\"index, follow, max-snippet:-1, max-image-preview:large, max-video-preview:-1\" \/>\n<link rel=\"canonical\" href=\"https:\/\/cfpmaresme.org\/es\/\ud83d\udce2-\ud83d\udce2-inscriu-te-i-reservat-el-dia-acte-de-reconeixement-a-les-empreses\/\" \/>\n<meta property=\"og:locale\" content=\"es_ES\" \/>\n<meta property=\"og:type\" content=\"article\" \/>\n<meta property=\"og:title\" content=\"\ud83d\udce2 \u00a1INSCR\u00cdBETE Y RESERVA LA FECHA! Acto de RECONOCIMIENTO A LAS EMPRESAS | CFP Maresme\" \/>\n<meta property=\"og:description\" content=\"Desde el Servicio de Intermediaci\u00f3n Laboral: La Clave, de la Fundaci\u00f3n Centro de Formaci\u00f3n y Prevenci\u00f3n, estamos preparando la segunda edici\u00f3n del Acto de RECONOCIMIENTO A LAS EMPRESAS colaboradoras con nuestra entidad. Un evento en el que queremos volver a compartir con vosotros la importancia...\" \/>\n<meta property=\"og:url\" content=\"https:\/\/cfpmaresme.org\/es\/\ud83d\udce2-\ud83d\udce2-inscriu-te-i-reservat-el-dia-acte-de-reconeixement-a-les-empreses\/\" \/>\n<meta property=\"og:site_name\" content=\"CFP Maresme\" \/>\n<meta property=\"article:published_time\" content=\"2026-04-28T13:06:45+00:00\" \/>\n<meta property=\"article:modified_time\" content=\"2026-04-28T13:21:05+00:00\" \/>\n<meta property=\"og:image\" content=\"http:\/\/cfpmaresme.org\/wp-content\/uploads\/2026\/04\/Banner_Acte-reconeixement-a-empreses.png\" \/>\n\t<meta property=\"og:image:width\" content=\"1600\" \/>\n\t<meta property=\"og:image:height\" content=\"400\" \/>\n\t<meta property=\"og:image:type\" content=\"image\/png\" \/>\n<meta name=\"author\" content=\"CFPMaresme\" \/>\n<meta name=\"twitter:card\" content=\"summary_large_image\" \/>\n<meta name=\"twitter:creator\" content=\"@cfpmaresme\" \/>\n<meta name=\"twitter:site\" content=\"@cfpmaresme\" \/>\n<meta name=\"twitter:label1\" content=\"Escrito por\" \/>\n\t<meta name=\"twitter:data1\" content=\"CFPMaresme\" \/>\n\t<meta name=\"twitter:label2\" content=\"Tiempo de lectura\" \/>\n\t<meta name=\"twitter:data2\" content=\"2 minutos\" \/>\n<script type=\"application\/ld+json\" class=\"yoast-schema-graph\">{\"@context\":\"https:\\\/\\\/schema.org\",\"@graph\":[{\"@type\":\"Article\",\"@id\":\"https:\\\/\\\/cfpmaresme.org\\\/es\\\/%f0%9f%93%a2-%f0%9f%93%a2-inscriu-te-i-reservat-el-dia-acte-de-reconeixement-a-les-empreses\\\/#article\",\"isPartOf\":{\"@id\":\"https:\\\/\\\/cfpmaresme.org\\\/es\\\/%f0%9f%93%a2-%f0%9f%93%a2-inscriu-te-i-reservat-el-dia-acte-de-reconeixement-a-les-empreses\\\/\"},\"author\":{\"name\":\"CFPMaresme\",\"@id\":\"https:\\\/\\\/cfpmaresme.org\\\/#\\\/schema\\\/person\\\/b2634bcd796fafc667ea4055f61b9b2c\"},\"headline\":\"\ud83d\udce2 \u00a1INSCR\u00cdBETE Y RESERVA LA FECHA! Acto de RECONOCIMIENTO A LAS EMPRESAS\",\"datePublished\":\"2026-04-28T13:06:45+00:00\",\"dateModified\":\"2026-04-28T13:21:05+00:00\",\"mainEntityOfPage\":{\"@id\":\"https:\\\/\\\/cfpmaresme.org\\\/es\\\/%f0%9f%93%a2-%f0%9f%93%a2-inscriu-te-i-reservat-el-dia-acte-de-reconeixement-a-les-empreses\\\/\"},\"wordCount\":195,\"image\":{\"@id\":\"https:\\\/\\\/cfpmaresme.org\\\/es\\\/%f0%9f%93%a2-%f0%9f%93%a2-inscriu-te-i-reservat-el-dia-acte-de-reconeixement-a-les-empreses\\\/#primaryimage\"},\"thumbnailUrl\":\"https:\\\/\\\/cfpmaresme.org\\\/wp-content\\\/uploads\\\/2026\\\/04\\\/Banner_Acte-reconeixement-a-empreses.png\",\"articleSection\":[\"Intermediaci\u00f3 Laboral: la clau\",\"Publicaciones\"],\"inLanguage\":\"es\"},{\"@type\":\"WebPage\",\"@id\":\"https:\\\/\\\/cfpmaresme.org\\\/es\\\/%f0%9f%93%a2-%f0%9f%93%a2-inscriu-te-i-reservat-el-dia-acte-de-reconeixement-a-les-empreses\\\/\",\"url\":\"https:\\\/\\\/cfpmaresme.org\\\/es\\\/%f0%9f%93%a2-%f0%9f%93%a2-inscriu-te-i-reservat-el-dia-acte-de-reconeixement-a-les-empreses\\\/\",\"name\":\"\ud83d\udce2 \u00a1INSCR\u00cdBETE Y RESERVA LA FECHA! Acto de RECONOCIMIENTO A LAS EMPRESAS | CFP Maresme\",\"isPartOf\":{\"@id\":\"https:\\\/\\\/cfpmaresme.org\\\/#website\"},\"primaryImageOfPage\":{\"@id\":\"https:\\\/\\\/cfpmaresme.org\\\/es\\\/%f0%9f%93%a2-%f0%9f%93%a2-inscriu-te-i-reservat-el-dia-acte-de-reconeixement-a-les-empreses\\\/#primaryimage\"},\"image\":{\"@id\":\"https:\\\/\\\/cfpmaresme.org\\\/es\\\/%f0%9f%93%a2-%f0%9f%93%a2-inscriu-te-i-reservat-el-dia-acte-de-reconeixement-a-les-empreses\\\/#primaryimage\"},\"thumbnailUrl\":\"https:\\\/\\\/cfpmaresme.org\\\/wp-content\\\/uploads\\\/2026\\\/04\\\/Banner_Acte-reconeixement-a-empreses.png\",\"datePublished\":\"2026-04-28T13:06:45+00:00\",\"dateModified\":\"2026-04-28T13:21:05+00:00\",\"author\":{\"@id\":\"https:\\\/\\\/cfpmaresme.org\\\/#\\\/schema\\\/person\\\/b2634bcd796fafc667ea4055f61b9b2c\"},\"breadcrumb\":{\"@id\":\"https:\\\/\\\/cfpmaresme.org\\\/es\\\/%f0%9f%93%a2-%f0%9f%93%a2-inscriu-te-i-reservat-el-dia-acte-de-reconeixement-a-les-empreses\\\/#breadcrumb\"},\"inLanguage\":\"es\",\"potentialAction\":[{\"@type\":\"ReadAction\",\"target\":[\"https:\\\/\\\/cfpmaresme.org\\\/es\\\/%f0%9f%93%a2-%f0%9f%93%a2-inscriu-te-i-reservat-el-dia-acte-de-reconeixement-a-les-empreses\\\/\"]}]},{\"@type\":\"ImageObject\",\"inLanguage\":\"es\",\"@id\":\"https:\\\/\\\/cfpmaresme.org\\\/es\\\/%f0%9f%93%a2-%f0%9f%93%a2-inscriu-te-i-reservat-el-dia-acte-de-reconeixement-a-les-empreses\\\/#primaryimage\",\"url\":\"https:\\\/\\\/cfpmaresme.org\\\/wp-content\\\/uploads\\\/2026\\\/04\\\/Banner_Acte-reconeixement-a-empreses.png\",\"contentUrl\":\"https:\\\/\\\/cfpmaresme.org\\\/wp-content\\\/uploads\\\/2026\\\/04\\\/Banner_Acte-reconeixement-a-empreses.png\",\"width\":1600,\"height\":400},{\"@type\":\"BreadcrumbList\",\"@id\":\"https:\\\/\\\/cfpmaresme.org\\\/es\\\/%f0%9f%93%a2-%f0%9f%93%a2-inscriu-te-i-reservat-el-dia-acte-de-reconeixement-a-les-empreses\\\/#breadcrumb\",\"itemListElement\":[{\"@type\":\"ListItem\",\"position\":1,\"name\":\"Home\",\"item\":\"https:\\\/\\\/cfpmaresme.org\\\/es\\\/\"},{\"@type\":\"ListItem\",\"position\":2,\"name\":\"\ud83d\udce2 \u00a1INSCR\u00cdBETE Y RESERVA LA FECHA! Acto de RECONOCIMIENTO A LAS EMPRESAS\"}]},{\"@type\":\"WebSite\",\"@id\":\"https:\\\/\\\/cfpmaresme.org\\\/#website\",\"url\":\"https:\\\/\\\/cfpmaresme.org\\\/\",\"name\":\"CFP Maresme\",\"description\":\"Centre Formaci\u00f3 Prevenci\u00f3\",\"potentialAction\":[{\"@type\":\"SearchAction\",\"target\":{\"@type\":\"EntryPoint\",\"urlTemplate\":\"https:\\\/\\\/cfpmaresme.org\\\/?s={search_term_string}\"},\"query-input\":{\"@type\":\"PropertyValueSpecification\",\"valueRequired\":true,\"valueName\":\"search_term_string\"}}],\"inLanguage\":\"es\"},{\"@type\":\"Person\",\"@id\":\"https:\\\/\\\/cfpmaresme.org\\\/#\\\/schema\\\/person\\\/b2634bcd796fafc667ea4055f61b9b2c\",\"name\":\"CFPMaresme\"}]}<\/script>\n<!-- \/ Yoast SEO plugin. -->","yoast_head_json":{"title":"\ud83d\udce2 \u00a1INSCR\u00cdBETE Y RESERVA LA FECHA! Acto de RECONOCIMIENTO A LAS EMPRESAS | CFP Maresme","robots":{"index":"index","follow":"follow","max-snippet":"max-snippet:-1","max-image-preview":"max-image-preview:large","max-video-preview":"max-video-preview:-1"},"canonical":"https:\/\/cfpmaresme.org\/es\/\ud83d\udce2-\ud83d\udce2-inscriu-te-i-reservat-el-dia-acte-de-reconeixement-a-les-empreses\/","og_locale":"es_ES","og_type":"article","og_title":"\ud83d\udce2 \u00a1INSCR\u00cdBETE Y RESERVA LA FECHA! Acto de RECONOCIMIENTO A LAS EMPRESAS | CFP Maresme","og_description":"Desde el Servicio de Intermediaci\u00f3n Laboral: La Clave, de la Fundaci\u00f3n Centro de Formaci\u00f3n y Prevenci\u00f3n, estamos preparando la segunda edici\u00f3n del Acto de RECONOCIMIENTO A LAS EMPRESAS colaboradoras con nuestra entidad. Un evento en el que queremos volver a compartir con vosotros la importancia...","og_url":"https:\/\/cfpmaresme.org\/es\/\ud83d\udce2-\ud83d\udce2-inscriu-te-i-reservat-el-dia-acte-de-reconeixement-a-les-empreses\/","og_site_name":"CFP Maresme","article_published_time":"2026-04-28T13:06:45+00:00","article_modified_time":"2026-04-28T13:21:05+00:00","og_image":[{"width":1600,"height":400,"url":"http:\/\/cfpmaresme.org\/wp-content\/uploads\/2026\/04\/Banner_Acte-reconeixement-a-empreses.png","type":"image\/png"}],"author":"CFPMaresme","twitter_card":"summary_large_image","twitter_creator":"@cfpmaresme","twitter_site":"@cfpmaresme","twitter_misc":{"Escrito por":"CFPMaresme","Tiempo de lectura":"2 minutos"},"schema":{"@context":"https:\/\/schema.org","@graph":[{"@type":"Article","@id":"https:\/\/cfpmaresme.org\/es\/%f0%9f%93%a2-%f0%9f%93%a2-inscriu-te-i-reservat-el-dia-acte-de-reconeixement-a-les-empreses\/#article","isPartOf":{"@id":"https:\/\/cfpmaresme.org\/es\/%f0%9f%93%a2-%f0%9f%93%a2-inscriu-te-i-reservat-el-dia-acte-de-reconeixement-a-les-empreses\/"},"author":{"name":"CFPMaresme","@id":"https:\/\/cfpmaresme.org\/#\/schema\/person\/b2634bcd796fafc667ea4055f61b9b2c"},"headline":"\ud83d\udce2 \u00a1INSCR\u00cdBETE Y RESERVA LA FECHA! Acto de RECONOCIMIENTO A LAS EMPRESAS","datePublished":"2026-04-28T13:06:45+00:00","dateModified":"2026-04-28T13:21:05+00:00","mainEntityOfPage":{"@id":"https:\/\/cfpmaresme.org\/es\/%f0%9f%93%a2-%f0%9f%93%a2-inscriu-te-i-reservat-el-dia-acte-de-reconeixement-a-les-empreses\/"},"wordCount":195,"image":{"@id":"https:\/\/cfpmaresme.org\/es\/%f0%9f%93%a2-%f0%9f%93%a2-inscriu-te-i-reservat-el-dia-acte-de-reconeixement-a-les-empreses\/#primaryimage"},"thumbnailUrl":"https:\/\/cfpmaresme.org\/wp-content\/uploads\/2026\/04\/Banner_Acte-reconeixement-a-empreses.png","articleSection":["Intermediaci\u00f3 Laboral: la clau","Publicaciones"],"inLanguage":"es"},{"@type":"WebPage","@id":"https:\/\/cfpmaresme.org\/es\/%f0%9f%93%a2-%f0%9f%93%a2-inscriu-te-i-reservat-el-dia-acte-de-reconeixement-a-les-empreses\/","url":"https:\/\/cfpmaresme.org\/es\/%f0%9f%93%a2-%f0%9f%93%a2-inscriu-te-i-reservat-el-dia-acte-de-reconeixement-a-les-empreses\/","name":"\ud83d\udce2 \u00a1INSCR\u00cdBETE Y RESERVA LA FECHA! Acto de RECONOCIMIENTO A LAS EMPRESAS | CFP Maresme","isPartOf":{"@id":"https:\/\/cfpmaresme.org\/#website"},"primaryImageOfPage":{"@id":"https:\/\/cfpmaresme.org\/es\/%f0%9f%93%a2-%f0%9f%93%a2-inscriu-te-i-reservat-el-dia-acte-de-reconeixement-a-les-empreses\/#primaryimage"},"image":{"@id":"https:\/\/cfpmaresme.org\/es\/%f0%9f%93%a2-%f0%9f%93%a2-inscriu-te-i-reservat-el-dia-acte-de-reconeixement-a-les-empreses\/#primaryimage"},"thumbnailUrl":"https:\/\/cfpmaresme.org\/wp-content\/uploads\/2026\/04\/Banner_Acte-reconeixement-a-empreses.png","datePublished":"2026-04-28T13:06:45+00:00","dateModified":"2026-04-28T13:21:05+00:00","author":{"@id":"https:\/\/cfpmaresme.org\/#\/schema\/person\/b2634bcd796fafc667ea4055f61b9b2c"},"breadcrumb":{"@id":"https:\/\/cfpmaresme.org\/es\/%f0%9f%93%a2-%f0%9f%93%a2-inscriu-te-i-reservat-el-dia-acte-de-reconeixement-a-les-empreses\/#breadcrumb"},"inLanguage":"es","potentialAction":[{"@type":"ReadAction","target":["https:\/\/cfpmaresme.org\/es\/%f0%9f%93%a2-%f0%9f%93%a2-inscriu-te-i-reservat-el-dia-acte-de-reconeixement-a-les-empreses\/"]}]},{"@type":"ImageObject","inLanguage":"es","@id":"https:\/\/cfpmaresme.org\/es\/%f0%9f%93%a2-%f0%9f%93%a2-inscriu-te-i-reservat-el-dia-acte-de-reconeixement-a-les-empreses\/#primaryimage","url":"https:\/\/cfpmaresme.org\/wp-content\/uploads\/2026\/04\/Banner_Acte-reconeixement-a-empreses.png","contentUrl":"https:\/\/cfpmaresme.org\/wp-content\/uploads\/2026\/04\/Banner_Acte-reconeixement-a-empreses.png","width":1600,"height":400},{"@type":"BreadcrumbList","@id":"https:\/\/cfpmaresme.org\/es\/%f0%9f%93%a2-%f0%9f%93%a2-inscriu-te-i-reservat-el-dia-acte-de-reconeixement-a-les-empreses\/#breadcrumb","itemListElement":[{"@type":"ListItem","position":1,"name":"Home","item":"https:\/\/cfpmaresme.org\/es\/"},{"@type":"ListItem","position":2,"name":"\ud83d\udce2 \u00a1INSCR\u00cdBETE Y RESERVA LA FECHA! Acto de RECONOCIMIENTO A LAS EMPRESAS"}]},{"@type":"WebSite","@id":"https:\/\/cfpmaresme.org\/#website","url":"https:\/\/cfpmaresme.org\/","name":"CFP Maresme","description":"Centre Formaci\u00f3 Prevenci\u00f3","potentialAction":[{"@type":"SearchAction","target":{"@type":"EntryPoint","urlTemplate":"https:\/\/cfpmaresme.org\/?s={search_term_string}"},"query-input":{"@type":"PropertyValueSpecification","valueRequired":true,"valueName":"search_term_string"}}],"inLanguage":"es"},{"@type":"Person","@id":"https:\/\/cfpmaresme.org\/#\/schema\/person\/b2634bcd796fafc667ea4055f61b9b2c","name":"CFPMaresme"}]}},"_links":{"self":[{"href":"https:\/\/cfpmaresme.org\/es\/wp-json\/wp\/v2\/posts\/112818","targetHints":{"allow":["GET"]}}],"collection":[{"href":"https:\/\/cfpmaresme.org\/es\/wp-json\/wp\/v2\/posts"}],"about":[{"href":"https:\/\/cfpmaresme.org\/es\/wp-json\/wp\/v2\/types\/post"}],"author":[{"embeddable":true,"href":"https:\/\/cfpmaresme.org\/es\/wp-json\/wp\/v2\/users\/2"}],"replies":[{"embeddable":true,"href":"https:\/\/cfpmaresme.org\/es\/wp-json\/wp\/v2\/comments?post=112818"}],"version-history":[{"count":6,"href":"https:\/\/cfpmaresme.org\/es\/wp-json\/wp\/v2\/posts\/112818\/revisions"}],"predecessor-version":[{"id":112824,"href":"https:\/\/cfpmaresme.org\/es\/wp-json\/wp\/v2\/posts\/112818\/revisions\/112824"}],"wp:featuredmedia":[{"embeddable":true,"href":"https:\/\/cfpmaresme.org\/es\/wp-json\/wp\/v2\/media\/112814"}],"wp:attachment":[{"href":"https:\/\/cfpmaresme.org\/es\/wp-json\/wp\/v2\/media?parent=112818"}],"wp:term":[{"taxonomy":"category","embeddable":true,"href":"https:\/\/cfpmaresme.org\/es\/wp-json\/wp\/v2\/categories?post=112818"},{"taxonomy":"post_tag","embeddable":true,"href":"https:\/\/cfpmaresme.org\/es\/wp-json\/wp\/v2\/tags?post=112818"}],"curies":[{"name":"wp","href":"https:\/\/api.w.org\/{rel}","templated":true}]}}