{"id":16926,"date":"2018-04-28T20:45:32","date_gmt":"2018-04-28T18:45:32","guid":{"rendered":"http:\/\/cfpmaresme.org\/llibre-actiu-collabora-amb-lescola-joan-corominas-en-motiu-de-sant-jordi\/"},"modified":"2021-09-23T13:06:12","modified_gmt":"2021-09-23T11:06:12","slug":"llibre-actiu-collabora-amb-lescola-joan-corominas-en-motiu-de-sant-jordi","status":"publish","type":"post","link":"https:\/\/cfpmaresme.org\/es\/llibre-actiu-collabora-amb-lescola-joan-corominas-en-motiu-de-sant-jordi\/","title":{"rendered":"Llibre Actiu colabora con la escuela Joan Corominas en motivo de Sant Jordi"},"content":{"rendered":"<p>El servicio de intercambio de libros del CFP cedi\u00f3 ejemplares a la comunidad de aprendizaje que fueron aprovechadas por personas que visitaron el centro durante la diada.<\/p>\n<div class=\"entry-content\">\n<p><img decoding=\"async\" class=\"alignnone size-full wp-image-1576\" src=\"https:\/\/centreformacioprevencio.files.wordpress.com\/2018\/05\/corominas3-e1525681964373.png?w=584\" sizes=\"(max-width: 584px) 100vw, 584px\" srcset=\"https:\/\/centreformacioprevencio.files.wordpress.com\/2018\/05\/corominas3-e1525681964373.png?w=584 584w, https:\/\/centreformacioprevencio.files.wordpress.com\/2018\/05\/corominas3-e1525681964373.png?w=1168 1168w, https:\/\/centreformacioprevencio.files.wordpress.com\/2018\/05\/corominas3-e1525681964373.png?w=150 150w, https:\/\/centreformacioprevencio.files.wordpress.com\/2018\/05\/corominas3-e1525681964373.png?w=300 300w, https:\/\/centreformacioprevencio.files.wordpress.com\/2018\/05\/corominas3-e1525681964373.png?w=768 768w, https:\/\/centreformacioprevencio.files.wordpress.com\/2018\/05\/corominas3-e1525681964373.png?w=1024 1024w\" alt=\"corominas3\" data-attachment-id=\"1576\" data-permalink=\"https:\/\/centreformacioprevencio.wordpress.com\/2018\/04\/24\/llibre-actiu-collabora-amb-lescola-joan-corominas-en-motiu-de-sant-jordi\/corominas3\/\" data-orig-file=\"https:\/\/centreformacioprevencio.files.wordpress.com\/2018\/05\/corominas3-e1525681964373.png?w=584\" data-orig-size=\"1274,748\" data-comments-opened=\"1\" data-image-meta=\"{&quot;aperture&quot;:&quot;0&quot;,&quot;credit&quot;:&quot;&quot;,&quot;camera&quot;:&quot;&quot;,&quot;caption&quot;:&quot;&quot;,&quot;created_timestamp&quot;:&quot;0&quot;,&quot;copyright&quot;:&quot;&quot;,&quot;focal_length&quot;:&quot;0&quot;,&quot;iso&quot;:&quot;0&quot;,&quot;shutter_speed&quot;:&quot;0&quot;,&quot;title&quot;:&quot;&quot;,&quot;orientation&quot;:&quot;0&quot;}\" data-image-title=\"corominas3\" data-image-description=\"\" data-medium-file=\"https:\/\/centreformacioprevencio.files.wordpress.com\/2018\/05\/corominas3-e1525681964373.png?w=584?w=300\" data-large-file=\"https:\/\/centreformacioprevencio.files.wordpress.com\/2018\/05\/corominas3-e1525681964373.png?w=584?w=584\" \/><\/p>\n<p>El Centre de Formaci\u00f3 i Prevenci\u00f3 siempre ha participado en la diada de Sant Jordi de una manera u otra. Mientras el a\u00f1o pasado montamos un parada a La Riera de Matar\u00f3 con libros y obras del programa art\u00edstico para la integraci\u00f3n de Alterarte del CFP, este a\u00f1o se ha hecho una acci\u00f3n distinta. Ha sido el servicio de intercambio literario Llibre Actiu el que ha colaborado con la comunidad de aprendizaje Joan Corominas de Matar\u00f3 aportando dos cajas llenas de libros para las personas que se acercasen al centro educativo.<\/p>\n<\/div>\n","protected":false},"excerpt":{"rendered":"<p>El servicio de intercambio de libros del CFP cedi\u00f3 ejemplares a la comunidad de aprendizaje que fueron aprovechadas por personas que visitaron el centro durante la diada. El Centre de Formaci\u00f3 i Prevenci\u00f3 siempre ha participado en la diada de Sant Jordi de una manera&#8230;<\/p>\n","protected":false},"author":1,"featured_media":16913,"comment_status":"open","ping_status":"open","sticky":false,"template":"","format":"standard","meta":{"footnotes":""},"categories":[599,1199],"tags":[],"class_list":["post-16926","post","type-post","status-publish","format-standard","has-post-thumbnail","hentry","category-llibre-actiu-es","category-servicios-de-rehabilitacion-comunitaria"],"yoast_head":"<!-- This site is optimized with the Yoast SEO plugin v27.4 - https:\/\/yoast.com\/product\/yoast-seo-wordpress\/ -->\n<title>Llibre Actiu colabora con la escuela Joan Corominas en motivo de Sant Jordi | CFP Maresme<\/title>\n<meta name=\"robots\" content=\"index, follow, max-snippet:-1, max-image-preview:large, max-video-preview:-1\" \/>\n<link rel=\"canonical\" href=\"https:\/\/cfpmaresme.org\/es\/llibre-actiu-collabora-amb-lescola-joan-corominas-en-motiu-de-sant-jordi\/\" \/>\n<meta property=\"og:locale\" content=\"es_ES\" \/>\n<meta property=\"og:type\" content=\"article\" \/>\n<meta property=\"og:title\" content=\"Llibre Actiu colabora con la escuela Joan Corominas en motivo de Sant Jordi | CFP Maresme\" \/>\n<meta property=\"og:description\" content=\"El servicio de intercambio de libros del CFP cedi\u00f3 ejemplares a la comunidad de aprendizaje que fueron aprovechadas por personas que visitaron el centro durante la diada. El Centre de Formaci\u00f3 i Prevenci\u00f3 siempre ha participado en la diada de Sant Jordi de una manera...\" \/>\n<meta property=\"og:url\" content=\"https:\/\/cfpmaresme.org\/es\/llibre-actiu-collabora-amb-lescola-joan-corominas-en-motiu-de-sant-jordi\/\" \/>\n<meta property=\"og:site_name\" content=\"CFP Maresme\" \/>\n<meta property=\"article:published_time\" content=\"2018-04-28T18:45:32+00:00\" \/>\n<meta property=\"article:modified_time\" content=\"2021-09-23T11:06:12+00:00\" \/>\n<meta property=\"og:image\" content=\"https:\/\/cfpmaresme.org\/wp-content\/uploads\/2018\/04\/corominas3-e1525681964373.png\" \/>\n\t<meta property=\"og:image:width\" content=\"584\" \/>\n\t<meta property=\"og:image:height\" content=\"343\" \/>\n\t<meta property=\"og:image:type\" content=\"image\/png\" \/>\n<meta name=\"author\" content=\"admincfp\" \/>\n<meta name=\"twitter:card\" content=\"summary_large_image\" \/>\n<meta name=\"twitter:creator\" content=\"@cfpmaresme\" \/>\n<meta name=\"twitter:site\" content=\"@cfpmaresme\" \/>\n<meta name=\"twitter:label1\" content=\"Escrito por\" \/>\n\t<meta name=\"twitter:data1\" content=\"admincfp\" \/>\n\t<meta name=\"twitter:label2\" content=\"Tiempo de lectura\" \/>\n\t<meta name=\"twitter:data2\" content=\"1 minuto\" \/>\n<script type=\"application\/ld+json\" class=\"yoast-schema-graph\">{\"@context\":\"https:\\\/\\\/schema.org\",\"@graph\":[{\"@type\":\"Article\",\"@id\":\"https:\\\/\\\/cfpmaresme.org\\\/es\\\/llibre-actiu-collabora-amb-lescola-joan-corominas-en-motiu-de-sant-jordi\\\/#article\",\"isPartOf\":{\"@id\":\"https:\\\/\\\/cfpmaresme.org\\\/es\\\/llibre-actiu-collabora-amb-lescola-joan-corominas-en-motiu-de-sant-jordi\\\/\"},\"author\":{\"name\":\"admincfp\",\"@id\":\"https:\\\/\\\/cfpmaresme.org\\\/#\\\/schema\\\/person\\\/90fc8862ca952f383c6fddcb71251c69\"},\"headline\":\"Llibre Actiu colabora con la escuela Joan Corominas en motivo de Sant Jordi\",\"datePublished\":\"2018-04-28T18:45:32+00:00\",\"dateModified\":\"2021-09-23T11:06:12+00:00\",\"mainEntityOfPage\":{\"@id\":\"https:\\\/\\\/cfpmaresme.org\\\/es\\\/llibre-actiu-collabora-amb-lescola-joan-corominas-en-motiu-de-sant-jordi\\\/\"},\"wordCount\":136,\"commentCount\":0,\"image\":{\"@id\":\"https:\\\/\\\/cfpmaresme.org\\\/es\\\/llibre-actiu-collabora-amb-lescola-joan-corominas-en-motiu-de-sant-jordi\\\/#primaryimage\"},\"thumbnailUrl\":\"https:\\\/\\\/cfpmaresme.org\\\/wp-content\\\/uploads\\\/2018\\\/04\\\/corominas3-e1525681964373.png\",\"articleSection\":[\"Llibre Actiu\",\"Servicios de Rehabilitaci\u00f3n Comunitaria\"],\"inLanguage\":\"es\"},{\"@type\":\"WebPage\",\"@id\":\"https:\\\/\\\/cfpmaresme.org\\\/es\\\/llibre-actiu-collabora-amb-lescola-joan-corominas-en-motiu-de-sant-jordi\\\/\",\"url\":\"https:\\\/\\\/cfpmaresme.org\\\/es\\\/llibre-actiu-collabora-amb-lescola-joan-corominas-en-motiu-de-sant-jordi\\\/\",\"name\":\"Llibre Actiu colabora con la escuela Joan Corominas en motivo de Sant Jordi | CFP Maresme\",\"isPartOf\":{\"@id\":\"https:\\\/\\\/cfpmaresme.org\\\/#website\"},\"primaryImageOfPage\":{\"@id\":\"https:\\\/\\\/cfpmaresme.org\\\/es\\\/llibre-actiu-collabora-amb-lescola-joan-corominas-en-motiu-de-sant-jordi\\\/#primaryimage\"},\"image\":{\"@id\":\"https:\\\/\\\/cfpmaresme.org\\\/es\\\/llibre-actiu-collabora-amb-lescola-joan-corominas-en-motiu-de-sant-jordi\\\/#primaryimage\"},\"thumbnailUrl\":\"https:\\\/\\\/cfpmaresme.org\\\/wp-content\\\/uploads\\\/2018\\\/04\\\/corominas3-e1525681964373.png\",\"datePublished\":\"2018-04-28T18:45:32+00:00\",\"dateModified\":\"2021-09-23T11:06:12+00:00\",\"author\":{\"@id\":\"https:\\\/\\\/cfpmaresme.org\\\/#\\\/schema\\\/person\\\/90fc8862ca952f383c6fddcb71251c69\"},\"breadcrumb\":{\"@id\":\"https:\\\/\\\/cfpmaresme.org\\\/es\\\/llibre-actiu-collabora-amb-lescola-joan-corominas-en-motiu-de-sant-jordi\\\/#breadcrumb\"},\"inLanguage\":\"es\",\"potentialAction\":[{\"@type\":\"ReadAction\",\"target\":[\"https:\\\/\\\/cfpmaresme.org\\\/es\\\/llibre-actiu-collabora-amb-lescola-joan-corominas-en-motiu-de-sant-jordi\\\/\"]}]},{\"@type\":\"ImageObject\",\"inLanguage\":\"es\",\"@id\":\"https:\\\/\\\/cfpmaresme.org\\\/es\\\/llibre-actiu-collabora-amb-lescola-joan-corominas-en-motiu-de-sant-jordi\\\/#primaryimage\",\"url\":\"https:\\\/\\\/cfpmaresme.org\\\/wp-content\\\/uploads\\\/2018\\\/04\\\/corominas3-e1525681964373.png\",\"contentUrl\":\"https:\\\/\\\/cfpmaresme.org\\\/wp-content\\\/uploads\\\/2018\\\/04\\\/corominas3-e1525681964373.png\",\"width\":584,\"height\":343},{\"@type\":\"BreadcrumbList\",\"@id\":\"https:\\\/\\\/cfpmaresme.org\\\/es\\\/llibre-actiu-collabora-amb-lescola-joan-corominas-en-motiu-de-sant-jordi\\\/#breadcrumb\",\"itemListElement\":[{\"@type\":\"ListItem\",\"position\":1,\"name\":\"Home\",\"item\":\"https:\\\/\\\/cfpmaresme.org\\\/es\\\/\"},{\"@type\":\"ListItem\",\"position\":2,\"name\":\"Llibre Actiu colabora con la escuela Joan Corominas en motivo de Sant Jordi\"}]},{\"@type\":\"WebSite\",\"@id\":\"https:\\\/\\\/cfpmaresme.org\\\/#website\",\"url\":\"https:\\\/\\\/cfpmaresme.org\\\/\",\"name\":\"CFP Maresme\",\"description\":\"Centre Formaci\u00f3 Prevenci\u00f3\",\"potentialAction\":[{\"@type\":\"SearchAction\",\"target\":{\"@type\":\"EntryPoint\",\"urlTemplate\":\"https:\\\/\\\/cfpmaresme.org\\\/?s={search_term_string}\"},\"query-input\":{\"@type\":\"PropertyValueSpecification\",\"valueRequired\":true,\"valueName\":\"search_term_string\"}}],\"inLanguage\":\"es\"},{\"@type\":\"Person\",\"@id\":\"https:\\\/\\\/cfpmaresme.org\\\/#\\\/schema\\\/person\\\/90fc8862ca952f383c6fddcb71251c69\",\"name\":\"admincfp\"}]}<\/script>\n<!-- \/ Yoast SEO plugin. -->","yoast_head_json":{"title":"Llibre Actiu colabora con la escuela Joan Corominas en motivo de Sant Jordi | CFP Maresme","robots":{"index":"index","follow":"follow","max-snippet":"max-snippet:-1","max-image-preview":"max-image-preview:large","max-video-preview":"max-video-preview:-1"},"canonical":"https:\/\/cfpmaresme.org\/es\/llibre-actiu-collabora-amb-lescola-joan-corominas-en-motiu-de-sant-jordi\/","og_locale":"es_ES","og_type":"article","og_title":"Llibre Actiu colabora con la escuela Joan Corominas en motivo de Sant Jordi | CFP Maresme","og_description":"El servicio de intercambio de libros del CFP cedi\u00f3 ejemplares a la comunidad de aprendizaje que fueron aprovechadas por personas que visitaron el centro durante la diada. El Centre de Formaci\u00f3 i Prevenci\u00f3 siempre ha participado en la diada de Sant Jordi de una manera...","og_url":"https:\/\/cfpmaresme.org\/es\/llibre-actiu-collabora-amb-lescola-joan-corominas-en-motiu-de-sant-jordi\/","og_site_name":"CFP Maresme","article_published_time":"2018-04-28T18:45:32+00:00","article_modified_time":"2021-09-23T11:06:12+00:00","og_image":[{"width":584,"height":343,"url":"https:\/\/cfpmaresme.org\/wp-content\/uploads\/2018\/04\/corominas3-e1525681964373.png","type":"image\/png"}],"author":"admincfp","twitter_card":"summary_large_image","twitter_creator":"@cfpmaresme","twitter_site":"@cfpmaresme","twitter_misc":{"Escrito por":"admincfp","Tiempo de lectura":"1 minuto"},"schema":{"@context":"https:\/\/schema.org","@graph":[{"@type":"Article","@id":"https:\/\/cfpmaresme.org\/es\/llibre-actiu-collabora-amb-lescola-joan-corominas-en-motiu-de-sant-jordi\/#article","isPartOf":{"@id":"https:\/\/cfpmaresme.org\/es\/llibre-actiu-collabora-amb-lescola-joan-corominas-en-motiu-de-sant-jordi\/"},"author":{"name":"admincfp","@id":"https:\/\/cfpmaresme.org\/#\/schema\/person\/90fc8862ca952f383c6fddcb71251c69"},"headline":"Llibre Actiu colabora con la escuela Joan Corominas en motivo de Sant Jordi","datePublished":"2018-04-28T18:45:32+00:00","dateModified":"2021-09-23T11:06:12+00:00","mainEntityOfPage":{"@id":"https:\/\/cfpmaresme.org\/es\/llibre-actiu-collabora-amb-lescola-joan-corominas-en-motiu-de-sant-jordi\/"},"wordCount":136,"commentCount":0,"image":{"@id":"https:\/\/cfpmaresme.org\/es\/llibre-actiu-collabora-amb-lescola-joan-corominas-en-motiu-de-sant-jordi\/#primaryimage"},"thumbnailUrl":"https:\/\/cfpmaresme.org\/wp-content\/uploads\/2018\/04\/corominas3-e1525681964373.png","articleSection":["Llibre Actiu","Servicios de Rehabilitaci\u00f3n Comunitaria"],"inLanguage":"es"},{"@type":"WebPage","@id":"https:\/\/cfpmaresme.org\/es\/llibre-actiu-collabora-amb-lescola-joan-corominas-en-motiu-de-sant-jordi\/","url":"https:\/\/cfpmaresme.org\/es\/llibre-actiu-collabora-amb-lescola-joan-corominas-en-motiu-de-sant-jordi\/","name":"Llibre Actiu colabora con la escuela Joan Corominas en motivo de Sant Jordi | CFP Maresme","isPartOf":{"@id":"https:\/\/cfpmaresme.org\/#website"},"primaryImageOfPage":{"@id":"https:\/\/cfpmaresme.org\/es\/llibre-actiu-collabora-amb-lescola-joan-corominas-en-motiu-de-sant-jordi\/#primaryimage"},"image":{"@id":"https:\/\/cfpmaresme.org\/es\/llibre-actiu-collabora-amb-lescola-joan-corominas-en-motiu-de-sant-jordi\/#primaryimage"},"thumbnailUrl":"https:\/\/cfpmaresme.org\/wp-content\/uploads\/2018\/04\/corominas3-e1525681964373.png","datePublished":"2018-04-28T18:45:32+00:00","dateModified":"2021-09-23T11:06:12+00:00","author":{"@id":"https:\/\/cfpmaresme.org\/#\/schema\/person\/90fc8862ca952f383c6fddcb71251c69"},"breadcrumb":{"@id":"https:\/\/cfpmaresme.org\/es\/llibre-actiu-collabora-amb-lescola-joan-corominas-en-motiu-de-sant-jordi\/#breadcrumb"},"inLanguage":"es","potentialAction":[{"@type":"ReadAction","target":["https:\/\/cfpmaresme.org\/es\/llibre-actiu-collabora-amb-lescola-joan-corominas-en-motiu-de-sant-jordi\/"]}]},{"@type":"ImageObject","inLanguage":"es","@id":"https:\/\/cfpmaresme.org\/es\/llibre-actiu-collabora-amb-lescola-joan-corominas-en-motiu-de-sant-jordi\/#primaryimage","url":"https:\/\/cfpmaresme.org\/wp-content\/uploads\/2018\/04\/corominas3-e1525681964373.png","contentUrl":"https:\/\/cfpmaresme.org\/wp-content\/uploads\/2018\/04\/corominas3-e1525681964373.png","width":584,"height":343},{"@type":"BreadcrumbList","@id":"https:\/\/cfpmaresme.org\/es\/llibre-actiu-collabora-amb-lescola-joan-corominas-en-motiu-de-sant-jordi\/#breadcrumb","itemListElement":[{"@type":"ListItem","position":1,"name":"Home","item":"https:\/\/cfpmaresme.org\/es\/"},{"@type":"ListItem","position":2,"name":"Llibre Actiu colabora con la escuela Joan Corominas en motivo de Sant Jordi"}]},{"@type":"WebSite","@id":"https:\/\/cfpmaresme.org\/#website","url":"https:\/\/cfpmaresme.org\/","name":"CFP Maresme","description":"Centre Formaci\u00f3 Prevenci\u00f3","potentialAction":[{"@type":"SearchAction","target":{"@type":"EntryPoint","urlTemplate":"https:\/\/cfpmaresme.org\/?s={search_term_string}"},"query-input":{"@type":"PropertyValueSpecification","valueRequired":true,"valueName":"search_term_string"}}],"inLanguage":"es"},{"@type":"Person","@id":"https:\/\/cfpmaresme.org\/#\/schema\/person\/90fc8862ca952f383c6fddcb71251c69","name":"admincfp"}]}},"_links":{"self":[{"href":"https:\/\/cfpmaresme.org\/es\/wp-json\/wp\/v2\/posts\/16926","targetHints":{"allow":["GET"]}}],"collection":[{"href":"https:\/\/cfpmaresme.org\/es\/wp-json\/wp\/v2\/posts"}],"about":[{"href":"https:\/\/cfpmaresme.org\/es\/wp-json\/wp\/v2\/types\/post"}],"author":[{"embeddable":true,"href":"https:\/\/cfpmaresme.org\/es\/wp-json\/wp\/v2\/users\/1"}],"replies":[{"embeddable":true,"href":"https:\/\/cfpmaresme.org\/es\/wp-json\/wp\/v2\/comments?post=16926"}],"version-history":[{"count":3,"href":"https:\/\/cfpmaresme.org\/es\/wp-json\/wp\/v2\/posts\/16926\/revisions"}],"predecessor-version":[{"id":26576,"href":"https:\/\/cfpmaresme.org\/es\/wp-json\/wp\/v2\/posts\/16926\/revisions\/26576"}],"wp:featuredmedia":[{"embeddable":true,"href":"https:\/\/cfpmaresme.org\/es\/wp-json\/wp\/v2\/media\/16913"}],"wp:attachment":[{"href":"https:\/\/cfpmaresme.org\/es\/wp-json\/wp\/v2\/media?parent=16926"}],"wp:term":[{"taxonomy":"category","embeddable":true,"href":"https:\/\/cfpmaresme.org\/es\/wp-json\/wp\/v2\/categories?post=16926"},{"taxonomy":"post_tag","embeddable":true,"href":"https:\/\/cfpmaresme.org\/es\/wp-json\/wp\/v2\/tags?post=16926"}],"curies":[{"name":"wp","href":"https:\/\/api.w.org\/{rel}","templated":true}]}}