{"id":16929,"date":"2018-03-22T20:48:14","date_gmt":"2018-03-22T18:48:14","guid":{"rendered":"http:\/\/cfpmaresme.org\/un-taller-de-risoterapia-uneix-el-servei-de-rehabilitacio-comunitaria-burriac-i-la-casa-benefica-premianenca\/"},"modified":"2021-09-27T15:01:11","modified_gmt":"2021-09-27T13:01:11","slug":"un-taller-de-risoterapia-uneix-el-servei-de-rehabilitacio-comunitaria-burriac-i-la-casa-benefica-premianenca","status":"publish","type":"post","link":"https:\/\/cfpmaresme.org\/es\/un-taller-de-risoterapia-uneix-el-servei-de-rehabilitacio-comunitaria-burriac-i-la-casa-benefica-premianenca\/","title":{"rendered":"Un taller de risoterapia une el Servicio de Rehabilitaci\u00f3n Comunitaria Burriac y la Casa Ben\u00e9fica Premianense"},"content":{"rendered":"<p>Diversos usuarios del CFP y abuelos del casal de Premi\u00e0 disfrutaron juntos de una actividad muy enriquecedora por los dos lados<\/p>\n<p><img decoding=\"async\" class=\"alignnone size-full wp-image-1566\" src=\"https:\/\/centreformacioprevencio.files.wordpress.com\/2018\/04\/riso1-e1522748882329.jpg?w=584\" sizes=\"(max-width: 584px) 100vw, 584px\" srcset=\"https:\/\/centreformacioprevencio.files.wordpress.com\/2018\/04\/riso1-e1522748882329.jpg?w=584 584w, https:\/\/centreformacioprevencio.files.wordpress.com\/2018\/04\/riso1-e1522748882329.jpg?w=150 150w, https:\/\/centreformacioprevencio.files.wordpress.com\/2018\/04\/riso1-e1522748882329.jpg?w=300 300w, https:\/\/centreformacioprevencio.files.wordpress.com\/2018\/04\/riso1-e1522748882329.jpg?w=768 768w, https:\/\/centreformacioprevencio.files.wordpress.com\/2018\/04\/riso1-e1522748882329.jpg 960w\" alt=\"riso1.jpg\" data-attachment-id=\"1566\" data-permalink=\"https:\/\/centreformacioprevencio.wordpress.com\/2018\/03\/23\/un-taller-de-risoterapia-uneix-el-servei-de-rehabilitacio-comunitaria-burriac-i-la-casa-benefica-premianenca\/riso1\/\" data-orig-file=\"https:\/\/centreformacioprevencio.files.wordpress.com\/2018\/04\/riso1-e1522748882329.jpg?w=584\" data-orig-size=\"960,566\" data-comments-opened=\"1\" data-image-meta=\"{&quot;aperture&quot;:&quot;0&quot;,&quot;credit&quot;:&quot;&quot;,&quot;camera&quot;:&quot;&quot;,&quot;caption&quot;:&quot;&quot;,&quot;created_timestamp&quot;:&quot;0&quot;,&quot;copyright&quot;:&quot;&quot;,&quot;focal_length&quot;:&quot;0&quot;,&quot;iso&quot;:&quot;0&quot;,&quot;shutter_speed&quot;:&quot;0&quot;,&quot;title&quot;:&quot;&quot;,&quot;orientation&quot;:&quot;0&quot;}\" data-image-title=\"RISO1\" data-image-description=\"\" data-medium-file=\"https:\/\/centreformacioprevencio.files.wordpress.com\/2018\/04\/riso1-e1522748882329.jpg?w=584?w=300\" data-large-file=\"https:\/\/centreformacioprevencio.files.wordpress.com\/2018\/04\/riso1-e1522748882329.jpg?w=584?w=584\" \/><\/p>\n<p>Se dice que re\u00edr alarga la vida. O si m\u00e1s no, seguro que la hace m\u00e1s agradable. Por eso la risoterapia se ha convertido en una actividad muy recomendable para cualquier persona, pero todav\u00eda m\u00e1s para colectivos con necesidades especiales o dificultades en su integraci\u00f3n social. Y a ra\u00edz de la iniciativa de los educadores del SRC Burriac y de la psic\u00f3loga y profesora de risoterapia Silvia Isern, se llev\u00f3 a cabo una actividad conjunta con usuarios de salud mental y gente mayor.<\/p>\n<p>Fue el pasado viernes 23 de marzo cuando un grupo de usuarios y usuarias del Centre de Formaci\u00f3 i Prevenci\u00f3 visitaron la Casa Ben\u00e9fica Premianense, donde se encontraron con su gente mayor. Siguiendo las instrucciones de la profesora, realizaron un seguido de acciones destinadas a pasar un buen rato y, sobre todo, re\u00edr mucho. Es la primera vez que se hac\u00eda esta reuni\u00f3n entre los dos colectivos.<\/p>\n<p>Ahora, los usuarios del SRC Burriac volver\u00e1n a participar en un nuevo taller en el Casal de Curaci\u00f3n de Vilassar de Mar el pr\u00f3ximo viernes 6 de abril. Finalmente, toda esta acci\u00f3n culminar\u00e1 en una charla y exposici\u00f3n de fotograf\u00edas en la biblioteca Mart\u00ed Rossell\u00f3 y Lloveras de Premi\u00e0 de Mar el 3 de mayo.<\/p>\n","protected":false},"excerpt":{"rendered":"<p>Diversos usuarios del CFP y abuelos del casal de Premi\u00e0 disfrutaron juntos de una actividad muy enriquecedora por los dos lados Se dice que re\u00edr alarga la vida. O si m\u00e1s no, seguro que la hace m\u00e1s agradable. Por eso la risoterapia se ha convertido&#8230;<\/p>\n","protected":false},"author":1,"featured_media":16315,"comment_status":"open","ping_status":"open","sticky":false,"template":"","format":"standard","meta":{"footnotes":""},"categories":[1199],"tags":[],"class_list":["post-16929","post","type-post","status-publish","format-standard","has-post-thumbnail","hentry","category-servicios-de-rehabilitacion-comunitaria"],"yoast_head":"<!-- This site is optimized with the Yoast SEO plugin v27.4 - https:\/\/yoast.com\/product\/yoast-seo-wordpress\/ -->\n<title>Un taller de risoterapia une el Servicio de Rehabilitaci\u00f3n Comunitaria Burriac y la Casa Ben\u00e9fica Premianense | CFP Maresme<\/title>\n<meta name=\"robots\" content=\"index, follow, max-snippet:-1, max-image-preview:large, max-video-preview:-1\" \/>\n<link rel=\"canonical\" href=\"https:\/\/cfpmaresme.org\/es\/un-taller-de-risoterapia-uneix-el-servei-de-rehabilitacio-comunitaria-burriac-i-la-casa-benefica-premianenca\/\" \/>\n<meta property=\"og:locale\" content=\"es_ES\" \/>\n<meta property=\"og:type\" content=\"article\" \/>\n<meta property=\"og:title\" content=\"Un taller de risoterapia une el Servicio de Rehabilitaci\u00f3n Comunitaria Burriac y la Casa Ben\u00e9fica Premianense | CFP Maresme\" \/>\n<meta property=\"og:description\" content=\"Diversos usuarios del CFP y abuelos del casal de Premi\u00e0 disfrutaron juntos de una actividad muy enriquecedora por los dos lados Se dice que re\u00edr alarga la vida. O si m\u00e1s no, seguro que la hace m\u00e1s agradable. Por eso la risoterapia se ha convertido...\" \/>\n<meta property=\"og:url\" content=\"https:\/\/cfpmaresme.org\/es\/un-taller-de-risoterapia-uneix-el-servei-de-rehabilitacio-comunitaria-burriac-i-la-casa-benefica-premianenca\/\" \/>\n<meta property=\"og:site_name\" content=\"CFP Maresme\" \/>\n<meta property=\"article:published_time\" content=\"2018-03-22T18:48:14+00:00\" \/>\n<meta property=\"article:modified_time\" content=\"2021-09-27T13:01:11+00:00\" \/>\n<meta property=\"og:image\" content=\"https:\/\/cfpmaresme.org\/wp-content\/uploads\/2018\/03\/riso1-e1522748882329.jpg\" \/>\n\t<meta property=\"og:image:width\" content=\"584\" \/>\n\t<meta property=\"og:image:height\" content=\"344\" \/>\n\t<meta property=\"og:image:type\" content=\"image\/jpeg\" \/>\n<meta name=\"author\" content=\"admincfp\" \/>\n<meta name=\"twitter:card\" content=\"summary_large_image\" \/>\n<meta name=\"twitter:creator\" content=\"@cfpmaresme\" \/>\n<meta name=\"twitter:site\" content=\"@cfpmaresme\" \/>\n<meta name=\"twitter:label1\" content=\"Escrito por\" \/>\n\t<meta name=\"twitter:data1\" content=\"admincfp\" \/>\n\t<meta name=\"twitter:label2\" content=\"Tiempo de lectura\" \/>\n\t<meta name=\"twitter:data2\" content=\"1 minuto\" \/>\n<script type=\"application\/ld+json\" class=\"yoast-schema-graph\">{\"@context\":\"https:\\\/\\\/schema.org\",\"@graph\":[{\"@type\":\"Article\",\"@id\":\"https:\\\/\\\/cfpmaresme.org\\\/es\\\/un-taller-de-risoterapia-uneix-el-servei-de-rehabilitacio-comunitaria-burriac-i-la-casa-benefica-premianenca\\\/#article\",\"isPartOf\":{\"@id\":\"https:\\\/\\\/cfpmaresme.org\\\/es\\\/un-taller-de-risoterapia-uneix-el-servei-de-rehabilitacio-comunitaria-burriac-i-la-casa-benefica-premianenca\\\/\"},\"author\":{\"name\":\"admincfp\",\"@id\":\"https:\\\/\\\/cfpmaresme.org\\\/#\\\/schema\\\/person\\\/90fc8862ca952f383c6fddcb71251c69\"},\"headline\":\"Un taller de risoterapia une el Servicio de Rehabilitaci\u00f3n Comunitaria Burriac y la Casa Ben\u00e9fica Premianense\",\"datePublished\":\"2018-03-22T18:48:14+00:00\",\"dateModified\":\"2021-09-27T13:01:11+00:00\",\"mainEntityOfPage\":{\"@id\":\"https:\\\/\\\/cfpmaresme.org\\\/es\\\/un-taller-de-risoterapia-uneix-el-servei-de-rehabilitacio-comunitaria-burriac-i-la-casa-benefica-premianenca\\\/\"},\"wordCount\":259,\"commentCount\":0,\"image\":{\"@id\":\"https:\\\/\\\/cfpmaresme.org\\\/es\\\/un-taller-de-risoterapia-uneix-el-servei-de-rehabilitacio-comunitaria-burriac-i-la-casa-benefica-premianenca\\\/#primaryimage\"},\"thumbnailUrl\":\"https:\\\/\\\/cfpmaresme.org\\\/wp-content\\\/uploads\\\/2018\\\/03\\\/riso1-e1522748882329.jpg\",\"articleSection\":[\"Servicios de Rehabilitaci\u00f3n Comunitaria\"],\"inLanguage\":\"es\"},{\"@type\":\"WebPage\",\"@id\":\"https:\\\/\\\/cfpmaresme.org\\\/es\\\/un-taller-de-risoterapia-uneix-el-servei-de-rehabilitacio-comunitaria-burriac-i-la-casa-benefica-premianenca\\\/\",\"url\":\"https:\\\/\\\/cfpmaresme.org\\\/es\\\/un-taller-de-risoterapia-uneix-el-servei-de-rehabilitacio-comunitaria-burriac-i-la-casa-benefica-premianenca\\\/\",\"name\":\"Un taller de risoterapia une el Servicio de Rehabilitaci\u00f3n Comunitaria Burriac y la Casa Ben\u00e9fica Premianense | CFP Maresme\",\"isPartOf\":{\"@id\":\"https:\\\/\\\/cfpmaresme.org\\\/#website\"},\"primaryImageOfPage\":{\"@id\":\"https:\\\/\\\/cfpmaresme.org\\\/es\\\/un-taller-de-risoterapia-uneix-el-servei-de-rehabilitacio-comunitaria-burriac-i-la-casa-benefica-premianenca\\\/#primaryimage\"},\"image\":{\"@id\":\"https:\\\/\\\/cfpmaresme.org\\\/es\\\/un-taller-de-risoterapia-uneix-el-servei-de-rehabilitacio-comunitaria-burriac-i-la-casa-benefica-premianenca\\\/#primaryimage\"},\"thumbnailUrl\":\"https:\\\/\\\/cfpmaresme.org\\\/wp-content\\\/uploads\\\/2018\\\/03\\\/riso1-e1522748882329.jpg\",\"datePublished\":\"2018-03-22T18:48:14+00:00\",\"dateModified\":\"2021-09-27T13:01:11+00:00\",\"author\":{\"@id\":\"https:\\\/\\\/cfpmaresme.org\\\/#\\\/schema\\\/person\\\/90fc8862ca952f383c6fddcb71251c69\"},\"breadcrumb\":{\"@id\":\"https:\\\/\\\/cfpmaresme.org\\\/es\\\/un-taller-de-risoterapia-uneix-el-servei-de-rehabilitacio-comunitaria-burriac-i-la-casa-benefica-premianenca\\\/#breadcrumb\"},\"inLanguage\":\"es\",\"potentialAction\":[{\"@type\":\"ReadAction\",\"target\":[\"https:\\\/\\\/cfpmaresme.org\\\/es\\\/un-taller-de-risoterapia-uneix-el-servei-de-rehabilitacio-comunitaria-burriac-i-la-casa-benefica-premianenca\\\/\"]}]},{\"@type\":\"ImageObject\",\"inLanguage\":\"es\",\"@id\":\"https:\\\/\\\/cfpmaresme.org\\\/es\\\/un-taller-de-risoterapia-uneix-el-servei-de-rehabilitacio-comunitaria-burriac-i-la-casa-benefica-premianenca\\\/#primaryimage\",\"url\":\"https:\\\/\\\/cfpmaresme.org\\\/wp-content\\\/uploads\\\/2018\\\/03\\\/riso1-e1522748882329.jpg\",\"contentUrl\":\"https:\\\/\\\/cfpmaresme.org\\\/wp-content\\\/uploads\\\/2018\\\/03\\\/riso1-e1522748882329.jpg\",\"width\":584,\"height\":344},{\"@type\":\"BreadcrumbList\",\"@id\":\"https:\\\/\\\/cfpmaresme.org\\\/es\\\/un-taller-de-risoterapia-uneix-el-servei-de-rehabilitacio-comunitaria-burriac-i-la-casa-benefica-premianenca\\\/#breadcrumb\",\"itemListElement\":[{\"@type\":\"ListItem\",\"position\":1,\"name\":\"Home\",\"item\":\"https:\\\/\\\/cfpmaresme.org\\\/es\\\/\"},{\"@type\":\"ListItem\",\"position\":2,\"name\":\"Un taller de risoterapia une el Servicio de Rehabilitaci\u00f3n Comunitaria Burriac y la Casa Ben\u00e9fica Premianense\"}]},{\"@type\":\"WebSite\",\"@id\":\"https:\\\/\\\/cfpmaresme.org\\\/#website\",\"url\":\"https:\\\/\\\/cfpmaresme.org\\\/\",\"name\":\"CFP Maresme\",\"description\":\"Centre Formaci\u00f3 Prevenci\u00f3\",\"potentialAction\":[{\"@type\":\"SearchAction\",\"target\":{\"@type\":\"EntryPoint\",\"urlTemplate\":\"https:\\\/\\\/cfpmaresme.org\\\/?s={search_term_string}\"},\"query-input\":{\"@type\":\"PropertyValueSpecification\",\"valueRequired\":true,\"valueName\":\"search_term_string\"}}],\"inLanguage\":\"es\"},{\"@type\":\"Person\",\"@id\":\"https:\\\/\\\/cfpmaresme.org\\\/#\\\/schema\\\/person\\\/90fc8862ca952f383c6fddcb71251c69\",\"name\":\"admincfp\"}]}<\/script>\n<!-- \/ Yoast SEO plugin. -->","yoast_head_json":{"title":"Un taller de risoterapia une el Servicio de Rehabilitaci\u00f3n Comunitaria Burriac y la Casa Ben\u00e9fica Premianense | CFP Maresme","robots":{"index":"index","follow":"follow","max-snippet":"max-snippet:-1","max-image-preview":"max-image-preview:large","max-video-preview":"max-video-preview:-1"},"canonical":"https:\/\/cfpmaresme.org\/es\/un-taller-de-risoterapia-uneix-el-servei-de-rehabilitacio-comunitaria-burriac-i-la-casa-benefica-premianenca\/","og_locale":"es_ES","og_type":"article","og_title":"Un taller de risoterapia une el Servicio de Rehabilitaci\u00f3n Comunitaria Burriac y la Casa Ben\u00e9fica Premianense | CFP Maresme","og_description":"Diversos usuarios del CFP y abuelos del casal de Premi\u00e0 disfrutaron juntos de una actividad muy enriquecedora por los dos lados Se dice que re\u00edr alarga la vida. O si m\u00e1s no, seguro que la hace m\u00e1s agradable. Por eso la risoterapia se ha convertido...","og_url":"https:\/\/cfpmaresme.org\/es\/un-taller-de-risoterapia-uneix-el-servei-de-rehabilitacio-comunitaria-burriac-i-la-casa-benefica-premianenca\/","og_site_name":"CFP Maresme","article_published_time":"2018-03-22T18:48:14+00:00","article_modified_time":"2021-09-27T13:01:11+00:00","og_image":[{"width":584,"height":344,"url":"https:\/\/cfpmaresme.org\/wp-content\/uploads\/2018\/03\/riso1-e1522748882329.jpg","type":"image\/jpeg"}],"author":"admincfp","twitter_card":"summary_large_image","twitter_creator":"@cfpmaresme","twitter_site":"@cfpmaresme","twitter_misc":{"Escrito por":"admincfp","Tiempo de lectura":"1 minuto"},"schema":{"@context":"https:\/\/schema.org","@graph":[{"@type":"Article","@id":"https:\/\/cfpmaresme.org\/es\/un-taller-de-risoterapia-uneix-el-servei-de-rehabilitacio-comunitaria-burriac-i-la-casa-benefica-premianenca\/#article","isPartOf":{"@id":"https:\/\/cfpmaresme.org\/es\/un-taller-de-risoterapia-uneix-el-servei-de-rehabilitacio-comunitaria-burriac-i-la-casa-benefica-premianenca\/"},"author":{"name":"admincfp","@id":"https:\/\/cfpmaresme.org\/#\/schema\/person\/90fc8862ca952f383c6fddcb71251c69"},"headline":"Un taller de risoterapia une el Servicio de Rehabilitaci\u00f3n Comunitaria Burriac y la Casa Ben\u00e9fica Premianense","datePublished":"2018-03-22T18:48:14+00:00","dateModified":"2021-09-27T13:01:11+00:00","mainEntityOfPage":{"@id":"https:\/\/cfpmaresme.org\/es\/un-taller-de-risoterapia-uneix-el-servei-de-rehabilitacio-comunitaria-burriac-i-la-casa-benefica-premianenca\/"},"wordCount":259,"commentCount":0,"image":{"@id":"https:\/\/cfpmaresme.org\/es\/un-taller-de-risoterapia-uneix-el-servei-de-rehabilitacio-comunitaria-burriac-i-la-casa-benefica-premianenca\/#primaryimage"},"thumbnailUrl":"https:\/\/cfpmaresme.org\/wp-content\/uploads\/2018\/03\/riso1-e1522748882329.jpg","articleSection":["Servicios de Rehabilitaci\u00f3n Comunitaria"],"inLanguage":"es"},{"@type":"WebPage","@id":"https:\/\/cfpmaresme.org\/es\/un-taller-de-risoterapia-uneix-el-servei-de-rehabilitacio-comunitaria-burriac-i-la-casa-benefica-premianenca\/","url":"https:\/\/cfpmaresme.org\/es\/un-taller-de-risoterapia-uneix-el-servei-de-rehabilitacio-comunitaria-burriac-i-la-casa-benefica-premianenca\/","name":"Un taller de risoterapia une el Servicio de Rehabilitaci\u00f3n Comunitaria Burriac y la Casa Ben\u00e9fica Premianense | CFP Maresme","isPartOf":{"@id":"https:\/\/cfpmaresme.org\/#website"},"primaryImageOfPage":{"@id":"https:\/\/cfpmaresme.org\/es\/un-taller-de-risoterapia-uneix-el-servei-de-rehabilitacio-comunitaria-burriac-i-la-casa-benefica-premianenca\/#primaryimage"},"image":{"@id":"https:\/\/cfpmaresme.org\/es\/un-taller-de-risoterapia-uneix-el-servei-de-rehabilitacio-comunitaria-burriac-i-la-casa-benefica-premianenca\/#primaryimage"},"thumbnailUrl":"https:\/\/cfpmaresme.org\/wp-content\/uploads\/2018\/03\/riso1-e1522748882329.jpg","datePublished":"2018-03-22T18:48:14+00:00","dateModified":"2021-09-27T13:01:11+00:00","author":{"@id":"https:\/\/cfpmaresme.org\/#\/schema\/person\/90fc8862ca952f383c6fddcb71251c69"},"breadcrumb":{"@id":"https:\/\/cfpmaresme.org\/es\/un-taller-de-risoterapia-uneix-el-servei-de-rehabilitacio-comunitaria-burriac-i-la-casa-benefica-premianenca\/#breadcrumb"},"inLanguage":"es","potentialAction":[{"@type":"ReadAction","target":["https:\/\/cfpmaresme.org\/es\/un-taller-de-risoterapia-uneix-el-servei-de-rehabilitacio-comunitaria-burriac-i-la-casa-benefica-premianenca\/"]}]},{"@type":"ImageObject","inLanguage":"es","@id":"https:\/\/cfpmaresme.org\/es\/un-taller-de-risoterapia-uneix-el-servei-de-rehabilitacio-comunitaria-burriac-i-la-casa-benefica-premianenca\/#primaryimage","url":"https:\/\/cfpmaresme.org\/wp-content\/uploads\/2018\/03\/riso1-e1522748882329.jpg","contentUrl":"https:\/\/cfpmaresme.org\/wp-content\/uploads\/2018\/03\/riso1-e1522748882329.jpg","width":584,"height":344},{"@type":"BreadcrumbList","@id":"https:\/\/cfpmaresme.org\/es\/un-taller-de-risoterapia-uneix-el-servei-de-rehabilitacio-comunitaria-burriac-i-la-casa-benefica-premianenca\/#breadcrumb","itemListElement":[{"@type":"ListItem","position":1,"name":"Home","item":"https:\/\/cfpmaresme.org\/es\/"},{"@type":"ListItem","position":2,"name":"Un taller de risoterapia une el Servicio de Rehabilitaci\u00f3n Comunitaria Burriac y la Casa Ben\u00e9fica Premianense"}]},{"@type":"WebSite","@id":"https:\/\/cfpmaresme.org\/#website","url":"https:\/\/cfpmaresme.org\/","name":"CFP Maresme","description":"Centre Formaci\u00f3 Prevenci\u00f3","potentialAction":[{"@type":"SearchAction","target":{"@type":"EntryPoint","urlTemplate":"https:\/\/cfpmaresme.org\/?s={search_term_string}"},"query-input":{"@type":"PropertyValueSpecification","valueRequired":true,"valueName":"search_term_string"}}],"inLanguage":"es"},{"@type":"Person","@id":"https:\/\/cfpmaresme.org\/#\/schema\/person\/90fc8862ca952f383c6fddcb71251c69","name":"admincfp"}]}},"_links":{"self":[{"href":"https:\/\/cfpmaresme.org\/es\/wp-json\/wp\/v2\/posts\/16929","targetHints":{"allow":["GET"]}}],"collection":[{"href":"https:\/\/cfpmaresme.org\/es\/wp-json\/wp\/v2\/posts"}],"about":[{"href":"https:\/\/cfpmaresme.org\/es\/wp-json\/wp\/v2\/types\/post"}],"author":[{"embeddable":true,"href":"https:\/\/cfpmaresme.org\/es\/wp-json\/wp\/v2\/users\/1"}],"replies":[{"embeddable":true,"href":"https:\/\/cfpmaresme.org\/es\/wp-json\/wp\/v2\/comments?post=16929"}],"version-history":[{"count":3,"href":"https:\/\/cfpmaresme.org\/es\/wp-json\/wp\/v2\/posts\/16929\/revisions"}],"predecessor-version":[{"id":26604,"href":"https:\/\/cfpmaresme.org\/es\/wp-json\/wp\/v2\/posts\/16929\/revisions\/26604"}],"wp:featuredmedia":[{"embeddable":true,"href":"https:\/\/cfpmaresme.org\/es\/wp-json\/wp\/v2\/media\/16315"}],"wp:attachment":[{"href":"https:\/\/cfpmaresme.org\/es\/wp-json\/wp\/v2\/media?parent=16929"}],"wp:term":[{"taxonomy":"category","embeddable":true,"href":"https:\/\/cfpmaresme.org\/es\/wp-json\/wp\/v2\/categories?post=16929"},{"taxonomy":"post_tag","embeddable":true,"href":"https:\/\/cfpmaresme.org\/es\/wp-json\/wp\/v2\/tags?post=16929"}],"curies":[{"name":"wp","href":"https:\/\/api.w.org\/{rel}","templated":true}]}}