{"id":16930,"date":"2017-07-25T09:58:03","date_gmt":"2017-07-25T09:58:03","guid":{"rendered":"http:\/\/cfpmaresme.org\/el-cfp-mes-de-vint-anys-implicat-amb-les-santes\/"},"modified":"2021-09-10T13:44:40","modified_gmt":"2021-09-10T11:44:40","slug":"el-cfp-mes-de-vint-anys-implicat-amb-les-santes","status":"publish","type":"post","link":"https:\/\/cfpmaresme.org\/es\/el-cfp-mes-de-vint-anys-implicat-amb-les-santes\/","title":{"rendered":"El CFP, m\u00e1s de veinte a\u00f1os implicado con Les Santes"},"content":{"rendered":"<p><span style=\"text-align: justify;\">La asociaci\u00f3n lleva m\u00e1s de dos d\u00e9cadas ofreciendo servicios de soporte y log\u00edstica a las fiestas de Matar\u00f3 en colaboraci\u00f3n con el Ayuntamiento de la ciudad.\u00a0<\/span><\/p>\n<p style=\"text-align: justify;\">Ya tenemos aqu\u00ed Les Santes de Matar\u00f3 un a\u00f1o m\u00e1s. Una fiesta popular emblem\u00e1tica de la ciudad que todos y todas disfrutamos y que requiere de un trabajo coordinado de muchas personas para que todas las actividades que se hacen se desarrollen lo mejor posible. De entra la gran cantidad de agentes de la ciudad que colaboran y participan a Les Santes, tambi\u00e9n est\u00e1 desde hace muchos a\u00f1os el Centre de Formaci\u00f3 i Prevenci\u00f3.<\/p>\n<p style=\"text-align: justify;\"><!--more--><\/p>\n<p style=\"text-align: justify;\">Hace m\u00e1s de veinte a\u00f1os que el CFP ofrece equipos de soporte durante Les Santes. Y este a\u00f1o no ha sido una excepci\u00f3n. La asociaci\u00f3n colabora con las tareas para el buen funcionamiento de los actos programados, como el montaje de sillas, mesas y tancas de seguridad, equipos de carga y descarga, atenci\u00f3n y acogida al p\u00fablico a los espect\u00e1culos, as\u00ed como los puntos de abastecimiento para voluntarios y grupos de la ciudad, entre otros trabajos.<\/p>\n<p style=\"text-align: justify;\">El servicio de repartimiento y distribuci\u00f3n de publicidad del CFP tambi\u00e9n ha hecho su aportaci\u00f3n. Mucho de los que hab\u00e9is recibido en el buz\u00f3n el programa de las fiestas ha sido porque los trabajadores de este servicio han pasado por vuestra casa durante estos d\u00edas a entregarlo. En concreto, han repartido m\u00e1s de 47000 ejemplares a todos los barrios de Matar\u00f3. Tambi\u00e9n han pegado los carteles de Santes en los tableros de anuncios y marquesinas, un total de m\u00e1s de 1000 carteles.<\/p>\n<p style=\"text-align: justify;\">Este a\u00f1o una cuarentena de trabajadores y trabajadoras de la entidad est\u00e1n presentes en Les Santes participando en estas actividades. La funci\u00f3n integradora del Centre tambi\u00e9n se manifiesta en este sentido, ya que casi una cuarta parte de ellos son personas usuarias de alg\u00fan servicio de la asociaci\u00f3n. Provienen del equipo de Mantenimiento de Espacios Naturales y Solares, del Programa \u00c1rea Di\u00fcrna y del Servicio Prelaboral del CFP.<\/p>\n","protected":false},"excerpt":{"rendered":"<p>L\u2019associaci\u00f3 porta m\u00e9s de dues d\u00e8cades oferint serveis de suport i log\u00edstica a les festes de Matar\u00f3 en col\u00b7laboraci\u00f3 amb l\u2019Ajuntament de la ciutat<\/p>\n","protected":false},"author":2,"featured_media":16441,"comment_status":"open","ping_status":"open","sticky":false,"template":"","format":"standard","meta":{"footnotes":""},"categories":[1190],"tags":[602,603,604,605,606,607,608,609,610,611,612,613,614,615,616,617,618,619,620,621,622,623,624,625],"class_list":["post-16930","post","type-post","status-publish","format-standard","has-post-thumbnail","hentry","category-servicios-a-las-empresas","tag-acollida-es","tag-ajuntament-es","tag-area-es","tag-carrega-es","tag-cartells-es","tag-comercial-es","tag-departament-es","tag-descarrega-es","tag-distribucio-es","tag-diurna-es","tag-equip-es","tag-feina-es","tag-festes-es","tag-logistica-es","tag-manteniment-es","tag-mataro-es","tag-prelaboral-es","tag-programes-es","tag-publicitat-es","tag-repartiment-es","tag-santes-es","tag-servei-es","tag-solars-es","tag-suport-es"],"yoast_head":"<!-- This site is optimized with the Yoast SEO plugin v27.4 - https:\/\/yoast.com\/product\/yoast-seo-wordpress\/ -->\n<title>El CFP, m\u00e1s de veinte a\u00f1os implicado con Les Santes | CFP Maresme<\/title>\n<meta name=\"robots\" content=\"index, follow, max-snippet:-1, max-image-preview:large, max-video-preview:-1\" \/>\n<link rel=\"canonical\" href=\"http:\/\/cfpmaresme.org\/el-cfp-mes-de-vint-anys-implicat-amb-les-santes\/\" \/>\n<meta property=\"og:locale\" content=\"es_ES\" \/>\n<meta property=\"og:type\" content=\"article\" \/>\n<meta property=\"og:title\" content=\"El CFP, m\u00e1s de veinte a\u00f1os implicado con Les Santes | CFP Maresme\" \/>\n<meta property=\"og:description\" content=\"L\u2019associaci\u00f3 porta m\u00e9s de dues d\u00e8cades oferint serveis de suport i log\u00edstica a les festes de Matar\u00f3 en col\u00b7laboraci\u00f3 amb l\u2019Ajuntament de la ciutat\" \/>\n<meta property=\"og:url\" content=\"http:\/\/cfpmaresme.org\/el-cfp-mes-de-vint-anys-implicat-amb-les-santes\/\" \/>\n<meta property=\"og:site_name\" content=\"CFP Maresme\" \/>\n<meta property=\"article:published_time\" content=\"2017-07-25T09:58:03+00:00\" \/>\n<meta property=\"article:modified_time\" content=\"2021-09-10T11:44:40+00:00\" \/>\n<meta property=\"og:image\" content=\"http:\/\/cfpmaresme.org\/wp-content\/uploads\/2017\/07\/les-santes-marga-cruz-ajt-matarc3b3.png\" \/>\n\t<meta property=\"og:image:width\" content=\"1532\" \/>\n\t<meta property=\"og:image:height\" content=\"900\" \/>\n\t<meta property=\"og:image:type\" content=\"image\/png\" \/>\n<meta name=\"author\" content=\"CFPMaresme\" \/>\n<meta name=\"twitter:card\" content=\"summary_large_image\" \/>\n<meta name=\"twitter:creator\" content=\"@cfpmaresme\" \/>\n<meta name=\"twitter:site\" content=\"@cfpmaresme\" \/>\n<meta name=\"twitter:label1\" content=\"Escrito por\" \/>\n\t<meta name=\"twitter:data1\" content=\"CFPMaresme\" \/>\n\t<meta name=\"twitter:label2\" content=\"Tiempo de lectura\" \/>\n\t<meta name=\"twitter:data2\" content=\"2 minutos\" \/>\n<script type=\"application\/ld+json\" class=\"yoast-schema-graph\">{\"@context\":\"https:\\\/\\\/schema.org\",\"@graph\":[{\"@type\":\"Article\",\"@id\":\"http:\\\/\\\/cfpmaresme.org\\\/el-cfp-mes-de-vint-anys-implicat-amb-les-santes\\\/#article\",\"isPartOf\":{\"@id\":\"http:\\\/\\\/cfpmaresme.org\\\/el-cfp-mes-de-vint-anys-implicat-amb-les-santes\\\/\"},\"author\":{\"name\":\"CFPMaresme\",\"@id\":\"https:\\\/\\\/cfpmaresme.org\\\/#\\\/schema\\\/person\\\/b2634bcd796fafc667ea4055f61b9b2c\"},\"headline\":\"El CFP, m\u00e1s de veinte a\u00f1os implicado con Les Santes\",\"datePublished\":\"2017-07-25T09:58:03+00:00\",\"dateModified\":\"2021-09-10T11:44:40+00:00\",\"mainEntityOfPage\":{\"@id\":\"http:\\\/\\\/cfpmaresme.org\\\/el-cfp-mes-de-vint-anys-implicat-amb-les-santes\\\/\"},\"wordCount\":370,\"commentCount\":0,\"image\":{\"@id\":\"http:\\\/\\\/cfpmaresme.org\\\/el-cfp-mes-de-vint-anys-implicat-amb-les-santes\\\/#primaryimage\"},\"thumbnailUrl\":\"https:\\\/\\\/cfpmaresme.org\\\/wp-content\\\/uploads\\\/2017\\\/07\\\/les-santes-marga-cruz-ajt-matarc3b3.png\",\"keywords\":[\"acollida\",\"ajuntament\",\"\u00e0rea\",\"c\u00e0rrega\",\"cartells\",\"comercial\",\"departament\",\"desc\u00e0rrega\",\"distribuci\u00f3\",\"di\u00fcrna\",\"equip\",\"feina\",\"festes\",\"log\u00edstica\",\"manteniment\",\"matar\u00f3\",\"prelaboral\",\"programes\",\"publicitat\",\"repartiment\",\"santes\",\"servei\",\"solars\",\"suport\"],\"articleSection\":[\"Servicios a las empresas\"],\"inLanguage\":\"es\"},{\"@type\":\"WebPage\",\"@id\":\"http:\\\/\\\/cfpmaresme.org\\\/el-cfp-mes-de-vint-anys-implicat-amb-les-santes\\\/\",\"url\":\"http:\\\/\\\/cfpmaresme.org\\\/el-cfp-mes-de-vint-anys-implicat-amb-les-santes\\\/\",\"name\":\"El CFP, m\u00e1s de veinte a\u00f1os implicado con Les Santes | CFP Maresme\",\"isPartOf\":{\"@id\":\"https:\\\/\\\/cfpmaresme.org\\\/#website\"},\"primaryImageOfPage\":{\"@id\":\"http:\\\/\\\/cfpmaresme.org\\\/el-cfp-mes-de-vint-anys-implicat-amb-les-santes\\\/#primaryimage\"},\"image\":{\"@id\":\"http:\\\/\\\/cfpmaresme.org\\\/el-cfp-mes-de-vint-anys-implicat-amb-les-santes\\\/#primaryimage\"},\"thumbnailUrl\":\"https:\\\/\\\/cfpmaresme.org\\\/wp-content\\\/uploads\\\/2017\\\/07\\\/les-santes-marga-cruz-ajt-matarc3b3.png\",\"datePublished\":\"2017-07-25T09:58:03+00:00\",\"dateModified\":\"2021-09-10T11:44:40+00:00\",\"author\":{\"@id\":\"https:\\\/\\\/cfpmaresme.org\\\/#\\\/schema\\\/person\\\/b2634bcd796fafc667ea4055f61b9b2c\"},\"breadcrumb\":{\"@id\":\"http:\\\/\\\/cfpmaresme.org\\\/el-cfp-mes-de-vint-anys-implicat-amb-les-santes\\\/#breadcrumb\"},\"inLanguage\":\"es\",\"potentialAction\":[{\"@type\":\"ReadAction\",\"target\":[\"http:\\\/\\\/cfpmaresme.org\\\/el-cfp-mes-de-vint-anys-implicat-amb-les-santes\\\/\"]}]},{\"@type\":\"ImageObject\",\"inLanguage\":\"es\",\"@id\":\"http:\\\/\\\/cfpmaresme.org\\\/el-cfp-mes-de-vint-anys-implicat-amb-les-santes\\\/#primaryimage\",\"url\":\"https:\\\/\\\/cfpmaresme.org\\\/wp-content\\\/uploads\\\/2017\\\/07\\\/les-santes-marga-cruz-ajt-matarc3b3.png\",\"contentUrl\":\"https:\\\/\\\/cfpmaresme.org\\\/wp-content\\\/uploads\\\/2017\\\/07\\\/les-santes-marga-cruz-ajt-matarc3b3.png\",\"width\":1532,\"height\":900},{\"@type\":\"BreadcrumbList\",\"@id\":\"http:\\\/\\\/cfpmaresme.org\\\/el-cfp-mes-de-vint-anys-implicat-amb-les-santes\\\/#breadcrumb\",\"itemListElement\":[{\"@type\":\"ListItem\",\"position\":1,\"name\":\"Home\",\"item\":\"https:\\\/\\\/cfpmaresme.org\\\/es\\\/\"},{\"@type\":\"ListItem\",\"position\":2,\"name\":\"El CFP, m\u00e1s de veinte a\u00f1os implicado con Les Santes\"}]},{\"@type\":\"WebSite\",\"@id\":\"https:\\\/\\\/cfpmaresme.org\\\/#website\",\"url\":\"https:\\\/\\\/cfpmaresme.org\\\/\",\"name\":\"CFP Maresme\",\"description\":\"Centre Formaci\u00f3 Prevenci\u00f3\",\"potentialAction\":[{\"@type\":\"SearchAction\",\"target\":{\"@type\":\"EntryPoint\",\"urlTemplate\":\"https:\\\/\\\/cfpmaresme.org\\\/?s={search_term_string}\"},\"query-input\":{\"@type\":\"PropertyValueSpecification\",\"valueRequired\":true,\"valueName\":\"search_term_string\"}}],\"inLanguage\":\"es\"},{\"@type\":\"Person\",\"@id\":\"https:\\\/\\\/cfpmaresme.org\\\/#\\\/schema\\\/person\\\/b2634bcd796fafc667ea4055f61b9b2c\",\"name\":\"CFPMaresme\"}]}<\/script>\n<!-- \/ Yoast SEO plugin. -->","yoast_head_json":{"title":"El CFP, m\u00e1s de veinte a\u00f1os implicado con Les Santes | CFP Maresme","robots":{"index":"index","follow":"follow","max-snippet":"max-snippet:-1","max-image-preview":"max-image-preview:large","max-video-preview":"max-video-preview:-1"},"canonical":"http:\/\/cfpmaresme.org\/el-cfp-mes-de-vint-anys-implicat-amb-les-santes\/","og_locale":"es_ES","og_type":"article","og_title":"El CFP, m\u00e1s de veinte a\u00f1os implicado con Les Santes | CFP Maresme","og_description":"L\u2019associaci\u00f3 porta m\u00e9s de dues d\u00e8cades oferint serveis de suport i log\u00edstica a les festes de Matar\u00f3 en col\u00b7laboraci\u00f3 amb l\u2019Ajuntament de la ciutat","og_url":"http:\/\/cfpmaresme.org\/el-cfp-mes-de-vint-anys-implicat-amb-les-santes\/","og_site_name":"CFP Maresme","article_published_time":"2017-07-25T09:58:03+00:00","article_modified_time":"2021-09-10T11:44:40+00:00","og_image":[{"width":1532,"height":900,"url":"http:\/\/cfpmaresme.org\/wp-content\/uploads\/2017\/07\/les-santes-marga-cruz-ajt-matarc3b3.png","type":"image\/png"}],"author":"CFPMaresme","twitter_card":"summary_large_image","twitter_creator":"@cfpmaresme","twitter_site":"@cfpmaresme","twitter_misc":{"Escrito por":"CFPMaresme","Tiempo de lectura":"2 minutos"},"schema":{"@context":"https:\/\/schema.org","@graph":[{"@type":"Article","@id":"http:\/\/cfpmaresme.org\/el-cfp-mes-de-vint-anys-implicat-amb-les-santes\/#article","isPartOf":{"@id":"http:\/\/cfpmaresme.org\/el-cfp-mes-de-vint-anys-implicat-amb-les-santes\/"},"author":{"name":"CFPMaresme","@id":"https:\/\/cfpmaresme.org\/#\/schema\/person\/b2634bcd796fafc667ea4055f61b9b2c"},"headline":"El CFP, m\u00e1s de veinte a\u00f1os implicado con Les Santes","datePublished":"2017-07-25T09:58:03+00:00","dateModified":"2021-09-10T11:44:40+00:00","mainEntityOfPage":{"@id":"http:\/\/cfpmaresme.org\/el-cfp-mes-de-vint-anys-implicat-amb-les-santes\/"},"wordCount":370,"commentCount":0,"image":{"@id":"http:\/\/cfpmaresme.org\/el-cfp-mes-de-vint-anys-implicat-amb-les-santes\/#primaryimage"},"thumbnailUrl":"https:\/\/cfpmaresme.org\/wp-content\/uploads\/2017\/07\/les-santes-marga-cruz-ajt-matarc3b3.png","keywords":["acollida","ajuntament","\u00e0rea","c\u00e0rrega","cartells","comercial","departament","desc\u00e0rrega","distribuci\u00f3","di\u00fcrna","equip","feina","festes","log\u00edstica","manteniment","matar\u00f3","prelaboral","programes","publicitat","repartiment","santes","servei","solars","suport"],"articleSection":["Servicios a las empresas"],"inLanguage":"es"},{"@type":"WebPage","@id":"http:\/\/cfpmaresme.org\/el-cfp-mes-de-vint-anys-implicat-amb-les-santes\/","url":"http:\/\/cfpmaresme.org\/el-cfp-mes-de-vint-anys-implicat-amb-les-santes\/","name":"El CFP, m\u00e1s de veinte a\u00f1os implicado con Les Santes | CFP Maresme","isPartOf":{"@id":"https:\/\/cfpmaresme.org\/#website"},"primaryImageOfPage":{"@id":"http:\/\/cfpmaresme.org\/el-cfp-mes-de-vint-anys-implicat-amb-les-santes\/#primaryimage"},"image":{"@id":"http:\/\/cfpmaresme.org\/el-cfp-mes-de-vint-anys-implicat-amb-les-santes\/#primaryimage"},"thumbnailUrl":"https:\/\/cfpmaresme.org\/wp-content\/uploads\/2017\/07\/les-santes-marga-cruz-ajt-matarc3b3.png","datePublished":"2017-07-25T09:58:03+00:00","dateModified":"2021-09-10T11:44:40+00:00","author":{"@id":"https:\/\/cfpmaresme.org\/#\/schema\/person\/b2634bcd796fafc667ea4055f61b9b2c"},"breadcrumb":{"@id":"http:\/\/cfpmaresme.org\/el-cfp-mes-de-vint-anys-implicat-amb-les-santes\/#breadcrumb"},"inLanguage":"es","potentialAction":[{"@type":"ReadAction","target":["http:\/\/cfpmaresme.org\/el-cfp-mes-de-vint-anys-implicat-amb-les-santes\/"]}]},{"@type":"ImageObject","inLanguage":"es","@id":"http:\/\/cfpmaresme.org\/el-cfp-mes-de-vint-anys-implicat-amb-les-santes\/#primaryimage","url":"https:\/\/cfpmaresme.org\/wp-content\/uploads\/2017\/07\/les-santes-marga-cruz-ajt-matarc3b3.png","contentUrl":"https:\/\/cfpmaresme.org\/wp-content\/uploads\/2017\/07\/les-santes-marga-cruz-ajt-matarc3b3.png","width":1532,"height":900},{"@type":"BreadcrumbList","@id":"http:\/\/cfpmaresme.org\/el-cfp-mes-de-vint-anys-implicat-amb-les-santes\/#breadcrumb","itemListElement":[{"@type":"ListItem","position":1,"name":"Home","item":"https:\/\/cfpmaresme.org\/es\/"},{"@type":"ListItem","position":2,"name":"El CFP, m\u00e1s de veinte a\u00f1os implicado con Les Santes"}]},{"@type":"WebSite","@id":"https:\/\/cfpmaresme.org\/#website","url":"https:\/\/cfpmaresme.org\/","name":"CFP Maresme","description":"Centre Formaci\u00f3 Prevenci\u00f3","potentialAction":[{"@type":"SearchAction","target":{"@type":"EntryPoint","urlTemplate":"https:\/\/cfpmaresme.org\/?s={search_term_string}"},"query-input":{"@type":"PropertyValueSpecification","valueRequired":true,"valueName":"search_term_string"}}],"inLanguage":"es"},{"@type":"Person","@id":"https:\/\/cfpmaresme.org\/#\/schema\/person\/b2634bcd796fafc667ea4055f61b9b2c","name":"CFPMaresme"}]}},"_links":{"self":[{"href":"https:\/\/cfpmaresme.org\/es\/wp-json\/wp\/v2\/posts\/16930","targetHints":{"allow":["GET"]}}],"collection":[{"href":"https:\/\/cfpmaresme.org\/es\/wp-json\/wp\/v2\/posts"}],"about":[{"href":"https:\/\/cfpmaresme.org\/es\/wp-json\/wp\/v2\/types\/post"}],"author":[{"embeddable":true,"href":"https:\/\/cfpmaresme.org\/es\/wp-json\/wp\/v2\/users\/2"}],"replies":[{"embeddable":true,"href":"https:\/\/cfpmaresme.org\/es\/wp-json\/wp\/v2\/comments?post=16930"}],"version-history":[{"count":3,"href":"https:\/\/cfpmaresme.org\/es\/wp-json\/wp\/v2\/posts\/16930\/revisions"}],"predecessor-version":[{"id":26380,"href":"https:\/\/cfpmaresme.org\/es\/wp-json\/wp\/v2\/posts\/16930\/revisions\/26380"}],"wp:featuredmedia":[{"embeddable":true,"href":"https:\/\/cfpmaresme.org\/es\/wp-json\/wp\/v2\/media\/16441"}],"wp:attachment":[{"href":"https:\/\/cfpmaresme.org\/es\/wp-json\/wp\/v2\/media?parent=16930"}],"wp:term":[{"taxonomy":"category","embeddable":true,"href":"https:\/\/cfpmaresme.org\/es\/wp-json\/wp\/v2\/categories?post=16930"},{"taxonomy":"post_tag","embeddable":true,"href":"https:\/\/cfpmaresme.org\/es\/wp-json\/wp\/v2\/tags?post=16930"}],"curies":[{"name":"wp","href":"https:\/\/api.w.org\/{rel}","templated":true}]}}