{"id":16931,"date":"2017-07-21T06:27:10","date_gmt":"2017-07-21T06:27:10","guid":{"rendered":"http:\/\/cfpmaresme.org\/lescola-angela-bransuela-col%c2%b7labora-amb-llibre-actiu-aportant-llibres-de-la-seva-biblioteca\/"},"modified":"2021-09-27T15:07:55","modified_gmt":"2021-09-27T13:07:55","slug":"lescola-angela-bransuela-col%c2%b7labora-amb-llibre-actiu-aportant-llibres-de-la-seva-biblioteca","status":"publish","type":"post","link":"https:\/\/cfpmaresme.org\/es\/lescola-angela-bransuela-col%c2%b7labora-amb-llibre-actiu-aportant-llibres-de-la-seva-biblioteca\/","title":{"rendered":"La escuela \u00c0ngela Bransuela colabora con Llibre Actiu aportando libros de su biblioteca"},"content":{"rendered":"<p style=\"text-align: justify;\">Este centro educativo mataron\u00edn tambi\u00e9n pens\u00f3 el a\u00f1o pasado en el Centre de Formaci\u00f3 i Prevenci\u00f3 para su proyecto de emprendedur\u00eda Cueme<\/p>\n<p><!--more--><br \/>\n<img loading=\"lazy\" decoding=\"async\" class=\"alignnone size-full wp-image-1364\" src=\"https:\/\/centreformacioprevencio.files.wordpress.com\/2017\/07\/cimg0309.png\" alt=\"CIMG0309\" width=\"2934\" height=\"1758\" \/><\/p>\n<p style=\"text-align: justify;\">La escuela \u00c0ngela Bransuela de Matar\u00f3 se puso en contacto recientemente con el servicio de intercambio de libros del Centre de Formaci\u00f3 i Prevenci\u00f3, Llibre Actiu, para cederle una buena cantidad de libros de la biblioteca escolar. En total fueron 20 cajas llenas de publicaciones que pasar\u00e1n a formar parte de la colecci\u00f3n de este programa cultural.<\/p>\n<p style=\"text-align: justify;\">El contacto para esta colaboraci\u00f3n se produjo gracias al conserje de la escuela, que es usuario de Llibre Actiu y frecuenta el equipamiento para practicar el intercambio de libros. Cuando supo que se estaba renovando la biblioteca del colegio, pens\u00f3 en primer lugar en Llibre Actiu para proponerles la cesi\u00f3n de este material.<\/p>\n<p style=\"text-align: justify;\">La escuela \u00c0ngela Bransuela tambi\u00e9n contact\u00f3 con el CFP el a\u00f1o pasado, ya que los y las alumnos de 6\u00ba A del colegio escogieron al Centre de Formaci\u00f3 i Prevenci\u00f3 como colaborador a su proyecto de emprendedur\u00eda Cueme. En aquella ocasi\u00f3n, representantes del CFP fueron al centro educativo a explicar como funcionaba la asociaci\u00f3n y siguieron el proceso de la cooperativa social que formaron los chicos y chicas.<\/p>\n<p>&nbsp;<\/p>\n<p style=\"text-align: justify;\">Pod\u00e9is leer las noticias sobre este proyecto Cueme en estos enlaces:<\/p>\n<p>http:\/\/bit.ly\/2tlgiHn<\/p>\n<p>http:\/\/bit.ly\/2uHD9Ae<\/p>\n<p>&nbsp;<\/p>\n<p>&nbsp;<\/p>\n<p>&nbsp;<\/p>\n","protected":false},"excerpt":{"rendered":"<p>Este centro educativo mataron\u00edn tambi\u00e9n pens\u00f3 el a\u00f1o pasado en el Centre de Formaci\u00f3 i Prevenci\u00f3 para su proyecto de emprendedur\u00eda Cueme<\/p>\n","protected":false},"author":2,"featured_media":16498,"comment_status":"open","ping_status":"open","sticky":false,"template":"","format":"standard","meta":{"footnotes":""},"categories":[599],"tags":[626,627,628,629,630,631,632,633,634,635,636,637,617,638],"class_list":["post-16931","post","type-post","status-publish","format-standard","has-post-thumbnail","hentry","category-llibre-actiu-es","tag-actiu-es","tag-angela-es","tag-biblioteca-es","tag-bransuela-es","tag-centre-es","tag-collegi-es","tag-cueme-es","tag-emprenedoria-es","tag-escola-es","tag-formacio-es","tag-llibre-es","tag-llibreria-es","tag-mataro-es","tag-prevencio-es"],"yoast_head":"<!-- This site is optimized with the Yoast SEO plugin v27.4 - https:\/\/yoast.com\/product\/yoast-seo-wordpress\/ -->\n<title>La escuela \u00c0ngela Bransuela colabora con Llibre Actiu aportando libros de su biblioteca | CFP Maresme<\/title>\n<meta name=\"robots\" content=\"index, follow, max-snippet:-1, max-image-preview:large, max-video-preview:-1\" \/>\n<link rel=\"canonical\" href=\"https:\/\/cfpmaresme.org\/es\/lescola-angela-bransuela-col\u00b7labora-amb-llibre-actiu-aportant-llibres-de-la-seva-biblioteca\/\" \/>\n<meta property=\"og:locale\" content=\"es_ES\" \/>\n<meta property=\"og:type\" content=\"article\" \/>\n<meta property=\"og:title\" content=\"La escuela \u00c0ngela Bransuela colabora con Llibre Actiu aportando libros de su biblioteca | CFP Maresme\" \/>\n<meta property=\"og:description\" content=\"Este centro educativo mataron\u00edn tambi\u00e9n pens\u00f3 el a\u00f1o pasado en el Centre de Formaci\u00f3 i Prevenci\u00f3 para su proyecto de emprendedur\u00eda Cueme\" \/>\n<meta property=\"og:url\" content=\"https:\/\/cfpmaresme.org\/es\/lescola-angela-bransuela-col\u00b7labora-amb-llibre-actiu-aportant-llibres-de-la-seva-biblioteca\/\" \/>\n<meta property=\"og:site_name\" content=\"CFP Maresme\" \/>\n<meta property=\"article:published_time\" content=\"2017-07-21T06:27:10+00:00\" \/>\n<meta property=\"article:modified_time\" content=\"2021-09-27T13:07:55+00:00\" \/>\n<meta property=\"og:image\" content=\"https:\/\/cfpmaresme.org\/wp-content\/uploads\/2017\/07\/cimg0309-1024x614.png\" \/>\n\t<meta property=\"og:image:width\" content=\"1024\" \/>\n\t<meta property=\"og:image:height\" content=\"614\" \/>\n\t<meta property=\"og:image:type\" content=\"image\/png\" \/>\n<meta name=\"author\" content=\"CFPMaresme\" \/>\n<meta name=\"twitter:card\" content=\"summary_large_image\" \/>\n<meta name=\"twitter:creator\" content=\"@cfpmaresme\" \/>\n<meta name=\"twitter:site\" content=\"@cfpmaresme\" \/>\n<meta name=\"twitter:label1\" content=\"Escrito por\" \/>\n\t<meta name=\"twitter:data1\" content=\"CFPMaresme\" \/>\n\t<meta name=\"twitter:label2\" content=\"Tiempo de lectura\" \/>\n\t<meta name=\"twitter:data2\" content=\"1 minuto\" \/>\n<script type=\"application\/ld+json\" class=\"yoast-schema-graph\">{\"@context\":\"https:\\\/\\\/schema.org\",\"@graph\":[{\"@type\":\"Article\",\"@id\":\"https:\\\/\\\/cfpmaresme.org\\\/es\\\/lescola-angela-bransuela-col%c2%b7labora-amb-llibre-actiu-aportant-llibres-de-la-seva-biblioteca\\\/#article\",\"isPartOf\":{\"@id\":\"https:\\\/\\\/cfpmaresme.org\\\/es\\\/lescola-angela-bransuela-col%c2%b7labora-amb-llibre-actiu-aportant-llibres-de-la-seva-biblioteca\\\/\"},\"author\":{\"name\":\"CFPMaresme\",\"@id\":\"https:\\\/\\\/cfpmaresme.org\\\/#\\\/schema\\\/person\\\/b2634bcd796fafc667ea4055f61b9b2c\"},\"headline\":\"La escuela \u00c0ngela Bransuela colabora con Llibre Actiu aportando libros de su biblioteca\",\"datePublished\":\"2017-07-21T06:27:10+00:00\",\"dateModified\":\"2021-09-27T13:07:55+00:00\",\"mainEntityOfPage\":{\"@id\":\"https:\\\/\\\/cfpmaresme.org\\\/es\\\/lescola-angela-bransuela-col%c2%b7labora-amb-llibre-actiu-aportant-llibres-de-la-seva-biblioteca\\\/\"},\"wordCount\":249,\"commentCount\":0,\"image\":{\"@id\":\"https:\\\/\\\/cfpmaresme.org\\\/es\\\/lescola-angela-bransuela-col%c2%b7labora-amb-llibre-actiu-aportant-llibres-de-la-seva-biblioteca\\\/#primaryimage\"},\"thumbnailUrl\":\"https:\\\/\\\/cfpmaresme.org\\\/wp-content\\\/uploads\\\/2017\\\/07\\\/cimg0309.png\",\"keywords\":[\"actiu\",\"angela\",\"biblioteca\",\"bransuela\",\"centre\",\"col\u00b7legi\",\"cueme\",\"emprenedoria\",\"escola\",\"formaci\u00f3\",\"llibre\",\"llibreria\",\"matar\u00f3\",\"prevenci\u00f3\"],\"articleSection\":[\"Llibre Actiu\"],\"inLanguage\":\"es\"},{\"@type\":\"WebPage\",\"@id\":\"https:\\\/\\\/cfpmaresme.org\\\/es\\\/lescola-angela-bransuela-col%c2%b7labora-amb-llibre-actiu-aportant-llibres-de-la-seva-biblioteca\\\/\",\"url\":\"https:\\\/\\\/cfpmaresme.org\\\/es\\\/lescola-angela-bransuela-col%c2%b7labora-amb-llibre-actiu-aportant-llibres-de-la-seva-biblioteca\\\/\",\"name\":\"La escuela \u00c0ngela Bransuela colabora con Llibre Actiu aportando libros de su biblioteca | CFP Maresme\",\"isPartOf\":{\"@id\":\"https:\\\/\\\/cfpmaresme.org\\\/#website\"},\"primaryImageOfPage\":{\"@id\":\"https:\\\/\\\/cfpmaresme.org\\\/es\\\/lescola-angela-bransuela-col%c2%b7labora-amb-llibre-actiu-aportant-llibres-de-la-seva-biblioteca\\\/#primaryimage\"},\"image\":{\"@id\":\"https:\\\/\\\/cfpmaresme.org\\\/es\\\/lescola-angela-bransuela-col%c2%b7labora-amb-llibre-actiu-aportant-llibres-de-la-seva-biblioteca\\\/#primaryimage\"},\"thumbnailUrl\":\"https:\\\/\\\/cfpmaresme.org\\\/wp-content\\\/uploads\\\/2017\\\/07\\\/cimg0309.png\",\"datePublished\":\"2017-07-21T06:27:10+00:00\",\"dateModified\":\"2021-09-27T13:07:55+00:00\",\"author\":{\"@id\":\"https:\\\/\\\/cfpmaresme.org\\\/#\\\/schema\\\/person\\\/b2634bcd796fafc667ea4055f61b9b2c\"},\"breadcrumb\":{\"@id\":\"https:\\\/\\\/cfpmaresme.org\\\/es\\\/lescola-angela-bransuela-col%c2%b7labora-amb-llibre-actiu-aportant-llibres-de-la-seva-biblioteca\\\/#breadcrumb\"},\"inLanguage\":\"es\",\"potentialAction\":[{\"@type\":\"ReadAction\",\"target\":[\"https:\\\/\\\/cfpmaresme.org\\\/es\\\/lescola-angela-bransuela-col%c2%b7labora-amb-llibre-actiu-aportant-llibres-de-la-seva-biblioteca\\\/\"]}]},{\"@type\":\"ImageObject\",\"inLanguage\":\"es\",\"@id\":\"https:\\\/\\\/cfpmaresme.org\\\/es\\\/lescola-angela-bransuela-col%c2%b7labora-amb-llibre-actiu-aportant-llibres-de-la-seva-biblioteca\\\/#primaryimage\",\"url\":\"https:\\\/\\\/cfpmaresme.org\\\/wp-content\\\/uploads\\\/2017\\\/07\\\/cimg0309.png\",\"contentUrl\":\"https:\\\/\\\/cfpmaresme.org\\\/wp-content\\\/uploads\\\/2017\\\/07\\\/cimg0309.png\",\"width\":2934,\"height\":1758},{\"@type\":\"BreadcrumbList\",\"@id\":\"https:\\\/\\\/cfpmaresme.org\\\/es\\\/lescola-angela-bransuela-col%c2%b7labora-amb-llibre-actiu-aportant-llibres-de-la-seva-biblioteca\\\/#breadcrumb\",\"itemListElement\":[{\"@type\":\"ListItem\",\"position\":1,\"name\":\"Home\",\"item\":\"https:\\\/\\\/cfpmaresme.org\\\/es\\\/\"},{\"@type\":\"ListItem\",\"position\":2,\"name\":\"La escuela \u00c0ngela Bransuela colabora con Llibre Actiu aportando libros de su biblioteca\"}]},{\"@type\":\"WebSite\",\"@id\":\"https:\\\/\\\/cfpmaresme.org\\\/#website\",\"url\":\"https:\\\/\\\/cfpmaresme.org\\\/\",\"name\":\"CFP Maresme\",\"description\":\"Centre Formaci\u00f3 Prevenci\u00f3\",\"potentialAction\":[{\"@type\":\"SearchAction\",\"target\":{\"@type\":\"EntryPoint\",\"urlTemplate\":\"https:\\\/\\\/cfpmaresme.org\\\/?s={search_term_string}\"},\"query-input\":{\"@type\":\"PropertyValueSpecification\",\"valueRequired\":true,\"valueName\":\"search_term_string\"}}],\"inLanguage\":\"es\"},{\"@type\":\"Person\",\"@id\":\"https:\\\/\\\/cfpmaresme.org\\\/#\\\/schema\\\/person\\\/b2634bcd796fafc667ea4055f61b9b2c\",\"name\":\"CFPMaresme\"}]}<\/script>\n<!-- \/ Yoast SEO plugin. -->","yoast_head_json":{"title":"La escuela \u00c0ngela Bransuela colabora con Llibre Actiu aportando libros de su biblioteca | CFP Maresme","robots":{"index":"index","follow":"follow","max-snippet":"max-snippet:-1","max-image-preview":"max-image-preview:large","max-video-preview":"max-video-preview:-1"},"canonical":"https:\/\/cfpmaresme.org\/es\/lescola-angela-bransuela-col\u00b7labora-amb-llibre-actiu-aportant-llibres-de-la-seva-biblioteca\/","og_locale":"es_ES","og_type":"article","og_title":"La escuela \u00c0ngela Bransuela colabora con Llibre Actiu aportando libros de su biblioteca | CFP Maresme","og_description":"Este centro educativo mataron\u00edn tambi\u00e9n pens\u00f3 el a\u00f1o pasado en el Centre de Formaci\u00f3 i Prevenci\u00f3 para su proyecto de emprendedur\u00eda Cueme","og_url":"https:\/\/cfpmaresme.org\/es\/lescola-angela-bransuela-col\u00b7labora-amb-llibre-actiu-aportant-llibres-de-la-seva-biblioteca\/","og_site_name":"CFP Maresme","article_published_time":"2017-07-21T06:27:10+00:00","article_modified_time":"2021-09-27T13:07:55+00:00","og_image":[{"width":1024,"height":614,"url":"https:\/\/cfpmaresme.org\/wp-content\/uploads\/2017\/07\/cimg0309-1024x614.png","type":"image\/png"}],"author":"CFPMaresme","twitter_card":"summary_large_image","twitter_creator":"@cfpmaresme","twitter_site":"@cfpmaresme","twitter_misc":{"Escrito por":"CFPMaresme","Tiempo de lectura":"1 minuto"},"schema":{"@context":"https:\/\/schema.org","@graph":[{"@type":"Article","@id":"https:\/\/cfpmaresme.org\/es\/lescola-angela-bransuela-col%c2%b7labora-amb-llibre-actiu-aportant-llibres-de-la-seva-biblioteca\/#article","isPartOf":{"@id":"https:\/\/cfpmaresme.org\/es\/lescola-angela-bransuela-col%c2%b7labora-amb-llibre-actiu-aportant-llibres-de-la-seva-biblioteca\/"},"author":{"name":"CFPMaresme","@id":"https:\/\/cfpmaresme.org\/#\/schema\/person\/b2634bcd796fafc667ea4055f61b9b2c"},"headline":"La escuela \u00c0ngela Bransuela colabora con Llibre Actiu aportando libros de su biblioteca","datePublished":"2017-07-21T06:27:10+00:00","dateModified":"2021-09-27T13:07:55+00:00","mainEntityOfPage":{"@id":"https:\/\/cfpmaresme.org\/es\/lescola-angela-bransuela-col%c2%b7labora-amb-llibre-actiu-aportant-llibres-de-la-seva-biblioteca\/"},"wordCount":249,"commentCount":0,"image":{"@id":"https:\/\/cfpmaresme.org\/es\/lescola-angela-bransuela-col%c2%b7labora-amb-llibre-actiu-aportant-llibres-de-la-seva-biblioteca\/#primaryimage"},"thumbnailUrl":"https:\/\/cfpmaresme.org\/wp-content\/uploads\/2017\/07\/cimg0309.png","keywords":["actiu","angela","biblioteca","bransuela","centre","col\u00b7legi","cueme","emprenedoria","escola","formaci\u00f3","llibre","llibreria","matar\u00f3","prevenci\u00f3"],"articleSection":["Llibre Actiu"],"inLanguage":"es"},{"@type":"WebPage","@id":"https:\/\/cfpmaresme.org\/es\/lescola-angela-bransuela-col%c2%b7labora-amb-llibre-actiu-aportant-llibres-de-la-seva-biblioteca\/","url":"https:\/\/cfpmaresme.org\/es\/lescola-angela-bransuela-col%c2%b7labora-amb-llibre-actiu-aportant-llibres-de-la-seva-biblioteca\/","name":"La escuela \u00c0ngela Bransuela colabora con Llibre Actiu aportando libros de su biblioteca | CFP Maresme","isPartOf":{"@id":"https:\/\/cfpmaresme.org\/#website"},"primaryImageOfPage":{"@id":"https:\/\/cfpmaresme.org\/es\/lescola-angela-bransuela-col%c2%b7labora-amb-llibre-actiu-aportant-llibres-de-la-seva-biblioteca\/#primaryimage"},"image":{"@id":"https:\/\/cfpmaresme.org\/es\/lescola-angela-bransuela-col%c2%b7labora-amb-llibre-actiu-aportant-llibres-de-la-seva-biblioteca\/#primaryimage"},"thumbnailUrl":"https:\/\/cfpmaresme.org\/wp-content\/uploads\/2017\/07\/cimg0309.png","datePublished":"2017-07-21T06:27:10+00:00","dateModified":"2021-09-27T13:07:55+00:00","author":{"@id":"https:\/\/cfpmaresme.org\/#\/schema\/person\/b2634bcd796fafc667ea4055f61b9b2c"},"breadcrumb":{"@id":"https:\/\/cfpmaresme.org\/es\/lescola-angela-bransuela-col%c2%b7labora-amb-llibre-actiu-aportant-llibres-de-la-seva-biblioteca\/#breadcrumb"},"inLanguage":"es","potentialAction":[{"@type":"ReadAction","target":["https:\/\/cfpmaresme.org\/es\/lescola-angela-bransuela-col%c2%b7labora-amb-llibre-actiu-aportant-llibres-de-la-seva-biblioteca\/"]}]},{"@type":"ImageObject","inLanguage":"es","@id":"https:\/\/cfpmaresme.org\/es\/lescola-angela-bransuela-col%c2%b7labora-amb-llibre-actiu-aportant-llibres-de-la-seva-biblioteca\/#primaryimage","url":"https:\/\/cfpmaresme.org\/wp-content\/uploads\/2017\/07\/cimg0309.png","contentUrl":"https:\/\/cfpmaresme.org\/wp-content\/uploads\/2017\/07\/cimg0309.png","width":2934,"height":1758},{"@type":"BreadcrumbList","@id":"https:\/\/cfpmaresme.org\/es\/lescola-angela-bransuela-col%c2%b7labora-amb-llibre-actiu-aportant-llibres-de-la-seva-biblioteca\/#breadcrumb","itemListElement":[{"@type":"ListItem","position":1,"name":"Home","item":"https:\/\/cfpmaresme.org\/es\/"},{"@type":"ListItem","position":2,"name":"La escuela \u00c0ngela Bransuela colabora con Llibre Actiu aportando libros de su biblioteca"}]},{"@type":"WebSite","@id":"https:\/\/cfpmaresme.org\/#website","url":"https:\/\/cfpmaresme.org\/","name":"CFP Maresme","description":"Centre Formaci\u00f3 Prevenci\u00f3","potentialAction":[{"@type":"SearchAction","target":{"@type":"EntryPoint","urlTemplate":"https:\/\/cfpmaresme.org\/?s={search_term_string}"},"query-input":{"@type":"PropertyValueSpecification","valueRequired":true,"valueName":"search_term_string"}}],"inLanguage":"es"},{"@type":"Person","@id":"https:\/\/cfpmaresme.org\/#\/schema\/person\/b2634bcd796fafc667ea4055f61b9b2c","name":"CFPMaresme"}]}},"_links":{"self":[{"href":"https:\/\/cfpmaresme.org\/es\/wp-json\/wp\/v2\/posts\/16931","targetHints":{"allow":["GET"]}}],"collection":[{"href":"https:\/\/cfpmaresme.org\/es\/wp-json\/wp\/v2\/posts"}],"about":[{"href":"https:\/\/cfpmaresme.org\/es\/wp-json\/wp\/v2\/types\/post"}],"author":[{"embeddable":true,"href":"https:\/\/cfpmaresme.org\/es\/wp-json\/wp\/v2\/users\/2"}],"replies":[{"embeddable":true,"href":"https:\/\/cfpmaresme.org\/es\/wp-json\/wp\/v2\/comments?post=16931"}],"version-history":[{"count":4,"href":"https:\/\/cfpmaresme.org\/es\/wp-json\/wp\/v2\/posts\/16931\/revisions"}],"predecessor-version":[{"id":26607,"href":"https:\/\/cfpmaresme.org\/es\/wp-json\/wp\/v2\/posts\/16931\/revisions\/26607"}],"wp:featuredmedia":[{"embeddable":true,"href":"https:\/\/cfpmaresme.org\/es\/wp-json\/wp\/v2\/media\/16498"}],"wp:attachment":[{"href":"https:\/\/cfpmaresme.org\/es\/wp-json\/wp\/v2\/media?parent=16931"}],"wp:term":[{"taxonomy":"category","embeddable":true,"href":"https:\/\/cfpmaresme.org\/es\/wp-json\/wp\/v2\/categories?post=16931"},{"taxonomy":"post_tag","embeddable":true,"href":"https:\/\/cfpmaresme.org\/es\/wp-json\/wp\/v2\/tags?post=16931"}],"curies":[{"name":"wp","href":"https:\/\/api.w.org\/{rel}","templated":true}]}}