{"id":16932,"date":"2017-07-18T09:59:29","date_gmt":"2017-07-18T09:59:29","guid":{"rendered":"http:\/\/cfpmaresme.org\/un-grup-dusuaris-del-cfp-estrena-lobra-simplemente-amor-a-laula-de-teatre-de-mataro\/"},"modified":"2021-09-27T15:16:04","modified_gmt":"2021-09-27T13:16:04","slug":"un-grup-dusuaris-del-cfp-estrena-lobra-simplemente-amor-a-laula-de-teatre-de-mataro","status":"publish","type":"post","link":"https:\/\/cfpmaresme.org\/es\/un-grup-dusuaris-del-cfp-estrena-lobra-simplemente-amor-a-laula-de-teatre-de-mataro\/","title":{"rendered":"Un grupo de usuarios del CFP estrena la obra \u201cSimplemente Amor\u201d en la Aula de Teatro de Matar\u00f3"},"content":{"rendered":"<p style=\"text-align: justify;\">Este espect\u00e1culo es fruto del taller de teatro que nuestros compa\u00f1eros han estado trabajando durante los \u00faltimos cuatro meses<\/p>\n<p><img loading=\"lazy\" decoding=\"async\" class=\"alignnone size-full wp-image-1348\" src=\"https:\/\/centreformacioprevencio.files.wordpress.com\/2017\/07\/20170715_173522080_ios.png\" alt=\"20170715_173522080_iOS\" width=\"3888\" height=\"2384\" \/><\/p>\n<p style=\"text-align: justify;\">El pasado s\u00e1bado 15 de juliol un grupo de seis usuarios y usuarias del Servicio de Rehabilitaci\u00f3n Comunitaria de Matar\u00f3 estrenaron su obra \u201cSimplemente Amor\u201d a la Aula de Teatro de la capital del Maresme ante unas cincuenta personas. La pieza, que dur\u00f3 una media hora, fue una experiencia muy enriquecedora para sus integrantes, que vieron como el p\u00fablico asistente recib\u00eda con gran emoci\u00f3n su actuaci\u00f3n.<\/p>\n<p><!--more--><\/p>\n<p style=\"text-align: justify;\">Hace cuatro meses la actriz y directora de La Teatral de Masnou, Aina Ripol, empez\u00f3 un peque\u00f1o taller con seis usuarios y usuarias del Centre de Formaci\u00f3 i Prevenci\u00f3. El objetivo era poder trabajar con ellos una obra de teatro que significar\u00eda el primer contacto con esta disciplina art\u00edstica por parte de todos ellos. El trabajo que han estado haciendo durante este tiempo se materializ\u00f3 en un espect\u00e1culo que representa distintas reflexines sobre el amor vivido desde el punto de vista de un grupo de j\u00f3venes.<\/p>\n<p style=\"text-align: justify;\"><img loading=\"lazy\" decoding=\"async\" class=\"alignnone size-full wp-image-1353\" src=\"https:\/\/centreformacioprevencio.files.wordpress.com\/2017\/07\/20170715_172646756_ios.png\" alt=\"20170715_172646756_iOS\" width=\"3788\" height=\"2280\" \/><\/p>\n<p style=\"text-align: justify;\">Asistieron a la obra distintos educadores del CFP y el director del Servicio de Rehabilitaci\u00f3n Comunitaria Jordi Escrig dedic\u00f3 unas palabras a los j\u00f3venes actores y actrices y a la directora justo antes de empezar la funci\u00f3n. Despu\u00e9s, fue el turno de esta nueva compa\u00f1\u00eda llamada \u201cImagina Teatre\u201d.<\/p>\n<p style=\"text-align: justify;\">El taller de teatro es una de las novedades de este a\u00f1o en el plan del Centre de Formaci\u00f3 i Prevenci\u00f3 de poder ofrecer m\u00e1s servicios y actividades a sus usuarios y usuarias. Teniendo en cuenta que esta ha sido la primera vez que se realizaba esta actividad, ha sido todo un \u00e9xito y esperamos que se pueda repetir los pr\u00f3ximos a\u00f1os.<\/p>\n<p style=\"text-align: justify;\">Los actores y actrices del a compa\u00f1\u00eda \u201cImagina Teatre\u201d:<\/p>\n<p style=\"text-align: justify;\">Daniel Duran, Ferran Giron\u00e8s, Cristian Guirao, Natalia Mart\u00edn, Maria Podadera i Javier S\u00e1nchez<\/p>\n","protected":false},"excerpt":{"rendered":"<p>Este espect\u00e1culo es fruto del taller de teatro que nuestros compa\u00f1eros han estado trabajando durante los \u00faltimos cuatro meses El pasado s\u00e1bado 15 de juliol un grupo de seis usuarios y usuarias del Servicio de Rehabilitaci\u00f3n Comunitaria de Matar\u00f3 estrenaron su obra \u201cSimplemente Amor\u201d a&#8230;<\/p>\n","protected":false},"author":2,"featured_media":0,"comment_status":"open","ping_status":"open","sticky":false,"template":"","format":"standard","meta":{"footnotes":""},"categories":[1199],"tags":[639,640,641,642,643,644,630,645,646,647,635,648,649,650,651,652,617,653,638,654,655,623,656,657,658],"class_list":["post-16932","post","type-post","status-publish","format-standard","hentry","category-servicios-de-rehabilitacion-comunitaria","tag-activitat-es","tag-actor-es","tag-actriu-es","tag-amor-es","tag-art-es","tag-aula-es","tag-centre-es","tag-comunitaria-es","tag-duran-es","tag-escrig-es","tag-formacio-es","tag-girones-es","tag-guirao-es","tag-imagina-es","tag-maresme-es","tag-martin-es","tag-mataro-es","tag-podadera-es","tag-prevencio-es","tag-rehabilitacio-es","tag-sanchez-es","tag-servei-es","tag-simplemente-es","tag-taller-es","tag-teatre-es"],"yoast_head":"<!-- This site is optimized with the Yoast SEO plugin v27.4 - https:\/\/yoast.com\/product\/yoast-seo-wordpress\/ -->\n<title>Un grupo de usuarios del CFP estrena la obra \u201cSimplemente Amor\u201d en la Aula de Teatro de Matar\u00f3 | CFP Maresme<\/title>\n<meta name=\"robots\" content=\"index, follow, max-snippet:-1, max-image-preview:large, max-video-preview:-1\" \/>\n<link rel=\"canonical\" href=\"http:\/\/cfpmaresme.org\/un-grup-dusuaris-del-cfp-estrena-lobra-simplemente-amor-a-laula-de-teatre-de-mataro\/\" \/>\n<meta property=\"og:locale\" content=\"es_ES\" \/>\n<meta property=\"og:type\" content=\"article\" \/>\n<meta property=\"og:title\" content=\"Un grupo de usuarios del CFP estrena la obra \u201cSimplemente Amor\u201d en la Aula de Teatro de Matar\u00f3 | CFP Maresme\" \/>\n<meta property=\"og:description\" content=\"Este espect\u00e1culo es fruto del taller de teatro que nuestros compa\u00f1eros han estado trabajando durante los \u00faltimos cuatro meses El pasado s\u00e1bado 15 de juliol un grupo de seis usuarios y usuarias del Servicio de Rehabilitaci\u00f3n Comunitaria de Matar\u00f3 estrenaron su obra \u201cSimplemente Amor\u201d a...\" \/>\n<meta property=\"og:url\" content=\"http:\/\/cfpmaresme.org\/un-grup-dusuaris-del-cfp-estrena-lobra-simplemente-amor-a-laula-de-teatre-de-mataro\/\" \/>\n<meta property=\"og:site_name\" content=\"CFP Maresme\" \/>\n<meta property=\"article:published_time\" content=\"2017-07-18T09:59:29+00:00\" \/>\n<meta property=\"article:modified_time\" content=\"2021-09-27T13:16:04+00:00\" \/>\n<meta property=\"og:image\" content=\"https:\/\/centreformacioprevencio.files.wordpress.com\/2017\/07\/20170715_173522080_ios.png\" \/>\n<meta name=\"author\" content=\"CFPMaresme\" \/>\n<meta name=\"twitter:card\" content=\"summary_large_image\" \/>\n<meta name=\"twitter:creator\" content=\"@cfpmaresme\" \/>\n<meta name=\"twitter:site\" content=\"@cfpmaresme\" \/>\n<meta name=\"twitter:label1\" content=\"Escrito por\" \/>\n\t<meta name=\"twitter:data1\" content=\"CFPMaresme\" \/>\n\t<meta name=\"twitter:label2\" content=\"Tiempo de lectura\" \/>\n\t<meta name=\"twitter:data2\" content=\"2 minutos\" \/>\n<script type=\"application\/ld+json\" class=\"yoast-schema-graph\">{\"@context\":\"https:\\\/\\\/schema.org\",\"@graph\":[{\"@type\":\"Article\",\"@id\":\"http:\\\/\\\/cfpmaresme.org\\\/un-grup-dusuaris-del-cfp-estrena-lobra-simplemente-amor-a-laula-de-teatre-de-mataro\\\/#article\",\"isPartOf\":{\"@id\":\"http:\\\/\\\/cfpmaresme.org\\\/un-grup-dusuaris-del-cfp-estrena-lobra-simplemente-amor-a-laula-de-teatre-de-mataro\\\/\"},\"author\":{\"name\":\"CFPMaresme\",\"@id\":\"https:\\\/\\\/cfpmaresme.org\\\/#\\\/schema\\\/person\\\/b2634bcd796fafc667ea4055f61b9b2c\"},\"headline\":\"Un grupo de usuarios del CFP estrena la obra \u201cSimplemente Amor\u201d en la Aula de Teatro de Matar\u00f3\",\"datePublished\":\"2017-07-18T09:59:29+00:00\",\"dateModified\":\"2021-09-27T13:16:04+00:00\",\"mainEntityOfPage\":{\"@id\":\"http:\\\/\\\/cfpmaresme.org\\\/un-grup-dusuaris-del-cfp-estrena-lobra-simplemente-amor-a-laula-de-teatre-de-mataro\\\/\"},\"wordCount\":346,\"commentCount\":0,\"image\":{\"@id\":\"http:\\\/\\\/cfpmaresme.org\\\/un-grup-dusuaris-del-cfp-estrena-lobra-simplemente-amor-a-laula-de-teatre-de-mataro\\\/#primaryimage\"},\"thumbnailUrl\":\"https:\\\/\\\/centreformacioprevencio.files.wordpress.com\\\/2017\\\/07\\\/20170715_173522080_ios.png\",\"keywords\":[\"activitat\",\"actor\",\"actriu\",\"amor\",\"Art\",\"aula\",\"centre\",\"comunit\u00e0ria\",\"duran\",\"escrig\",\"formaci\u00f3\",\"giron\u00e8s\",\"guirao\",\"imagina\",\"maresme\",\"mart\u00edn\",\"matar\u00f3\",\"podadera\",\"prevenci\u00f3\",\"rehabilitaci\u00f3\",\"s\u00e1nchez\",\"servei\",\"simplemente\",\"taller\",\"teatre\"],\"articleSection\":[\"Servicios de Rehabilitaci\u00f3n Comunitaria\"],\"inLanguage\":\"es\"},{\"@type\":\"WebPage\",\"@id\":\"http:\\\/\\\/cfpmaresme.org\\\/un-grup-dusuaris-del-cfp-estrena-lobra-simplemente-amor-a-laula-de-teatre-de-mataro\\\/\",\"url\":\"http:\\\/\\\/cfpmaresme.org\\\/un-grup-dusuaris-del-cfp-estrena-lobra-simplemente-amor-a-laula-de-teatre-de-mataro\\\/\",\"name\":\"Un grupo de usuarios del CFP estrena la obra \u201cSimplemente Amor\u201d en la Aula de Teatro de Matar\u00f3 | CFP Maresme\",\"isPartOf\":{\"@id\":\"https:\\\/\\\/cfpmaresme.org\\\/#website\"},\"primaryImageOfPage\":{\"@id\":\"http:\\\/\\\/cfpmaresme.org\\\/un-grup-dusuaris-del-cfp-estrena-lobra-simplemente-amor-a-laula-de-teatre-de-mataro\\\/#primaryimage\"},\"image\":{\"@id\":\"http:\\\/\\\/cfpmaresme.org\\\/un-grup-dusuaris-del-cfp-estrena-lobra-simplemente-amor-a-laula-de-teatre-de-mataro\\\/#primaryimage\"},\"thumbnailUrl\":\"https:\\\/\\\/centreformacioprevencio.files.wordpress.com\\\/2017\\\/07\\\/20170715_173522080_ios.png\",\"datePublished\":\"2017-07-18T09:59:29+00:00\",\"dateModified\":\"2021-09-27T13:16:04+00:00\",\"author\":{\"@id\":\"https:\\\/\\\/cfpmaresme.org\\\/#\\\/schema\\\/person\\\/b2634bcd796fafc667ea4055f61b9b2c\"},\"breadcrumb\":{\"@id\":\"http:\\\/\\\/cfpmaresme.org\\\/un-grup-dusuaris-del-cfp-estrena-lobra-simplemente-amor-a-laula-de-teatre-de-mataro\\\/#breadcrumb\"},\"inLanguage\":\"es\",\"potentialAction\":[{\"@type\":\"ReadAction\",\"target\":[\"http:\\\/\\\/cfpmaresme.org\\\/un-grup-dusuaris-del-cfp-estrena-lobra-simplemente-amor-a-laula-de-teatre-de-mataro\\\/\"]}]},{\"@type\":\"ImageObject\",\"inLanguage\":\"es\",\"@id\":\"http:\\\/\\\/cfpmaresme.org\\\/un-grup-dusuaris-del-cfp-estrena-lobra-simplemente-amor-a-laula-de-teatre-de-mataro\\\/#primaryimage\",\"url\":\"https:\\\/\\\/centreformacioprevencio.files.wordpress.com\\\/2017\\\/07\\\/20170715_173522080_ios.png\",\"contentUrl\":\"https:\\\/\\\/centreformacioprevencio.files.wordpress.com\\\/2017\\\/07\\\/20170715_173522080_ios.png\"},{\"@type\":\"BreadcrumbList\",\"@id\":\"http:\\\/\\\/cfpmaresme.org\\\/un-grup-dusuaris-del-cfp-estrena-lobra-simplemente-amor-a-laula-de-teatre-de-mataro\\\/#breadcrumb\",\"itemListElement\":[{\"@type\":\"ListItem\",\"position\":1,\"name\":\"Home\",\"item\":\"https:\\\/\\\/cfpmaresme.org\\\/es\\\/\"},{\"@type\":\"ListItem\",\"position\":2,\"name\":\"Un grupo de usuarios del CFP estrena la obra \u201cSimplemente Amor\u201d en la Aula de Teatro de Matar\u00f3\"}]},{\"@type\":\"WebSite\",\"@id\":\"https:\\\/\\\/cfpmaresme.org\\\/#website\",\"url\":\"https:\\\/\\\/cfpmaresme.org\\\/\",\"name\":\"CFP Maresme\",\"description\":\"Centre Formaci\u00f3 Prevenci\u00f3\",\"potentialAction\":[{\"@type\":\"SearchAction\",\"target\":{\"@type\":\"EntryPoint\",\"urlTemplate\":\"https:\\\/\\\/cfpmaresme.org\\\/?s={search_term_string}\"},\"query-input\":{\"@type\":\"PropertyValueSpecification\",\"valueRequired\":true,\"valueName\":\"search_term_string\"}}],\"inLanguage\":\"es\"},{\"@type\":\"Person\",\"@id\":\"https:\\\/\\\/cfpmaresme.org\\\/#\\\/schema\\\/person\\\/b2634bcd796fafc667ea4055f61b9b2c\",\"name\":\"CFPMaresme\"}]}<\/script>\n<!-- \/ Yoast SEO plugin. -->","yoast_head_json":{"title":"Un grupo de usuarios del CFP estrena la obra \u201cSimplemente Amor\u201d en la Aula de Teatro de Matar\u00f3 | CFP Maresme","robots":{"index":"index","follow":"follow","max-snippet":"max-snippet:-1","max-image-preview":"max-image-preview:large","max-video-preview":"max-video-preview:-1"},"canonical":"http:\/\/cfpmaresme.org\/un-grup-dusuaris-del-cfp-estrena-lobra-simplemente-amor-a-laula-de-teatre-de-mataro\/","og_locale":"es_ES","og_type":"article","og_title":"Un grupo de usuarios del CFP estrena la obra \u201cSimplemente Amor\u201d en la Aula de Teatro de Matar\u00f3 | CFP Maresme","og_description":"Este espect\u00e1culo es fruto del taller de teatro que nuestros compa\u00f1eros han estado trabajando durante los \u00faltimos cuatro meses El pasado s\u00e1bado 15 de juliol un grupo de seis usuarios y usuarias del Servicio de Rehabilitaci\u00f3n Comunitaria de Matar\u00f3 estrenaron su obra \u201cSimplemente Amor\u201d a...","og_url":"http:\/\/cfpmaresme.org\/un-grup-dusuaris-del-cfp-estrena-lobra-simplemente-amor-a-laula-de-teatre-de-mataro\/","og_site_name":"CFP Maresme","article_published_time":"2017-07-18T09:59:29+00:00","article_modified_time":"2021-09-27T13:16:04+00:00","og_image":[{"url":"https:\/\/centreformacioprevencio.files.wordpress.com\/2017\/07\/20170715_173522080_ios.png","type":"","width":"","height":""}],"author":"CFPMaresme","twitter_card":"summary_large_image","twitter_creator":"@cfpmaresme","twitter_site":"@cfpmaresme","twitter_misc":{"Escrito por":"CFPMaresme","Tiempo de lectura":"2 minutos"},"schema":{"@context":"https:\/\/schema.org","@graph":[{"@type":"Article","@id":"http:\/\/cfpmaresme.org\/un-grup-dusuaris-del-cfp-estrena-lobra-simplemente-amor-a-laula-de-teatre-de-mataro\/#article","isPartOf":{"@id":"http:\/\/cfpmaresme.org\/un-grup-dusuaris-del-cfp-estrena-lobra-simplemente-amor-a-laula-de-teatre-de-mataro\/"},"author":{"name":"CFPMaresme","@id":"https:\/\/cfpmaresme.org\/#\/schema\/person\/b2634bcd796fafc667ea4055f61b9b2c"},"headline":"Un grupo de usuarios del CFP estrena la obra \u201cSimplemente Amor\u201d en la Aula de Teatro de Matar\u00f3","datePublished":"2017-07-18T09:59:29+00:00","dateModified":"2021-09-27T13:16:04+00:00","mainEntityOfPage":{"@id":"http:\/\/cfpmaresme.org\/un-grup-dusuaris-del-cfp-estrena-lobra-simplemente-amor-a-laula-de-teatre-de-mataro\/"},"wordCount":346,"commentCount":0,"image":{"@id":"http:\/\/cfpmaresme.org\/un-grup-dusuaris-del-cfp-estrena-lobra-simplemente-amor-a-laula-de-teatre-de-mataro\/#primaryimage"},"thumbnailUrl":"https:\/\/centreformacioprevencio.files.wordpress.com\/2017\/07\/20170715_173522080_ios.png","keywords":["activitat","actor","actriu","amor","Art","aula","centre","comunit\u00e0ria","duran","escrig","formaci\u00f3","giron\u00e8s","guirao","imagina","maresme","mart\u00edn","matar\u00f3","podadera","prevenci\u00f3","rehabilitaci\u00f3","s\u00e1nchez","servei","simplemente","taller","teatre"],"articleSection":["Servicios de Rehabilitaci\u00f3n Comunitaria"],"inLanguage":"es"},{"@type":"WebPage","@id":"http:\/\/cfpmaresme.org\/un-grup-dusuaris-del-cfp-estrena-lobra-simplemente-amor-a-laula-de-teatre-de-mataro\/","url":"http:\/\/cfpmaresme.org\/un-grup-dusuaris-del-cfp-estrena-lobra-simplemente-amor-a-laula-de-teatre-de-mataro\/","name":"Un grupo de usuarios del CFP estrena la obra \u201cSimplemente Amor\u201d en la Aula de Teatro de Matar\u00f3 | CFP Maresme","isPartOf":{"@id":"https:\/\/cfpmaresme.org\/#website"},"primaryImageOfPage":{"@id":"http:\/\/cfpmaresme.org\/un-grup-dusuaris-del-cfp-estrena-lobra-simplemente-amor-a-laula-de-teatre-de-mataro\/#primaryimage"},"image":{"@id":"http:\/\/cfpmaresme.org\/un-grup-dusuaris-del-cfp-estrena-lobra-simplemente-amor-a-laula-de-teatre-de-mataro\/#primaryimage"},"thumbnailUrl":"https:\/\/centreformacioprevencio.files.wordpress.com\/2017\/07\/20170715_173522080_ios.png","datePublished":"2017-07-18T09:59:29+00:00","dateModified":"2021-09-27T13:16:04+00:00","author":{"@id":"https:\/\/cfpmaresme.org\/#\/schema\/person\/b2634bcd796fafc667ea4055f61b9b2c"},"breadcrumb":{"@id":"http:\/\/cfpmaresme.org\/un-grup-dusuaris-del-cfp-estrena-lobra-simplemente-amor-a-laula-de-teatre-de-mataro\/#breadcrumb"},"inLanguage":"es","potentialAction":[{"@type":"ReadAction","target":["http:\/\/cfpmaresme.org\/un-grup-dusuaris-del-cfp-estrena-lobra-simplemente-amor-a-laula-de-teatre-de-mataro\/"]}]},{"@type":"ImageObject","inLanguage":"es","@id":"http:\/\/cfpmaresme.org\/un-grup-dusuaris-del-cfp-estrena-lobra-simplemente-amor-a-laula-de-teatre-de-mataro\/#primaryimage","url":"https:\/\/centreformacioprevencio.files.wordpress.com\/2017\/07\/20170715_173522080_ios.png","contentUrl":"https:\/\/centreformacioprevencio.files.wordpress.com\/2017\/07\/20170715_173522080_ios.png"},{"@type":"BreadcrumbList","@id":"http:\/\/cfpmaresme.org\/un-grup-dusuaris-del-cfp-estrena-lobra-simplemente-amor-a-laula-de-teatre-de-mataro\/#breadcrumb","itemListElement":[{"@type":"ListItem","position":1,"name":"Home","item":"https:\/\/cfpmaresme.org\/es\/"},{"@type":"ListItem","position":2,"name":"Un grupo de usuarios del CFP estrena la obra \u201cSimplemente Amor\u201d en la Aula de Teatro de Matar\u00f3"}]},{"@type":"WebSite","@id":"https:\/\/cfpmaresme.org\/#website","url":"https:\/\/cfpmaresme.org\/","name":"CFP Maresme","description":"Centre Formaci\u00f3 Prevenci\u00f3","potentialAction":[{"@type":"SearchAction","target":{"@type":"EntryPoint","urlTemplate":"https:\/\/cfpmaresme.org\/?s={search_term_string}"},"query-input":{"@type":"PropertyValueSpecification","valueRequired":true,"valueName":"search_term_string"}}],"inLanguage":"es"},{"@type":"Person","@id":"https:\/\/cfpmaresme.org\/#\/schema\/person\/b2634bcd796fafc667ea4055f61b9b2c","name":"CFPMaresme"}]}},"_links":{"self":[{"href":"https:\/\/cfpmaresme.org\/es\/wp-json\/wp\/v2\/posts\/16932","targetHints":{"allow":["GET"]}}],"collection":[{"href":"https:\/\/cfpmaresme.org\/es\/wp-json\/wp\/v2\/posts"}],"about":[{"href":"https:\/\/cfpmaresme.org\/es\/wp-json\/wp\/v2\/types\/post"}],"author":[{"embeddable":true,"href":"https:\/\/cfpmaresme.org\/es\/wp-json\/wp\/v2\/users\/2"}],"replies":[{"embeddable":true,"href":"https:\/\/cfpmaresme.org\/es\/wp-json\/wp\/v2\/comments?post=16932"}],"version-history":[{"count":3,"href":"https:\/\/cfpmaresme.org\/es\/wp-json\/wp\/v2\/posts\/16932\/revisions"}],"predecessor-version":[{"id":26609,"href":"https:\/\/cfpmaresme.org\/es\/wp-json\/wp\/v2\/posts\/16932\/revisions\/26609"}],"wp:attachment":[{"href":"https:\/\/cfpmaresme.org\/es\/wp-json\/wp\/v2\/media?parent=16932"}],"wp:term":[{"taxonomy":"category","embeddable":true,"href":"https:\/\/cfpmaresme.org\/es\/wp-json\/wp\/v2\/categories?post=16932"},{"taxonomy":"post_tag","embeddable":true,"href":"https:\/\/cfpmaresme.org\/es\/wp-json\/wp\/v2\/tags?post=16932"}],"curies":[{"name":"wp","href":"https:\/\/api.w.org\/{rel}","templated":true}]}}