{"id":16933,"date":"2017-07-10T10:49:34","date_gmt":"2017-07-10T10:49:34","guid":{"rendered":"http:\/\/cfpmaresme.org\/el-servei-prelaboral-tast-doficis-del-cfp-organitza-un-dinar-de-comiat-a-sant-miquel-de-mata-la-klosca\/"},"modified":"2021-09-07T12:14:55","modified_gmt":"2021-09-07T10:14:55","slug":"el-servei-prelaboral-tast-doficis-del-cfp-organitza-un-dinar-de-comiat-a-sant-miquel-de-mata-la-klosca","status":"publish","type":"post","link":"https:\/\/cfpmaresme.org\/es\/el-servei-prelaboral-tast-doficis-del-cfp-organitza-un-dinar-de-comiat-a-sant-miquel-de-mata-la-klosca\/","title":{"rendered":"El Servicio Prelaboral \u201cTast d\u2019Oficis\u201d del CFP organiza una comida de hermandad en Sant Miquel de Mata \u2013La Klosca\u2013"},"content":{"rendered":"<p>Se hizo una visita a las instalaciones guiada por los usuarios del Servicio Prelaboral a los compa\u00f1eros de distintos servicios del CFP que no conoc\u00edan las instalaciones<\/p>\n<p><img loading=\"lazy\" decoding=\"async\" class=\"alignnone size-full wp-image-1332\" src=\"https:\/\/centreformacioprevencio.files.wordpress.com\/2017\/07\/nova.jpg\" alt=\"nova\" width=\"1600\" height=\"900\" \/><\/p>\n<p style=\"text-align: justify;\">El pasado viernes 7 de julio un grupo de usuarios y usuarias de los dos Sercicios de Rehabilitaci\u00f3n Comunitaria Maresme y Burriac, el equipo de Limpieza y Mantenimiento de Espacios Naturales y Solares del CFP, los trabajadores de \u201cLa Klosca\u201d y los voluntarios que participan en los m\u00f3dulos del servicio Prelaboral de la entidad hicieron una comida de hermandad en las instalaciones de la granja La Klosca.<\/p>\n<p><!--more--><\/p>\n<p style=\"text-align: justify;\">Lo m\u00e1s relevante de la jornada fue que los usuarios del Prelaboral, organizados en distintos grupos, actuaron de anfitriones e hicieron de gu\u00edas a la gente invitada que no conoc\u00eda las instalaciones de La Klosca explicando las tareas que desarrollan en el m\u00f3dulo de granja y huerto ecol\u00f3gico.<\/p>\n<p><img loading=\"lazy\" decoding=\"async\" class=\"alignnone size-full wp-image-1337\" src=\"https:\/\/centreformacioprevencio.files.wordpress.com\/2017\/07\/dsc_1268.jpg\" alt=\"DSC_1268\" width=\"3072\" height=\"1728\" \/><\/p>\n<p style=\"text-align: justify;\">Un paseo que sirvi\u00f3 para reafirmar los conceptos trabajados durante el a\u00f1o y que permiti\u00f3 mostrar los encantos de una finca buc\u00f3lica coronada con una ermita documentada desde el siglo XI, reconstruida al XVI y reformada el XVIII.<\/p>\n<p style=\"text-align: justify;\">As\u00ed pues, fue una buena ocasi\u00f3n para que personas que utilizan distintos servicios del Centre de Formaci\u00f3 i Prevenci\u00f3 y que no se ven a menudo, pudiesen saber que hacen sus compa\u00f1eros y conocer el espacio natural de Sant Miquel de Mata.<\/p>\n","protected":false},"excerpt":{"rendered":"<p>Se hizo una visita a las instalaciones guiada por los usuarios del Servicio Prelaboral a los compa\u00f1eros de distintos servicios del CFP que no conoc\u00edan las instalaciones El pasado viernes 7 de julio un grupo de usuarios y usuarias de los dos Sercicios de Rehabilitaci\u00f3n&#8230;<\/p>\n","protected":false},"author":2,"featured_media":0,"comment_status":"open","ping_status":"open","sticky":false,"template":"","format":"standard","meta":{"footnotes":""},"categories":[1195],"tags":[630,645,659,660,635,661,662,663,664,665,666,618,638,654,623,667],"class_list":["post-16933","post","type-post","status-publish","format-standard","hentry","category-servicio-prelaboral","tag-centre-es","tag-comunitaria-es","tag-dinar-es","tag-ecologic-es","tag-formacio-es","tag-granja-es","tag-klosca-es","tag-mata-es","tag-miquel-es","tag-oficis-es","tag-ous-es","tag-prelaboral-es","tag-prevencio-es","tag-rehabilitacio-es","tag-servei-es","tag-tast-es"],"yoast_head":"<!-- This site is optimized with the Yoast SEO plugin v27.4 - https:\/\/yoast.com\/product\/yoast-seo-wordpress\/ -->\n<title>El Servicio Prelaboral \u201cTast d\u2019Oficis\u201d del CFP organiza una comida de hermandad en Sant Miquel de Mata \u2013La Klosca\u2013 | CFP Maresme<\/title>\n<meta name=\"robots\" content=\"index, follow, max-snippet:-1, max-image-preview:large, max-video-preview:-1\" \/>\n<link rel=\"canonical\" href=\"https:\/\/cfpmaresme.org\/es\/el-servei-prelaboral-tast-doficis-del-cfp-organitza-un-dinar-de-comiat-a-sant-miquel-de-mata-la-klosca\/\" \/>\n<meta property=\"og:locale\" content=\"es_ES\" \/>\n<meta property=\"og:type\" content=\"article\" \/>\n<meta property=\"og:title\" content=\"El Servicio Prelaboral \u201cTast d\u2019Oficis\u201d del CFP organiza una comida de hermandad en Sant Miquel de Mata \u2013La Klosca\u2013 | CFP Maresme\" \/>\n<meta property=\"og:description\" content=\"Se hizo una visita a las instalaciones guiada por los usuarios del Servicio Prelaboral a los compa\u00f1eros de distintos servicios del CFP que no conoc\u00edan las instalaciones El pasado viernes 7 de julio un grupo de usuarios y usuarias de los dos Sercicios de Rehabilitaci\u00f3n...\" \/>\n<meta property=\"og:url\" content=\"https:\/\/cfpmaresme.org\/es\/el-servei-prelaboral-tast-doficis-del-cfp-organitza-un-dinar-de-comiat-a-sant-miquel-de-mata-la-klosca\/\" \/>\n<meta property=\"og:site_name\" content=\"CFP Maresme\" \/>\n<meta property=\"article:published_time\" content=\"2017-07-10T10:49:34+00:00\" \/>\n<meta property=\"article:modified_time\" content=\"2021-09-07T10:14:55+00:00\" \/>\n<meta property=\"og:image\" content=\"https:\/\/centreformacioprevencio.files.wordpress.com\/2017\/07\/nova.jpg\" \/>\n<meta name=\"author\" content=\"CFPMaresme\" \/>\n<meta name=\"twitter:card\" content=\"summary_large_image\" \/>\n<meta name=\"twitter:creator\" content=\"@cfpmaresme\" \/>\n<meta name=\"twitter:site\" content=\"@cfpmaresme\" \/>\n<meta name=\"twitter:label1\" content=\"Escrito por\" \/>\n\t<meta name=\"twitter:data1\" content=\"CFPMaresme\" \/>\n\t<meta name=\"twitter:label2\" content=\"Tiempo de lectura\" \/>\n\t<meta name=\"twitter:data2\" content=\"1 minuto\" \/>\n<script type=\"application\/ld+json\" class=\"yoast-schema-graph\">{\"@context\":\"https:\\\/\\\/schema.org\",\"@graph\":[{\"@type\":\"Article\",\"@id\":\"https:\\\/\\\/cfpmaresme.org\\\/es\\\/el-servei-prelaboral-tast-doficis-del-cfp-organitza-un-dinar-de-comiat-a-sant-miquel-de-mata-la-klosca\\\/#article\",\"isPartOf\":{\"@id\":\"https:\\\/\\\/cfpmaresme.org\\\/es\\\/el-servei-prelaboral-tast-doficis-del-cfp-organitza-un-dinar-de-comiat-a-sant-miquel-de-mata-la-klosca\\\/\"},\"author\":{\"name\":\"CFPMaresme\",\"@id\":\"https:\\\/\\\/cfpmaresme.org\\\/#\\\/schema\\\/person\\\/b2634bcd796fafc667ea4055f61b9b2c\"},\"headline\":\"El Servicio Prelaboral \u201cTast d\u2019Oficis\u201d del CFP organiza una comida de hermandad en Sant Miquel de Mata \u2013La Klosca\u2013\",\"datePublished\":\"2017-07-10T10:49:34+00:00\",\"dateModified\":\"2021-09-07T10:14:55+00:00\",\"mainEntityOfPage\":{\"@id\":\"https:\\\/\\\/cfpmaresme.org\\\/es\\\/el-servei-prelaboral-tast-doficis-del-cfp-organitza-un-dinar-de-comiat-a-sant-miquel-de-mata-la-klosca\\\/\"},\"wordCount\":254,\"commentCount\":0,\"image\":{\"@id\":\"https:\\\/\\\/cfpmaresme.org\\\/es\\\/el-servei-prelaboral-tast-doficis-del-cfp-organitza-un-dinar-de-comiat-a-sant-miquel-de-mata-la-klosca\\\/#primaryimage\"},\"thumbnailUrl\":\"https:\\\/\\\/centreformacioprevencio.files.wordpress.com\\\/2017\\\/07\\\/nova.jpg\",\"keywords\":[\"centre\",\"comunit\u00e0ria\",\"dinar\",\"ecol\u00f2gic\",\"formaci\u00f3\",\"granja\",\"klosca\",\"mata\",\"miquel\",\"oficis\",\"ous\",\"prelaboral\",\"prevenci\u00f3\",\"rehabilitaci\u00f3\",\"servei\",\"tast\"],\"articleSection\":[\"Servicio Prelaboral\"],\"inLanguage\":\"es\"},{\"@type\":\"WebPage\",\"@id\":\"https:\\\/\\\/cfpmaresme.org\\\/es\\\/el-servei-prelaboral-tast-doficis-del-cfp-organitza-un-dinar-de-comiat-a-sant-miquel-de-mata-la-klosca\\\/\",\"url\":\"https:\\\/\\\/cfpmaresme.org\\\/es\\\/el-servei-prelaboral-tast-doficis-del-cfp-organitza-un-dinar-de-comiat-a-sant-miquel-de-mata-la-klosca\\\/\",\"name\":\"El Servicio Prelaboral \u201cTast d\u2019Oficis\u201d del CFP organiza una comida de hermandad en Sant Miquel de Mata \u2013La Klosca\u2013 | CFP Maresme\",\"isPartOf\":{\"@id\":\"https:\\\/\\\/cfpmaresme.org\\\/#website\"},\"primaryImageOfPage\":{\"@id\":\"https:\\\/\\\/cfpmaresme.org\\\/es\\\/el-servei-prelaboral-tast-doficis-del-cfp-organitza-un-dinar-de-comiat-a-sant-miquel-de-mata-la-klosca\\\/#primaryimage\"},\"image\":{\"@id\":\"https:\\\/\\\/cfpmaresme.org\\\/es\\\/el-servei-prelaboral-tast-doficis-del-cfp-organitza-un-dinar-de-comiat-a-sant-miquel-de-mata-la-klosca\\\/#primaryimage\"},\"thumbnailUrl\":\"https:\\\/\\\/centreformacioprevencio.files.wordpress.com\\\/2017\\\/07\\\/nova.jpg\",\"datePublished\":\"2017-07-10T10:49:34+00:00\",\"dateModified\":\"2021-09-07T10:14:55+00:00\",\"author\":{\"@id\":\"https:\\\/\\\/cfpmaresme.org\\\/#\\\/schema\\\/person\\\/b2634bcd796fafc667ea4055f61b9b2c\"},\"breadcrumb\":{\"@id\":\"https:\\\/\\\/cfpmaresme.org\\\/es\\\/el-servei-prelaboral-tast-doficis-del-cfp-organitza-un-dinar-de-comiat-a-sant-miquel-de-mata-la-klosca\\\/#breadcrumb\"},\"inLanguage\":\"es\",\"potentialAction\":[{\"@type\":\"ReadAction\",\"target\":[\"https:\\\/\\\/cfpmaresme.org\\\/es\\\/el-servei-prelaboral-tast-doficis-del-cfp-organitza-un-dinar-de-comiat-a-sant-miquel-de-mata-la-klosca\\\/\"]}]},{\"@type\":\"ImageObject\",\"inLanguage\":\"es\",\"@id\":\"https:\\\/\\\/cfpmaresme.org\\\/es\\\/el-servei-prelaboral-tast-doficis-del-cfp-organitza-un-dinar-de-comiat-a-sant-miquel-de-mata-la-klosca\\\/#primaryimage\",\"url\":\"https:\\\/\\\/centreformacioprevencio.files.wordpress.com\\\/2017\\\/07\\\/nova.jpg\",\"contentUrl\":\"https:\\\/\\\/centreformacioprevencio.files.wordpress.com\\\/2017\\\/07\\\/nova.jpg\"},{\"@type\":\"BreadcrumbList\",\"@id\":\"https:\\\/\\\/cfpmaresme.org\\\/es\\\/el-servei-prelaboral-tast-doficis-del-cfp-organitza-un-dinar-de-comiat-a-sant-miquel-de-mata-la-klosca\\\/#breadcrumb\",\"itemListElement\":[{\"@type\":\"ListItem\",\"position\":1,\"name\":\"Home\",\"item\":\"https:\\\/\\\/cfpmaresme.org\\\/es\\\/\"},{\"@type\":\"ListItem\",\"position\":2,\"name\":\"El Servicio Prelaboral \u201cTast d\u2019Oficis\u201d del CFP organiza una comida de hermandad en Sant Miquel de Mata \u2013La Klosca\u2013\"}]},{\"@type\":\"WebSite\",\"@id\":\"https:\\\/\\\/cfpmaresme.org\\\/#website\",\"url\":\"https:\\\/\\\/cfpmaresme.org\\\/\",\"name\":\"CFP Maresme\",\"description\":\"Centre Formaci\u00f3 Prevenci\u00f3\",\"potentialAction\":[{\"@type\":\"SearchAction\",\"target\":{\"@type\":\"EntryPoint\",\"urlTemplate\":\"https:\\\/\\\/cfpmaresme.org\\\/?s={search_term_string}\"},\"query-input\":{\"@type\":\"PropertyValueSpecification\",\"valueRequired\":true,\"valueName\":\"search_term_string\"}}],\"inLanguage\":\"es\"},{\"@type\":\"Person\",\"@id\":\"https:\\\/\\\/cfpmaresme.org\\\/#\\\/schema\\\/person\\\/b2634bcd796fafc667ea4055f61b9b2c\",\"name\":\"CFPMaresme\"}]}<\/script>\n<!-- \/ Yoast SEO plugin. -->","yoast_head_json":{"title":"El Servicio Prelaboral \u201cTast d\u2019Oficis\u201d del CFP organiza una comida de hermandad en Sant Miquel de Mata \u2013La Klosca\u2013 | CFP Maresme","robots":{"index":"index","follow":"follow","max-snippet":"max-snippet:-1","max-image-preview":"max-image-preview:large","max-video-preview":"max-video-preview:-1"},"canonical":"https:\/\/cfpmaresme.org\/es\/el-servei-prelaboral-tast-doficis-del-cfp-organitza-un-dinar-de-comiat-a-sant-miquel-de-mata-la-klosca\/","og_locale":"es_ES","og_type":"article","og_title":"El Servicio Prelaboral \u201cTast d\u2019Oficis\u201d del CFP organiza una comida de hermandad en Sant Miquel de Mata \u2013La Klosca\u2013 | CFP Maresme","og_description":"Se hizo una visita a las instalaciones guiada por los usuarios del Servicio Prelaboral a los compa\u00f1eros de distintos servicios del CFP que no conoc\u00edan las instalaciones El pasado viernes 7 de julio un grupo de usuarios y usuarias de los dos Sercicios de Rehabilitaci\u00f3n...","og_url":"https:\/\/cfpmaresme.org\/es\/el-servei-prelaboral-tast-doficis-del-cfp-organitza-un-dinar-de-comiat-a-sant-miquel-de-mata-la-klosca\/","og_site_name":"CFP Maresme","article_published_time":"2017-07-10T10:49:34+00:00","article_modified_time":"2021-09-07T10:14:55+00:00","og_image":[{"url":"https:\/\/centreformacioprevencio.files.wordpress.com\/2017\/07\/nova.jpg","type":"","width":"","height":""}],"author":"CFPMaresme","twitter_card":"summary_large_image","twitter_creator":"@cfpmaresme","twitter_site":"@cfpmaresme","twitter_misc":{"Escrito por":"CFPMaresme","Tiempo de lectura":"1 minuto"},"schema":{"@context":"https:\/\/schema.org","@graph":[{"@type":"Article","@id":"https:\/\/cfpmaresme.org\/es\/el-servei-prelaboral-tast-doficis-del-cfp-organitza-un-dinar-de-comiat-a-sant-miquel-de-mata-la-klosca\/#article","isPartOf":{"@id":"https:\/\/cfpmaresme.org\/es\/el-servei-prelaboral-tast-doficis-del-cfp-organitza-un-dinar-de-comiat-a-sant-miquel-de-mata-la-klosca\/"},"author":{"name":"CFPMaresme","@id":"https:\/\/cfpmaresme.org\/#\/schema\/person\/b2634bcd796fafc667ea4055f61b9b2c"},"headline":"El Servicio Prelaboral \u201cTast d\u2019Oficis\u201d del CFP organiza una comida de hermandad en Sant Miquel de Mata \u2013La Klosca\u2013","datePublished":"2017-07-10T10:49:34+00:00","dateModified":"2021-09-07T10:14:55+00:00","mainEntityOfPage":{"@id":"https:\/\/cfpmaresme.org\/es\/el-servei-prelaboral-tast-doficis-del-cfp-organitza-un-dinar-de-comiat-a-sant-miquel-de-mata-la-klosca\/"},"wordCount":254,"commentCount":0,"image":{"@id":"https:\/\/cfpmaresme.org\/es\/el-servei-prelaboral-tast-doficis-del-cfp-organitza-un-dinar-de-comiat-a-sant-miquel-de-mata-la-klosca\/#primaryimage"},"thumbnailUrl":"https:\/\/centreformacioprevencio.files.wordpress.com\/2017\/07\/nova.jpg","keywords":["centre","comunit\u00e0ria","dinar","ecol\u00f2gic","formaci\u00f3","granja","klosca","mata","miquel","oficis","ous","prelaboral","prevenci\u00f3","rehabilitaci\u00f3","servei","tast"],"articleSection":["Servicio Prelaboral"],"inLanguage":"es"},{"@type":"WebPage","@id":"https:\/\/cfpmaresme.org\/es\/el-servei-prelaboral-tast-doficis-del-cfp-organitza-un-dinar-de-comiat-a-sant-miquel-de-mata-la-klosca\/","url":"https:\/\/cfpmaresme.org\/es\/el-servei-prelaboral-tast-doficis-del-cfp-organitza-un-dinar-de-comiat-a-sant-miquel-de-mata-la-klosca\/","name":"El Servicio Prelaboral \u201cTast d\u2019Oficis\u201d del CFP organiza una comida de hermandad en Sant Miquel de Mata \u2013La Klosca\u2013 | CFP Maresme","isPartOf":{"@id":"https:\/\/cfpmaresme.org\/#website"},"primaryImageOfPage":{"@id":"https:\/\/cfpmaresme.org\/es\/el-servei-prelaboral-tast-doficis-del-cfp-organitza-un-dinar-de-comiat-a-sant-miquel-de-mata-la-klosca\/#primaryimage"},"image":{"@id":"https:\/\/cfpmaresme.org\/es\/el-servei-prelaboral-tast-doficis-del-cfp-organitza-un-dinar-de-comiat-a-sant-miquel-de-mata-la-klosca\/#primaryimage"},"thumbnailUrl":"https:\/\/centreformacioprevencio.files.wordpress.com\/2017\/07\/nova.jpg","datePublished":"2017-07-10T10:49:34+00:00","dateModified":"2021-09-07T10:14:55+00:00","author":{"@id":"https:\/\/cfpmaresme.org\/#\/schema\/person\/b2634bcd796fafc667ea4055f61b9b2c"},"breadcrumb":{"@id":"https:\/\/cfpmaresme.org\/es\/el-servei-prelaboral-tast-doficis-del-cfp-organitza-un-dinar-de-comiat-a-sant-miquel-de-mata-la-klosca\/#breadcrumb"},"inLanguage":"es","potentialAction":[{"@type":"ReadAction","target":["https:\/\/cfpmaresme.org\/es\/el-servei-prelaboral-tast-doficis-del-cfp-organitza-un-dinar-de-comiat-a-sant-miquel-de-mata-la-klosca\/"]}]},{"@type":"ImageObject","inLanguage":"es","@id":"https:\/\/cfpmaresme.org\/es\/el-servei-prelaboral-tast-doficis-del-cfp-organitza-un-dinar-de-comiat-a-sant-miquel-de-mata-la-klosca\/#primaryimage","url":"https:\/\/centreformacioprevencio.files.wordpress.com\/2017\/07\/nova.jpg","contentUrl":"https:\/\/centreformacioprevencio.files.wordpress.com\/2017\/07\/nova.jpg"},{"@type":"BreadcrumbList","@id":"https:\/\/cfpmaresme.org\/es\/el-servei-prelaboral-tast-doficis-del-cfp-organitza-un-dinar-de-comiat-a-sant-miquel-de-mata-la-klosca\/#breadcrumb","itemListElement":[{"@type":"ListItem","position":1,"name":"Home","item":"https:\/\/cfpmaresme.org\/es\/"},{"@type":"ListItem","position":2,"name":"El Servicio Prelaboral \u201cTast d\u2019Oficis\u201d del CFP organiza una comida de hermandad en Sant Miquel de Mata \u2013La Klosca\u2013"}]},{"@type":"WebSite","@id":"https:\/\/cfpmaresme.org\/#website","url":"https:\/\/cfpmaresme.org\/","name":"CFP Maresme","description":"Centre Formaci\u00f3 Prevenci\u00f3","potentialAction":[{"@type":"SearchAction","target":{"@type":"EntryPoint","urlTemplate":"https:\/\/cfpmaresme.org\/?s={search_term_string}"},"query-input":{"@type":"PropertyValueSpecification","valueRequired":true,"valueName":"search_term_string"}}],"inLanguage":"es"},{"@type":"Person","@id":"https:\/\/cfpmaresme.org\/#\/schema\/person\/b2634bcd796fafc667ea4055f61b9b2c","name":"CFPMaresme"}]}},"_links":{"self":[{"href":"https:\/\/cfpmaresme.org\/es\/wp-json\/wp\/v2\/posts\/16933","targetHints":{"allow":["GET"]}}],"collection":[{"href":"https:\/\/cfpmaresme.org\/es\/wp-json\/wp\/v2\/posts"}],"about":[{"href":"https:\/\/cfpmaresme.org\/es\/wp-json\/wp\/v2\/types\/post"}],"author":[{"embeddable":true,"href":"https:\/\/cfpmaresme.org\/es\/wp-json\/wp\/v2\/users\/2"}],"replies":[{"embeddable":true,"href":"https:\/\/cfpmaresme.org\/es\/wp-json\/wp\/v2\/comments?post=16933"}],"version-history":[{"count":3,"href":"https:\/\/cfpmaresme.org\/es\/wp-json\/wp\/v2\/posts\/16933\/revisions"}],"predecessor-version":[{"id":26337,"href":"https:\/\/cfpmaresme.org\/es\/wp-json\/wp\/v2\/posts\/16933\/revisions\/26337"}],"wp:attachment":[{"href":"https:\/\/cfpmaresme.org\/es\/wp-json\/wp\/v2\/media?parent=16933"}],"wp:term":[{"taxonomy":"category","embeddable":true,"href":"https:\/\/cfpmaresme.org\/es\/wp-json\/wp\/v2\/categories?post=16933"},{"taxonomy":"post_tag","embeddable":true,"href":"https:\/\/cfpmaresme.org\/es\/wp-json\/wp\/v2\/tags?post=16933"}],"curies":[{"name":"wp","href":"https:\/\/api.w.org\/{rel}","templated":true}]}}