{"id":16936,"date":"2017-06-19T08:36:32","date_gmt":"2017-06-19T08:36:32","guid":{"rendered":"http:\/\/cfpmaresme.org\/el-crae-mataro-rep-la-visita-de-la-regidora-isabel-martinez\/"},"modified":"2021-03-25T14:30:06","modified_gmt":"2021-03-25T12:30:06","slug":"el-crae-mataro-rep-la-visita-de-la-regidora-isabel-martinez","status":"publish","type":"post","link":"https:\/\/cfpmaresme.org\/es\/el-crae-mataro-rep-la-visita-de-la-regidora-isabel-martinez\/","title":{"rendered":"El CRAE Mas Sant Jordi recibe la visita de la regidora Isabel Mart\u00ednez"},"content":{"rendered":"<p>La responsable de Bienestar Social, Convivencia y Pol\u00edtica Social de Vivienda\u00a0 del consistorio asisti\u00f3 al Centro Residencial de Acci\u00f3n Educativa del CFP<\/p>\n<p><img loading=\"lazy\" decoding=\"async\" class=\"alignnone size-full wp-image-1318\" src=\"https:\/\/centreformacioprevencio.files.wordpress.com\/2017\/07\/19388417_10158873082170634_3630747331570242853_o.jpg\" alt=\"19388417_10158873082170634_3630747331570242853_o\" width=\"1440\" height=\"809\" \/><\/p>\n<p style=\"text-align: justify;\">Isabel Mart\u00ednez, Regidora de Bienestar Social, Convivencia y Pol\u00edtica Social de Vivienda del Ayuntamiento de Matar\u00f3, vino a conocer el pasado 19 de julio el Centro Residencial de Acci\u00f3n Educativa del Centre de Formaci\u00f3 y Prevenci\u00f3. La regidora visit\u00f3 las instalaciones del equipamiento de la entidad y despu\u00e9s mantuvo una reuni\u00f3n con los trabajadores del centro y el director del CFP Jaume Clup\u00e9s.<\/p>\n<p style=\"text-align: justify;\"><!--more--><\/p>\n<p style=\"text-align: justify;\">La regidora destac\u00f3 durante su visita la calidad del espacio y la buena organizaci\u00f3n del CRAE, que hoy d\u00eda est\u00e1 cogiendo a 20 ni\u00f1os y ni\u00f1as menores de 14 a\u00f1os. Isabel Mart\u00ednez tambi\u00e9n habl\u00f3 un buen rato con los responsables del CRAE sobre la situaci\u00f3n de los locales sociales de la ciudad y de la necesidad de encontrar nuevas v\u00edas para poder satisfacer la demanda de las numerosas asociaciones mataroninas que reclaman estos emplazamientos para desarrollar su trabajo.<\/p>\n<p style=\"text-align: justify;\">Aun as\u00ed, la regidora explic\u00f3 a los presentes que actualmente es dif\u00edcil conseguir todos los equipamientos que se necesitan, aunque desde su regidor\u00eda se est\u00e1 trabajando firmemente en cambiar esta situaci\u00f3n.<\/p>\n","protected":false},"excerpt":{"rendered":"<p>La responsable de Bienestar Social, Convivencia y Pol\u00edtica Social de Vivienda\u00a0 del consistorio asisti\u00f3 al Centro Residencial de Acci\u00f3n Educativa del CFP Isabel Mart\u00ednez, Regidora de Bienestar Social, Convivencia y Pol\u00edtica Social de Vivienda del Ayuntamiento de Matar\u00f3, vino a conocer el pasado 19 de&#8230;<\/p>\n","protected":false},"author":2,"featured_media":0,"comment_status":"open","ping_status":"open","sticky":false,"template":"","format":"standard","meta":{"footnotes":""},"categories":[1144,1243],"tags":[692,696,679],"class_list":["post-16936","post","type-post","status-publish","format-standard","hentry","category-infancia-y-familia","category-crae","tag-accio-es","tag-habitatge-es","tag-regidora-es"],"yoast_head":"<!-- This site is optimized with the Yoast SEO plugin v27.4 - https:\/\/yoast.com\/product\/yoast-seo-wordpress\/ -->\n<title>El CRAE Mas Sant Jordi recibe la visita de la regidora Isabel Mart\u00ednez | CFP Maresme<\/title>\n<meta name=\"robots\" content=\"index, follow, max-snippet:-1, max-image-preview:large, max-video-preview:-1\" \/>\n<link rel=\"canonical\" href=\"https:\/\/cfpmaresme.org\/es\/el-crae-mataro-rep-la-visita-de-la-regidora-isabel-martinez\/\" \/>\n<meta property=\"og:locale\" content=\"es_ES\" \/>\n<meta property=\"og:type\" content=\"article\" \/>\n<meta property=\"og:title\" content=\"El CRAE Mas Sant Jordi recibe la visita de la regidora Isabel Mart\u00ednez | CFP Maresme\" \/>\n<meta property=\"og:description\" content=\"La responsable de Bienestar Social, Convivencia y Pol\u00edtica Social de Vivienda\u00a0 del consistorio asisti\u00f3 al Centro Residencial de Acci\u00f3n Educativa del CFP Isabel Mart\u00ednez, Regidora de Bienestar Social, Convivencia y Pol\u00edtica Social de Vivienda del Ayuntamiento de Matar\u00f3, vino a conocer el pasado 19 de...\" \/>\n<meta property=\"og:url\" content=\"https:\/\/cfpmaresme.org\/es\/el-crae-mataro-rep-la-visita-de-la-regidora-isabel-martinez\/\" \/>\n<meta property=\"og:site_name\" content=\"CFP Maresme\" \/>\n<meta property=\"article:published_time\" content=\"2017-06-19T08:36:32+00:00\" \/>\n<meta property=\"article:modified_time\" content=\"2021-03-25T12:30:06+00:00\" \/>\n<meta property=\"og:image\" content=\"https:\/\/centreformacioprevencio.files.wordpress.com\/2017\/07\/19388417_10158873082170634_3630747331570242853_o.jpg\" \/>\n<meta name=\"author\" content=\"CFPMaresme\" \/>\n<meta name=\"twitter:card\" content=\"summary_large_image\" \/>\n<meta name=\"twitter:creator\" content=\"@cfpmaresme\" \/>\n<meta name=\"twitter:site\" content=\"@cfpmaresme\" \/>\n<meta name=\"twitter:label1\" content=\"Escrito por\" \/>\n\t<meta name=\"twitter:data1\" content=\"CFPMaresme\" \/>\n\t<meta name=\"twitter:label2\" content=\"Tiempo de lectura\" \/>\n\t<meta name=\"twitter:data2\" content=\"1 minuto\" \/>\n<script type=\"application\/ld+json\" class=\"yoast-schema-graph\">{\"@context\":\"https:\\\/\\\/schema.org\",\"@graph\":[{\"@type\":\"Article\",\"@id\":\"https:\\\/\\\/cfpmaresme.org\\\/es\\\/el-crae-mataro-rep-la-visita-de-la-regidora-isabel-martinez\\\/#article\",\"isPartOf\":{\"@id\":\"https:\\\/\\\/cfpmaresme.org\\\/es\\\/el-crae-mataro-rep-la-visita-de-la-regidora-isabel-martinez\\\/\"},\"author\":{\"name\":\"CFPMaresme\",\"@id\":\"https:\\\/\\\/cfpmaresme.org\\\/#\\\/schema\\\/person\\\/b2634bcd796fafc667ea4055f61b9b2c\"},\"headline\":\"El CRAE Mas Sant Jordi recibe la visita de la regidora Isabel Mart\u00ednez\",\"datePublished\":\"2017-06-19T08:36:32+00:00\",\"dateModified\":\"2021-03-25T12:30:06+00:00\",\"mainEntityOfPage\":{\"@id\":\"https:\\\/\\\/cfpmaresme.org\\\/es\\\/el-crae-mataro-rep-la-visita-de-la-regidora-isabel-martinez\\\/\"},\"wordCount\":225,\"commentCount\":0,\"image\":{\"@id\":\"https:\\\/\\\/cfpmaresme.org\\\/es\\\/el-crae-mataro-rep-la-visita-de-la-regidora-isabel-martinez\\\/#primaryimage\"},\"thumbnailUrl\":\"https:\\\/\\\/centreformacioprevencio.files.wordpress.com\\\/2017\\\/07\\\/19388417_10158873082170634_3630747331570242853_o.jpg\",\"keywords\":[\"acci\u00f3\",\"habitatge\",\"regidora\"],\"articleSection\":[\"\u00c1rea de infancia, adolescencia y fam\u00edlia\",\"CRAE\"],\"inLanguage\":\"es\"},{\"@type\":\"WebPage\",\"@id\":\"https:\\\/\\\/cfpmaresme.org\\\/es\\\/el-crae-mataro-rep-la-visita-de-la-regidora-isabel-martinez\\\/\",\"url\":\"https:\\\/\\\/cfpmaresme.org\\\/es\\\/el-crae-mataro-rep-la-visita-de-la-regidora-isabel-martinez\\\/\",\"name\":\"El CRAE Mas Sant Jordi recibe la visita de la regidora Isabel Mart\u00ednez | CFP Maresme\",\"isPartOf\":{\"@id\":\"https:\\\/\\\/cfpmaresme.org\\\/#website\"},\"primaryImageOfPage\":{\"@id\":\"https:\\\/\\\/cfpmaresme.org\\\/es\\\/el-crae-mataro-rep-la-visita-de-la-regidora-isabel-martinez\\\/#primaryimage\"},\"image\":{\"@id\":\"https:\\\/\\\/cfpmaresme.org\\\/es\\\/el-crae-mataro-rep-la-visita-de-la-regidora-isabel-martinez\\\/#primaryimage\"},\"thumbnailUrl\":\"https:\\\/\\\/centreformacioprevencio.files.wordpress.com\\\/2017\\\/07\\\/19388417_10158873082170634_3630747331570242853_o.jpg\",\"datePublished\":\"2017-06-19T08:36:32+00:00\",\"dateModified\":\"2021-03-25T12:30:06+00:00\",\"author\":{\"@id\":\"https:\\\/\\\/cfpmaresme.org\\\/#\\\/schema\\\/person\\\/b2634bcd796fafc667ea4055f61b9b2c\"},\"breadcrumb\":{\"@id\":\"https:\\\/\\\/cfpmaresme.org\\\/es\\\/el-crae-mataro-rep-la-visita-de-la-regidora-isabel-martinez\\\/#breadcrumb\"},\"inLanguage\":\"es\",\"potentialAction\":[{\"@type\":\"ReadAction\",\"target\":[\"https:\\\/\\\/cfpmaresme.org\\\/es\\\/el-crae-mataro-rep-la-visita-de-la-regidora-isabel-martinez\\\/\"]}]},{\"@type\":\"ImageObject\",\"inLanguage\":\"es\",\"@id\":\"https:\\\/\\\/cfpmaresme.org\\\/es\\\/el-crae-mataro-rep-la-visita-de-la-regidora-isabel-martinez\\\/#primaryimage\",\"url\":\"https:\\\/\\\/centreformacioprevencio.files.wordpress.com\\\/2017\\\/07\\\/19388417_10158873082170634_3630747331570242853_o.jpg\",\"contentUrl\":\"https:\\\/\\\/centreformacioprevencio.files.wordpress.com\\\/2017\\\/07\\\/19388417_10158873082170634_3630747331570242853_o.jpg\"},{\"@type\":\"BreadcrumbList\",\"@id\":\"https:\\\/\\\/cfpmaresme.org\\\/es\\\/el-crae-mataro-rep-la-visita-de-la-regidora-isabel-martinez\\\/#breadcrumb\",\"itemListElement\":[{\"@type\":\"ListItem\",\"position\":1,\"name\":\"Home\",\"item\":\"https:\\\/\\\/cfpmaresme.org\\\/es\\\/\"},{\"@type\":\"ListItem\",\"position\":2,\"name\":\"El CRAE Mas Sant Jordi recibe la visita de la regidora Isabel Mart\u00ednez\"}]},{\"@type\":\"WebSite\",\"@id\":\"https:\\\/\\\/cfpmaresme.org\\\/#website\",\"url\":\"https:\\\/\\\/cfpmaresme.org\\\/\",\"name\":\"CFP Maresme\",\"description\":\"Centre Formaci\u00f3 Prevenci\u00f3\",\"potentialAction\":[{\"@type\":\"SearchAction\",\"target\":{\"@type\":\"EntryPoint\",\"urlTemplate\":\"https:\\\/\\\/cfpmaresme.org\\\/?s={search_term_string}\"},\"query-input\":{\"@type\":\"PropertyValueSpecification\",\"valueRequired\":true,\"valueName\":\"search_term_string\"}}],\"inLanguage\":\"es\"},{\"@type\":\"Person\",\"@id\":\"https:\\\/\\\/cfpmaresme.org\\\/#\\\/schema\\\/person\\\/b2634bcd796fafc667ea4055f61b9b2c\",\"name\":\"CFPMaresme\"}]}<\/script>\n<!-- \/ Yoast SEO plugin. -->","yoast_head_json":{"title":"El CRAE Mas Sant Jordi recibe la visita de la regidora Isabel Mart\u00ednez | CFP Maresme","robots":{"index":"index","follow":"follow","max-snippet":"max-snippet:-1","max-image-preview":"max-image-preview:large","max-video-preview":"max-video-preview:-1"},"canonical":"https:\/\/cfpmaresme.org\/es\/el-crae-mataro-rep-la-visita-de-la-regidora-isabel-martinez\/","og_locale":"es_ES","og_type":"article","og_title":"El CRAE Mas Sant Jordi recibe la visita de la regidora Isabel Mart\u00ednez | CFP Maresme","og_description":"La responsable de Bienestar Social, Convivencia y Pol\u00edtica Social de Vivienda\u00a0 del consistorio asisti\u00f3 al Centro Residencial de Acci\u00f3n Educativa del CFP Isabel Mart\u00ednez, Regidora de Bienestar Social, Convivencia y Pol\u00edtica Social de Vivienda del Ayuntamiento de Matar\u00f3, vino a conocer el pasado 19 de...","og_url":"https:\/\/cfpmaresme.org\/es\/el-crae-mataro-rep-la-visita-de-la-regidora-isabel-martinez\/","og_site_name":"CFP Maresme","article_published_time":"2017-06-19T08:36:32+00:00","article_modified_time":"2021-03-25T12:30:06+00:00","og_image":[{"url":"https:\/\/centreformacioprevencio.files.wordpress.com\/2017\/07\/19388417_10158873082170634_3630747331570242853_o.jpg","type":"","width":"","height":""}],"author":"CFPMaresme","twitter_card":"summary_large_image","twitter_creator":"@cfpmaresme","twitter_site":"@cfpmaresme","twitter_misc":{"Escrito por":"CFPMaresme","Tiempo de lectura":"1 minuto"},"schema":{"@context":"https:\/\/schema.org","@graph":[{"@type":"Article","@id":"https:\/\/cfpmaresme.org\/es\/el-crae-mataro-rep-la-visita-de-la-regidora-isabel-martinez\/#article","isPartOf":{"@id":"https:\/\/cfpmaresme.org\/es\/el-crae-mataro-rep-la-visita-de-la-regidora-isabel-martinez\/"},"author":{"name":"CFPMaresme","@id":"https:\/\/cfpmaresme.org\/#\/schema\/person\/b2634bcd796fafc667ea4055f61b9b2c"},"headline":"El CRAE Mas Sant Jordi recibe la visita de la regidora Isabel Mart\u00ednez","datePublished":"2017-06-19T08:36:32+00:00","dateModified":"2021-03-25T12:30:06+00:00","mainEntityOfPage":{"@id":"https:\/\/cfpmaresme.org\/es\/el-crae-mataro-rep-la-visita-de-la-regidora-isabel-martinez\/"},"wordCount":225,"commentCount":0,"image":{"@id":"https:\/\/cfpmaresme.org\/es\/el-crae-mataro-rep-la-visita-de-la-regidora-isabel-martinez\/#primaryimage"},"thumbnailUrl":"https:\/\/centreformacioprevencio.files.wordpress.com\/2017\/07\/19388417_10158873082170634_3630747331570242853_o.jpg","keywords":["acci\u00f3","habitatge","regidora"],"articleSection":["\u00c1rea de infancia, adolescencia y fam\u00edlia","CRAE"],"inLanguage":"es"},{"@type":"WebPage","@id":"https:\/\/cfpmaresme.org\/es\/el-crae-mataro-rep-la-visita-de-la-regidora-isabel-martinez\/","url":"https:\/\/cfpmaresme.org\/es\/el-crae-mataro-rep-la-visita-de-la-regidora-isabel-martinez\/","name":"El CRAE Mas Sant Jordi recibe la visita de la regidora Isabel Mart\u00ednez | CFP Maresme","isPartOf":{"@id":"https:\/\/cfpmaresme.org\/#website"},"primaryImageOfPage":{"@id":"https:\/\/cfpmaresme.org\/es\/el-crae-mataro-rep-la-visita-de-la-regidora-isabel-martinez\/#primaryimage"},"image":{"@id":"https:\/\/cfpmaresme.org\/es\/el-crae-mataro-rep-la-visita-de-la-regidora-isabel-martinez\/#primaryimage"},"thumbnailUrl":"https:\/\/centreformacioprevencio.files.wordpress.com\/2017\/07\/19388417_10158873082170634_3630747331570242853_o.jpg","datePublished":"2017-06-19T08:36:32+00:00","dateModified":"2021-03-25T12:30:06+00:00","author":{"@id":"https:\/\/cfpmaresme.org\/#\/schema\/person\/b2634bcd796fafc667ea4055f61b9b2c"},"breadcrumb":{"@id":"https:\/\/cfpmaresme.org\/es\/el-crae-mataro-rep-la-visita-de-la-regidora-isabel-martinez\/#breadcrumb"},"inLanguage":"es","potentialAction":[{"@type":"ReadAction","target":["https:\/\/cfpmaresme.org\/es\/el-crae-mataro-rep-la-visita-de-la-regidora-isabel-martinez\/"]}]},{"@type":"ImageObject","inLanguage":"es","@id":"https:\/\/cfpmaresme.org\/es\/el-crae-mataro-rep-la-visita-de-la-regidora-isabel-martinez\/#primaryimage","url":"https:\/\/centreformacioprevencio.files.wordpress.com\/2017\/07\/19388417_10158873082170634_3630747331570242853_o.jpg","contentUrl":"https:\/\/centreformacioprevencio.files.wordpress.com\/2017\/07\/19388417_10158873082170634_3630747331570242853_o.jpg"},{"@type":"BreadcrumbList","@id":"https:\/\/cfpmaresme.org\/es\/el-crae-mataro-rep-la-visita-de-la-regidora-isabel-martinez\/#breadcrumb","itemListElement":[{"@type":"ListItem","position":1,"name":"Home","item":"https:\/\/cfpmaresme.org\/es\/"},{"@type":"ListItem","position":2,"name":"El CRAE Mas Sant Jordi recibe la visita de la regidora Isabel Mart\u00ednez"}]},{"@type":"WebSite","@id":"https:\/\/cfpmaresme.org\/#website","url":"https:\/\/cfpmaresme.org\/","name":"CFP Maresme","description":"Centre Formaci\u00f3 Prevenci\u00f3","potentialAction":[{"@type":"SearchAction","target":{"@type":"EntryPoint","urlTemplate":"https:\/\/cfpmaresme.org\/?s={search_term_string}"},"query-input":{"@type":"PropertyValueSpecification","valueRequired":true,"valueName":"search_term_string"}}],"inLanguage":"es"},{"@type":"Person","@id":"https:\/\/cfpmaresme.org\/#\/schema\/person\/b2634bcd796fafc667ea4055f61b9b2c","name":"CFPMaresme"}]}},"_links":{"self":[{"href":"https:\/\/cfpmaresme.org\/es\/wp-json\/wp\/v2\/posts\/16936","targetHints":{"allow":["GET"]}}],"collection":[{"href":"https:\/\/cfpmaresme.org\/es\/wp-json\/wp\/v2\/posts"}],"about":[{"href":"https:\/\/cfpmaresme.org\/es\/wp-json\/wp\/v2\/types\/post"}],"author":[{"embeddable":true,"href":"https:\/\/cfpmaresme.org\/es\/wp-json\/wp\/v2\/users\/2"}],"replies":[{"embeddable":true,"href":"https:\/\/cfpmaresme.org\/es\/wp-json\/wp\/v2\/comments?post=16936"}],"version-history":[{"count":4,"href":"https:\/\/cfpmaresme.org\/es\/wp-json\/wp\/v2\/posts\/16936\/revisions"}],"predecessor-version":[{"id":24059,"href":"https:\/\/cfpmaresme.org\/es\/wp-json\/wp\/v2\/posts\/16936\/revisions\/24059"}],"wp:attachment":[{"href":"https:\/\/cfpmaresme.org\/es\/wp-json\/wp\/v2\/media?parent=16936"}],"wp:term":[{"taxonomy":"category","embeddable":true,"href":"https:\/\/cfpmaresme.org\/es\/wp-json\/wp\/v2\/categories?post=16936"},{"taxonomy":"post_tag","embeddable":true,"href":"https:\/\/cfpmaresme.org\/es\/wp-json\/wp\/v2\/tags?post=16936"}],"curies":[{"name":"wp","href":"https:\/\/api.w.org\/{rel}","templated":true}]}}