{"id":16937,"date":"2017-06-15T08:22:22","date_gmt":"2017-06-15T08:22:22","guid":{"rendered":"http:\/\/cfpmaresme.org\/larea-dintermediacio-laboral-del-cfp-aconsegueix-16-convenis-amb-empreses-pels-seus-usuaris-i-usuaries\/"},"modified":"2021-07-22T14:29:47","modified_gmt":"2021-07-22T12:29:47","slug":"larea-dintermediacio-laboral-del-cfp-aconsegueix-16-convenis-amb-empreses-pels-seus-usuaris-i-usuaries","status":"publish","type":"post","link":"https:\/\/cfpmaresme.org\/es\/larea-dintermediacio-laboral-del-cfp-aconsegueix-16-convenis-amb-empreses-pels-seus-usuaris-i-usuaries\/","title":{"rendered":"La \u00e1rea de Intermediaci\u00f3n Laboral del CFP consigue 16 convenios de pr\u00e1cticas con empresas"},"content":{"rendered":"<p style=\"text-align: justify;\">Estos acuerdos de colaboraci\u00f3n han surgido gracias a los programas FOAP y SIOAS que ha llevado a cabo el Centre de Formaci\u00f3 i Prevenci\u00f3 durante el a\u00f1o 2016<\/p>\n<p style=\"text-align: justify;\"><img loading=\"lazy\" decoding=\"async\" class=\"alignnone size-full wp-image-1293\" src=\"https:\/\/centreformacioprevencio.files.wordpress.com\/2017\/07\/1-cimg17582.jpg\" alt=\"1-CIMG1758\" width=\"3648\" height=\"2043\" \/><\/p>\n<p style=\"text-align: justify;\">Los t\u00e9cnicos de la \u00e1rea de Intermediaci\u00f3n Laboral del Centre de Formaci\u00f3 i Prevenci\u00f3 han estado trabajando con las personas que atiende la asociaci\u00f3n para conseguir convenios de pr\u00e1cticas con empresas locales. En concreto han surgido a ra\u00edz de los programas FOAP y SIOAS, que ha ofrecido el CFP durante el curso 2016 a sus usuarios y usuarias. Fruto de estos cursos se ha podido conseguir 16 convenios laborales con empresas del territorio.<\/p>\n<p style=\"text-align: justify;\"><!--more--><\/p>\n<p style=\"text-align: justify;\">El curso FOAP (Formaci\u00f3n de Oferta en \u00c1reas Prioritarias) se ha realizado en la especialidad de \u00abAuxiliar en Servicios de Limpieza\u00bb. Por su lado, el SIOAS (Servicios Integrales de Orientaci\u00f3n, Acompa\u00f1amiento y Soporte a la Inserci\u00f3n de Personas con Discapacidad o Trastornos de la Salud Mental) se ha centrado en el dise\u00f1o y desarrollo de itinerarios individuales de inserci\u00f3n laboral.<\/p>\n<p style=\"text-align: justify;\">Las empresas que han participado en los convenios han sido Deyse, Ndavant, Limpiezas Lina, Cultius Itxart, Fundaci\u00f3 el Maresme y La Klosca, CET. El Centre de Formaci\u00f3 i Prevenci\u00f3 est\u00e1 muy agradecido a todas estas empresas por su compromiso y colaboraci\u00f3n en proyectos sociales que acercan a los usuarios y usuarias de nuestra asociaci\u00f3n al mundo laboral.<\/p>\n","protected":false},"excerpt":{"rendered":"<p>Estos acuerdos de colaboraci\u00f3n han surgido gracias a los programas FOAP y SIOAS que ha llevado a cabo el Centre de Formaci\u00f3 i Prevenci\u00f3 durante el a\u00f1o 2016 Los t\u00e9cnicos de la \u00e1rea de Intermediaci\u00f3n Laboral del Centre de Formaci\u00f3 i Prevenci\u00f3 han estado trabajando&#8230;<\/p>\n","protected":false},"author":2,"featured_media":0,"comment_status":"open","ping_status":"open","sticky":false,"template":"","format":"standard","meta":{"footnotes":""},"categories":[1193],"tags":[604,630,702,703,635,704,705,706,707,638,681,708],"class_list":["post-16937","post","type-post","status-publish","format-standard","hentry","category-servicio-de-formacion-e-intermediacion-laboral","tag-area-es","tag-centre-es","tag-empresa-es","tag-foap-es","tag-formacio-es","tag-intermediacio-es","tag-laboral-es","tag-mental-es","tag-practiques-es","tag-prevencio-es","tag-salut-es","tag-sioas-es"],"yoast_head":"<!-- This site is optimized with the Yoast SEO plugin v27.4 - https:\/\/yoast.com\/product\/yoast-seo-wordpress\/ -->\n<title>La \u00e1rea de Intermediaci\u00f3n Laboral del CFP consigue 16 convenios de pr\u00e1cticas con empresas | CFP Maresme<\/title>\n<meta name=\"robots\" content=\"index, follow, max-snippet:-1, max-image-preview:large, max-video-preview:-1\" \/>\n<link rel=\"canonical\" href=\"https:\/\/cfpmaresme.org\/es\/larea-dintermediacio-laboral-del-cfp-aconsegueix-16-convenis-amb-empreses-pels-seus-usuaris-i-usuaries\/\" \/>\n<meta property=\"og:locale\" content=\"es_ES\" \/>\n<meta property=\"og:type\" content=\"article\" \/>\n<meta property=\"og:title\" content=\"La \u00e1rea de Intermediaci\u00f3n Laboral del CFP consigue 16 convenios de pr\u00e1cticas con empresas | CFP Maresme\" \/>\n<meta property=\"og:description\" content=\"Estos acuerdos de colaboraci\u00f3n han surgido gracias a los programas FOAP y SIOAS que ha llevado a cabo el Centre de Formaci\u00f3 i Prevenci\u00f3 durante el a\u00f1o 2016 Los t\u00e9cnicos de la \u00e1rea de Intermediaci\u00f3n Laboral del Centre de Formaci\u00f3 i Prevenci\u00f3 han estado trabajando...\" \/>\n<meta property=\"og:url\" content=\"https:\/\/cfpmaresme.org\/es\/larea-dintermediacio-laboral-del-cfp-aconsegueix-16-convenis-amb-empreses-pels-seus-usuaris-i-usuaries\/\" \/>\n<meta property=\"og:site_name\" content=\"CFP Maresme\" \/>\n<meta property=\"article:published_time\" content=\"2017-06-15T08:22:22+00:00\" \/>\n<meta property=\"article:modified_time\" content=\"2021-07-22T12:29:47+00:00\" \/>\n<meta property=\"og:image\" content=\"https:\/\/centreformacioprevencio.files.wordpress.com\/2017\/07\/1-cimg17582.jpg\" \/>\n<meta name=\"author\" content=\"CFPMaresme\" \/>\n<meta name=\"twitter:card\" content=\"summary_large_image\" \/>\n<meta name=\"twitter:creator\" content=\"@cfpmaresme\" \/>\n<meta name=\"twitter:site\" content=\"@cfpmaresme\" \/>\n<meta name=\"twitter:label1\" content=\"Escrito por\" \/>\n\t<meta name=\"twitter:data1\" content=\"CFPMaresme\" \/>\n\t<meta name=\"twitter:label2\" content=\"Tiempo de lectura\" \/>\n\t<meta name=\"twitter:data2\" content=\"1 minuto\" \/>\n<script type=\"application\/ld+json\" class=\"yoast-schema-graph\">{\"@context\":\"https:\\\/\\\/schema.org\",\"@graph\":[{\"@type\":\"Article\",\"@id\":\"https:\\\/\\\/cfpmaresme.org\\\/es\\\/larea-dintermediacio-laboral-del-cfp-aconsegueix-16-convenis-amb-empreses-pels-seus-usuaris-i-usuaries\\\/#article\",\"isPartOf\":{\"@id\":\"https:\\\/\\\/cfpmaresme.org\\\/es\\\/larea-dintermediacio-laboral-del-cfp-aconsegueix-16-convenis-amb-empreses-pels-seus-usuaris-i-usuaries\\\/\"},\"author\":{\"name\":\"CFPMaresme\",\"@id\":\"https:\\\/\\\/cfpmaresme.org\\\/#\\\/schema\\\/person\\\/b2634bcd796fafc667ea4055f61b9b2c\"},\"headline\":\"La \u00e1rea de Intermediaci\u00f3n Laboral del CFP consigue 16 convenios de pr\u00e1cticas con empresas\",\"datePublished\":\"2017-06-15T08:22:22+00:00\",\"dateModified\":\"2021-07-22T12:29:47+00:00\",\"mainEntityOfPage\":{\"@id\":\"https:\\\/\\\/cfpmaresme.org\\\/es\\\/larea-dintermediacio-laboral-del-cfp-aconsegueix-16-convenis-amb-empreses-pels-seus-usuaris-i-usuaries\\\/\"},\"wordCount\":245,\"commentCount\":0,\"image\":{\"@id\":\"https:\\\/\\\/cfpmaresme.org\\\/es\\\/larea-dintermediacio-laboral-del-cfp-aconsegueix-16-convenis-amb-empreses-pels-seus-usuaris-i-usuaries\\\/#primaryimage\"},\"thumbnailUrl\":\"https:\\\/\\\/centreformacioprevencio.files.wordpress.com\\\/2017\\\/07\\\/1-cimg17582.jpg\",\"keywords\":[\"\u00e0rea\",\"centre\",\"empresa\",\"foap\",\"formaci\u00f3\",\"intermediaci\u00f3\",\"laboral\",\"mental\",\"pr\u00e0ctiques\",\"prevenci\u00f3\",\"salut\",\"sioas\"],\"articleSection\":[\"Formaci\u00f3n e Intermediaci\u00f3n Laboral\"],\"inLanguage\":\"es\"},{\"@type\":\"WebPage\",\"@id\":\"https:\\\/\\\/cfpmaresme.org\\\/es\\\/larea-dintermediacio-laboral-del-cfp-aconsegueix-16-convenis-amb-empreses-pels-seus-usuaris-i-usuaries\\\/\",\"url\":\"https:\\\/\\\/cfpmaresme.org\\\/es\\\/larea-dintermediacio-laboral-del-cfp-aconsegueix-16-convenis-amb-empreses-pels-seus-usuaris-i-usuaries\\\/\",\"name\":\"La \u00e1rea de Intermediaci\u00f3n Laboral del CFP consigue 16 convenios de pr\u00e1cticas con empresas | CFP Maresme\",\"isPartOf\":{\"@id\":\"https:\\\/\\\/cfpmaresme.org\\\/#website\"},\"primaryImageOfPage\":{\"@id\":\"https:\\\/\\\/cfpmaresme.org\\\/es\\\/larea-dintermediacio-laboral-del-cfp-aconsegueix-16-convenis-amb-empreses-pels-seus-usuaris-i-usuaries\\\/#primaryimage\"},\"image\":{\"@id\":\"https:\\\/\\\/cfpmaresme.org\\\/es\\\/larea-dintermediacio-laboral-del-cfp-aconsegueix-16-convenis-amb-empreses-pels-seus-usuaris-i-usuaries\\\/#primaryimage\"},\"thumbnailUrl\":\"https:\\\/\\\/centreformacioprevencio.files.wordpress.com\\\/2017\\\/07\\\/1-cimg17582.jpg\",\"datePublished\":\"2017-06-15T08:22:22+00:00\",\"dateModified\":\"2021-07-22T12:29:47+00:00\",\"author\":{\"@id\":\"https:\\\/\\\/cfpmaresme.org\\\/#\\\/schema\\\/person\\\/b2634bcd796fafc667ea4055f61b9b2c\"},\"breadcrumb\":{\"@id\":\"https:\\\/\\\/cfpmaresme.org\\\/es\\\/larea-dintermediacio-laboral-del-cfp-aconsegueix-16-convenis-amb-empreses-pels-seus-usuaris-i-usuaries\\\/#breadcrumb\"},\"inLanguage\":\"es\",\"potentialAction\":[{\"@type\":\"ReadAction\",\"target\":[\"https:\\\/\\\/cfpmaresme.org\\\/es\\\/larea-dintermediacio-laboral-del-cfp-aconsegueix-16-convenis-amb-empreses-pels-seus-usuaris-i-usuaries\\\/\"]}]},{\"@type\":\"ImageObject\",\"inLanguage\":\"es\",\"@id\":\"https:\\\/\\\/cfpmaresme.org\\\/es\\\/larea-dintermediacio-laboral-del-cfp-aconsegueix-16-convenis-amb-empreses-pels-seus-usuaris-i-usuaries\\\/#primaryimage\",\"url\":\"https:\\\/\\\/centreformacioprevencio.files.wordpress.com\\\/2017\\\/07\\\/1-cimg17582.jpg\",\"contentUrl\":\"https:\\\/\\\/centreformacioprevencio.files.wordpress.com\\\/2017\\\/07\\\/1-cimg17582.jpg\"},{\"@type\":\"BreadcrumbList\",\"@id\":\"https:\\\/\\\/cfpmaresme.org\\\/es\\\/larea-dintermediacio-laboral-del-cfp-aconsegueix-16-convenis-amb-empreses-pels-seus-usuaris-i-usuaries\\\/#breadcrumb\",\"itemListElement\":[{\"@type\":\"ListItem\",\"position\":1,\"name\":\"Home\",\"item\":\"https:\\\/\\\/cfpmaresme.org\\\/es\\\/\"},{\"@type\":\"ListItem\",\"position\":2,\"name\":\"La \u00e1rea de Intermediaci\u00f3n Laboral del CFP consigue 16 convenios de pr\u00e1cticas con empresas\"}]},{\"@type\":\"WebSite\",\"@id\":\"https:\\\/\\\/cfpmaresme.org\\\/#website\",\"url\":\"https:\\\/\\\/cfpmaresme.org\\\/\",\"name\":\"CFP Maresme\",\"description\":\"Centre Formaci\u00f3 Prevenci\u00f3\",\"potentialAction\":[{\"@type\":\"SearchAction\",\"target\":{\"@type\":\"EntryPoint\",\"urlTemplate\":\"https:\\\/\\\/cfpmaresme.org\\\/?s={search_term_string}\"},\"query-input\":{\"@type\":\"PropertyValueSpecification\",\"valueRequired\":true,\"valueName\":\"search_term_string\"}}],\"inLanguage\":\"es\"},{\"@type\":\"Person\",\"@id\":\"https:\\\/\\\/cfpmaresme.org\\\/#\\\/schema\\\/person\\\/b2634bcd796fafc667ea4055f61b9b2c\",\"name\":\"CFPMaresme\"}]}<\/script>\n<!-- \/ Yoast SEO plugin. -->","yoast_head_json":{"title":"La \u00e1rea de Intermediaci\u00f3n Laboral del CFP consigue 16 convenios de pr\u00e1cticas con empresas | CFP Maresme","robots":{"index":"index","follow":"follow","max-snippet":"max-snippet:-1","max-image-preview":"max-image-preview:large","max-video-preview":"max-video-preview:-1"},"canonical":"https:\/\/cfpmaresme.org\/es\/larea-dintermediacio-laboral-del-cfp-aconsegueix-16-convenis-amb-empreses-pels-seus-usuaris-i-usuaries\/","og_locale":"es_ES","og_type":"article","og_title":"La \u00e1rea de Intermediaci\u00f3n Laboral del CFP consigue 16 convenios de pr\u00e1cticas con empresas | CFP Maresme","og_description":"Estos acuerdos de colaboraci\u00f3n han surgido gracias a los programas FOAP y SIOAS que ha llevado a cabo el Centre de Formaci\u00f3 i Prevenci\u00f3 durante el a\u00f1o 2016 Los t\u00e9cnicos de la \u00e1rea de Intermediaci\u00f3n Laboral del Centre de Formaci\u00f3 i Prevenci\u00f3 han estado trabajando...","og_url":"https:\/\/cfpmaresme.org\/es\/larea-dintermediacio-laboral-del-cfp-aconsegueix-16-convenis-amb-empreses-pels-seus-usuaris-i-usuaries\/","og_site_name":"CFP Maresme","article_published_time":"2017-06-15T08:22:22+00:00","article_modified_time":"2021-07-22T12:29:47+00:00","og_image":[{"url":"https:\/\/centreformacioprevencio.files.wordpress.com\/2017\/07\/1-cimg17582.jpg","type":"","width":"","height":""}],"author":"CFPMaresme","twitter_card":"summary_large_image","twitter_creator":"@cfpmaresme","twitter_site":"@cfpmaresme","twitter_misc":{"Escrito por":"CFPMaresme","Tiempo de lectura":"1 minuto"},"schema":{"@context":"https:\/\/schema.org","@graph":[{"@type":"Article","@id":"https:\/\/cfpmaresme.org\/es\/larea-dintermediacio-laboral-del-cfp-aconsegueix-16-convenis-amb-empreses-pels-seus-usuaris-i-usuaries\/#article","isPartOf":{"@id":"https:\/\/cfpmaresme.org\/es\/larea-dintermediacio-laboral-del-cfp-aconsegueix-16-convenis-amb-empreses-pels-seus-usuaris-i-usuaries\/"},"author":{"name":"CFPMaresme","@id":"https:\/\/cfpmaresme.org\/#\/schema\/person\/b2634bcd796fafc667ea4055f61b9b2c"},"headline":"La \u00e1rea de Intermediaci\u00f3n Laboral del CFP consigue 16 convenios de pr\u00e1cticas con empresas","datePublished":"2017-06-15T08:22:22+00:00","dateModified":"2021-07-22T12:29:47+00:00","mainEntityOfPage":{"@id":"https:\/\/cfpmaresme.org\/es\/larea-dintermediacio-laboral-del-cfp-aconsegueix-16-convenis-amb-empreses-pels-seus-usuaris-i-usuaries\/"},"wordCount":245,"commentCount":0,"image":{"@id":"https:\/\/cfpmaresme.org\/es\/larea-dintermediacio-laboral-del-cfp-aconsegueix-16-convenis-amb-empreses-pels-seus-usuaris-i-usuaries\/#primaryimage"},"thumbnailUrl":"https:\/\/centreformacioprevencio.files.wordpress.com\/2017\/07\/1-cimg17582.jpg","keywords":["\u00e0rea","centre","empresa","foap","formaci\u00f3","intermediaci\u00f3","laboral","mental","pr\u00e0ctiques","prevenci\u00f3","salut","sioas"],"articleSection":["Formaci\u00f3n e Intermediaci\u00f3n Laboral"],"inLanguage":"es"},{"@type":"WebPage","@id":"https:\/\/cfpmaresme.org\/es\/larea-dintermediacio-laboral-del-cfp-aconsegueix-16-convenis-amb-empreses-pels-seus-usuaris-i-usuaries\/","url":"https:\/\/cfpmaresme.org\/es\/larea-dintermediacio-laboral-del-cfp-aconsegueix-16-convenis-amb-empreses-pels-seus-usuaris-i-usuaries\/","name":"La \u00e1rea de Intermediaci\u00f3n Laboral del CFP consigue 16 convenios de pr\u00e1cticas con empresas | CFP Maresme","isPartOf":{"@id":"https:\/\/cfpmaresme.org\/#website"},"primaryImageOfPage":{"@id":"https:\/\/cfpmaresme.org\/es\/larea-dintermediacio-laboral-del-cfp-aconsegueix-16-convenis-amb-empreses-pels-seus-usuaris-i-usuaries\/#primaryimage"},"image":{"@id":"https:\/\/cfpmaresme.org\/es\/larea-dintermediacio-laboral-del-cfp-aconsegueix-16-convenis-amb-empreses-pels-seus-usuaris-i-usuaries\/#primaryimage"},"thumbnailUrl":"https:\/\/centreformacioprevencio.files.wordpress.com\/2017\/07\/1-cimg17582.jpg","datePublished":"2017-06-15T08:22:22+00:00","dateModified":"2021-07-22T12:29:47+00:00","author":{"@id":"https:\/\/cfpmaresme.org\/#\/schema\/person\/b2634bcd796fafc667ea4055f61b9b2c"},"breadcrumb":{"@id":"https:\/\/cfpmaresme.org\/es\/larea-dintermediacio-laboral-del-cfp-aconsegueix-16-convenis-amb-empreses-pels-seus-usuaris-i-usuaries\/#breadcrumb"},"inLanguage":"es","potentialAction":[{"@type":"ReadAction","target":["https:\/\/cfpmaresme.org\/es\/larea-dintermediacio-laboral-del-cfp-aconsegueix-16-convenis-amb-empreses-pels-seus-usuaris-i-usuaries\/"]}]},{"@type":"ImageObject","inLanguage":"es","@id":"https:\/\/cfpmaresme.org\/es\/larea-dintermediacio-laboral-del-cfp-aconsegueix-16-convenis-amb-empreses-pels-seus-usuaris-i-usuaries\/#primaryimage","url":"https:\/\/centreformacioprevencio.files.wordpress.com\/2017\/07\/1-cimg17582.jpg","contentUrl":"https:\/\/centreformacioprevencio.files.wordpress.com\/2017\/07\/1-cimg17582.jpg"},{"@type":"BreadcrumbList","@id":"https:\/\/cfpmaresme.org\/es\/larea-dintermediacio-laboral-del-cfp-aconsegueix-16-convenis-amb-empreses-pels-seus-usuaris-i-usuaries\/#breadcrumb","itemListElement":[{"@type":"ListItem","position":1,"name":"Home","item":"https:\/\/cfpmaresme.org\/es\/"},{"@type":"ListItem","position":2,"name":"La \u00e1rea de Intermediaci\u00f3n Laboral del CFP consigue 16 convenios de pr\u00e1cticas con empresas"}]},{"@type":"WebSite","@id":"https:\/\/cfpmaresme.org\/#website","url":"https:\/\/cfpmaresme.org\/","name":"CFP Maresme","description":"Centre Formaci\u00f3 Prevenci\u00f3","potentialAction":[{"@type":"SearchAction","target":{"@type":"EntryPoint","urlTemplate":"https:\/\/cfpmaresme.org\/?s={search_term_string}"},"query-input":{"@type":"PropertyValueSpecification","valueRequired":true,"valueName":"search_term_string"}}],"inLanguage":"es"},{"@type":"Person","@id":"https:\/\/cfpmaresme.org\/#\/schema\/person\/b2634bcd796fafc667ea4055f61b9b2c","name":"CFPMaresme"}]}},"_links":{"self":[{"href":"https:\/\/cfpmaresme.org\/es\/wp-json\/wp\/v2\/posts\/16937","targetHints":{"allow":["GET"]}}],"collection":[{"href":"https:\/\/cfpmaresme.org\/es\/wp-json\/wp\/v2\/posts"}],"about":[{"href":"https:\/\/cfpmaresme.org\/es\/wp-json\/wp\/v2\/types\/post"}],"author":[{"embeddable":true,"href":"https:\/\/cfpmaresme.org\/es\/wp-json\/wp\/v2\/users\/2"}],"replies":[{"embeddable":true,"href":"https:\/\/cfpmaresme.org\/es\/wp-json\/wp\/v2\/comments?post=16937"}],"version-history":[{"count":3,"href":"https:\/\/cfpmaresme.org\/es\/wp-json\/wp\/v2\/posts\/16937\/revisions"}],"predecessor-version":[{"id":25903,"href":"https:\/\/cfpmaresme.org\/es\/wp-json\/wp\/v2\/posts\/16937\/revisions\/25903"}],"wp:attachment":[{"href":"https:\/\/cfpmaresme.org\/es\/wp-json\/wp\/v2\/media?parent=16937"}],"wp:term":[{"taxonomy":"category","embeddable":true,"href":"https:\/\/cfpmaresme.org\/es\/wp-json\/wp\/v2\/categories?post=16937"},{"taxonomy":"post_tag","embeddable":true,"href":"https:\/\/cfpmaresme.org\/es\/wp-json\/wp\/v2\/tags?post=16937"}],"curies":[{"name":"wp","href":"https:\/\/api.w.org\/{rel}","templated":true}]}}