{"id":16939,"date":"2017-06-12T08:31:18","date_gmt":"2017-06-12T08:31:18","guid":{"rendered":"http:\/\/cfpmaresme.org\/llibre-actiu-cedeix-part-del-seu-cataleg-al-col%c2%b7lectiu-de-can-fugarolas\/"},"modified":"2021-09-27T15:26:16","modified_gmt":"2021-09-27T13:26:16","slug":"llibre-actiu-cedeix-part-del-seu-cataleg-al-col%c2%b7lectiu-de-can-fugarolas","status":"publish","type":"post","link":"https:\/\/cfpmaresme.org\/es\/llibre-actiu-cedeix-part-del-seu-cataleg-al-col%c2%b7lectiu-de-can-fugarolas\/","title":{"rendered":"Llibre Actiu cede parte de su cat\u00e1logo al colectivo de Can Fugarolas"},"content":{"rendered":"<p style=\"text-align: justify;\">Una usuaria del servicio prelaboral del Centre de Formaci\u00f3 i Prevenci\u00f3 se encargar\u00e1 de gestionar la nueva librer\u00eda<\/p>\n<p><img loading=\"lazy\" decoding=\"async\" class=\"alignnone size-full wp-image-1306\" src=\"https:\/\/centreformacioprevencio.files.wordpress.com\/2017\/07\/llibre_fugarolas.jpg\" alt=\"llibre_fugarolas\" width=\"1600\" height=\"994\" \/><\/p>\n<p style=\"text-align: justify;\">El pasado jueves 8 de junio, los responsables de la librer\u00eda de intercambio Llibre Actiu del Centre de Formaci\u00f3 i Prevenci\u00f3 visitaron el espacio social y cultural Can Fugarolas del barrio de la Havana de Matar\u00f3. El motivo fue la reciente instalaci\u00f3n de un espacio dedicado a la literatura en el que Llibre Actiu ha participado activamente cediendo una buena cantidad de libros para los colectivos que integran la antigua nave industrial.<\/p>\n<p style=\"text-align: justify;\"><!--more--><\/p>\n<p style=\"text-align: justify;\">Este nuevo rinc\u00f3n literario ser\u00e1 gestionado por una usuaria del servicio prelaboral de la entidad, que ser\u00e1 la encargada de mantener ordenada y actualizada la librer\u00eda. El espacio ser\u00e1 accesible para todo el mundo y funcionar\u00e1 de la misma forma que el local de Cirera donde est\u00e1 instalado Llibre Actiu (C\/Muntanya, 74), con el sistema de intercambio de libros. Las personas que se acerquen a Can Fugarolas podr\u00e1n llevar uno o m\u00e1s libros que ya no quieran y los podr\u00e1n cambiar por algunos de nuevos.<\/p>\n","protected":false},"excerpt":{"rendered":"<p>Una usuaria del servicio prelaboral del Centre de Formaci\u00f3 i Prevenci\u00f3 se encargar\u00e1 de gestionar la nueva librer\u00eda El pasado jueves 8 de junio, los responsables de la librer\u00eda de intercambio Llibre Actiu del Centre de Formaci\u00f3 i Prevenci\u00f3 visitaron el espacio social y cultural&#8230;<\/p>\n","protected":false},"author":2,"featured_media":0,"comment_status":"open","ping_status":"open","sticky":false,"template":"","format":"standard","meta":{"footnotes":""},"categories":[599],"tags":[626,630,635,719,720,636,721,618,638,623],"class_list":["post-16939","post","type-post","status-publish","format-standard","hentry","category-llibre-actiu-es","tag-actiu-es","tag-centre-es","tag-formacio-es","tag-fugarolas-es","tag-intercanvi-es","tag-llibre-es","tag-llibres-es","tag-prelaboral-es","tag-prevencio-es","tag-servei-es"],"yoast_head":"<!-- This site is optimized with the Yoast SEO plugin v27.4 - https:\/\/yoast.com\/product\/yoast-seo-wordpress\/ -->\n<title>Llibre Actiu cede parte de su cat\u00e1logo al colectivo de Can Fugarolas | CFP Maresme<\/title>\n<meta name=\"robots\" content=\"index, follow, max-snippet:-1, max-image-preview:large, max-video-preview:-1\" \/>\n<link rel=\"canonical\" href=\"https:\/\/cfpmaresme.org\/es\/llibre-actiu-cedeix-part-del-seu-cataleg-al-col\u00b7lectiu-de-can-fugarolas\/\" \/>\n<meta property=\"og:locale\" content=\"es_ES\" \/>\n<meta property=\"og:type\" content=\"article\" \/>\n<meta property=\"og:title\" content=\"Llibre Actiu cede parte de su cat\u00e1logo al colectivo de Can Fugarolas | CFP Maresme\" \/>\n<meta property=\"og:description\" content=\"Una usuaria del servicio prelaboral del Centre de Formaci\u00f3 i Prevenci\u00f3 se encargar\u00e1 de gestionar la nueva librer\u00eda El pasado jueves 8 de junio, los responsables de la librer\u00eda de intercambio Llibre Actiu del Centre de Formaci\u00f3 i Prevenci\u00f3 visitaron el espacio social y cultural...\" \/>\n<meta property=\"og:url\" content=\"https:\/\/cfpmaresme.org\/es\/llibre-actiu-cedeix-part-del-seu-cataleg-al-col\u00b7lectiu-de-can-fugarolas\/\" \/>\n<meta property=\"og:site_name\" content=\"CFP Maresme\" \/>\n<meta property=\"article:published_time\" content=\"2017-06-12T08:31:18+00:00\" \/>\n<meta property=\"article:modified_time\" content=\"2021-09-27T13:26:16+00:00\" \/>\n<meta property=\"og:image\" content=\"https:\/\/centreformacioprevencio.files.wordpress.com\/2017\/07\/llibre_fugarolas.jpg\" \/>\n<meta name=\"author\" content=\"CFPMaresme\" \/>\n<meta name=\"twitter:card\" content=\"summary_large_image\" \/>\n<meta name=\"twitter:creator\" content=\"@cfpmaresme\" \/>\n<meta name=\"twitter:site\" content=\"@cfpmaresme\" \/>\n<meta name=\"twitter:label1\" content=\"Escrito por\" \/>\n\t<meta name=\"twitter:data1\" content=\"CFPMaresme\" \/>\n\t<meta name=\"twitter:label2\" content=\"Tiempo de lectura\" \/>\n\t<meta name=\"twitter:data2\" content=\"1 minuto\" \/>\n<script type=\"application\/ld+json\" class=\"yoast-schema-graph\">{\"@context\":\"https:\\\/\\\/schema.org\",\"@graph\":[{\"@type\":\"Article\",\"@id\":\"https:\\\/\\\/cfpmaresme.org\\\/es\\\/llibre-actiu-cedeix-part-del-seu-cataleg-al-col%c2%b7lectiu-de-can-fugarolas\\\/#article\",\"isPartOf\":{\"@id\":\"https:\\\/\\\/cfpmaresme.org\\\/es\\\/llibre-actiu-cedeix-part-del-seu-cataleg-al-col%c2%b7lectiu-de-can-fugarolas\\\/\"},\"author\":{\"name\":\"CFPMaresme\",\"@id\":\"https:\\\/\\\/cfpmaresme.org\\\/#\\\/schema\\\/person\\\/b2634bcd796fafc667ea4055f61b9b2c\"},\"headline\":\"Llibre Actiu cede parte de su cat\u00e1logo al colectivo de Can Fugarolas\",\"datePublished\":\"2017-06-12T08:31:18+00:00\",\"dateModified\":\"2021-09-27T13:26:16+00:00\",\"mainEntityOfPage\":{\"@id\":\"https:\\\/\\\/cfpmaresme.org\\\/es\\\/llibre-actiu-cedeix-part-del-seu-cataleg-al-col%c2%b7lectiu-de-can-fugarolas\\\/\"},\"wordCount\":195,\"commentCount\":0,\"image\":{\"@id\":\"https:\\\/\\\/cfpmaresme.org\\\/es\\\/llibre-actiu-cedeix-part-del-seu-cataleg-al-col%c2%b7lectiu-de-can-fugarolas\\\/#primaryimage\"},\"thumbnailUrl\":\"https:\\\/\\\/centreformacioprevencio.files.wordpress.com\\\/2017\\\/07\\\/llibre_fugarolas.jpg\",\"keywords\":[\"actiu\",\"centre\",\"formaci\u00f3\",\"fugarolas\",\"intercanvi\",\"llibre\",\"llibres\",\"prelaboral\",\"prevenci\u00f3\",\"servei\"],\"articleSection\":[\"Llibre Actiu\"],\"inLanguage\":\"es\"},{\"@type\":\"WebPage\",\"@id\":\"https:\\\/\\\/cfpmaresme.org\\\/es\\\/llibre-actiu-cedeix-part-del-seu-cataleg-al-col%c2%b7lectiu-de-can-fugarolas\\\/\",\"url\":\"https:\\\/\\\/cfpmaresme.org\\\/es\\\/llibre-actiu-cedeix-part-del-seu-cataleg-al-col%c2%b7lectiu-de-can-fugarolas\\\/\",\"name\":\"Llibre Actiu cede parte de su cat\u00e1logo al colectivo de Can Fugarolas | CFP Maresme\",\"isPartOf\":{\"@id\":\"https:\\\/\\\/cfpmaresme.org\\\/#website\"},\"primaryImageOfPage\":{\"@id\":\"https:\\\/\\\/cfpmaresme.org\\\/es\\\/llibre-actiu-cedeix-part-del-seu-cataleg-al-col%c2%b7lectiu-de-can-fugarolas\\\/#primaryimage\"},\"image\":{\"@id\":\"https:\\\/\\\/cfpmaresme.org\\\/es\\\/llibre-actiu-cedeix-part-del-seu-cataleg-al-col%c2%b7lectiu-de-can-fugarolas\\\/#primaryimage\"},\"thumbnailUrl\":\"https:\\\/\\\/centreformacioprevencio.files.wordpress.com\\\/2017\\\/07\\\/llibre_fugarolas.jpg\",\"datePublished\":\"2017-06-12T08:31:18+00:00\",\"dateModified\":\"2021-09-27T13:26:16+00:00\",\"author\":{\"@id\":\"https:\\\/\\\/cfpmaresme.org\\\/#\\\/schema\\\/person\\\/b2634bcd796fafc667ea4055f61b9b2c\"},\"breadcrumb\":{\"@id\":\"https:\\\/\\\/cfpmaresme.org\\\/es\\\/llibre-actiu-cedeix-part-del-seu-cataleg-al-col%c2%b7lectiu-de-can-fugarolas\\\/#breadcrumb\"},\"inLanguage\":\"es\",\"potentialAction\":[{\"@type\":\"ReadAction\",\"target\":[\"https:\\\/\\\/cfpmaresme.org\\\/es\\\/llibre-actiu-cedeix-part-del-seu-cataleg-al-col%c2%b7lectiu-de-can-fugarolas\\\/\"]}]},{\"@type\":\"ImageObject\",\"inLanguage\":\"es\",\"@id\":\"https:\\\/\\\/cfpmaresme.org\\\/es\\\/llibre-actiu-cedeix-part-del-seu-cataleg-al-col%c2%b7lectiu-de-can-fugarolas\\\/#primaryimage\",\"url\":\"https:\\\/\\\/centreformacioprevencio.files.wordpress.com\\\/2017\\\/07\\\/llibre_fugarolas.jpg\",\"contentUrl\":\"https:\\\/\\\/centreformacioprevencio.files.wordpress.com\\\/2017\\\/07\\\/llibre_fugarolas.jpg\"},{\"@type\":\"BreadcrumbList\",\"@id\":\"https:\\\/\\\/cfpmaresme.org\\\/es\\\/llibre-actiu-cedeix-part-del-seu-cataleg-al-col%c2%b7lectiu-de-can-fugarolas\\\/#breadcrumb\",\"itemListElement\":[{\"@type\":\"ListItem\",\"position\":1,\"name\":\"Home\",\"item\":\"https:\\\/\\\/cfpmaresme.org\\\/es\\\/\"},{\"@type\":\"ListItem\",\"position\":2,\"name\":\"Llibre Actiu cede parte de su cat\u00e1logo al colectivo de Can Fugarolas\"}]},{\"@type\":\"WebSite\",\"@id\":\"https:\\\/\\\/cfpmaresme.org\\\/#website\",\"url\":\"https:\\\/\\\/cfpmaresme.org\\\/\",\"name\":\"CFP Maresme\",\"description\":\"Centre Formaci\u00f3 Prevenci\u00f3\",\"potentialAction\":[{\"@type\":\"SearchAction\",\"target\":{\"@type\":\"EntryPoint\",\"urlTemplate\":\"https:\\\/\\\/cfpmaresme.org\\\/?s={search_term_string}\"},\"query-input\":{\"@type\":\"PropertyValueSpecification\",\"valueRequired\":true,\"valueName\":\"search_term_string\"}}],\"inLanguage\":\"es\"},{\"@type\":\"Person\",\"@id\":\"https:\\\/\\\/cfpmaresme.org\\\/#\\\/schema\\\/person\\\/b2634bcd796fafc667ea4055f61b9b2c\",\"name\":\"CFPMaresme\"}]}<\/script>\n<!-- \/ Yoast SEO plugin. -->","yoast_head_json":{"title":"Llibre Actiu cede parte de su cat\u00e1logo al colectivo de Can Fugarolas | CFP Maresme","robots":{"index":"index","follow":"follow","max-snippet":"max-snippet:-1","max-image-preview":"max-image-preview:large","max-video-preview":"max-video-preview:-1"},"canonical":"https:\/\/cfpmaresme.org\/es\/llibre-actiu-cedeix-part-del-seu-cataleg-al-col\u00b7lectiu-de-can-fugarolas\/","og_locale":"es_ES","og_type":"article","og_title":"Llibre Actiu cede parte de su cat\u00e1logo al colectivo de Can Fugarolas | CFP Maresme","og_description":"Una usuaria del servicio prelaboral del Centre de Formaci\u00f3 i Prevenci\u00f3 se encargar\u00e1 de gestionar la nueva librer\u00eda El pasado jueves 8 de junio, los responsables de la librer\u00eda de intercambio Llibre Actiu del Centre de Formaci\u00f3 i Prevenci\u00f3 visitaron el espacio social y cultural...","og_url":"https:\/\/cfpmaresme.org\/es\/llibre-actiu-cedeix-part-del-seu-cataleg-al-col\u00b7lectiu-de-can-fugarolas\/","og_site_name":"CFP Maresme","article_published_time":"2017-06-12T08:31:18+00:00","article_modified_time":"2021-09-27T13:26:16+00:00","og_image":[{"url":"https:\/\/centreformacioprevencio.files.wordpress.com\/2017\/07\/llibre_fugarolas.jpg","type":"","width":"","height":""}],"author":"CFPMaresme","twitter_card":"summary_large_image","twitter_creator":"@cfpmaresme","twitter_site":"@cfpmaresme","twitter_misc":{"Escrito por":"CFPMaresme","Tiempo de lectura":"1 minuto"},"schema":{"@context":"https:\/\/schema.org","@graph":[{"@type":"Article","@id":"https:\/\/cfpmaresme.org\/es\/llibre-actiu-cedeix-part-del-seu-cataleg-al-col%c2%b7lectiu-de-can-fugarolas\/#article","isPartOf":{"@id":"https:\/\/cfpmaresme.org\/es\/llibre-actiu-cedeix-part-del-seu-cataleg-al-col%c2%b7lectiu-de-can-fugarolas\/"},"author":{"name":"CFPMaresme","@id":"https:\/\/cfpmaresme.org\/#\/schema\/person\/b2634bcd796fafc667ea4055f61b9b2c"},"headline":"Llibre Actiu cede parte de su cat\u00e1logo al colectivo de Can Fugarolas","datePublished":"2017-06-12T08:31:18+00:00","dateModified":"2021-09-27T13:26:16+00:00","mainEntityOfPage":{"@id":"https:\/\/cfpmaresme.org\/es\/llibre-actiu-cedeix-part-del-seu-cataleg-al-col%c2%b7lectiu-de-can-fugarolas\/"},"wordCount":195,"commentCount":0,"image":{"@id":"https:\/\/cfpmaresme.org\/es\/llibre-actiu-cedeix-part-del-seu-cataleg-al-col%c2%b7lectiu-de-can-fugarolas\/#primaryimage"},"thumbnailUrl":"https:\/\/centreformacioprevencio.files.wordpress.com\/2017\/07\/llibre_fugarolas.jpg","keywords":["actiu","centre","formaci\u00f3","fugarolas","intercanvi","llibre","llibres","prelaboral","prevenci\u00f3","servei"],"articleSection":["Llibre Actiu"],"inLanguage":"es"},{"@type":"WebPage","@id":"https:\/\/cfpmaresme.org\/es\/llibre-actiu-cedeix-part-del-seu-cataleg-al-col%c2%b7lectiu-de-can-fugarolas\/","url":"https:\/\/cfpmaresme.org\/es\/llibre-actiu-cedeix-part-del-seu-cataleg-al-col%c2%b7lectiu-de-can-fugarolas\/","name":"Llibre Actiu cede parte de su cat\u00e1logo al colectivo de Can Fugarolas | CFP Maresme","isPartOf":{"@id":"https:\/\/cfpmaresme.org\/#website"},"primaryImageOfPage":{"@id":"https:\/\/cfpmaresme.org\/es\/llibre-actiu-cedeix-part-del-seu-cataleg-al-col%c2%b7lectiu-de-can-fugarolas\/#primaryimage"},"image":{"@id":"https:\/\/cfpmaresme.org\/es\/llibre-actiu-cedeix-part-del-seu-cataleg-al-col%c2%b7lectiu-de-can-fugarolas\/#primaryimage"},"thumbnailUrl":"https:\/\/centreformacioprevencio.files.wordpress.com\/2017\/07\/llibre_fugarolas.jpg","datePublished":"2017-06-12T08:31:18+00:00","dateModified":"2021-09-27T13:26:16+00:00","author":{"@id":"https:\/\/cfpmaresme.org\/#\/schema\/person\/b2634bcd796fafc667ea4055f61b9b2c"},"breadcrumb":{"@id":"https:\/\/cfpmaresme.org\/es\/llibre-actiu-cedeix-part-del-seu-cataleg-al-col%c2%b7lectiu-de-can-fugarolas\/#breadcrumb"},"inLanguage":"es","potentialAction":[{"@type":"ReadAction","target":["https:\/\/cfpmaresme.org\/es\/llibre-actiu-cedeix-part-del-seu-cataleg-al-col%c2%b7lectiu-de-can-fugarolas\/"]}]},{"@type":"ImageObject","inLanguage":"es","@id":"https:\/\/cfpmaresme.org\/es\/llibre-actiu-cedeix-part-del-seu-cataleg-al-col%c2%b7lectiu-de-can-fugarolas\/#primaryimage","url":"https:\/\/centreformacioprevencio.files.wordpress.com\/2017\/07\/llibre_fugarolas.jpg","contentUrl":"https:\/\/centreformacioprevencio.files.wordpress.com\/2017\/07\/llibre_fugarolas.jpg"},{"@type":"BreadcrumbList","@id":"https:\/\/cfpmaresme.org\/es\/llibre-actiu-cedeix-part-del-seu-cataleg-al-col%c2%b7lectiu-de-can-fugarolas\/#breadcrumb","itemListElement":[{"@type":"ListItem","position":1,"name":"Home","item":"https:\/\/cfpmaresme.org\/es\/"},{"@type":"ListItem","position":2,"name":"Llibre Actiu cede parte de su cat\u00e1logo al colectivo de Can Fugarolas"}]},{"@type":"WebSite","@id":"https:\/\/cfpmaresme.org\/#website","url":"https:\/\/cfpmaresme.org\/","name":"CFP Maresme","description":"Centre Formaci\u00f3 Prevenci\u00f3","potentialAction":[{"@type":"SearchAction","target":{"@type":"EntryPoint","urlTemplate":"https:\/\/cfpmaresme.org\/?s={search_term_string}"},"query-input":{"@type":"PropertyValueSpecification","valueRequired":true,"valueName":"search_term_string"}}],"inLanguage":"es"},{"@type":"Person","@id":"https:\/\/cfpmaresme.org\/#\/schema\/person\/b2634bcd796fafc667ea4055f61b9b2c","name":"CFPMaresme"}]}},"_links":{"self":[{"href":"https:\/\/cfpmaresme.org\/es\/wp-json\/wp\/v2\/posts\/16939","targetHints":{"allow":["GET"]}}],"collection":[{"href":"https:\/\/cfpmaresme.org\/es\/wp-json\/wp\/v2\/posts"}],"about":[{"href":"https:\/\/cfpmaresme.org\/es\/wp-json\/wp\/v2\/types\/post"}],"author":[{"embeddable":true,"href":"https:\/\/cfpmaresme.org\/es\/wp-json\/wp\/v2\/users\/2"}],"replies":[{"embeddable":true,"href":"https:\/\/cfpmaresme.org\/es\/wp-json\/wp\/v2\/comments?post=16939"}],"version-history":[{"count":3,"href":"https:\/\/cfpmaresme.org\/es\/wp-json\/wp\/v2\/posts\/16939\/revisions"}],"predecessor-version":[{"id":26613,"href":"https:\/\/cfpmaresme.org\/es\/wp-json\/wp\/v2\/posts\/16939\/revisions\/26613"}],"wp:attachment":[{"href":"https:\/\/cfpmaresme.org\/es\/wp-json\/wp\/v2\/media?parent=16939"}],"wp:term":[{"taxonomy":"category","embeddable":true,"href":"https:\/\/cfpmaresme.org\/es\/wp-json\/wp\/v2\/categories?post=16939"},{"taxonomy":"post_tag","embeddable":true,"href":"https:\/\/cfpmaresme.org\/es\/wp-json\/wp\/v2\/tags?post=16939"}],"curies":[{"name":"wp","href":"https:\/\/api.w.org\/{rel}","templated":true}]}}