{"id":16940,"date":"2017-06-07T08:27:24","date_gmt":"2017-06-07T08:27:24","guid":{"rendered":"http:\/\/cfpmaresme.org\/el-cfp-participa-en-lestudi-de-responsabilitat-social-de-les-organitzacions-de-lajuntament-de-mataro\/"},"modified":"2021-06-07T14:48:14","modified_gmt":"2021-06-07T12:48:14","slug":"el-cfp-participa-en-lestudi-de-responsabilitat-social-de-les-organitzacions-de-lajuntament-de-mataro","status":"publish","type":"post","link":"https:\/\/cfpmaresme.org\/es\/el-cfp-participa-en-lestudi-de-responsabilitat-social-de-les-organitzacions-de-lajuntament-de-mataro\/","title":{"rendered":"El CFP participa en el estudio de Responsabilidad Social de las Organizaciones del Ayuntamiento de Matar\u00f3"},"content":{"rendered":"<p style=\"text-align: justify;\">El documento se\u00f1ala como puntos fuertes de la asociaci\u00f3n los \u00e1mbitos de integraci\u00f3n social, trabajo en red, desarrollo personal y equidad de g\u00e9nero<\/p>\n<p style=\"text-align: justify;\"><img loading=\"lazy\" decoding=\"async\" class=\"alignnone size-full wp-image-1299\" src=\"https:\/\/centreformacioprevencio.files.wordpress.com\/2017\/07\/sin-tc3adtulo-1.png\" alt=\"Sin t\u00edtulo-1\" width=\"1309\" height=\"742\" \/><\/p>\n<p style=\"text-align: justify;\">Este pasado mes de junio se presentaron los resultados del estudio \u201cMiradas desde la Econom\u00eda Social y Solidaria en las PIMES de Matar\u00f3 2016&#8243; a les PIMES de Matar\u00f3 2016\u201d, dentro del programa de Responsabilidad Social de las Organizaciones (RSO) de la Direcci\u00f3n de Ocupaci\u00f3n y Promoci\u00f3n Econ\u00f3mica del Ayuntamiento de Matar\u00f3. El Centre de Formaci\u00f3 i Prevenci\u00f3 fue una de las treinta y tres PIMEs que participaron.<\/p>\n<p style=\"text-align: justify;\"><!--more--><\/p>\n<p style=\"text-align: justify;\">En el an\u00e1lisis que hicieron los t\u00e9cnicos del consorcio del Centre de Formaci\u00f3 i Prevenci\u00f3, destaca el punto de integraci\u00f3n social con la puntuaci\u00f3n m\u00e1s alta posible, ya que es el principal \u00e1mbito de actuaci\u00f3n de la asociaci\u00f3n. por otro lado, tambi\u00e9n destacan la capacidad de trabajo en red del Centro, por formar parte de Maresme Continuum y ser miembro asociado de la Fedaia, F\u00f2rum Salut Mental, La Uni\u00f3 Catalana d\u2019Hospitals y la Taula d\u2019Entitats del Tercer Sector Social.<\/p>\n<p style=\"text-align: justify;\">De las otras \u00e1reas escrutadas, el CFP tambi\u00e9n obtiene una buena nota en Desarrollo Personal. Este punto valora la capacidad de conciliaci\u00f3n personal y familiar de los trabajadores y trabajadoras de la entidad. Tambi\u00e9n se destaca en el estudio del Ayuntamiento la praxis en Equidad de G\u00e9nero, por el hecho de utilizar un lenguaje inclusivo y haber recogido esta tem\u00e1tica en su Manual de Estilo.<\/p>\n<p style=\"text-align: justify;\">Otros \u00e1mbitos bien valorados han sido tambi\u00e9n la democracia interna de la entidad o la gesti\u00f3n de residuos.<\/p>\n","protected":false},"excerpt":{"rendered":"<p>El documento se\u00f1ala como puntos fuertes de la asociaci\u00f3n los \u00e1mbitos de integraci\u00f3n social, trabajo en red, desarrollo personal y equidad de g\u00e9nero Este pasado mes de junio se presentaron los resultados del estudio \u201cMiradas desde la Econom\u00eda Social y Solidaria en las PIMES de&#8230;<\/p>\n","protected":false},"author":2,"featured_media":0,"comment_status":"open","ping_status":"open","sticky":false,"template":"","format":"standard","meta":{"footnotes":""},"categories":[1187],"tags":[603,630,635,722,723,617,724,638,725,701],"class_list":["post-16940","post","type-post","status-publish","format-standard","hentry","category-cfp-maresme-es","tag-ajuntament-es","tag-centre-es","tag-formacio-es","tag-genere-es","tag-integracio-es","tag-mataro-es","tag-pimes-es","tag-prevencio-es","tag-responsabilitat-es","tag-social-es"],"yoast_head":"<!-- This site is optimized with the Yoast SEO plugin v27.4 - https:\/\/yoast.com\/product\/yoast-seo-wordpress\/ -->\n<title>El CFP participa en el estudio de Responsabilidad Social de las Organizaciones del Ayuntamiento de Matar\u00f3 | CFP Maresme<\/title>\n<meta name=\"robots\" content=\"index, follow, max-snippet:-1, max-image-preview:large, max-video-preview:-1\" \/>\n<link rel=\"canonical\" href=\"https:\/\/cfpmaresme.org\/es\/el-cfp-participa-en-lestudi-de-responsabilitat-social-de-les-organitzacions-de-lajuntament-de-mataro\/\" \/>\n<meta property=\"og:locale\" content=\"es_ES\" \/>\n<meta property=\"og:type\" content=\"article\" \/>\n<meta property=\"og:title\" content=\"El CFP participa en el estudio de Responsabilidad Social de las Organizaciones del Ayuntamiento de Matar\u00f3 | CFP Maresme\" \/>\n<meta property=\"og:description\" content=\"El documento se\u00f1ala como puntos fuertes de la asociaci\u00f3n los \u00e1mbitos de integraci\u00f3n social, trabajo en red, desarrollo personal y equidad de g\u00e9nero Este pasado mes de junio se presentaron los resultados del estudio \u201cMiradas desde la Econom\u00eda Social y Solidaria en las PIMES de...\" \/>\n<meta property=\"og:url\" content=\"https:\/\/cfpmaresme.org\/es\/el-cfp-participa-en-lestudi-de-responsabilitat-social-de-les-organitzacions-de-lajuntament-de-mataro\/\" \/>\n<meta property=\"og:site_name\" content=\"CFP Maresme\" \/>\n<meta property=\"article:published_time\" content=\"2017-06-07T08:27:24+00:00\" \/>\n<meta property=\"article:modified_time\" content=\"2021-06-07T12:48:14+00:00\" \/>\n<meta property=\"og:image\" content=\"https:\/\/centreformacioprevencio.files.wordpress.com\/2017\/07\/sin-tc3adtulo-1.png\" \/>\n<meta name=\"author\" content=\"CFPMaresme\" \/>\n<meta name=\"twitter:card\" content=\"summary_large_image\" \/>\n<meta name=\"twitter:creator\" content=\"@cfpmaresme\" \/>\n<meta name=\"twitter:site\" content=\"@cfpmaresme\" \/>\n<meta name=\"twitter:label1\" content=\"Escrito por\" \/>\n\t<meta name=\"twitter:data1\" content=\"CFPMaresme\" \/>\n\t<meta name=\"twitter:label2\" content=\"Tiempo de lectura\" \/>\n\t<meta name=\"twitter:data2\" content=\"1 minuto\" \/>\n<script type=\"application\/ld+json\" class=\"yoast-schema-graph\">{\"@context\":\"https:\\\/\\\/schema.org\",\"@graph\":[{\"@type\":\"Article\",\"@id\":\"https:\\\/\\\/cfpmaresme.org\\\/es\\\/el-cfp-participa-en-lestudi-de-responsabilitat-social-de-les-organitzacions-de-lajuntament-de-mataro\\\/#article\",\"isPartOf\":{\"@id\":\"https:\\\/\\\/cfpmaresme.org\\\/es\\\/el-cfp-participa-en-lestudi-de-responsabilitat-social-de-les-organitzacions-de-lajuntament-de-mataro\\\/\"},\"author\":{\"name\":\"CFPMaresme\",\"@id\":\"https:\\\/\\\/cfpmaresme.org\\\/#\\\/schema\\\/person\\\/b2634bcd796fafc667ea4055f61b9b2c\"},\"headline\":\"El CFP participa en el estudio de Responsabilidad Social de las Organizaciones del Ayuntamiento de Matar\u00f3\",\"datePublished\":\"2017-06-07T08:27:24+00:00\",\"dateModified\":\"2021-06-07T12:48:14+00:00\",\"mainEntityOfPage\":{\"@id\":\"https:\\\/\\\/cfpmaresme.org\\\/es\\\/el-cfp-participa-en-lestudi-de-responsabilitat-social-de-les-organitzacions-de-lajuntament-de-mataro\\\/\"},\"wordCount\":294,\"commentCount\":0,\"image\":{\"@id\":\"https:\\\/\\\/cfpmaresme.org\\\/es\\\/el-cfp-participa-en-lestudi-de-responsabilitat-social-de-les-organitzacions-de-lajuntament-de-mataro\\\/#primaryimage\"},\"thumbnailUrl\":\"https:\\\/\\\/centreformacioprevencio.files.wordpress.com\\\/2017\\\/07\\\/sin-tc3adtulo-1.png\",\"keywords\":[\"ajuntament\",\"centre\",\"formaci\u00f3\",\"g\u00e8nere\",\"integraci\u00f3\",\"matar\u00f3\",\"pimes\",\"prevenci\u00f3\",\"responsabilitat\",\"social\"],\"articleSection\":[\"CFP Maresme\"],\"inLanguage\":\"es\"},{\"@type\":\"WebPage\",\"@id\":\"https:\\\/\\\/cfpmaresme.org\\\/es\\\/el-cfp-participa-en-lestudi-de-responsabilitat-social-de-les-organitzacions-de-lajuntament-de-mataro\\\/\",\"url\":\"https:\\\/\\\/cfpmaresme.org\\\/es\\\/el-cfp-participa-en-lestudi-de-responsabilitat-social-de-les-organitzacions-de-lajuntament-de-mataro\\\/\",\"name\":\"El CFP participa en el estudio de Responsabilidad Social de las Organizaciones del Ayuntamiento de Matar\u00f3 | CFP Maresme\",\"isPartOf\":{\"@id\":\"https:\\\/\\\/cfpmaresme.org\\\/#website\"},\"primaryImageOfPage\":{\"@id\":\"https:\\\/\\\/cfpmaresme.org\\\/es\\\/el-cfp-participa-en-lestudi-de-responsabilitat-social-de-les-organitzacions-de-lajuntament-de-mataro\\\/#primaryimage\"},\"image\":{\"@id\":\"https:\\\/\\\/cfpmaresme.org\\\/es\\\/el-cfp-participa-en-lestudi-de-responsabilitat-social-de-les-organitzacions-de-lajuntament-de-mataro\\\/#primaryimage\"},\"thumbnailUrl\":\"https:\\\/\\\/centreformacioprevencio.files.wordpress.com\\\/2017\\\/07\\\/sin-tc3adtulo-1.png\",\"datePublished\":\"2017-06-07T08:27:24+00:00\",\"dateModified\":\"2021-06-07T12:48:14+00:00\",\"author\":{\"@id\":\"https:\\\/\\\/cfpmaresme.org\\\/#\\\/schema\\\/person\\\/b2634bcd796fafc667ea4055f61b9b2c\"},\"breadcrumb\":{\"@id\":\"https:\\\/\\\/cfpmaresme.org\\\/es\\\/el-cfp-participa-en-lestudi-de-responsabilitat-social-de-les-organitzacions-de-lajuntament-de-mataro\\\/#breadcrumb\"},\"inLanguage\":\"es\",\"potentialAction\":[{\"@type\":\"ReadAction\",\"target\":[\"https:\\\/\\\/cfpmaresme.org\\\/es\\\/el-cfp-participa-en-lestudi-de-responsabilitat-social-de-les-organitzacions-de-lajuntament-de-mataro\\\/\"]}]},{\"@type\":\"ImageObject\",\"inLanguage\":\"es\",\"@id\":\"https:\\\/\\\/cfpmaresme.org\\\/es\\\/el-cfp-participa-en-lestudi-de-responsabilitat-social-de-les-organitzacions-de-lajuntament-de-mataro\\\/#primaryimage\",\"url\":\"https:\\\/\\\/centreformacioprevencio.files.wordpress.com\\\/2017\\\/07\\\/sin-tc3adtulo-1.png\",\"contentUrl\":\"https:\\\/\\\/centreformacioprevencio.files.wordpress.com\\\/2017\\\/07\\\/sin-tc3adtulo-1.png\"},{\"@type\":\"BreadcrumbList\",\"@id\":\"https:\\\/\\\/cfpmaresme.org\\\/es\\\/el-cfp-participa-en-lestudi-de-responsabilitat-social-de-les-organitzacions-de-lajuntament-de-mataro\\\/#breadcrumb\",\"itemListElement\":[{\"@type\":\"ListItem\",\"position\":1,\"name\":\"Home\",\"item\":\"https:\\\/\\\/cfpmaresme.org\\\/es\\\/\"},{\"@type\":\"ListItem\",\"position\":2,\"name\":\"El CFP participa en el estudio de Responsabilidad Social de las Organizaciones del Ayuntamiento de Matar\u00f3\"}]},{\"@type\":\"WebSite\",\"@id\":\"https:\\\/\\\/cfpmaresme.org\\\/#website\",\"url\":\"https:\\\/\\\/cfpmaresme.org\\\/\",\"name\":\"CFP Maresme\",\"description\":\"Centre Formaci\u00f3 Prevenci\u00f3\",\"potentialAction\":[{\"@type\":\"SearchAction\",\"target\":{\"@type\":\"EntryPoint\",\"urlTemplate\":\"https:\\\/\\\/cfpmaresme.org\\\/?s={search_term_string}\"},\"query-input\":{\"@type\":\"PropertyValueSpecification\",\"valueRequired\":true,\"valueName\":\"search_term_string\"}}],\"inLanguage\":\"es\"},{\"@type\":\"Person\",\"@id\":\"https:\\\/\\\/cfpmaresme.org\\\/#\\\/schema\\\/person\\\/b2634bcd796fafc667ea4055f61b9b2c\",\"name\":\"CFPMaresme\"}]}<\/script>\n<!-- \/ Yoast SEO plugin. -->","yoast_head_json":{"title":"El CFP participa en el estudio de Responsabilidad Social de las Organizaciones del Ayuntamiento de Matar\u00f3 | CFP Maresme","robots":{"index":"index","follow":"follow","max-snippet":"max-snippet:-1","max-image-preview":"max-image-preview:large","max-video-preview":"max-video-preview:-1"},"canonical":"https:\/\/cfpmaresme.org\/es\/el-cfp-participa-en-lestudi-de-responsabilitat-social-de-les-organitzacions-de-lajuntament-de-mataro\/","og_locale":"es_ES","og_type":"article","og_title":"El CFP participa en el estudio de Responsabilidad Social de las Organizaciones del Ayuntamiento de Matar\u00f3 | CFP Maresme","og_description":"El documento se\u00f1ala como puntos fuertes de la asociaci\u00f3n los \u00e1mbitos de integraci\u00f3n social, trabajo en red, desarrollo personal y equidad de g\u00e9nero Este pasado mes de junio se presentaron los resultados del estudio \u201cMiradas desde la Econom\u00eda Social y Solidaria en las PIMES de...","og_url":"https:\/\/cfpmaresme.org\/es\/el-cfp-participa-en-lestudi-de-responsabilitat-social-de-les-organitzacions-de-lajuntament-de-mataro\/","og_site_name":"CFP Maresme","article_published_time":"2017-06-07T08:27:24+00:00","article_modified_time":"2021-06-07T12:48:14+00:00","og_image":[{"url":"https:\/\/centreformacioprevencio.files.wordpress.com\/2017\/07\/sin-tc3adtulo-1.png","type":"","width":"","height":""}],"author":"CFPMaresme","twitter_card":"summary_large_image","twitter_creator":"@cfpmaresme","twitter_site":"@cfpmaresme","twitter_misc":{"Escrito por":"CFPMaresme","Tiempo de lectura":"1 minuto"},"schema":{"@context":"https:\/\/schema.org","@graph":[{"@type":"Article","@id":"https:\/\/cfpmaresme.org\/es\/el-cfp-participa-en-lestudi-de-responsabilitat-social-de-les-organitzacions-de-lajuntament-de-mataro\/#article","isPartOf":{"@id":"https:\/\/cfpmaresme.org\/es\/el-cfp-participa-en-lestudi-de-responsabilitat-social-de-les-organitzacions-de-lajuntament-de-mataro\/"},"author":{"name":"CFPMaresme","@id":"https:\/\/cfpmaresme.org\/#\/schema\/person\/b2634bcd796fafc667ea4055f61b9b2c"},"headline":"El CFP participa en el estudio de Responsabilidad Social de las Organizaciones del Ayuntamiento de Matar\u00f3","datePublished":"2017-06-07T08:27:24+00:00","dateModified":"2021-06-07T12:48:14+00:00","mainEntityOfPage":{"@id":"https:\/\/cfpmaresme.org\/es\/el-cfp-participa-en-lestudi-de-responsabilitat-social-de-les-organitzacions-de-lajuntament-de-mataro\/"},"wordCount":294,"commentCount":0,"image":{"@id":"https:\/\/cfpmaresme.org\/es\/el-cfp-participa-en-lestudi-de-responsabilitat-social-de-les-organitzacions-de-lajuntament-de-mataro\/#primaryimage"},"thumbnailUrl":"https:\/\/centreformacioprevencio.files.wordpress.com\/2017\/07\/sin-tc3adtulo-1.png","keywords":["ajuntament","centre","formaci\u00f3","g\u00e8nere","integraci\u00f3","matar\u00f3","pimes","prevenci\u00f3","responsabilitat","social"],"articleSection":["CFP Maresme"],"inLanguage":"es"},{"@type":"WebPage","@id":"https:\/\/cfpmaresme.org\/es\/el-cfp-participa-en-lestudi-de-responsabilitat-social-de-les-organitzacions-de-lajuntament-de-mataro\/","url":"https:\/\/cfpmaresme.org\/es\/el-cfp-participa-en-lestudi-de-responsabilitat-social-de-les-organitzacions-de-lajuntament-de-mataro\/","name":"El CFP participa en el estudio de Responsabilidad Social de las Organizaciones del Ayuntamiento de Matar\u00f3 | CFP Maresme","isPartOf":{"@id":"https:\/\/cfpmaresme.org\/#website"},"primaryImageOfPage":{"@id":"https:\/\/cfpmaresme.org\/es\/el-cfp-participa-en-lestudi-de-responsabilitat-social-de-les-organitzacions-de-lajuntament-de-mataro\/#primaryimage"},"image":{"@id":"https:\/\/cfpmaresme.org\/es\/el-cfp-participa-en-lestudi-de-responsabilitat-social-de-les-organitzacions-de-lajuntament-de-mataro\/#primaryimage"},"thumbnailUrl":"https:\/\/centreformacioprevencio.files.wordpress.com\/2017\/07\/sin-tc3adtulo-1.png","datePublished":"2017-06-07T08:27:24+00:00","dateModified":"2021-06-07T12:48:14+00:00","author":{"@id":"https:\/\/cfpmaresme.org\/#\/schema\/person\/b2634bcd796fafc667ea4055f61b9b2c"},"breadcrumb":{"@id":"https:\/\/cfpmaresme.org\/es\/el-cfp-participa-en-lestudi-de-responsabilitat-social-de-les-organitzacions-de-lajuntament-de-mataro\/#breadcrumb"},"inLanguage":"es","potentialAction":[{"@type":"ReadAction","target":["https:\/\/cfpmaresme.org\/es\/el-cfp-participa-en-lestudi-de-responsabilitat-social-de-les-organitzacions-de-lajuntament-de-mataro\/"]}]},{"@type":"ImageObject","inLanguage":"es","@id":"https:\/\/cfpmaresme.org\/es\/el-cfp-participa-en-lestudi-de-responsabilitat-social-de-les-organitzacions-de-lajuntament-de-mataro\/#primaryimage","url":"https:\/\/centreformacioprevencio.files.wordpress.com\/2017\/07\/sin-tc3adtulo-1.png","contentUrl":"https:\/\/centreformacioprevencio.files.wordpress.com\/2017\/07\/sin-tc3adtulo-1.png"},{"@type":"BreadcrumbList","@id":"https:\/\/cfpmaresme.org\/es\/el-cfp-participa-en-lestudi-de-responsabilitat-social-de-les-organitzacions-de-lajuntament-de-mataro\/#breadcrumb","itemListElement":[{"@type":"ListItem","position":1,"name":"Home","item":"https:\/\/cfpmaresme.org\/es\/"},{"@type":"ListItem","position":2,"name":"El CFP participa en el estudio de Responsabilidad Social de las Organizaciones del Ayuntamiento de Matar\u00f3"}]},{"@type":"WebSite","@id":"https:\/\/cfpmaresme.org\/#website","url":"https:\/\/cfpmaresme.org\/","name":"CFP Maresme","description":"Centre Formaci\u00f3 Prevenci\u00f3","potentialAction":[{"@type":"SearchAction","target":{"@type":"EntryPoint","urlTemplate":"https:\/\/cfpmaresme.org\/?s={search_term_string}"},"query-input":{"@type":"PropertyValueSpecification","valueRequired":true,"valueName":"search_term_string"}}],"inLanguage":"es"},{"@type":"Person","@id":"https:\/\/cfpmaresme.org\/#\/schema\/person\/b2634bcd796fafc667ea4055f61b9b2c","name":"CFPMaresme"}]}},"_links":{"self":[{"href":"https:\/\/cfpmaresme.org\/es\/wp-json\/wp\/v2\/posts\/16940","targetHints":{"allow":["GET"]}}],"collection":[{"href":"https:\/\/cfpmaresme.org\/es\/wp-json\/wp\/v2\/posts"}],"about":[{"href":"https:\/\/cfpmaresme.org\/es\/wp-json\/wp\/v2\/types\/post"}],"author":[{"embeddable":true,"href":"https:\/\/cfpmaresme.org\/es\/wp-json\/wp\/v2\/users\/2"}],"replies":[{"embeddable":true,"href":"https:\/\/cfpmaresme.org\/es\/wp-json\/wp\/v2\/comments?post=16940"}],"version-history":[{"count":3,"href":"https:\/\/cfpmaresme.org\/es\/wp-json\/wp\/v2\/posts\/16940\/revisions"}],"predecessor-version":[{"id":25227,"href":"https:\/\/cfpmaresme.org\/es\/wp-json\/wp\/v2\/posts\/16940\/revisions\/25227"}],"wp:attachment":[{"href":"https:\/\/cfpmaresme.org\/es\/wp-json\/wp\/v2\/media?parent=16940"}],"wp:term":[{"taxonomy":"category","embeddable":true,"href":"https:\/\/cfpmaresme.org\/es\/wp-json\/wp\/v2\/categories?post=16940"},{"taxonomy":"post_tag","embeddable":true,"href":"https:\/\/cfpmaresme.org\/es\/wp-json\/wp\/v2\/tags?post=16940"}],"curies":[{"name":"wp","href":"https:\/\/api.w.org\/{rel}","templated":true}]}}