{"id":16941,"date":"2017-05-26T07:08:12","date_gmt":"2017-05-26T07:08:12","guid":{"rendered":"http:\/\/cfpmaresme.org\/alterarte-projecta-un-collage-alimentari-al-mercat-de-la-placa-de-cuba-de-mataro\/"},"modified":"2020-10-22T14:26:00","modified_gmt":"2020-10-22T12:26:00","slug":"alterarte-projecta-un-collage-alimentari-al-mercat-de-la-placa-de-cuba-de-mataro","status":"publish","type":"post","link":"https:\/\/cfpmaresme.org\/es\/alterarte-projecta-un-collage-alimentari-al-mercat-de-la-placa-de-cuba-de-mataro\/","title":{"rendered":"Alterarte proyecta un \u201ccollage alimentario\u201d en el mercado de la Plaza de Cuba de Matar\u00f3"},"content":{"rendered":"<p style=\"text-align: justify;\">Esta acci\u00f3n art\u00edstica es un trabajo conjunto del Programa Art\u00edstico por la Integraci\u00f3n del CFP y el grupo Expressar-te de la Fundaci\u00f3 3 Turons de Barcelona y se inspira en la obra del artista Antoni Miralda<\/p>\n<p style=\"text-align: justify;\"><img loading=\"lazy\" decoding=\"async\" class=\"alignnone size-full wp-image-1271\" src=\"https:\/\/centreformacioprevencio.files.wordpress.com\/2017\/06\/sam_1473.jpg\" alt=\"SAMSUNG CAMERA PICTURES\" width=\"988\" height=\"417\" \/><\/p>\n<p style=\"text-align: justify;\">Durante la segunda quincena de este mes de mayo ha estado expuesta en la Plaza de Cuba de Matar\u00f3 una obra surgida de la colaboraci\u00f3n de los artistas de Alterarte del Centre de Formaci\u00f3 i Prevenci\u00f3 y del grupo\u00a0 Expressar-te de la Fundaci\u00f3 3 Turons de Barcelona. La idea de esta propuesta art\u00edstica se inspira en la exposici\u00f3n MADEINUSA del artista Antoni Miralda, que se puede visitar en el MACBA de Barcelona, donde los creadores de este collage aprendieron la t\u00e9cnica de integrar conceptos gastron\u00f3micos en el arte utilizado por el autor.<\/p>\n<p style=\"text-align: justify;\"><!--more--><\/p>\n<p style=\"text-align: justify;\">En concreto, el collage se basa en diferentes bloques construidos a partir de productos alimentarios. La obra quiere aportar conceptos como la relaci\u00f3n entre comedor y color y el car\u00e1cter intercultural de la gastronomia. De esta manera se ha desarrollado un trabajo grupal que ha finalizado con la integraci\u00f3n de todas las piezas de este puzzle en un solo marco.<\/p>\n<p style=\"text-align: justify;\">Esta iniciativa se enmarca dentro el objetivo de Alterarte de hacer la obra fruto del trabajo realizado dentro de los museos y sensibilizar a la comunidad sobre el estigma de la salud mental. Por lo tanto, es una acci\u00f3n m\u00e1s de estas intervenciones que el programa art\u00edstico hace habitualmente a diversos puntos de la ciudad. En este caso, el espacio escogido ha sido la Plazade Cuba de Matar\u00f3, un nucli gastron\u00f2mic de la capital del Maresme, en el que se integra muy naturalmente la obra de nuestros compa\u00f1eros.<\/p>\n","protected":false},"excerpt":{"rendered":"<p>Esta acci\u00f3n art\u00edstica es un trabajo conjunto del Programa Art\u00edstico por la Integraci\u00f3n del CFP y el grupo Expressar-te de la Fundaci\u00f3 3 Turons de Barcelona y se inspira en la obra del artista Antoni Miralda Durante la segunda quincena de este mes de mayo&#8230;<\/p>\n","protected":false},"author":2,"featured_media":0,"comment_status":"open","ping_status":"open","sticky":false,"template":"","format":"standard","meta":{"footnotes":""},"categories":[1234],"tags":[709,643,726,727,728,729,730,731,732,617,733,734,735,736],"class_list":["post-16941","post","type-post","status-publish","format-standard","hentry","category-alterarte-es","tag-alterarte-es","tag-art-es","tag-artistic-es","tag-collage-es","tag-cuba-es","tag-cultural-es","tag-gastronomia-es","tag-macba-es","tag-madeinusa-es","tag-mataro-es","tag-miralda-es","tag-placa-es","tag-tres-es","tag-turons-es"],"yoast_head":"<!-- This site is optimized with the Yoast SEO plugin v27.4 - https:\/\/yoast.com\/product\/yoast-seo-wordpress\/ -->\n<title>Alterarte proyecta un \u201ccollage alimentario\u201d en el mercado de la Plaza de Cuba de Matar\u00f3 | CFP Maresme<\/title>\n<meta name=\"robots\" content=\"index, follow, max-snippet:-1, max-image-preview:large, max-video-preview:-1\" \/>\n<link rel=\"canonical\" href=\"https:\/\/cfpmaresme.org\/es\/alterarte-projecta-un-collage-alimentari-al-mercat-de-la-placa-de-cuba-de-mataro\/\" \/>\n<meta property=\"og:locale\" content=\"es_ES\" \/>\n<meta property=\"og:type\" content=\"article\" \/>\n<meta property=\"og:title\" content=\"Alterarte proyecta un \u201ccollage alimentario\u201d en el mercado de la Plaza de Cuba de Matar\u00f3 | CFP Maresme\" \/>\n<meta property=\"og:description\" content=\"Esta acci\u00f3n art\u00edstica es un trabajo conjunto del Programa Art\u00edstico por la Integraci\u00f3n del CFP y el grupo Expressar-te de la Fundaci\u00f3 3 Turons de Barcelona y se inspira en la obra del artista Antoni Miralda Durante la segunda quincena de este mes de mayo...\" \/>\n<meta property=\"og:url\" content=\"https:\/\/cfpmaresme.org\/es\/alterarte-projecta-un-collage-alimentari-al-mercat-de-la-placa-de-cuba-de-mataro\/\" \/>\n<meta property=\"og:site_name\" content=\"CFP Maresme\" \/>\n<meta property=\"article:published_time\" content=\"2017-05-26T07:08:12+00:00\" \/>\n<meta property=\"article:modified_time\" content=\"2020-10-22T12:26:00+00:00\" \/>\n<meta property=\"og:image\" content=\"https:\/\/centreformacioprevencio.files.wordpress.com\/2017\/06\/sam_1473.jpg\" \/>\n<meta name=\"author\" content=\"CFPMaresme\" \/>\n<meta name=\"twitter:card\" content=\"summary_large_image\" \/>\n<meta name=\"twitter:creator\" content=\"@cfpmaresme\" \/>\n<meta name=\"twitter:site\" content=\"@cfpmaresme\" \/>\n<meta name=\"twitter:label1\" content=\"Escrito por\" \/>\n\t<meta name=\"twitter:data1\" content=\"CFPMaresme\" \/>\n\t<meta name=\"twitter:label2\" content=\"Tiempo de lectura\" \/>\n\t<meta name=\"twitter:data2\" content=\"1 minuto\" \/>\n<script type=\"application\/ld+json\" class=\"yoast-schema-graph\">{\"@context\":\"https:\\\/\\\/schema.org\",\"@graph\":[{\"@type\":\"Article\",\"@id\":\"https:\\\/\\\/cfpmaresme.org\\\/es\\\/alterarte-projecta-un-collage-alimentari-al-mercat-de-la-placa-de-cuba-de-mataro\\\/#article\",\"isPartOf\":{\"@id\":\"https:\\\/\\\/cfpmaresme.org\\\/es\\\/alterarte-projecta-un-collage-alimentari-al-mercat-de-la-placa-de-cuba-de-mataro\\\/\"},\"author\":{\"name\":\"CFPMaresme\",\"@id\":\"https:\\\/\\\/cfpmaresme.org\\\/#\\\/schema\\\/person\\\/b2634bcd796fafc667ea4055f61b9b2c\"},\"headline\":\"Alterarte proyecta un \u201ccollage alimentario\u201d en el mercado de la Plaza de Cuba de Matar\u00f3\",\"datePublished\":\"2017-05-26T07:08:12+00:00\",\"dateModified\":\"2020-10-22T12:26:00+00:00\",\"mainEntityOfPage\":{\"@id\":\"https:\\\/\\\/cfpmaresme.org\\\/es\\\/alterarte-projecta-un-collage-alimentari-al-mercat-de-la-placa-de-cuba-de-mataro\\\/\"},\"wordCount\":306,\"commentCount\":0,\"image\":{\"@id\":\"https:\\\/\\\/cfpmaresme.org\\\/es\\\/alterarte-projecta-un-collage-alimentari-al-mercat-de-la-placa-de-cuba-de-mataro\\\/#primaryimage\"},\"thumbnailUrl\":\"https:\\\/\\\/centreformacioprevencio.files.wordpress.com\\\/2017\\\/06\\\/sam_1473.jpg\",\"keywords\":[\"alterarte\",\"Art\",\"art\u00edstic\",\"collage\",\"cuba\",\"cultural\",\"gastronomia\",\"macba\",\"madeinusa\",\"matar\u00f3\",\"miralda\",\"pla\u00e7a\",\"tres\",\"turons\"],\"articleSection\":[\"Alterarte\"],\"inLanguage\":\"es\"},{\"@type\":\"WebPage\",\"@id\":\"https:\\\/\\\/cfpmaresme.org\\\/es\\\/alterarte-projecta-un-collage-alimentari-al-mercat-de-la-placa-de-cuba-de-mataro\\\/\",\"url\":\"https:\\\/\\\/cfpmaresme.org\\\/es\\\/alterarte-projecta-un-collage-alimentari-al-mercat-de-la-placa-de-cuba-de-mataro\\\/\",\"name\":\"Alterarte proyecta un \u201ccollage alimentario\u201d en el mercado de la Plaza de Cuba de Matar\u00f3 | CFP Maresme\",\"isPartOf\":{\"@id\":\"https:\\\/\\\/cfpmaresme.org\\\/#website\"},\"primaryImageOfPage\":{\"@id\":\"https:\\\/\\\/cfpmaresme.org\\\/es\\\/alterarte-projecta-un-collage-alimentari-al-mercat-de-la-placa-de-cuba-de-mataro\\\/#primaryimage\"},\"image\":{\"@id\":\"https:\\\/\\\/cfpmaresme.org\\\/es\\\/alterarte-projecta-un-collage-alimentari-al-mercat-de-la-placa-de-cuba-de-mataro\\\/#primaryimage\"},\"thumbnailUrl\":\"https:\\\/\\\/centreformacioprevencio.files.wordpress.com\\\/2017\\\/06\\\/sam_1473.jpg\",\"datePublished\":\"2017-05-26T07:08:12+00:00\",\"dateModified\":\"2020-10-22T12:26:00+00:00\",\"author\":{\"@id\":\"https:\\\/\\\/cfpmaresme.org\\\/#\\\/schema\\\/person\\\/b2634bcd796fafc667ea4055f61b9b2c\"},\"breadcrumb\":{\"@id\":\"https:\\\/\\\/cfpmaresme.org\\\/es\\\/alterarte-projecta-un-collage-alimentari-al-mercat-de-la-placa-de-cuba-de-mataro\\\/#breadcrumb\"},\"inLanguage\":\"es\",\"potentialAction\":[{\"@type\":\"ReadAction\",\"target\":[\"https:\\\/\\\/cfpmaresme.org\\\/es\\\/alterarte-projecta-un-collage-alimentari-al-mercat-de-la-placa-de-cuba-de-mataro\\\/\"]}]},{\"@type\":\"ImageObject\",\"inLanguage\":\"es\",\"@id\":\"https:\\\/\\\/cfpmaresme.org\\\/es\\\/alterarte-projecta-un-collage-alimentari-al-mercat-de-la-placa-de-cuba-de-mataro\\\/#primaryimage\",\"url\":\"https:\\\/\\\/centreformacioprevencio.files.wordpress.com\\\/2017\\\/06\\\/sam_1473.jpg\",\"contentUrl\":\"https:\\\/\\\/centreformacioprevencio.files.wordpress.com\\\/2017\\\/06\\\/sam_1473.jpg\"},{\"@type\":\"BreadcrumbList\",\"@id\":\"https:\\\/\\\/cfpmaresme.org\\\/es\\\/alterarte-projecta-un-collage-alimentari-al-mercat-de-la-placa-de-cuba-de-mataro\\\/#breadcrumb\",\"itemListElement\":[{\"@type\":\"ListItem\",\"position\":1,\"name\":\"Home\",\"item\":\"https:\\\/\\\/cfpmaresme.org\\\/es\\\/\"},{\"@type\":\"ListItem\",\"position\":2,\"name\":\"Alterarte proyecta un \u201ccollage alimentario\u201d en el mercado de la Plaza de Cuba de Matar\u00f3\"}]},{\"@type\":\"WebSite\",\"@id\":\"https:\\\/\\\/cfpmaresme.org\\\/#website\",\"url\":\"https:\\\/\\\/cfpmaresme.org\\\/\",\"name\":\"CFP Maresme\",\"description\":\"Centre Formaci\u00f3 Prevenci\u00f3\",\"potentialAction\":[{\"@type\":\"SearchAction\",\"target\":{\"@type\":\"EntryPoint\",\"urlTemplate\":\"https:\\\/\\\/cfpmaresme.org\\\/?s={search_term_string}\"},\"query-input\":{\"@type\":\"PropertyValueSpecification\",\"valueRequired\":true,\"valueName\":\"search_term_string\"}}],\"inLanguage\":\"es\"},{\"@type\":\"Person\",\"@id\":\"https:\\\/\\\/cfpmaresme.org\\\/#\\\/schema\\\/person\\\/b2634bcd796fafc667ea4055f61b9b2c\",\"name\":\"CFPMaresme\"}]}<\/script>\n<!-- \/ Yoast SEO plugin. -->","yoast_head_json":{"title":"Alterarte proyecta un \u201ccollage alimentario\u201d en el mercado de la Plaza de Cuba de Matar\u00f3 | CFP Maresme","robots":{"index":"index","follow":"follow","max-snippet":"max-snippet:-1","max-image-preview":"max-image-preview:large","max-video-preview":"max-video-preview:-1"},"canonical":"https:\/\/cfpmaresme.org\/es\/alterarte-projecta-un-collage-alimentari-al-mercat-de-la-placa-de-cuba-de-mataro\/","og_locale":"es_ES","og_type":"article","og_title":"Alterarte proyecta un \u201ccollage alimentario\u201d en el mercado de la Plaza de Cuba de Matar\u00f3 | CFP Maresme","og_description":"Esta acci\u00f3n art\u00edstica es un trabajo conjunto del Programa Art\u00edstico por la Integraci\u00f3n del CFP y el grupo Expressar-te de la Fundaci\u00f3 3 Turons de Barcelona y se inspira en la obra del artista Antoni Miralda Durante la segunda quincena de este mes de mayo...","og_url":"https:\/\/cfpmaresme.org\/es\/alterarte-projecta-un-collage-alimentari-al-mercat-de-la-placa-de-cuba-de-mataro\/","og_site_name":"CFP Maresme","article_published_time":"2017-05-26T07:08:12+00:00","article_modified_time":"2020-10-22T12:26:00+00:00","og_image":[{"url":"https:\/\/centreformacioprevencio.files.wordpress.com\/2017\/06\/sam_1473.jpg","type":"","width":"","height":""}],"author":"CFPMaresme","twitter_card":"summary_large_image","twitter_creator":"@cfpmaresme","twitter_site":"@cfpmaresme","twitter_misc":{"Escrito por":"CFPMaresme","Tiempo de lectura":"1 minuto"},"schema":{"@context":"https:\/\/schema.org","@graph":[{"@type":"Article","@id":"https:\/\/cfpmaresme.org\/es\/alterarte-projecta-un-collage-alimentari-al-mercat-de-la-placa-de-cuba-de-mataro\/#article","isPartOf":{"@id":"https:\/\/cfpmaresme.org\/es\/alterarte-projecta-un-collage-alimentari-al-mercat-de-la-placa-de-cuba-de-mataro\/"},"author":{"name":"CFPMaresme","@id":"https:\/\/cfpmaresme.org\/#\/schema\/person\/b2634bcd796fafc667ea4055f61b9b2c"},"headline":"Alterarte proyecta un \u201ccollage alimentario\u201d en el mercado de la Plaza de Cuba de Matar\u00f3","datePublished":"2017-05-26T07:08:12+00:00","dateModified":"2020-10-22T12:26:00+00:00","mainEntityOfPage":{"@id":"https:\/\/cfpmaresme.org\/es\/alterarte-projecta-un-collage-alimentari-al-mercat-de-la-placa-de-cuba-de-mataro\/"},"wordCount":306,"commentCount":0,"image":{"@id":"https:\/\/cfpmaresme.org\/es\/alterarte-projecta-un-collage-alimentari-al-mercat-de-la-placa-de-cuba-de-mataro\/#primaryimage"},"thumbnailUrl":"https:\/\/centreformacioprevencio.files.wordpress.com\/2017\/06\/sam_1473.jpg","keywords":["alterarte","Art","art\u00edstic","collage","cuba","cultural","gastronomia","macba","madeinusa","matar\u00f3","miralda","pla\u00e7a","tres","turons"],"articleSection":["Alterarte"],"inLanguage":"es"},{"@type":"WebPage","@id":"https:\/\/cfpmaresme.org\/es\/alterarte-projecta-un-collage-alimentari-al-mercat-de-la-placa-de-cuba-de-mataro\/","url":"https:\/\/cfpmaresme.org\/es\/alterarte-projecta-un-collage-alimentari-al-mercat-de-la-placa-de-cuba-de-mataro\/","name":"Alterarte proyecta un \u201ccollage alimentario\u201d en el mercado de la Plaza de Cuba de Matar\u00f3 | CFP Maresme","isPartOf":{"@id":"https:\/\/cfpmaresme.org\/#website"},"primaryImageOfPage":{"@id":"https:\/\/cfpmaresme.org\/es\/alterarte-projecta-un-collage-alimentari-al-mercat-de-la-placa-de-cuba-de-mataro\/#primaryimage"},"image":{"@id":"https:\/\/cfpmaresme.org\/es\/alterarte-projecta-un-collage-alimentari-al-mercat-de-la-placa-de-cuba-de-mataro\/#primaryimage"},"thumbnailUrl":"https:\/\/centreformacioprevencio.files.wordpress.com\/2017\/06\/sam_1473.jpg","datePublished":"2017-05-26T07:08:12+00:00","dateModified":"2020-10-22T12:26:00+00:00","author":{"@id":"https:\/\/cfpmaresme.org\/#\/schema\/person\/b2634bcd796fafc667ea4055f61b9b2c"},"breadcrumb":{"@id":"https:\/\/cfpmaresme.org\/es\/alterarte-projecta-un-collage-alimentari-al-mercat-de-la-placa-de-cuba-de-mataro\/#breadcrumb"},"inLanguage":"es","potentialAction":[{"@type":"ReadAction","target":["https:\/\/cfpmaresme.org\/es\/alterarte-projecta-un-collage-alimentari-al-mercat-de-la-placa-de-cuba-de-mataro\/"]}]},{"@type":"ImageObject","inLanguage":"es","@id":"https:\/\/cfpmaresme.org\/es\/alterarte-projecta-un-collage-alimentari-al-mercat-de-la-placa-de-cuba-de-mataro\/#primaryimage","url":"https:\/\/centreformacioprevencio.files.wordpress.com\/2017\/06\/sam_1473.jpg","contentUrl":"https:\/\/centreformacioprevencio.files.wordpress.com\/2017\/06\/sam_1473.jpg"},{"@type":"BreadcrumbList","@id":"https:\/\/cfpmaresme.org\/es\/alterarte-projecta-un-collage-alimentari-al-mercat-de-la-placa-de-cuba-de-mataro\/#breadcrumb","itemListElement":[{"@type":"ListItem","position":1,"name":"Home","item":"https:\/\/cfpmaresme.org\/es\/"},{"@type":"ListItem","position":2,"name":"Alterarte proyecta un \u201ccollage alimentario\u201d en el mercado de la Plaza de Cuba de Matar\u00f3"}]},{"@type":"WebSite","@id":"https:\/\/cfpmaresme.org\/#website","url":"https:\/\/cfpmaresme.org\/","name":"CFP Maresme","description":"Centre Formaci\u00f3 Prevenci\u00f3","potentialAction":[{"@type":"SearchAction","target":{"@type":"EntryPoint","urlTemplate":"https:\/\/cfpmaresme.org\/?s={search_term_string}"},"query-input":{"@type":"PropertyValueSpecification","valueRequired":true,"valueName":"search_term_string"}}],"inLanguage":"es"},{"@type":"Person","@id":"https:\/\/cfpmaresme.org\/#\/schema\/person\/b2634bcd796fafc667ea4055f61b9b2c","name":"CFPMaresme"}]}},"_links":{"self":[{"href":"https:\/\/cfpmaresme.org\/es\/wp-json\/wp\/v2\/posts\/16941","targetHints":{"allow":["GET"]}}],"collection":[{"href":"https:\/\/cfpmaresme.org\/es\/wp-json\/wp\/v2\/posts"}],"about":[{"href":"https:\/\/cfpmaresme.org\/es\/wp-json\/wp\/v2\/types\/post"}],"author":[{"embeddable":true,"href":"https:\/\/cfpmaresme.org\/es\/wp-json\/wp\/v2\/users\/2"}],"replies":[{"embeddable":true,"href":"https:\/\/cfpmaresme.org\/es\/wp-json\/wp\/v2\/comments?post=16941"}],"version-history":[{"count":3,"href":"https:\/\/cfpmaresme.org\/es\/wp-json\/wp\/v2\/posts\/16941\/revisions"}],"predecessor-version":[{"id":22091,"href":"https:\/\/cfpmaresme.org\/es\/wp-json\/wp\/v2\/posts\/16941\/revisions\/22091"}],"wp:attachment":[{"href":"https:\/\/cfpmaresme.org\/es\/wp-json\/wp\/v2\/media?parent=16941"}],"wp:term":[{"taxonomy":"category","embeddable":true,"href":"https:\/\/cfpmaresme.org\/es\/wp-json\/wp\/v2\/categories?post=16941"},{"taxonomy":"post_tag","embeddable":true,"href":"https:\/\/cfpmaresme.org\/es\/wp-json\/wp\/v2\/tags?post=16941"}],"curies":[{"name":"wp","href":"https:\/\/api.w.org\/{rel}","templated":true}]}}