{"id":16942,"date":"2017-05-23T08:10:14","date_gmt":"2017-05-23T08:10:14","guid":{"rendered":"http:\/\/cfpmaresme.org\/mes-dun-centenar-de-persones-participen-a-la-1a-festa-de-lesport-inclusiu-a-mataro\/"},"modified":"2021-06-30T13:22:38","modified_gmt":"2021-06-30T11:22:38","slug":"mes-dun-centenar-de-persones-participen-a-la-1a-festa-de-lesport-inclusiu-a-mataro","status":"publish","type":"post","link":"https:\/\/cfpmaresme.org\/es\/mes-dun-centenar-de-persones-participen-a-la-1a-festa-de-lesport-inclusiu-a-mataro\/","title":{"rendered":"M\u00e1s de un centenar de personas participan a la 1a Fiesta del Deporte Inclusivo en Matar\u00f3"},"content":{"rendered":"<p style=\"text-align: justify;\">La Jornada \u201cEsport per a Tothom\u201d fue una fiesta en la que peque\u00f1os y grandes practicaron deportes como el futbol, el baloncesto, el tenis taula, el ajedrez o las billas catalanas<\/p>\n<p style=\"text-align: justify;\"><img loading=\"lazy\" decoding=\"async\" class=\"alignnone size-full wp-image-1254\" src=\"https:\/\/centreformacioprevencio.files.wordpress.com\/2017\/05\/img-20170520-wa0003.jpg\" alt=\"IMG-20170520-WA0003\" width=\"1600\" height=\"1200\" \/><\/p>\n<p style=\"text-align: justify;\">El pasado s\u00e1bado 20 de mayo tuvo lugar la 1a Fiesta del Deporte Inclusivo \u201cEsport per a Tothom\u201d en el Nou Parc Central de Matar\u00f3, organizada por F\u00f2rum Salut Mental con la participaci\u00f3n del Centre de Formaci\u00f3 i Prevenci\u00f3, Maresme Continuum, Salut Mental Catalunya, Arep y la Colla Maimakansu. La jornada, que era abierta a todo el mundo, apleg\u00f3 a m\u00e1s de cien personas que pudieron disfrutar de una ma\u00f1ana al aire libre y practicar distintas actividades deportivas.<\/p>\n<p style=\"text-align: justify;\"><!--more--><\/p>\n<p style=\"text-align: justify;\">En concreto fueron cinco las disciplinas en qu\u00e9 pod\u00edan participar los asistentes a la jornada. En la pista de f\u00fatbol pudieron ver los ex-futbolistas Jos\u00e9 Antonio \u201cPepito\u201d Ramos y Paco Clos, que compartieron sus conocimientos con los equipos formados por la ocasi\u00f3n. En el campo de baloncesto contamos con jugadores que recientemente fueron campeones de los Special Olympics en Reus y mucha gente tambi\u00e9n se anim\u00f3 a practicar Tenis Taula, Ajedrez o Billas Catalanas, una actividad propia de nuestra casa.<\/p>\n<p style=\"text-align: justify;\"><img loading=\"lazy\" decoding=\"async\" class=\"alignnone size-full wp-image-1262\" src=\"https:\/\/centreformacioprevencio.files.wordpress.com\/2017\/05\/18556898_1938437263094544_2536410276275637240_o.jpg\" alt=\"18556898_1938437263094544_2536410276275637240_o\" width=\"2048\" height=\"1365\" \/><\/p>\n<p style=\"text-align: justify;\">Por otro lado, la fiesta reuni\u00f3 una representaci\u00f3n del consistorio que vino a dar soporte a la iniciativa. En concreto, asistieron al Nou Parc Central el alcalde de Matar\u00f3 David Bote, el Regidor de Educaci\u00f3n y Trabajo Miquel \u00c0ngel Vadell, el Regidor de Sanidad, Salud, Consumo y Gente Mayor Activa Joan Vinzo, la Regidora de Bienestar Social, Convivencia y Pol\u00edtica Social de Vivienda, Isabel Mart\u00ednez i el Regidor de Deportes Josep Maria Font. Todos ellos agradecieron a la organizaci\u00f3n la consecuci\u00f3n de esta jornada inclusiva y su valor desde un punto de vista social.<\/p>\n<p style=\"text-align: justify;\">Por \u00faltimo, tambi\u00e9n se celebr\u00f3 un sorteo con obsequios muy interesantes que fueron repartidos entre los participantes. Entre ellos hab\u00eda dos viajes en helic\u00f3ptero por Barcelona, diversas comidas en restaurantes de la ciudad o camisetas firmadas por Neymar Jr y los deportistas mataronines Carles Ale\u00f1\u00e1 (futbol) y Albert Ramos (tenis).<\/p>\n<p style=\"text-align: justify;\"><img loading=\"lazy\" decoding=\"async\" class=\"alignnone size-full wp-image-1265\" src=\"https:\/\/centreformacioprevencio.files.wordpress.com\/2017\/05\/18527441_1938436983094572_541589202937212807_o.jpg\" alt=\"18527441_1938436983094572_541589202937212807_o\" width=\"2048\" height=\"1365\" \/><\/p>\n<p style=\"text-align: justify;\">Esta 1a Fiesta del Deporte Inclusivo fue una toma de contacto con la poblaci\u00f3n de la ciudad para empezar un camino juntos para la normalizaci\u00f3n de conceptos relacionados con la salud mental. La jornada fue financiada con el dinero recaudado en las Marchas de Salud Mental que se celebrar cada noviembre desde hace cinco a\u00f1os y, sobre todo, se pudo hacer realidad gracias a la colaboraci\u00f3n de numerosos patrocinadores que ofrecieron su ayuda desinteresadamente.<\/p>\n<p style=\"text-align: justify;\">Patrocinaron\u00a0 la Jornada:<\/p>\n<p style=\"text-align: justify;\">Players, Grup Disbesa \/ Darn\u00e9s, Disco M\u00f2bil Quim, Claraboia, CatHelicopters, Bar La Morera, Cafeteria Pizzeria Isaac, Perruqueria Yerani, Vital Harmony y AE Boet Matar\u00f3.<\/p>\n","protected":false},"excerpt":{"rendered":"<p>La Jornada \u201cEsport per a Tothom\u201d fue una fiesta en la que peque\u00f1os y grandes practicaron deportes como el futbol, el baloncesto, el tenis taula, el ajedrez o las billas catalanas El pasado s\u00e1bado 20 de mayo tuvo lugar la 1a Fiesta del Deporte Inclusivo&#8230;<\/p>\n","protected":false},"author":2,"featured_media":0,"comment_status":"open","ping_status":"open","sticky":false,"template":"","format":"standard","meta":{"footnotes":""},"categories":[1187],"tags":[737,738,739,740,741,742,743,744,745,746,747,748,749,697,698,617,706,750,751,752,753,681,754,755,756,757,758],"class_list":["post-16942","post","type-post","status-publish","format-standard","hentry","category-cfp-maresme-es","tag-1a-es","tag-a-es","tag-basquet-es","tag-bitlles-es","tag-bote-es","tag-catalanes-es","tag-central-es","tag-escacs-es","tag-esport-es","tag-festa-es","tag-font-es","tag-futbol-es","tag-inclusiu-es","tag-isabel-es","tag-martinez-es","tag-mataro-es","tag-mental-es","tag-nou-es","tag-parc-es","tag-per-es","tag-regidor-es","tag-salut-es","tag-taula-es","tag-tenis-es","tag-tothom-es","tag-vadell-es","tag-vinzo-es"],"yoast_head":"<!-- This site is optimized with the Yoast SEO plugin v27.4 - https:\/\/yoast.com\/product\/yoast-seo-wordpress\/ -->\n<title>M\u00e1s de un centenar de personas participan a la 1a Fiesta del Deporte Inclusivo en Matar\u00f3 | CFP Maresme<\/title>\n<meta name=\"robots\" content=\"index, follow, max-snippet:-1, max-image-preview:large, max-video-preview:-1\" \/>\n<link rel=\"canonical\" href=\"https:\/\/cfpmaresme.org\/es\/mes-dun-centenar-de-persones-participen-a-la-1a-festa-de-lesport-inclusiu-a-mataro\/\" \/>\n<meta property=\"og:locale\" content=\"es_ES\" \/>\n<meta property=\"og:type\" content=\"article\" \/>\n<meta property=\"og:title\" content=\"M\u00e1s de un centenar de personas participan a la 1a Fiesta del Deporte Inclusivo en Matar\u00f3 | CFP Maresme\" \/>\n<meta property=\"og:description\" content=\"La Jornada \u201cEsport per a Tothom\u201d fue una fiesta en la que peque\u00f1os y grandes practicaron deportes como el futbol, el baloncesto, el tenis taula, el ajedrez o las billas catalanas El pasado s\u00e1bado 20 de mayo tuvo lugar la 1a Fiesta del Deporte Inclusivo...\" \/>\n<meta property=\"og:url\" content=\"https:\/\/cfpmaresme.org\/es\/mes-dun-centenar-de-persones-participen-a-la-1a-festa-de-lesport-inclusiu-a-mataro\/\" \/>\n<meta property=\"og:site_name\" content=\"CFP Maresme\" \/>\n<meta property=\"article:published_time\" content=\"2017-05-23T08:10:14+00:00\" \/>\n<meta property=\"article:modified_time\" content=\"2021-06-30T11:22:38+00:00\" \/>\n<meta property=\"og:image\" content=\"https:\/\/centreformacioprevencio.files.wordpress.com\/2017\/05\/img-20170520-wa0003.jpg\" \/>\n<meta name=\"author\" content=\"CFPMaresme\" \/>\n<meta name=\"twitter:card\" content=\"summary_large_image\" \/>\n<meta name=\"twitter:creator\" content=\"@cfpmaresme\" \/>\n<meta name=\"twitter:site\" content=\"@cfpmaresme\" \/>\n<meta name=\"twitter:label1\" content=\"Escrito por\" \/>\n\t<meta name=\"twitter:data1\" content=\"CFPMaresme\" \/>\n\t<meta name=\"twitter:label2\" content=\"Tiempo de lectura\" \/>\n\t<meta name=\"twitter:data2\" content=\"2 minutos\" \/>\n<script type=\"application\/ld+json\" class=\"yoast-schema-graph\">{\"@context\":\"https:\\\/\\\/schema.org\",\"@graph\":[{\"@type\":\"Article\",\"@id\":\"https:\\\/\\\/cfpmaresme.org\\\/es\\\/mes-dun-centenar-de-persones-participen-a-la-1a-festa-de-lesport-inclusiu-a-mataro\\\/#article\",\"isPartOf\":{\"@id\":\"https:\\\/\\\/cfpmaresme.org\\\/es\\\/mes-dun-centenar-de-persones-participen-a-la-1a-festa-de-lesport-inclusiu-a-mataro\\\/\"},\"author\":{\"name\":\"CFPMaresme\",\"@id\":\"https:\\\/\\\/cfpmaresme.org\\\/#\\\/schema\\\/person\\\/b2634bcd796fafc667ea4055f61b9b2c\"},\"headline\":\"M\u00e1s de un centenar de personas participan a la 1a Fiesta del Deporte Inclusivo en Matar\u00f3\",\"datePublished\":\"2017-05-23T08:10:14+00:00\",\"dateModified\":\"2021-06-30T11:22:38+00:00\",\"mainEntityOfPage\":{\"@id\":\"https:\\\/\\\/cfpmaresme.org\\\/es\\\/mes-dun-centenar-de-persones-participen-a-la-1a-festa-de-lesport-inclusiu-a-mataro\\\/\"},\"wordCount\":474,\"commentCount\":0,\"image\":{\"@id\":\"https:\\\/\\\/cfpmaresme.org\\\/es\\\/mes-dun-centenar-de-persones-participen-a-la-1a-festa-de-lesport-inclusiu-a-mataro\\\/#primaryimage\"},\"thumbnailUrl\":\"https:\\\/\\\/centreformacioprevencio.files.wordpress.com\\\/2017\\\/05\\\/img-20170520-wa0003.jpg\",\"keywords\":[\"1a\",\"a\",\"b\u00e0squet\",\"bitlles\",\"bote\",\"catalanes\",\"central\",\"escacs\",\"esport\",\"festa\",\"font\",\"futbol\",\"inclusiu\",\"isabel\",\"mart\u00ednez\",\"matar\u00f3\",\"mental\",\"nou\",\"parc\",\"per\",\"regidor\",\"salut\",\"taula\",\"tenis\",\"tothom\",\"vadell\",\"vinzo\"],\"articleSection\":[\"CFP Maresme\"],\"inLanguage\":\"es\"},{\"@type\":\"WebPage\",\"@id\":\"https:\\\/\\\/cfpmaresme.org\\\/es\\\/mes-dun-centenar-de-persones-participen-a-la-1a-festa-de-lesport-inclusiu-a-mataro\\\/\",\"url\":\"https:\\\/\\\/cfpmaresme.org\\\/es\\\/mes-dun-centenar-de-persones-participen-a-la-1a-festa-de-lesport-inclusiu-a-mataro\\\/\",\"name\":\"M\u00e1s de un centenar de personas participan a la 1a Fiesta del Deporte Inclusivo en Matar\u00f3 | CFP Maresme\",\"isPartOf\":{\"@id\":\"https:\\\/\\\/cfpmaresme.org\\\/#website\"},\"primaryImageOfPage\":{\"@id\":\"https:\\\/\\\/cfpmaresme.org\\\/es\\\/mes-dun-centenar-de-persones-participen-a-la-1a-festa-de-lesport-inclusiu-a-mataro\\\/#primaryimage\"},\"image\":{\"@id\":\"https:\\\/\\\/cfpmaresme.org\\\/es\\\/mes-dun-centenar-de-persones-participen-a-la-1a-festa-de-lesport-inclusiu-a-mataro\\\/#primaryimage\"},\"thumbnailUrl\":\"https:\\\/\\\/centreformacioprevencio.files.wordpress.com\\\/2017\\\/05\\\/img-20170520-wa0003.jpg\",\"datePublished\":\"2017-05-23T08:10:14+00:00\",\"dateModified\":\"2021-06-30T11:22:38+00:00\",\"author\":{\"@id\":\"https:\\\/\\\/cfpmaresme.org\\\/#\\\/schema\\\/person\\\/b2634bcd796fafc667ea4055f61b9b2c\"},\"breadcrumb\":{\"@id\":\"https:\\\/\\\/cfpmaresme.org\\\/es\\\/mes-dun-centenar-de-persones-participen-a-la-1a-festa-de-lesport-inclusiu-a-mataro\\\/#breadcrumb\"},\"inLanguage\":\"es\",\"potentialAction\":[{\"@type\":\"ReadAction\",\"target\":[\"https:\\\/\\\/cfpmaresme.org\\\/es\\\/mes-dun-centenar-de-persones-participen-a-la-1a-festa-de-lesport-inclusiu-a-mataro\\\/\"]}]},{\"@type\":\"ImageObject\",\"inLanguage\":\"es\",\"@id\":\"https:\\\/\\\/cfpmaresme.org\\\/es\\\/mes-dun-centenar-de-persones-participen-a-la-1a-festa-de-lesport-inclusiu-a-mataro\\\/#primaryimage\",\"url\":\"https:\\\/\\\/centreformacioprevencio.files.wordpress.com\\\/2017\\\/05\\\/img-20170520-wa0003.jpg\",\"contentUrl\":\"https:\\\/\\\/centreformacioprevencio.files.wordpress.com\\\/2017\\\/05\\\/img-20170520-wa0003.jpg\"},{\"@type\":\"BreadcrumbList\",\"@id\":\"https:\\\/\\\/cfpmaresme.org\\\/es\\\/mes-dun-centenar-de-persones-participen-a-la-1a-festa-de-lesport-inclusiu-a-mataro\\\/#breadcrumb\",\"itemListElement\":[{\"@type\":\"ListItem\",\"position\":1,\"name\":\"Home\",\"item\":\"https:\\\/\\\/cfpmaresme.org\\\/es\\\/\"},{\"@type\":\"ListItem\",\"position\":2,\"name\":\"M\u00e1s de un centenar de personas participan a la 1a Fiesta del Deporte Inclusivo en Matar\u00f3\"}]},{\"@type\":\"WebSite\",\"@id\":\"https:\\\/\\\/cfpmaresme.org\\\/#website\",\"url\":\"https:\\\/\\\/cfpmaresme.org\\\/\",\"name\":\"CFP Maresme\",\"description\":\"Centre Formaci\u00f3 Prevenci\u00f3\",\"potentialAction\":[{\"@type\":\"SearchAction\",\"target\":{\"@type\":\"EntryPoint\",\"urlTemplate\":\"https:\\\/\\\/cfpmaresme.org\\\/?s={search_term_string}\"},\"query-input\":{\"@type\":\"PropertyValueSpecification\",\"valueRequired\":true,\"valueName\":\"search_term_string\"}}],\"inLanguage\":\"es\"},{\"@type\":\"Person\",\"@id\":\"https:\\\/\\\/cfpmaresme.org\\\/#\\\/schema\\\/person\\\/b2634bcd796fafc667ea4055f61b9b2c\",\"name\":\"CFPMaresme\"}]}<\/script>\n<!-- \/ Yoast SEO plugin. -->","yoast_head_json":{"title":"M\u00e1s de un centenar de personas participan a la 1a Fiesta del Deporte Inclusivo en Matar\u00f3 | CFP Maresme","robots":{"index":"index","follow":"follow","max-snippet":"max-snippet:-1","max-image-preview":"max-image-preview:large","max-video-preview":"max-video-preview:-1"},"canonical":"https:\/\/cfpmaresme.org\/es\/mes-dun-centenar-de-persones-participen-a-la-1a-festa-de-lesport-inclusiu-a-mataro\/","og_locale":"es_ES","og_type":"article","og_title":"M\u00e1s de un centenar de personas participan a la 1a Fiesta del Deporte Inclusivo en Matar\u00f3 | CFP Maresme","og_description":"La Jornada \u201cEsport per a Tothom\u201d fue una fiesta en la que peque\u00f1os y grandes practicaron deportes como el futbol, el baloncesto, el tenis taula, el ajedrez o las billas catalanas El pasado s\u00e1bado 20 de mayo tuvo lugar la 1a Fiesta del Deporte Inclusivo...","og_url":"https:\/\/cfpmaresme.org\/es\/mes-dun-centenar-de-persones-participen-a-la-1a-festa-de-lesport-inclusiu-a-mataro\/","og_site_name":"CFP Maresme","article_published_time":"2017-05-23T08:10:14+00:00","article_modified_time":"2021-06-30T11:22:38+00:00","og_image":[{"url":"https:\/\/centreformacioprevencio.files.wordpress.com\/2017\/05\/img-20170520-wa0003.jpg","type":"","width":"","height":""}],"author":"CFPMaresme","twitter_card":"summary_large_image","twitter_creator":"@cfpmaresme","twitter_site":"@cfpmaresme","twitter_misc":{"Escrito por":"CFPMaresme","Tiempo de lectura":"2 minutos"},"schema":{"@context":"https:\/\/schema.org","@graph":[{"@type":"Article","@id":"https:\/\/cfpmaresme.org\/es\/mes-dun-centenar-de-persones-participen-a-la-1a-festa-de-lesport-inclusiu-a-mataro\/#article","isPartOf":{"@id":"https:\/\/cfpmaresme.org\/es\/mes-dun-centenar-de-persones-participen-a-la-1a-festa-de-lesport-inclusiu-a-mataro\/"},"author":{"name":"CFPMaresme","@id":"https:\/\/cfpmaresme.org\/#\/schema\/person\/b2634bcd796fafc667ea4055f61b9b2c"},"headline":"M\u00e1s de un centenar de personas participan a la 1a Fiesta del Deporte Inclusivo en Matar\u00f3","datePublished":"2017-05-23T08:10:14+00:00","dateModified":"2021-06-30T11:22:38+00:00","mainEntityOfPage":{"@id":"https:\/\/cfpmaresme.org\/es\/mes-dun-centenar-de-persones-participen-a-la-1a-festa-de-lesport-inclusiu-a-mataro\/"},"wordCount":474,"commentCount":0,"image":{"@id":"https:\/\/cfpmaresme.org\/es\/mes-dun-centenar-de-persones-participen-a-la-1a-festa-de-lesport-inclusiu-a-mataro\/#primaryimage"},"thumbnailUrl":"https:\/\/centreformacioprevencio.files.wordpress.com\/2017\/05\/img-20170520-wa0003.jpg","keywords":["1a","a","b\u00e0squet","bitlles","bote","catalanes","central","escacs","esport","festa","font","futbol","inclusiu","isabel","mart\u00ednez","matar\u00f3","mental","nou","parc","per","regidor","salut","taula","tenis","tothom","vadell","vinzo"],"articleSection":["CFP Maresme"],"inLanguage":"es"},{"@type":"WebPage","@id":"https:\/\/cfpmaresme.org\/es\/mes-dun-centenar-de-persones-participen-a-la-1a-festa-de-lesport-inclusiu-a-mataro\/","url":"https:\/\/cfpmaresme.org\/es\/mes-dun-centenar-de-persones-participen-a-la-1a-festa-de-lesport-inclusiu-a-mataro\/","name":"M\u00e1s de un centenar de personas participan a la 1a Fiesta del Deporte Inclusivo en Matar\u00f3 | CFP Maresme","isPartOf":{"@id":"https:\/\/cfpmaresme.org\/#website"},"primaryImageOfPage":{"@id":"https:\/\/cfpmaresme.org\/es\/mes-dun-centenar-de-persones-participen-a-la-1a-festa-de-lesport-inclusiu-a-mataro\/#primaryimage"},"image":{"@id":"https:\/\/cfpmaresme.org\/es\/mes-dun-centenar-de-persones-participen-a-la-1a-festa-de-lesport-inclusiu-a-mataro\/#primaryimage"},"thumbnailUrl":"https:\/\/centreformacioprevencio.files.wordpress.com\/2017\/05\/img-20170520-wa0003.jpg","datePublished":"2017-05-23T08:10:14+00:00","dateModified":"2021-06-30T11:22:38+00:00","author":{"@id":"https:\/\/cfpmaresme.org\/#\/schema\/person\/b2634bcd796fafc667ea4055f61b9b2c"},"breadcrumb":{"@id":"https:\/\/cfpmaresme.org\/es\/mes-dun-centenar-de-persones-participen-a-la-1a-festa-de-lesport-inclusiu-a-mataro\/#breadcrumb"},"inLanguage":"es","potentialAction":[{"@type":"ReadAction","target":["https:\/\/cfpmaresme.org\/es\/mes-dun-centenar-de-persones-participen-a-la-1a-festa-de-lesport-inclusiu-a-mataro\/"]}]},{"@type":"ImageObject","inLanguage":"es","@id":"https:\/\/cfpmaresme.org\/es\/mes-dun-centenar-de-persones-participen-a-la-1a-festa-de-lesport-inclusiu-a-mataro\/#primaryimage","url":"https:\/\/centreformacioprevencio.files.wordpress.com\/2017\/05\/img-20170520-wa0003.jpg","contentUrl":"https:\/\/centreformacioprevencio.files.wordpress.com\/2017\/05\/img-20170520-wa0003.jpg"},{"@type":"BreadcrumbList","@id":"https:\/\/cfpmaresme.org\/es\/mes-dun-centenar-de-persones-participen-a-la-1a-festa-de-lesport-inclusiu-a-mataro\/#breadcrumb","itemListElement":[{"@type":"ListItem","position":1,"name":"Home","item":"https:\/\/cfpmaresme.org\/es\/"},{"@type":"ListItem","position":2,"name":"M\u00e1s de un centenar de personas participan a la 1a Fiesta del Deporte Inclusivo en Matar\u00f3"}]},{"@type":"WebSite","@id":"https:\/\/cfpmaresme.org\/#website","url":"https:\/\/cfpmaresme.org\/","name":"CFP Maresme","description":"Centre Formaci\u00f3 Prevenci\u00f3","potentialAction":[{"@type":"SearchAction","target":{"@type":"EntryPoint","urlTemplate":"https:\/\/cfpmaresme.org\/?s={search_term_string}"},"query-input":{"@type":"PropertyValueSpecification","valueRequired":true,"valueName":"search_term_string"}}],"inLanguage":"es"},{"@type":"Person","@id":"https:\/\/cfpmaresme.org\/#\/schema\/person\/b2634bcd796fafc667ea4055f61b9b2c","name":"CFPMaresme"}]}},"_links":{"self":[{"href":"https:\/\/cfpmaresme.org\/es\/wp-json\/wp\/v2\/posts\/16942","targetHints":{"allow":["GET"]}}],"collection":[{"href":"https:\/\/cfpmaresme.org\/es\/wp-json\/wp\/v2\/posts"}],"about":[{"href":"https:\/\/cfpmaresme.org\/es\/wp-json\/wp\/v2\/types\/post"}],"author":[{"embeddable":true,"href":"https:\/\/cfpmaresme.org\/es\/wp-json\/wp\/v2\/users\/2"}],"replies":[{"embeddable":true,"href":"https:\/\/cfpmaresme.org\/es\/wp-json\/wp\/v2\/comments?post=16942"}],"version-history":[{"count":3,"href":"https:\/\/cfpmaresme.org\/es\/wp-json\/wp\/v2\/posts\/16942\/revisions"}],"predecessor-version":[{"id":25592,"href":"https:\/\/cfpmaresme.org\/es\/wp-json\/wp\/v2\/posts\/16942\/revisions\/25592"}],"wp:attachment":[{"href":"https:\/\/cfpmaresme.org\/es\/wp-json\/wp\/v2\/media?parent=16942"}],"wp:term":[{"taxonomy":"category","embeddable":true,"href":"https:\/\/cfpmaresme.org\/es\/wp-json\/wp\/v2\/categories?post=16942"},{"taxonomy":"post_tag","embeddable":true,"href":"https:\/\/cfpmaresme.org\/es\/wp-json\/wp\/v2\/tags?post=16942"}],"curies":[{"name":"wp","href":"https:\/\/api.w.org\/{rel}","templated":true}]}}