{"id":16943,"date":"2017-05-19T10:43:01","date_gmt":"2017-05-19T10:43:01","guid":{"rendered":"http:\/\/cfpmaresme.org\/el-cfp-es-compromet-amb-la-insercio-laboral-del-col%c2%b7lectiu-amb-diversitat-funcional\/"},"modified":"2021-07-23T12:40:34","modified_gmt":"2021-07-23T10:40:34","slug":"el-cfp-es-compromet-amb-la-insercio-laboral-del-col%c2%b7lectiu-amb-diversitat-funcional","status":"publish","type":"post","link":"https:\/\/cfpmaresme.org\/es\/el-cfp-es-compromet-amb-la-insercio-laboral-del-col%c2%b7lectiu-amb-diversitat-funcional\/","title":{"rendered":"El CFP se compromete con la inserci\u00f3n laboral del colectivo con diversidad funcional"},"content":{"rendered":"<p style=\"text-align: justify;\">El director del centro Jaume Clup\u00e9s ha firmado, juntamente con tres otras entidades, el nuevo convenio \u00abCreando oportunidades para las personas con diversidad funcional\u00bb que tiene previsto ofrecer posibilidades de contrataci\u00f3n a 50 personas<\/p>\n<p style=\"text-align: justify;\"><img loading=\"lazy\" decoding=\"async\" class=\"alignnone size-full wp-image-1245\" src=\"https:\/\/centreformacioprevencio.files.wordpress.com\/2017\/05\/img_20170519_110441.jpg\" alt=\"IMG_20170519_110441\" width=\"4160\" height=\"2336\" \/><\/p>\n<p style=\"text-align: justify;\">Este viernes se ha firmado en el Servicio de Ocupaci\u00f3n de Matar\u00f3 el nuevo convenio \u00abCreando Oportunidades para las personas con diversidad funcional\u00bb con la presencia del Regidor Delegado de Educaci\u00f3n y Trabajo del Ayuntamiento de Matar\u00f3 y las asociaciones participantes: El Centre de Formaci\u00f3 i Prevenci\u00f3, la Fundaci\u00f3 el Maresme, la Fundaci\u00f3 Ecom-SIL y el Consejo Comarcal del Maresme \u2013 OTL. El programa tiene previsto poder ofrecer posibilidades de inserci\u00f3n laboral a 50 personas de los colectivos con los que trabajan estas cuatro entidades.<\/p>\n<p style=\"text-align: justify;\"><!--more--><\/p>\n<p style=\"text-align: justify;\">El nuevo convenio, cofinanciado entre el consistorio mataron\u00edn y la Diputaci\u00f3n de Barcelona, invertir\u00e1 110000\u20ac para llevar a cabo el programa. Miquel \u00c0ngel Vadell, Regidor de Educaci\u00f3n y Trabajo, ha indicado la intenci\u00f3n del Ayuntamiento de trabajar firmemente en red tanto con las entidades sociales como con las empresas contratantes para conseguir los objetivos marcados.<\/p>\n<p style=\"text-align: justify;\"><img loading=\"lazy\" decoding=\"async\" class=\"alignnone size-full wp-image-1248\" src=\"https:\/\/centreformacioprevencio.files.wordpress.com\/2017\/05\/img_20170519_111434.jpg\" alt=\"IMG_20170519_111434\" width=\"4160\" height=\"2336\" \/><\/p>\n<p style=\"text-align: justify;\">Por su lado Jaume Clup\u00e9s, director del Centre de Formaci\u00f3 i Prevenci\u00f3, ha destacado el compromiso de las entidades firmantes en este programa y la conveniencia de aumentar progresivamente el n\u00famero de acciones en el \u00e1mbito de la inserci\u00f3n laboral de los colectivos en riesgo de exclusi\u00f3n por parte de la Administraci\u00f3n.<\/p>\n<p style=\"text-align: justify;\">El programa \u201cCreando Oportunidades para las personas con diversidad funcional\u00bb, que ser\u00e1 vigente hasta el final del 2017, ofrecer\u00e1 incentivos a las empresas que contraten y los usuarios y usuarias del servicio disfrutar\u00e1n de seguimiento y soporte durante todo su proceso de inserci\u00f3n para asegurar el \u00e9xito de la iniciativa con un alto porcentaje de sitios de trabajo conseguidos.<\/p>\n","protected":false},"excerpt":{"rendered":"<p>El director del centro Jaume Clup\u00e9s ha firmado, juntamente con tres otras entidades, el nuevo convenio \u00abCreando oportunidades para las personas con diversidad funcional\u00bb que tiene previsto ofrecer posibilidades de contrataci\u00f3n a 50 personas Este viernes se ha firmado en el Servicio de Ocupaci\u00f3n de&#8230;<\/p>\n","protected":false},"author":2,"featured_media":0,"comment_status":"open","ping_status":"open","sticky":false,"template":"","format":"standard","meta":{"footnotes":""},"categories":[1193],"tags":[603,670,759,760,761,762,763,764,765,766,767,673,705,651,617,768,769],"class_list":["post-16943","post","type-post","status-publish","format-standard","hentry","category-servicio-de-formacion-e-intermediacion-laboral","tag-ajuntament-es","tag-clupes-es","tag-comarcal-es","tag-consell-es","tag-conveni-es","tag-creant-es","tag-diversitat-es","tag-ecom-es","tag-funcional-es","tag-fundacio-es","tag-insercio-es","tag-jaume-es","tag-laboral-es","tag-maresme-es","tag-mataro-es","tag-oportunitats-es","tag-sil-es"],"yoast_head":"<!-- This site is optimized with the Yoast SEO plugin v27.4 - https:\/\/yoast.com\/product\/yoast-seo-wordpress\/ -->\n<title>El CFP se compromete con la inserci\u00f3n laboral del colectivo con diversidad funcional | CFP Maresme<\/title>\n<meta name=\"robots\" content=\"index, follow, max-snippet:-1, max-image-preview:large, max-video-preview:-1\" \/>\n<link rel=\"canonical\" href=\"https:\/\/cfpmaresme.org\/es\/el-cfp-es-compromet-amb-la-insercio-laboral-del-col\u00b7lectiu-amb-diversitat-funcional\/\" \/>\n<meta property=\"og:locale\" content=\"es_ES\" \/>\n<meta property=\"og:type\" content=\"article\" \/>\n<meta property=\"og:title\" content=\"El CFP se compromete con la inserci\u00f3n laboral del colectivo con diversidad funcional | CFP Maresme\" \/>\n<meta property=\"og:description\" content=\"El director del centro Jaume Clup\u00e9s ha firmado, juntamente con tres otras entidades, el nuevo convenio \u00abCreando oportunidades para las personas con diversidad funcional\u00bb que tiene previsto ofrecer posibilidades de contrataci\u00f3n a 50 personas Este viernes se ha firmado en el Servicio de Ocupaci\u00f3n de...\" \/>\n<meta property=\"og:url\" content=\"https:\/\/cfpmaresme.org\/es\/el-cfp-es-compromet-amb-la-insercio-laboral-del-col\u00b7lectiu-amb-diversitat-funcional\/\" \/>\n<meta property=\"og:site_name\" content=\"CFP Maresme\" \/>\n<meta property=\"article:published_time\" content=\"2017-05-19T10:43:01+00:00\" \/>\n<meta property=\"article:modified_time\" content=\"2021-07-23T10:40:34+00:00\" \/>\n<meta property=\"og:image\" content=\"https:\/\/centreformacioprevencio.files.wordpress.com\/2017\/05\/img_20170519_110441.jpg\" \/>\n<meta name=\"author\" content=\"CFPMaresme\" \/>\n<meta name=\"twitter:card\" content=\"summary_large_image\" \/>\n<meta name=\"twitter:creator\" content=\"@cfpmaresme\" \/>\n<meta name=\"twitter:site\" content=\"@cfpmaresme\" \/>\n<meta name=\"twitter:label1\" content=\"Escrito por\" \/>\n\t<meta name=\"twitter:data1\" content=\"CFPMaresme\" \/>\n\t<meta name=\"twitter:label2\" content=\"Tiempo de lectura\" \/>\n\t<meta name=\"twitter:data2\" content=\"1 minuto\" \/>\n<script type=\"application\/ld+json\" class=\"yoast-schema-graph\">{\"@context\":\"https:\\\/\\\/schema.org\",\"@graph\":[{\"@type\":\"Article\",\"@id\":\"https:\\\/\\\/cfpmaresme.org\\\/es\\\/el-cfp-es-compromet-amb-la-insercio-laboral-del-col%c2%b7lectiu-amb-diversitat-funcional\\\/#article\",\"isPartOf\":{\"@id\":\"https:\\\/\\\/cfpmaresme.org\\\/es\\\/el-cfp-es-compromet-amb-la-insercio-laboral-del-col%c2%b7lectiu-amb-diversitat-funcional\\\/\"},\"author\":{\"name\":\"CFPMaresme\",\"@id\":\"https:\\\/\\\/cfpmaresme.org\\\/#\\\/schema\\\/person\\\/b2634bcd796fafc667ea4055f61b9b2c\"},\"headline\":\"El CFP se compromete con la inserci\u00f3n laboral del colectivo con diversidad funcional\",\"datePublished\":\"2017-05-19T10:43:01+00:00\",\"dateModified\":\"2021-07-23T10:40:34+00:00\",\"mainEntityOfPage\":{\"@id\":\"https:\\\/\\\/cfpmaresme.org\\\/es\\\/el-cfp-es-compromet-amb-la-insercio-laboral-del-col%c2%b7lectiu-amb-diversitat-funcional\\\/\"},\"wordCount\":310,\"commentCount\":0,\"image\":{\"@id\":\"https:\\\/\\\/cfpmaresme.org\\\/es\\\/el-cfp-es-compromet-amb-la-insercio-laboral-del-col%c2%b7lectiu-amb-diversitat-funcional\\\/#primaryimage\"},\"thumbnailUrl\":\"https:\\\/\\\/centreformacioprevencio.files.wordpress.com\\\/2017\\\/05\\\/img_20170519_110441.jpg\",\"keywords\":[\"ajuntament\",\"clup\u00e9s\",\"comarcal\",\"consell\",\"conveni\",\"creant\",\"diversitat\",\"ecom\",\"funcional\",\"fundaci\u00f3\",\"inserci\u00f3\",\"jaume\",\"laboral\",\"maresme\",\"matar\u00f3\",\"oportunitats\",\"sil\"],\"articleSection\":[\"Formaci\u00f3n e Intermediaci\u00f3n Laboral\"],\"inLanguage\":\"es\"},{\"@type\":\"WebPage\",\"@id\":\"https:\\\/\\\/cfpmaresme.org\\\/es\\\/el-cfp-es-compromet-amb-la-insercio-laboral-del-col%c2%b7lectiu-amb-diversitat-funcional\\\/\",\"url\":\"https:\\\/\\\/cfpmaresme.org\\\/es\\\/el-cfp-es-compromet-amb-la-insercio-laboral-del-col%c2%b7lectiu-amb-diversitat-funcional\\\/\",\"name\":\"El CFP se compromete con la inserci\u00f3n laboral del colectivo con diversidad funcional | CFP Maresme\",\"isPartOf\":{\"@id\":\"https:\\\/\\\/cfpmaresme.org\\\/#website\"},\"primaryImageOfPage\":{\"@id\":\"https:\\\/\\\/cfpmaresme.org\\\/es\\\/el-cfp-es-compromet-amb-la-insercio-laboral-del-col%c2%b7lectiu-amb-diversitat-funcional\\\/#primaryimage\"},\"image\":{\"@id\":\"https:\\\/\\\/cfpmaresme.org\\\/es\\\/el-cfp-es-compromet-amb-la-insercio-laboral-del-col%c2%b7lectiu-amb-diversitat-funcional\\\/#primaryimage\"},\"thumbnailUrl\":\"https:\\\/\\\/centreformacioprevencio.files.wordpress.com\\\/2017\\\/05\\\/img_20170519_110441.jpg\",\"datePublished\":\"2017-05-19T10:43:01+00:00\",\"dateModified\":\"2021-07-23T10:40:34+00:00\",\"author\":{\"@id\":\"https:\\\/\\\/cfpmaresme.org\\\/#\\\/schema\\\/person\\\/b2634bcd796fafc667ea4055f61b9b2c\"},\"breadcrumb\":{\"@id\":\"https:\\\/\\\/cfpmaresme.org\\\/es\\\/el-cfp-es-compromet-amb-la-insercio-laboral-del-col%c2%b7lectiu-amb-diversitat-funcional\\\/#breadcrumb\"},\"inLanguage\":\"es\",\"potentialAction\":[{\"@type\":\"ReadAction\",\"target\":[\"https:\\\/\\\/cfpmaresme.org\\\/es\\\/el-cfp-es-compromet-amb-la-insercio-laboral-del-col%c2%b7lectiu-amb-diversitat-funcional\\\/\"]}]},{\"@type\":\"ImageObject\",\"inLanguage\":\"es\",\"@id\":\"https:\\\/\\\/cfpmaresme.org\\\/es\\\/el-cfp-es-compromet-amb-la-insercio-laboral-del-col%c2%b7lectiu-amb-diversitat-funcional\\\/#primaryimage\",\"url\":\"https:\\\/\\\/centreformacioprevencio.files.wordpress.com\\\/2017\\\/05\\\/img_20170519_110441.jpg\",\"contentUrl\":\"https:\\\/\\\/centreformacioprevencio.files.wordpress.com\\\/2017\\\/05\\\/img_20170519_110441.jpg\"},{\"@type\":\"BreadcrumbList\",\"@id\":\"https:\\\/\\\/cfpmaresme.org\\\/es\\\/el-cfp-es-compromet-amb-la-insercio-laboral-del-col%c2%b7lectiu-amb-diversitat-funcional\\\/#breadcrumb\",\"itemListElement\":[{\"@type\":\"ListItem\",\"position\":1,\"name\":\"Home\",\"item\":\"https:\\\/\\\/cfpmaresme.org\\\/es\\\/\"},{\"@type\":\"ListItem\",\"position\":2,\"name\":\"El CFP se compromete con la inserci\u00f3n laboral del colectivo con diversidad funcional\"}]},{\"@type\":\"WebSite\",\"@id\":\"https:\\\/\\\/cfpmaresme.org\\\/#website\",\"url\":\"https:\\\/\\\/cfpmaresme.org\\\/\",\"name\":\"CFP Maresme\",\"description\":\"Centre Formaci\u00f3 Prevenci\u00f3\",\"potentialAction\":[{\"@type\":\"SearchAction\",\"target\":{\"@type\":\"EntryPoint\",\"urlTemplate\":\"https:\\\/\\\/cfpmaresme.org\\\/?s={search_term_string}\"},\"query-input\":{\"@type\":\"PropertyValueSpecification\",\"valueRequired\":true,\"valueName\":\"search_term_string\"}}],\"inLanguage\":\"es\"},{\"@type\":\"Person\",\"@id\":\"https:\\\/\\\/cfpmaresme.org\\\/#\\\/schema\\\/person\\\/b2634bcd796fafc667ea4055f61b9b2c\",\"name\":\"CFPMaresme\"}]}<\/script>\n<!-- \/ Yoast SEO plugin. -->","yoast_head_json":{"title":"El CFP se compromete con la inserci\u00f3n laboral del colectivo con diversidad funcional | CFP Maresme","robots":{"index":"index","follow":"follow","max-snippet":"max-snippet:-1","max-image-preview":"max-image-preview:large","max-video-preview":"max-video-preview:-1"},"canonical":"https:\/\/cfpmaresme.org\/es\/el-cfp-es-compromet-amb-la-insercio-laboral-del-col\u00b7lectiu-amb-diversitat-funcional\/","og_locale":"es_ES","og_type":"article","og_title":"El CFP se compromete con la inserci\u00f3n laboral del colectivo con diversidad funcional | CFP Maresme","og_description":"El director del centro Jaume Clup\u00e9s ha firmado, juntamente con tres otras entidades, el nuevo convenio \u00abCreando oportunidades para las personas con diversidad funcional\u00bb que tiene previsto ofrecer posibilidades de contrataci\u00f3n a 50 personas Este viernes se ha firmado en el Servicio de Ocupaci\u00f3n de...","og_url":"https:\/\/cfpmaresme.org\/es\/el-cfp-es-compromet-amb-la-insercio-laboral-del-col\u00b7lectiu-amb-diversitat-funcional\/","og_site_name":"CFP Maresme","article_published_time":"2017-05-19T10:43:01+00:00","article_modified_time":"2021-07-23T10:40:34+00:00","og_image":[{"url":"https:\/\/centreformacioprevencio.files.wordpress.com\/2017\/05\/img_20170519_110441.jpg","type":"","width":"","height":""}],"author":"CFPMaresme","twitter_card":"summary_large_image","twitter_creator":"@cfpmaresme","twitter_site":"@cfpmaresme","twitter_misc":{"Escrito por":"CFPMaresme","Tiempo de lectura":"1 minuto"},"schema":{"@context":"https:\/\/schema.org","@graph":[{"@type":"Article","@id":"https:\/\/cfpmaresme.org\/es\/el-cfp-es-compromet-amb-la-insercio-laboral-del-col%c2%b7lectiu-amb-diversitat-funcional\/#article","isPartOf":{"@id":"https:\/\/cfpmaresme.org\/es\/el-cfp-es-compromet-amb-la-insercio-laboral-del-col%c2%b7lectiu-amb-diversitat-funcional\/"},"author":{"name":"CFPMaresme","@id":"https:\/\/cfpmaresme.org\/#\/schema\/person\/b2634bcd796fafc667ea4055f61b9b2c"},"headline":"El CFP se compromete con la inserci\u00f3n laboral del colectivo con diversidad funcional","datePublished":"2017-05-19T10:43:01+00:00","dateModified":"2021-07-23T10:40:34+00:00","mainEntityOfPage":{"@id":"https:\/\/cfpmaresme.org\/es\/el-cfp-es-compromet-amb-la-insercio-laboral-del-col%c2%b7lectiu-amb-diversitat-funcional\/"},"wordCount":310,"commentCount":0,"image":{"@id":"https:\/\/cfpmaresme.org\/es\/el-cfp-es-compromet-amb-la-insercio-laboral-del-col%c2%b7lectiu-amb-diversitat-funcional\/#primaryimage"},"thumbnailUrl":"https:\/\/centreformacioprevencio.files.wordpress.com\/2017\/05\/img_20170519_110441.jpg","keywords":["ajuntament","clup\u00e9s","comarcal","consell","conveni","creant","diversitat","ecom","funcional","fundaci\u00f3","inserci\u00f3","jaume","laboral","maresme","matar\u00f3","oportunitats","sil"],"articleSection":["Formaci\u00f3n e Intermediaci\u00f3n Laboral"],"inLanguage":"es"},{"@type":"WebPage","@id":"https:\/\/cfpmaresme.org\/es\/el-cfp-es-compromet-amb-la-insercio-laboral-del-col%c2%b7lectiu-amb-diversitat-funcional\/","url":"https:\/\/cfpmaresme.org\/es\/el-cfp-es-compromet-amb-la-insercio-laboral-del-col%c2%b7lectiu-amb-diversitat-funcional\/","name":"El CFP se compromete con la inserci\u00f3n laboral del colectivo con diversidad funcional | CFP Maresme","isPartOf":{"@id":"https:\/\/cfpmaresme.org\/#website"},"primaryImageOfPage":{"@id":"https:\/\/cfpmaresme.org\/es\/el-cfp-es-compromet-amb-la-insercio-laboral-del-col%c2%b7lectiu-amb-diversitat-funcional\/#primaryimage"},"image":{"@id":"https:\/\/cfpmaresme.org\/es\/el-cfp-es-compromet-amb-la-insercio-laboral-del-col%c2%b7lectiu-amb-diversitat-funcional\/#primaryimage"},"thumbnailUrl":"https:\/\/centreformacioprevencio.files.wordpress.com\/2017\/05\/img_20170519_110441.jpg","datePublished":"2017-05-19T10:43:01+00:00","dateModified":"2021-07-23T10:40:34+00:00","author":{"@id":"https:\/\/cfpmaresme.org\/#\/schema\/person\/b2634bcd796fafc667ea4055f61b9b2c"},"breadcrumb":{"@id":"https:\/\/cfpmaresme.org\/es\/el-cfp-es-compromet-amb-la-insercio-laboral-del-col%c2%b7lectiu-amb-diversitat-funcional\/#breadcrumb"},"inLanguage":"es","potentialAction":[{"@type":"ReadAction","target":["https:\/\/cfpmaresme.org\/es\/el-cfp-es-compromet-amb-la-insercio-laboral-del-col%c2%b7lectiu-amb-diversitat-funcional\/"]}]},{"@type":"ImageObject","inLanguage":"es","@id":"https:\/\/cfpmaresme.org\/es\/el-cfp-es-compromet-amb-la-insercio-laboral-del-col%c2%b7lectiu-amb-diversitat-funcional\/#primaryimage","url":"https:\/\/centreformacioprevencio.files.wordpress.com\/2017\/05\/img_20170519_110441.jpg","contentUrl":"https:\/\/centreformacioprevencio.files.wordpress.com\/2017\/05\/img_20170519_110441.jpg"},{"@type":"BreadcrumbList","@id":"https:\/\/cfpmaresme.org\/es\/el-cfp-es-compromet-amb-la-insercio-laboral-del-col%c2%b7lectiu-amb-diversitat-funcional\/#breadcrumb","itemListElement":[{"@type":"ListItem","position":1,"name":"Home","item":"https:\/\/cfpmaresme.org\/es\/"},{"@type":"ListItem","position":2,"name":"El CFP se compromete con la inserci\u00f3n laboral del colectivo con diversidad funcional"}]},{"@type":"WebSite","@id":"https:\/\/cfpmaresme.org\/#website","url":"https:\/\/cfpmaresme.org\/","name":"CFP Maresme","description":"Centre Formaci\u00f3 Prevenci\u00f3","potentialAction":[{"@type":"SearchAction","target":{"@type":"EntryPoint","urlTemplate":"https:\/\/cfpmaresme.org\/?s={search_term_string}"},"query-input":{"@type":"PropertyValueSpecification","valueRequired":true,"valueName":"search_term_string"}}],"inLanguage":"es"},{"@type":"Person","@id":"https:\/\/cfpmaresme.org\/#\/schema\/person\/b2634bcd796fafc667ea4055f61b9b2c","name":"CFPMaresme"}]}},"_links":{"self":[{"href":"https:\/\/cfpmaresme.org\/es\/wp-json\/wp\/v2\/posts\/16943","targetHints":{"allow":["GET"]}}],"collection":[{"href":"https:\/\/cfpmaresme.org\/es\/wp-json\/wp\/v2\/posts"}],"about":[{"href":"https:\/\/cfpmaresme.org\/es\/wp-json\/wp\/v2\/types\/post"}],"author":[{"embeddable":true,"href":"https:\/\/cfpmaresme.org\/es\/wp-json\/wp\/v2\/users\/2"}],"replies":[{"embeddable":true,"href":"https:\/\/cfpmaresme.org\/es\/wp-json\/wp\/v2\/comments?post=16943"}],"version-history":[{"count":3,"href":"https:\/\/cfpmaresme.org\/es\/wp-json\/wp\/v2\/posts\/16943\/revisions"}],"predecessor-version":[{"id":25911,"href":"https:\/\/cfpmaresme.org\/es\/wp-json\/wp\/v2\/posts\/16943\/revisions\/25911"}],"wp:attachment":[{"href":"https:\/\/cfpmaresme.org\/es\/wp-json\/wp\/v2\/media?parent=16943"}],"wp:term":[{"taxonomy":"category","embeddable":true,"href":"https:\/\/cfpmaresme.org\/es\/wp-json\/wp\/v2\/categories?post=16943"},{"taxonomy":"post_tag","embeddable":true,"href":"https:\/\/cfpmaresme.org\/es\/wp-json\/wp\/v2\/tags?post=16943"}],"curies":[{"name":"wp","href":"https:\/\/api.w.org\/{rel}","templated":true}]}}