{"id":16945,"date":"2017-05-09T08:32:38","date_gmt":"2017-05-09T08:32:38","guid":{"rendered":"http:\/\/cfpmaresme.org\/david-ndongo-exposa-la-seva-mostra-dart-colors-al-bar-laltre-de-mataro\/"},"modified":"2020-10-23T14:16:32","modified_gmt":"2020-10-23T12:16:32","slug":"david-ndongo-exposa-la-seva-mostra-dart-colors-al-bar-laltre-de-mataro","status":"publish","type":"post","link":"https:\/\/cfpmaresme.org\/es\/david-ndongo-exposa-la-seva-mostra-dart-colors-al-bar-laltre-de-mataro\/","title":{"rendered":"David N\u2019Dongo expone su muestra de arte \u201cColores\u201d en el bar L\u2019Altre de Matar\u00f3"},"content":{"rendered":"<p style=\"text-align: justify;\">El artista de Alterarte inaugura su exposici\u00f3n con una colecci\u00f3n de obras en las que destacan las tonalidades vivas y un car\u00e1cter optimista.<\/p>\n<p style=\"text-align: justify;\"><img loading=\"lazy\" decoding=\"async\" class=\"alignnone size-full wp-image-1224\" src=\"https:\/\/centreformacioprevencio.files.wordpress.com\/2017\/05\/ndongo.png\" alt=\"ndongo\" width=\"4160\" height=\"2336\" \/><\/p>\n<p style=\"text-align: justify;\">David N\u2019Dongo abri\u00f3 al p\u00fablico su muestra art\u00edstica \u201cColors\u201d el pasado lunes 8 de mayo en el bar L\u2019Altre de Matar\u00f3. El artista, participante del programa art\u00edstico Alterarte del Centre de Formaci\u00f3 i Prevenci\u00f3 y del centro creativo barcelon\u00e9s Susoespai, present\u00f3 un conjunto de obras muy coloridas, con todos c\u00e1lidos y con trazos geom\u00e9tricos bien definidos. <!--more--><\/p>\n<p style=\"text-align: left;\">David ha recogido para esta exposici\u00f3n 14 obras, todas en acr\u00edlico menos una con la t\u00e9cnica del pastel. \u00c9l define sus creaciones con \u00abcuadros muy llamativos y con vida. Mi estilo es esta intensidad de colores. Mi estilo es esta intensidad de colores\u00bb. En cuanto a sus referencias nos indica que \u201calgunes obras tienen connotaciones africanas. Dos de los cuadros que m\u00e1s me gustan son los de Mujeres Africanas y el Comodor. Este \u00faltimo est\u00e1 dedicado a mi padre\u00bb. <img loading=\"lazy\" decoding=\"async\" class=\"alignnone size-full wp-image-1228\" src=\"https:\/\/centreformacioprevencio.files.wordpress.com\/2017\/05\/dones_africanes.png\" alt=\"dones_africanes\" width=\"3193\" height=\"2188\" \/><\/p>\n<p style=\"text-align: justify;\"><em>Mujeres africanas, de David N&#8217;Dongo<\/em><\/p>\n<p style=\"text-align: justify;\">Tambi\u00e9n encontramos otra secci\u00f3n en la que aparecen formas m\u00e1s sim\u00e9tricas. David nos explica que \u201ctambi\u00e9n trabajo con figuras geom\u00e9tricas. Cojo la regla y empiezo a dibujar l\u00ednias y semic\u00edrculos. Aunque siempre se conserva esta saturaci\u00f3n del color\u201d.<\/p>\n<p style=\"text-align: justify;\"><img loading=\"lazy\" decoding=\"async\" class=\"alignnone size-full wp-image-1231\" src=\"https:\/\/centreformacioprevencio.files.wordpress.com\/2017\/05\/majordom_negre.png\" alt=\"majordom_negre\" width=\"3328\" height=\"2176\" \/><\/p>\n<p style=\"text-align: justify;\"><em>Comodor, de David N&#8217;Dongo<\/em><\/p>\n<p style=\"text-align: justify;\">Este artista, que alterna su colaboraci\u00f3n con Alterarte y Susoespai con las tareas de casa, nos expresa que \u00abme gustar\u00eda hacer m\u00e1s exposiciones. Tengo m\u00e1s cuadros y no paro nunca de hacer cosas nuevas. En casa o en los talleres en los que participo. De esta manera puedo ir ampliando los conceptos que quiero desarrollar\u00bb. a<\/p>\n<p style=\"text-align: justify;\">La exposici\u00f3n ser\u00e1 presente en el bar eL\u2019Altre de Matar\u00f3 hasta el d\u00eda 5 de junio.<\/p>\n","protected":false},"excerpt":{"rendered":"<p>El artista de Alterarte inaugura su exposici\u00f3n con una colecci\u00f3n de obras en las que destacan las tonalidades vivas y un car\u00e1cter optimista. David N\u2019Dongo abri\u00f3 al p\u00fablico su muestra art\u00edstica \u201cColors\u201d el pasado lunes 8 de mayo en el bar L\u2019Altre de Matar\u00f3. El&#8230;<\/p>\n","protected":false},"author":2,"featured_media":0,"comment_status":"closed","ping_status":"closed","sticky":false,"template":"","format":"standard","meta":{"footnotes":""},"categories":[1234],"tags":[709,643,726,777,645,778,711,468,617,714,469,781,654,623,782],"class_list":["post-16945","post","type-post","status-publish","format-standard","hentry","category-alterarte-es","tag-alterarte-es","tag-art-es","tag-artistic-es","tag-colors-es","tag-comunitaria-es","tag-david-es","tag-exposicio-es","tag-laltre","tag-mataro-es","tag-mostra-es","tag-ndongo","tag-quadres-es","tag-rehabilitacio-es","tag-servei-es","tag-susoespai-es"],"yoast_head":"<!-- This site is optimized with the Yoast SEO plugin v27.4 - https:\/\/yoast.com\/product\/yoast-seo-wordpress\/ -->\n<title>David N\u2019Dongo expone su muestra de arte \u201cColores\u201d en el bar L\u2019Altre de Matar\u00f3 | CFP Maresme<\/title>\n<meta name=\"robots\" content=\"index, follow, max-snippet:-1, max-image-preview:large, max-video-preview:-1\" \/>\n<link rel=\"canonical\" href=\"https:\/\/cfpmaresme.org\/es\/david-ndongo-exposa-la-seva-mostra-dart-colors-al-bar-laltre-de-mataro\/\" \/>\n<meta property=\"og:locale\" content=\"es_ES\" \/>\n<meta property=\"og:type\" content=\"article\" \/>\n<meta property=\"og:title\" content=\"David N\u2019Dongo expone su muestra de arte \u201cColores\u201d en el bar L\u2019Altre de Matar\u00f3 | CFP Maresme\" \/>\n<meta property=\"og:description\" content=\"El artista de Alterarte inaugura su exposici\u00f3n con una colecci\u00f3n de obras en las que destacan las tonalidades vivas y un car\u00e1cter optimista. David N\u2019Dongo abri\u00f3 al p\u00fablico su muestra art\u00edstica \u201cColors\u201d el pasado lunes 8 de mayo en el bar L\u2019Altre de Matar\u00f3. El...\" \/>\n<meta property=\"og:url\" content=\"https:\/\/cfpmaresme.org\/es\/david-ndongo-exposa-la-seva-mostra-dart-colors-al-bar-laltre-de-mataro\/\" \/>\n<meta property=\"og:site_name\" content=\"CFP Maresme\" \/>\n<meta property=\"article:published_time\" content=\"2017-05-09T08:32:38+00:00\" \/>\n<meta property=\"article:modified_time\" content=\"2020-10-23T12:16:32+00:00\" \/>\n<meta property=\"og:image\" content=\"https:\/\/centreformacioprevencio.files.wordpress.com\/2017\/05\/ndongo.png\" \/>\n<meta name=\"author\" content=\"CFPMaresme\" \/>\n<meta name=\"twitter:card\" content=\"summary_large_image\" \/>\n<meta name=\"twitter:creator\" content=\"@cfpmaresme\" \/>\n<meta name=\"twitter:site\" content=\"@cfpmaresme\" \/>\n<meta name=\"twitter:label1\" content=\"Escrito por\" \/>\n\t<meta name=\"twitter:data1\" content=\"CFPMaresme\" \/>\n\t<meta name=\"twitter:label2\" content=\"Tiempo de lectura\" \/>\n\t<meta name=\"twitter:data2\" content=\"2 minutos\" \/>\n<script type=\"application\/ld+json\" class=\"yoast-schema-graph\">{\"@context\":\"https:\\\/\\\/schema.org\",\"@graph\":[{\"@type\":\"Article\",\"@id\":\"https:\\\/\\\/cfpmaresme.org\\\/es\\\/david-ndongo-exposa-la-seva-mostra-dart-colors-al-bar-laltre-de-mataro\\\/#article\",\"isPartOf\":{\"@id\":\"https:\\\/\\\/cfpmaresme.org\\\/es\\\/david-ndongo-exposa-la-seva-mostra-dart-colors-al-bar-laltre-de-mataro\\\/\"},\"author\":{\"name\":\"CFPMaresme\",\"@id\":\"https:\\\/\\\/cfpmaresme.org\\\/#\\\/schema\\\/person\\\/b2634bcd796fafc667ea4055f61b9b2c\"},\"headline\":\"David N\u2019Dongo expone su muestra de arte \u201cColores\u201d en el bar L\u2019Altre de Matar\u00f3\",\"datePublished\":\"2017-05-09T08:32:38+00:00\",\"dateModified\":\"2020-10-23T12:16:32+00:00\",\"mainEntityOfPage\":{\"@id\":\"https:\\\/\\\/cfpmaresme.org\\\/es\\\/david-ndongo-exposa-la-seva-mostra-dart-colors-al-bar-laltre-de-mataro\\\/\"},\"wordCount\":323,\"image\":{\"@id\":\"https:\\\/\\\/cfpmaresme.org\\\/es\\\/david-ndongo-exposa-la-seva-mostra-dart-colors-al-bar-laltre-de-mataro\\\/#primaryimage\"},\"thumbnailUrl\":\"https:\\\/\\\/centreformacioprevencio.files.wordpress.com\\\/2017\\\/05\\\/ndongo.png\",\"keywords\":[\"alterarte\",\"Art\",\"art\u00edstic\",\"colors\",\"comunit\u00e0ria\",\"david\",\"exposicio\",\"l'altre\",\"matar\u00f3\",\"mostra\",\"n'dongo\",\"quadres\",\"rehabilitaci\u00f3\",\"servei\",\"susoespai\"],\"articleSection\":[\"Alterarte\"],\"inLanguage\":\"es\"},{\"@type\":\"WebPage\",\"@id\":\"https:\\\/\\\/cfpmaresme.org\\\/es\\\/david-ndongo-exposa-la-seva-mostra-dart-colors-al-bar-laltre-de-mataro\\\/\",\"url\":\"https:\\\/\\\/cfpmaresme.org\\\/es\\\/david-ndongo-exposa-la-seva-mostra-dart-colors-al-bar-laltre-de-mataro\\\/\",\"name\":\"David N\u2019Dongo expone su muestra de arte \u201cColores\u201d en el bar L\u2019Altre de Matar\u00f3 | CFP Maresme\",\"isPartOf\":{\"@id\":\"https:\\\/\\\/cfpmaresme.org\\\/#website\"},\"primaryImageOfPage\":{\"@id\":\"https:\\\/\\\/cfpmaresme.org\\\/es\\\/david-ndongo-exposa-la-seva-mostra-dart-colors-al-bar-laltre-de-mataro\\\/#primaryimage\"},\"image\":{\"@id\":\"https:\\\/\\\/cfpmaresme.org\\\/es\\\/david-ndongo-exposa-la-seva-mostra-dart-colors-al-bar-laltre-de-mataro\\\/#primaryimage\"},\"thumbnailUrl\":\"https:\\\/\\\/centreformacioprevencio.files.wordpress.com\\\/2017\\\/05\\\/ndongo.png\",\"datePublished\":\"2017-05-09T08:32:38+00:00\",\"dateModified\":\"2020-10-23T12:16:32+00:00\",\"author\":{\"@id\":\"https:\\\/\\\/cfpmaresme.org\\\/#\\\/schema\\\/person\\\/b2634bcd796fafc667ea4055f61b9b2c\"},\"breadcrumb\":{\"@id\":\"https:\\\/\\\/cfpmaresme.org\\\/es\\\/david-ndongo-exposa-la-seva-mostra-dart-colors-al-bar-laltre-de-mataro\\\/#breadcrumb\"},\"inLanguage\":\"es\",\"potentialAction\":[{\"@type\":\"ReadAction\",\"target\":[\"https:\\\/\\\/cfpmaresme.org\\\/es\\\/david-ndongo-exposa-la-seva-mostra-dart-colors-al-bar-laltre-de-mataro\\\/\"]}]},{\"@type\":\"ImageObject\",\"inLanguage\":\"es\",\"@id\":\"https:\\\/\\\/cfpmaresme.org\\\/es\\\/david-ndongo-exposa-la-seva-mostra-dart-colors-al-bar-laltre-de-mataro\\\/#primaryimage\",\"url\":\"https:\\\/\\\/centreformacioprevencio.files.wordpress.com\\\/2017\\\/05\\\/ndongo.png\",\"contentUrl\":\"https:\\\/\\\/centreformacioprevencio.files.wordpress.com\\\/2017\\\/05\\\/ndongo.png\"},{\"@type\":\"BreadcrumbList\",\"@id\":\"https:\\\/\\\/cfpmaresme.org\\\/es\\\/david-ndongo-exposa-la-seva-mostra-dart-colors-al-bar-laltre-de-mataro\\\/#breadcrumb\",\"itemListElement\":[{\"@type\":\"ListItem\",\"position\":1,\"name\":\"Home\",\"item\":\"https:\\\/\\\/cfpmaresme.org\\\/es\\\/\"},{\"@type\":\"ListItem\",\"position\":2,\"name\":\"David N\u2019Dongo expone su muestra de arte \u201cColores\u201d en el bar L\u2019Altre de Matar\u00f3\"}]},{\"@type\":\"WebSite\",\"@id\":\"https:\\\/\\\/cfpmaresme.org\\\/#website\",\"url\":\"https:\\\/\\\/cfpmaresme.org\\\/\",\"name\":\"CFP Maresme\",\"description\":\"Centre Formaci\u00f3 Prevenci\u00f3\",\"potentialAction\":[{\"@type\":\"SearchAction\",\"target\":{\"@type\":\"EntryPoint\",\"urlTemplate\":\"https:\\\/\\\/cfpmaresme.org\\\/?s={search_term_string}\"},\"query-input\":{\"@type\":\"PropertyValueSpecification\",\"valueRequired\":true,\"valueName\":\"search_term_string\"}}],\"inLanguage\":\"es\"},{\"@type\":\"Person\",\"@id\":\"https:\\\/\\\/cfpmaresme.org\\\/#\\\/schema\\\/person\\\/b2634bcd796fafc667ea4055f61b9b2c\",\"name\":\"CFPMaresme\"}]}<\/script>\n<!-- \/ Yoast SEO plugin. -->","yoast_head_json":{"title":"David N\u2019Dongo expone su muestra de arte \u201cColores\u201d en el bar L\u2019Altre de Matar\u00f3 | CFP Maresme","robots":{"index":"index","follow":"follow","max-snippet":"max-snippet:-1","max-image-preview":"max-image-preview:large","max-video-preview":"max-video-preview:-1"},"canonical":"https:\/\/cfpmaresme.org\/es\/david-ndongo-exposa-la-seva-mostra-dart-colors-al-bar-laltre-de-mataro\/","og_locale":"es_ES","og_type":"article","og_title":"David N\u2019Dongo expone su muestra de arte \u201cColores\u201d en el bar L\u2019Altre de Matar\u00f3 | CFP Maresme","og_description":"El artista de Alterarte inaugura su exposici\u00f3n con una colecci\u00f3n de obras en las que destacan las tonalidades vivas y un car\u00e1cter optimista. David N\u2019Dongo abri\u00f3 al p\u00fablico su muestra art\u00edstica \u201cColors\u201d el pasado lunes 8 de mayo en el bar L\u2019Altre de Matar\u00f3. El...","og_url":"https:\/\/cfpmaresme.org\/es\/david-ndongo-exposa-la-seva-mostra-dart-colors-al-bar-laltre-de-mataro\/","og_site_name":"CFP Maresme","article_published_time":"2017-05-09T08:32:38+00:00","article_modified_time":"2020-10-23T12:16:32+00:00","og_image":[{"url":"https:\/\/centreformacioprevencio.files.wordpress.com\/2017\/05\/ndongo.png","type":"","width":"","height":""}],"author":"CFPMaresme","twitter_card":"summary_large_image","twitter_creator":"@cfpmaresme","twitter_site":"@cfpmaresme","twitter_misc":{"Escrito por":"CFPMaresme","Tiempo de lectura":"2 minutos"},"schema":{"@context":"https:\/\/schema.org","@graph":[{"@type":"Article","@id":"https:\/\/cfpmaresme.org\/es\/david-ndongo-exposa-la-seva-mostra-dart-colors-al-bar-laltre-de-mataro\/#article","isPartOf":{"@id":"https:\/\/cfpmaresme.org\/es\/david-ndongo-exposa-la-seva-mostra-dart-colors-al-bar-laltre-de-mataro\/"},"author":{"name":"CFPMaresme","@id":"https:\/\/cfpmaresme.org\/#\/schema\/person\/b2634bcd796fafc667ea4055f61b9b2c"},"headline":"David N\u2019Dongo expone su muestra de arte \u201cColores\u201d en el bar L\u2019Altre de Matar\u00f3","datePublished":"2017-05-09T08:32:38+00:00","dateModified":"2020-10-23T12:16:32+00:00","mainEntityOfPage":{"@id":"https:\/\/cfpmaresme.org\/es\/david-ndongo-exposa-la-seva-mostra-dart-colors-al-bar-laltre-de-mataro\/"},"wordCount":323,"image":{"@id":"https:\/\/cfpmaresme.org\/es\/david-ndongo-exposa-la-seva-mostra-dart-colors-al-bar-laltre-de-mataro\/#primaryimage"},"thumbnailUrl":"https:\/\/centreformacioprevencio.files.wordpress.com\/2017\/05\/ndongo.png","keywords":["alterarte","Art","art\u00edstic","colors","comunit\u00e0ria","david","exposicio","l'altre","matar\u00f3","mostra","n'dongo","quadres","rehabilitaci\u00f3","servei","susoespai"],"articleSection":["Alterarte"],"inLanguage":"es"},{"@type":"WebPage","@id":"https:\/\/cfpmaresme.org\/es\/david-ndongo-exposa-la-seva-mostra-dart-colors-al-bar-laltre-de-mataro\/","url":"https:\/\/cfpmaresme.org\/es\/david-ndongo-exposa-la-seva-mostra-dart-colors-al-bar-laltre-de-mataro\/","name":"David N\u2019Dongo expone su muestra de arte \u201cColores\u201d en el bar L\u2019Altre de Matar\u00f3 | CFP Maresme","isPartOf":{"@id":"https:\/\/cfpmaresme.org\/#website"},"primaryImageOfPage":{"@id":"https:\/\/cfpmaresme.org\/es\/david-ndongo-exposa-la-seva-mostra-dart-colors-al-bar-laltre-de-mataro\/#primaryimage"},"image":{"@id":"https:\/\/cfpmaresme.org\/es\/david-ndongo-exposa-la-seva-mostra-dart-colors-al-bar-laltre-de-mataro\/#primaryimage"},"thumbnailUrl":"https:\/\/centreformacioprevencio.files.wordpress.com\/2017\/05\/ndongo.png","datePublished":"2017-05-09T08:32:38+00:00","dateModified":"2020-10-23T12:16:32+00:00","author":{"@id":"https:\/\/cfpmaresme.org\/#\/schema\/person\/b2634bcd796fafc667ea4055f61b9b2c"},"breadcrumb":{"@id":"https:\/\/cfpmaresme.org\/es\/david-ndongo-exposa-la-seva-mostra-dart-colors-al-bar-laltre-de-mataro\/#breadcrumb"},"inLanguage":"es","potentialAction":[{"@type":"ReadAction","target":["https:\/\/cfpmaresme.org\/es\/david-ndongo-exposa-la-seva-mostra-dart-colors-al-bar-laltre-de-mataro\/"]}]},{"@type":"ImageObject","inLanguage":"es","@id":"https:\/\/cfpmaresme.org\/es\/david-ndongo-exposa-la-seva-mostra-dart-colors-al-bar-laltre-de-mataro\/#primaryimage","url":"https:\/\/centreformacioprevencio.files.wordpress.com\/2017\/05\/ndongo.png","contentUrl":"https:\/\/centreformacioprevencio.files.wordpress.com\/2017\/05\/ndongo.png"},{"@type":"BreadcrumbList","@id":"https:\/\/cfpmaresme.org\/es\/david-ndongo-exposa-la-seva-mostra-dart-colors-al-bar-laltre-de-mataro\/#breadcrumb","itemListElement":[{"@type":"ListItem","position":1,"name":"Home","item":"https:\/\/cfpmaresme.org\/es\/"},{"@type":"ListItem","position":2,"name":"David N\u2019Dongo expone su muestra de arte \u201cColores\u201d en el bar L\u2019Altre de Matar\u00f3"}]},{"@type":"WebSite","@id":"https:\/\/cfpmaresme.org\/#website","url":"https:\/\/cfpmaresme.org\/","name":"CFP Maresme","description":"Centre Formaci\u00f3 Prevenci\u00f3","potentialAction":[{"@type":"SearchAction","target":{"@type":"EntryPoint","urlTemplate":"https:\/\/cfpmaresme.org\/?s={search_term_string}"},"query-input":{"@type":"PropertyValueSpecification","valueRequired":true,"valueName":"search_term_string"}}],"inLanguage":"es"},{"@type":"Person","@id":"https:\/\/cfpmaresme.org\/#\/schema\/person\/b2634bcd796fafc667ea4055f61b9b2c","name":"CFPMaresme"}]}},"_links":{"self":[{"href":"https:\/\/cfpmaresme.org\/es\/wp-json\/wp\/v2\/posts\/16945","targetHints":{"allow":["GET"]}}],"collection":[{"href":"https:\/\/cfpmaresme.org\/es\/wp-json\/wp\/v2\/posts"}],"about":[{"href":"https:\/\/cfpmaresme.org\/es\/wp-json\/wp\/v2\/types\/post"}],"author":[{"embeddable":true,"href":"https:\/\/cfpmaresme.org\/es\/wp-json\/wp\/v2\/users\/2"}],"replies":[{"embeddable":true,"href":"https:\/\/cfpmaresme.org\/es\/wp-json\/wp\/v2\/comments?post=16945"}],"version-history":[{"count":3,"href":"https:\/\/cfpmaresme.org\/es\/wp-json\/wp\/v2\/posts\/16945\/revisions"}],"predecessor-version":[{"id":22113,"href":"https:\/\/cfpmaresme.org\/es\/wp-json\/wp\/v2\/posts\/16945\/revisions\/22113"}],"wp:attachment":[{"href":"https:\/\/cfpmaresme.org\/es\/wp-json\/wp\/v2\/media?parent=16945"}],"wp:term":[{"taxonomy":"category","embeddable":true,"href":"https:\/\/cfpmaresme.org\/es\/wp-json\/wp\/v2\/categories?post=16945"},{"taxonomy":"post_tag","embeddable":true,"href":"https:\/\/cfpmaresme.org\/es\/wp-json\/wp\/v2\/tags?post=16945"}],"curies":[{"name":"wp","href":"https:\/\/api.w.org\/{rel}","templated":true}]}}