{"id":16946,"date":"2017-04-28T07:31:42","date_gmt":"2017-04-28T07:31:42","guid":{"rendered":"http:\/\/cfpmaresme.org\/tot-a-punt-per-la-1a-festa-de-lesport-inclusiu-a-mataro\/"},"modified":"2021-06-30T13:35:34","modified_gmt":"2021-06-30T11:35:34","slug":"tot-a-punt-per-la-1a-festa-de-lesport-inclusiu-a-mataro","status":"publish","type":"post","link":"https:\/\/cfpmaresme.org\/es\/tot-a-punt-per-la-1a-festa-de-lesport-inclusiu-a-mataro\/","title":{"rendered":"Todo a punto para la 1a fiesta del Deporte Inclusivo en Matar\u00f3"},"content":{"rendered":"<p>La Jornada Esport per a Tothom celebrar\u00e1 el s\u00e1bado 20 de mayo su primera edici\u00f3n<\/p>\n<p><img loading=\"lazy\" decoding=\"async\" class=\"alignnone size-full wp-image-1204\" src=\"https:\/\/centreformacioprevencio.files.wordpress.com\/2017\/05\/flyer-1.png\" alt=\"flyer-1\" width=\"1657\" height=\"916\" \/><\/p>\n<p style=\"text-align: justify;\">El pr\u00f3ximo s\u00e1bado 20 de mayo de 10 a 14 de la ma\u00f1ana tendr\u00e1 lugar en el Nou Parc Central de Matar\u00f3 la 1a fiesta del deporte inclusivo en la ciudad. La jornada, bajo el nombre \u201cEsport per a Tothom\u201d, es organizada por Forum Salud Mental con la colaboraci\u00f3n del Centre de Formaci\u00f3 i Prevenci\u00f3 y el soporte del Ayuntamiento de Matar\u00f3. Ser\u00e1 una fiesta llena de actividades de ocio abiertas a cualquier persona que quiera participar que nace con la intenci\u00f3n de acercar el deporte, la salud y el respeto por la diversidad en nuestra ciudad.<\/p>\n<p style=\"text-align: justify;\"><!--more--><\/p>\n<p style=\"text-align: justify;\">En concreto se podr\u00e1 practicar f\u00fatbol 3X3, baloncesto 3X3, tenis taula, ajedrez y billas catalanas. Tambi\u00e9n se har\u00e1 un sorteo con premios muy importantes como camisetas firmadas por los jugadores del FC Barcelona Neymar Jr y Carles Ale\u00f1\u00e1 o por el tenista mataron\u00edn Albert Ramos. Contaremos tambi\u00e9n con la presencia de los ex-futbolistas\u00a0 Jose Antonio \u201cPepito\u201d Ramos y Paco Clos.<\/p>\n<p style=\"text-align: justify;\">\u00a1Os esperamos!<\/p>\n","protected":false},"excerpt":{"rendered":"<p>La Jornada Esport per a Tothom celebrar\u00e1 el s\u00e1bado 20 de mayo su primera edici\u00f3n El pr\u00f3ximo s\u00e1bado 20 de mayo de 10 a 14 de la ma\u00f1ana tendr\u00e1 lugar en el Nou Parc Central de Matar\u00f3 la 1a fiesta del deporte inclusivo en la&#8230;<\/p>\n","protected":false},"author":2,"featured_media":0,"comment_status":"open","ping_status":"open","sticky":false,"template":"","format":"standard","meta":{"footnotes":""},"categories":[1187],"tags":[603,739,740,743,630,744,745,635,783,748,749,784,617,706,750,751,785,638,681,786,755,756],"class_list":["post-16946","post","type-post","status-publish","format-standard","hentry","category-cfp-maresme-es","tag-ajuntament-es","tag-basquet-es","tag-bitlles-es","tag-central-es","tag-centre-es","tag-escacs-es","tag-esport-es","tag-formacio-es","tag-forum-es","tag-futbol-es","tag-inclusiu-es","tag-junts-es","tag-mataro-es","tag-mental-es","tag-nou-es","tag-parc-es","tag-premis-es","tag-prevencio-es","tag-salut-es","tag-sorteig-es","tag-tenis-es","tag-tothom-es"],"yoast_head":"<!-- This site is optimized with the Yoast SEO plugin v27.4 - https:\/\/yoast.com\/product\/yoast-seo-wordpress\/ -->\n<title>Todo a punto para la 1a fiesta del Deporte Inclusivo en Matar\u00f3 | CFP Maresme<\/title>\n<meta name=\"robots\" content=\"index, follow, max-snippet:-1, max-image-preview:large, max-video-preview:-1\" \/>\n<link rel=\"canonical\" href=\"https:\/\/cfpmaresme.org\/es\/tot-a-punt-per-la-1a-festa-de-lesport-inclusiu-a-mataro\/\" \/>\n<meta property=\"og:locale\" content=\"es_ES\" \/>\n<meta property=\"og:type\" content=\"article\" \/>\n<meta property=\"og:title\" content=\"Todo a punto para la 1a fiesta del Deporte Inclusivo en Matar\u00f3 | CFP Maresme\" \/>\n<meta property=\"og:description\" content=\"La Jornada Esport per a Tothom celebrar\u00e1 el s\u00e1bado 20 de mayo su primera edici\u00f3n El pr\u00f3ximo s\u00e1bado 20 de mayo de 10 a 14 de la ma\u00f1ana tendr\u00e1 lugar en el Nou Parc Central de Matar\u00f3 la 1a fiesta del deporte inclusivo en la...\" \/>\n<meta property=\"og:url\" content=\"https:\/\/cfpmaresme.org\/es\/tot-a-punt-per-la-1a-festa-de-lesport-inclusiu-a-mataro\/\" \/>\n<meta property=\"og:site_name\" content=\"CFP Maresme\" \/>\n<meta property=\"article:published_time\" content=\"2017-04-28T07:31:42+00:00\" \/>\n<meta property=\"article:modified_time\" content=\"2021-06-30T11:35:34+00:00\" \/>\n<meta property=\"og:image\" content=\"https:\/\/centreformacioprevencio.files.wordpress.com\/2017\/05\/flyer-1.png\" \/>\n<meta name=\"author\" content=\"CFPMaresme\" \/>\n<meta name=\"twitter:card\" content=\"summary_large_image\" \/>\n<meta name=\"twitter:creator\" content=\"@cfpmaresme\" \/>\n<meta name=\"twitter:site\" content=\"@cfpmaresme\" \/>\n<meta name=\"twitter:label1\" content=\"Escrito por\" \/>\n\t<meta name=\"twitter:data1\" content=\"CFPMaresme\" \/>\n\t<meta name=\"twitter:label2\" content=\"Tiempo de lectura\" \/>\n\t<meta name=\"twitter:data2\" content=\"1 minuto\" \/>\n<script type=\"application\/ld+json\" class=\"yoast-schema-graph\">{\"@context\":\"https:\\\/\\\/schema.org\",\"@graph\":[{\"@type\":\"Article\",\"@id\":\"https:\\\/\\\/cfpmaresme.org\\\/es\\\/tot-a-punt-per-la-1a-festa-de-lesport-inclusiu-a-mataro\\\/#article\",\"isPartOf\":{\"@id\":\"https:\\\/\\\/cfpmaresme.org\\\/es\\\/tot-a-punt-per-la-1a-festa-de-lesport-inclusiu-a-mataro\\\/\"},\"author\":{\"name\":\"CFPMaresme\",\"@id\":\"https:\\\/\\\/cfpmaresme.org\\\/#\\\/schema\\\/person\\\/b2634bcd796fafc667ea4055f61b9b2c\"},\"headline\":\"Todo a punto para la 1a fiesta del Deporte Inclusivo en Matar\u00f3\",\"datePublished\":\"2017-04-28T07:31:42+00:00\",\"dateModified\":\"2021-06-30T11:35:34+00:00\",\"mainEntityOfPage\":{\"@id\":\"https:\\\/\\\/cfpmaresme.org\\\/es\\\/tot-a-punt-per-la-1a-festa-de-lesport-inclusiu-a-mataro\\\/\"},\"wordCount\":193,\"commentCount\":0,\"image\":{\"@id\":\"https:\\\/\\\/cfpmaresme.org\\\/es\\\/tot-a-punt-per-la-1a-festa-de-lesport-inclusiu-a-mataro\\\/#primaryimage\"},\"thumbnailUrl\":\"https:\\\/\\\/centreformacioprevencio.files.wordpress.com\\\/2017\\\/05\\\/flyer-1.png\",\"keywords\":[\"ajuntament\",\"b\u00e0squet\",\"bitlles\",\"central\",\"centre\",\"escacs\",\"esport\",\"formaci\u00f3\",\"f\u00f2rum\",\"futbol\",\"inclusiu\",\"junts\",\"matar\u00f3\",\"mental\",\"nou\",\"parc\",\"premis\",\"prevenci\u00f3\",\"salut\",\"sorteig\",\"tenis\",\"tothom\"],\"articleSection\":[\"CFP Maresme\"],\"inLanguage\":\"es\"},{\"@type\":\"WebPage\",\"@id\":\"https:\\\/\\\/cfpmaresme.org\\\/es\\\/tot-a-punt-per-la-1a-festa-de-lesport-inclusiu-a-mataro\\\/\",\"url\":\"https:\\\/\\\/cfpmaresme.org\\\/es\\\/tot-a-punt-per-la-1a-festa-de-lesport-inclusiu-a-mataro\\\/\",\"name\":\"Todo a punto para la 1a fiesta del Deporte Inclusivo en Matar\u00f3 | CFP Maresme\",\"isPartOf\":{\"@id\":\"https:\\\/\\\/cfpmaresme.org\\\/#website\"},\"primaryImageOfPage\":{\"@id\":\"https:\\\/\\\/cfpmaresme.org\\\/es\\\/tot-a-punt-per-la-1a-festa-de-lesport-inclusiu-a-mataro\\\/#primaryimage\"},\"image\":{\"@id\":\"https:\\\/\\\/cfpmaresme.org\\\/es\\\/tot-a-punt-per-la-1a-festa-de-lesport-inclusiu-a-mataro\\\/#primaryimage\"},\"thumbnailUrl\":\"https:\\\/\\\/centreformacioprevencio.files.wordpress.com\\\/2017\\\/05\\\/flyer-1.png\",\"datePublished\":\"2017-04-28T07:31:42+00:00\",\"dateModified\":\"2021-06-30T11:35:34+00:00\",\"author\":{\"@id\":\"https:\\\/\\\/cfpmaresme.org\\\/#\\\/schema\\\/person\\\/b2634bcd796fafc667ea4055f61b9b2c\"},\"breadcrumb\":{\"@id\":\"https:\\\/\\\/cfpmaresme.org\\\/es\\\/tot-a-punt-per-la-1a-festa-de-lesport-inclusiu-a-mataro\\\/#breadcrumb\"},\"inLanguage\":\"es\",\"potentialAction\":[{\"@type\":\"ReadAction\",\"target\":[\"https:\\\/\\\/cfpmaresme.org\\\/es\\\/tot-a-punt-per-la-1a-festa-de-lesport-inclusiu-a-mataro\\\/\"]}]},{\"@type\":\"ImageObject\",\"inLanguage\":\"es\",\"@id\":\"https:\\\/\\\/cfpmaresme.org\\\/es\\\/tot-a-punt-per-la-1a-festa-de-lesport-inclusiu-a-mataro\\\/#primaryimage\",\"url\":\"https:\\\/\\\/centreformacioprevencio.files.wordpress.com\\\/2017\\\/05\\\/flyer-1.png\",\"contentUrl\":\"https:\\\/\\\/centreformacioprevencio.files.wordpress.com\\\/2017\\\/05\\\/flyer-1.png\"},{\"@type\":\"BreadcrumbList\",\"@id\":\"https:\\\/\\\/cfpmaresme.org\\\/es\\\/tot-a-punt-per-la-1a-festa-de-lesport-inclusiu-a-mataro\\\/#breadcrumb\",\"itemListElement\":[{\"@type\":\"ListItem\",\"position\":1,\"name\":\"Home\",\"item\":\"https:\\\/\\\/cfpmaresme.org\\\/es\\\/\"},{\"@type\":\"ListItem\",\"position\":2,\"name\":\"Todo a punto para la 1a fiesta del Deporte Inclusivo en Matar\u00f3\"}]},{\"@type\":\"WebSite\",\"@id\":\"https:\\\/\\\/cfpmaresme.org\\\/#website\",\"url\":\"https:\\\/\\\/cfpmaresme.org\\\/\",\"name\":\"CFP Maresme\",\"description\":\"Centre Formaci\u00f3 Prevenci\u00f3\",\"potentialAction\":[{\"@type\":\"SearchAction\",\"target\":{\"@type\":\"EntryPoint\",\"urlTemplate\":\"https:\\\/\\\/cfpmaresme.org\\\/?s={search_term_string}\"},\"query-input\":{\"@type\":\"PropertyValueSpecification\",\"valueRequired\":true,\"valueName\":\"search_term_string\"}}],\"inLanguage\":\"es\"},{\"@type\":\"Person\",\"@id\":\"https:\\\/\\\/cfpmaresme.org\\\/#\\\/schema\\\/person\\\/b2634bcd796fafc667ea4055f61b9b2c\",\"name\":\"CFPMaresme\"}]}<\/script>\n<!-- \/ Yoast SEO plugin. -->","yoast_head_json":{"title":"Todo a punto para la 1a fiesta del Deporte Inclusivo en Matar\u00f3 | CFP Maresme","robots":{"index":"index","follow":"follow","max-snippet":"max-snippet:-1","max-image-preview":"max-image-preview:large","max-video-preview":"max-video-preview:-1"},"canonical":"https:\/\/cfpmaresme.org\/es\/tot-a-punt-per-la-1a-festa-de-lesport-inclusiu-a-mataro\/","og_locale":"es_ES","og_type":"article","og_title":"Todo a punto para la 1a fiesta del Deporte Inclusivo en Matar\u00f3 | CFP Maresme","og_description":"La Jornada Esport per a Tothom celebrar\u00e1 el s\u00e1bado 20 de mayo su primera edici\u00f3n El pr\u00f3ximo s\u00e1bado 20 de mayo de 10 a 14 de la ma\u00f1ana tendr\u00e1 lugar en el Nou Parc Central de Matar\u00f3 la 1a fiesta del deporte inclusivo en la...","og_url":"https:\/\/cfpmaresme.org\/es\/tot-a-punt-per-la-1a-festa-de-lesport-inclusiu-a-mataro\/","og_site_name":"CFP Maresme","article_published_time":"2017-04-28T07:31:42+00:00","article_modified_time":"2021-06-30T11:35:34+00:00","og_image":[{"url":"https:\/\/centreformacioprevencio.files.wordpress.com\/2017\/05\/flyer-1.png","type":"","width":"","height":""}],"author":"CFPMaresme","twitter_card":"summary_large_image","twitter_creator":"@cfpmaresme","twitter_site":"@cfpmaresme","twitter_misc":{"Escrito por":"CFPMaresme","Tiempo de lectura":"1 minuto"},"schema":{"@context":"https:\/\/schema.org","@graph":[{"@type":"Article","@id":"https:\/\/cfpmaresme.org\/es\/tot-a-punt-per-la-1a-festa-de-lesport-inclusiu-a-mataro\/#article","isPartOf":{"@id":"https:\/\/cfpmaresme.org\/es\/tot-a-punt-per-la-1a-festa-de-lesport-inclusiu-a-mataro\/"},"author":{"name":"CFPMaresme","@id":"https:\/\/cfpmaresme.org\/#\/schema\/person\/b2634bcd796fafc667ea4055f61b9b2c"},"headline":"Todo a punto para la 1a fiesta del Deporte Inclusivo en Matar\u00f3","datePublished":"2017-04-28T07:31:42+00:00","dateModified":"2021-06-30T11:35:34+00:00","mainEntityOfPage":{"@id":"https:\/\/cfpmaresme.org\/es\/tot-a-punt-per-la-1a-festa-de-lesport-inclusiu-a-mataro\/"},"wordCount":193,"commentCount":0,"image":{"@id":"https:\/\/cfpmaresme.org\/es\/tot-a-punt-per-la-1a-festa-de-lesport-inclusiu-a-mataro\/#primaryimage"},"thumbnailUrl":"https:\/\/centreformacioprevencio.files.wordpress.com\/2017\/05\/flyer-1.png","keywords":["ajuntament","b\u00e0squet","bitlles","central","centre","escacs","esport","formaci\u00f3","f\u00f2rum","futbol","inclusiu","junts","matar\u00f3","mental","nou","parc","premis","prevenci\u00f3","salut","sorteig","tenis","tothom"],"articleSection":["CFP Maresme"],"inLanguage":"es"},{"@type":"WebPage","@id":"https:\/\/cfpmaresme.org\/es\/tot-a-punt-per-la-1a-festa-de-lesport-inclusiu-a-mataro\/","url":"https:\/\/cfpmaresme.org\/es\/tot-a-punt-per-la-1a-festa-de-lesport-inclusiu-a-mataro\/","name":"Todo a punto para la 1a fiesta del Deporte Inclusivo en Matar\u00f3 | CFP Maresme","isPartOf":{"@id":"https:\/\/cfpmaresme.org\/#website"},"primaryImageOfPage":{"@id":"https:\/\/cfpmaresme.org\/es\/tot-a-punt-per-la-1a-festa-de-lesport-inclusiu-a-mataro\/#primaryimage"},"image":{"@id":"https:\/\/cfpmaresme.org\/es\/tot-a-punt-per-la-1a-festa-de-lesport-inclusiu-a-mataro\/#primaryimage"},"thumbnailUrl":"https:\/\/centreformacioprevencio.files.wordpress.com\/2017\/05\/flyer-1.png","datePublished":"2017-04-28T07:31:42+00:00","dateModified":"2021-06-30T11:35:34+00:00","author":{"@id":"https:\/\/cfpmaresme.org\/#\/schema\/person\/b2634bcd796fafc667ea4055f61b9b2c"},"breadcrumb":{"@id":"https:\/\/cfpmaresme.org\/es\/tot-a-punt-per-la-1a-festa-de-lesport-inclusiu-a-mataro\/#breadcrumb"},"inLanguage":"es","potentialAction":[{"@type":"ReadAction","target":["https:\/\/cfpmaresme.org\/es\/tot-a-punt-per-la-1a-festa-de-lesport-inclusiu-a-mataro\/"]}]},{"@type":"ImageObject","inLanguage":"es","@id":"https:\/\/cfpmaresme.org\/es\/tot-a-punt-per-la-1a-festa-de-lesport-inclusiu-a-mataro\/#primaryimage","url":"https:\/\/centreformacioprevencio.files.wordpress.com\/2017\/05\/flyer-1.png","contentUrl":"https:\/\/centreformacioprevencio.files.wordpress.com\/2017\/05\/flyer-1.png"},{"@type":"BreadcrumbList","@id":"https:\/\/cfpmaresme.org\/es\/tot-a-punt-per-la-1a-festa-de-lesport-inclusiu-a-mataro\/#breadcrumb","itemListElement":[{"@type":"ListItem","position":1,"name":"Home","item":"https:\/\/cfpmaresme.org\/es\/"},{"@type":"ListItem","position":2,"name":"Todo a punto para la 1a fiesta del Deporte Inclusivo en Matar\u00f3"}]},{"@type":"WebSite","@id":"https:\/\/cfpmaresme.org\/#website","url":"https:\/\/cfpmaresme.org\/","name":"CFP Maresme","description":"Centre Formaci\u00f3 Prevenci\u00f3","potentialAction":[{"@type":"SearchAction","target":{"@type":"EntryPoint","urlTemplate":"https:\/\/cfpmaresme.org\/?s={search_term_string}"},"query-input":{"@type":"PropertyValueSpecification","valueRequired":true,"valueName":"search_term_string"}}],"inLanguage":"es"},{"@type":"Person","@id":"https:\/\/cfpmaresme.org\/#\/schema\/person\/b2634bcd796fafc667ea4055f61b9b2c","name":"CFPMaresme"}]}},"_links":{"self":[{"href":"https:\/\/cfpmaresme.org\/es\/wp-json\/wp\/v2\/posts\/16946","targetHints":{"allow":["GET"]}}],"collection":[{"href":"https:\/\/cfpmaresme.org\/es\/wp-json\/wp\/v2\/posts"}],"about":[{"href":"https:\/\/cfpmaresme.org\/es\/wp-json\/wp\/v2\/types\/post"}],"author":[{"embeddable":true,"href":"https:\/\/cfpmaresme.org\/es\/wp-json\/wp\/v2\/users\/2"}],"replies":[{"embeddable":true,"href":"https:\/\/cfpmaresme.org\/es\/wp-json\/wp\/v2\/comments?post=16946"}],"version-history":[{"count":3,"href":"https:\/\/cfpmaresme.org\/es\/wp-json\/wp\/v2\/posts\/16946\/revisions"}],"predecessor-version":[{"id":25594,"href":"https:\/\/cfpmaresme.org\/es\/wp-json\/wp\/v2\/posts\/16946\/revisions\/25594"}],"wp:attachment":[{"href":"https:\/\/cfpmaresme.org\/es\/wp-json\/wp\/v2\/media?parent=16946"}],"wp:term":[{"taxonomy":"category","embeddable":true,"href":"https:\/\/cfpmaresme.org\/es\/wp-json\/wp\/v2\/categories?post=16946"},{"taxonomy":"post_tag","embeddable":true,"href":"https:\/\/cfpmaresme.org\/es\/wp-json\/wp\/v2\/tags?post=16946"}],"curies":[{"name":"wp","href":"https:\/\/api.w.org\/{rel}","templated":true}]}}