{"id":16949,"date":"2017-04-03T07:03:06","date_gmt":"2017-04-03T07:03:06","guid":{"rendered":"http:\/\/cfpmaresme.org\/tres-usuaris-del-cfp-aconsegueixen-un-guardo-a-la-nit-de-lesport-de-mataro\/"},"modified":"2021-06-30T13:42:49","modified_gmt":"2021-06-30T11:42:49","slug":"tres-usuaris-del-cfp-aconsegueixen-un-guardo-a-la-nit-de-lesport-de-mataro","status":"publish","type":"post","link":"https:\/\/cfpmaresme.org\/es\/tres-usuaris-del-cfp-aconsegueixen-un-guardo-a-la-nit-de-lesport-de-mataro\/","title":{"rendered":"Tres usuarios del CFP consiguen un guard\u00f3n en la Noche del Deporte de Matar\u00f3"},"content":{"rendered":"<p style=\"text-align: justify;\">Ferran, Dani y Edgar se llevaron el premio a deportistas m\u00e1s destacados en la categor\u00eda de Deporte Adaptado gracias a su victoria en los Special Olympics el pasado noviembre<\/p>\n<p style=\"text-align: justify;\"><img loading=\"lazy\" decoding=\"async\" class=\"alignnone size-full wp-image-1169\" src=\"https:\/\/centreformacioprevencio.files.wordpress.com\/2017\/05\/nitesport1.png\" alt=\"nitesport\" width=\"828\" height=\"469\" \/><\/p>\n<p style=\"text-align: justify;\"><span style=\"color: #808080;\"><em>Imagen de la retrasmisi\u00f3n De la Noche del Deporte en M1tv<\/em><\/span><\/p>\n<p style=\"text-align: justify;\">Tres usuarios del CFP recibieron una distinci\u00f3n como mejores exponentes del Deporte Adaptado en nuestra ciudad el pasado lunes 3 de abril. Ferran, Dani y Edgar subieron al escenario del Teatro Monumental a recoger el premio por su participaci\u00f3n y triunfo en la secci\u00f3n de baloncesto en los Special Olympics que se celebr\u00f3 en Reus durante el noviembre del a\u00f1o pasado.<\/p>\n<p style=\"text-align: justify;\"><!--more--><\/p>\n<p style=\"text-align: justify;\">La Noche del Deporte, que acoge a los mejores deportistas del curso en Matar\u00f3, reconoci\u00f3 el esfuerzo de estos tres chicos que juegan habitualmente en el Fedamar Boet. Fue un premio conjunto de los tres recibieron con gran ilusi\u00f3n. Los tres se levantaron de la platea del Teatre Monumental con su medalla de oro colgada en el cuello. Joan Morell, en representaci\u00f3n de la Diputaci\u00f3 de Barcelona, fue el encargado de dar las estatuitas a los tres ganadores.<\/p>\n<p style=\"text-align: justify;\">Desde el Centre de Formaci\u00f3 i Prevenci\u00f3 queremos felicitarlos personalmente por este hito y animarlos a seguir practicando deporte y conseguir muchos m\u00e1s reconocimientos como este.<\/p>\n","protected":false},"excerpt":{"rendered":"<p>Ferran, Dani y Edgar se llevaron el premio a deportistas m\u00e1s destacados en la categor\u00eda de Deporte Adaptado gracias a su victoria en los Special Olympics el pasado noviembre Imagen de la retrasmisi\u00f3n De la Noche del Deporte en M1tv Tres usuarios del CFP recibieron&#8230;<\/p>\n","protected":false},"author":2,"featured_media":0,"comment_status":"open","ping_status":"open","sticky":false,"template":"","format":"standard","meta":{"footnotes":""},"categories":[1187],"tags":[739,630,798,645,745,635,651,617,799,800,801,638,654,802,623,803,658,797],"class_list":["post-16949","post","type-post","status-publish","format-standard","hentry","category-cfp-maresme-es","tag-basquet-es","tag-centre-es","tag-cfp-es","tag-comunitaria-es","tag-esport-es","tag-formacio-es","tag-maresme-es","tag-mataro-es","tag-monumental-es","tag-nit-es","tag-olympics-es","tag-prevencio-es","tag-rehabilitacio-es","tag-reus-es","tag-servei-es","tag-special-es","tag-teatre-es","tag-usuaris-es"],"yoast_head":"<!-- This site is optimized with the Yoast SEO plugin v27.4 - https:\/\/yoast.com\/product\/yoast-seo-wordpress\/ -->\n<title>Tres usuarios del CFP consiguen un guard\u00f3n en la Noche del Deporte de Matar\u00f3 | CFP Maresme<\/title>\n<meta name=\"robots\" content=\"index, follow, max-snippet:-1, max-image-preview:large, max-video-preview:-1\" \/>\n<link rel=\"canonical\" href=\"https:\/\/cfpmaresme.org\/es\/tres-usuaris-del-cfp-aconsegueixen-un-guardo-a-la-nit-de-lesport-de-mataro\/\" \/>\n<meta property=\"og:locale\" content=\"es_ES\" \/>\n<meta property=\"og:type\" content=\"article\" \/>\n<meta property=\"og:title\" content=\"Tres usuarios del CFP consiguen un guard\u00f3n en la Noche del Deporte de Matar\u00f3 | CFP Maresme\" \/>\n<meta property=\"og:description\" content=\"Ferran, Dani y Edgar se llevaron el premio a deportistas m\u00e1s destacados en la categor\u00eda de Deporte Adaptado gracias a su victoria en los Special Olympics el pasado noviembre Imagen de la retrasmisi\u00f3n De la Noche del Deporte en M1tv Tres usuarios del CFP recibieron...\" \/>\n<meta property=\"og:url\" content=\"https:\/\/cfpmaresme.org\/es\/tres-usuaris-del-cfp-aconsegueixen-un-guardo-a-la-nit-de-lesport-de-mataro\/\" \/>\n<meta property=\"og:site_name\" content=\"CFP Maresme\" \/>\n<meta property=\"article:published_time\" content=\"2017-04-03T07:03:06+00:00\" \/>\n<meta property=\"article:modified_time\" content=\"2021-06-30T11:42:49+00:00\" \/>\n<meta property=\"og:image\" content=\"https:\/\/centreformacioprevencio.files.wordpress.com\/2017\/05\/nitesport1.png\" \/>\n<meta name=\"author\" content=\"CFPMaresme\" \/>\n<meta name=\"twitter:card\" content=\"summary_large_image\" \/>\n<meta name=\"twitter:creator\" content=\"@cfpmaresme\" \/>\n<meta name=\"twitter:site\" content=\"@cfpmaresme\" \/>\n<meta name=\"twitter:label1\" content=\"Escrito por\" \/>\n\t<meta name=\"twitter:data1\" content=\"CFPMaresme\" \/>\n\t<meta name=\"twitter:label2\" content=\"Tiempo de lectura\" \/>\n\t<meta name=\"twitter:data2\" content=\"1 minuto\" \/>\n<script type=\"application\/ld+json\" class=\"yoast-schema-graph\">{\"@context\":\"https:\\\/\\\/schema.org\",\"@graph\":[{\"@type\":\"Article\",\"@id\":\"https:\\\/\\\/cfpmaresme.org\\\/es\\\/tres-usuaris-del-cfp-aconsegueixen-un-guardo-a-la-nit-de-lesport-de-mataro\\\/#article\",\"isPartOf\":{\"@id\":\"https:\\\/\\\/cfpmaresme.org\\\/es\\\/tres-usuaris-del-cfp-aconsegueixen-un-guardo-a-la-nit-de-lesport-de-mataro\\\/\"},\"author\":{\"name\":\"CFPMaresme\",\"@id\":\"https:\\\/\\\/cfpmaresme.org\\\/#\\\/schema\\\/person\\\/b2634bcd796fafc667ea4055f61b9b2c\"},\"headline\":\"Tres usuarios del CFP consiguen un guard\u00f3n en la Noche del Deporte de Matar\u00f3\",\"datePublished\":\"2017-04-03T07:03:06+00:00\",\"dateModified\":\"2021-06-30T11:42:49+00:00\",\"mainEntityOfPage\":{\"@id\":\"https:\\\/\\\/cfpmaresme.org\\\/es\\\/tres-usuaris-del-cfp-aconsegueixen-un-guardo-a-la-nit-de-lesport-de-mataro\\\/\"},\"wordCount\":230,\"commentCount\":0,\"image\":{\"@id\":\"https:\\\/\\\/cfpmaresme.org\\\/es\\\/tres-usuaris-del-cfp-aconsegueixen-un-guardo-a-la-nit-de-lesport-de-mataro\\\/#primaryimage\"},\"thumbnailUrl\":\"https:\\\/\\\/centreformacioprevencio.files.wordpress.com\\\/2017\\\/05\\\/nitesport1.png\",\"keywords\":[\"b\u00e0squet\",\"centre\",\"cfp\",\"comunit\u00e0ria\",\"esport\",\"formaci\u00f3\",\"maresme\",\"matar\u00f3\",\"monumental\",\"nit\",\"olympics\",\"prevenci\u00f3\",\"rehabilitaci\u00f3\",\"reus\",\"servei\",\"special\",\"teatre\",\"usuaris\"],\"articleSection\":[\"CFP Maresme\"],\"inLanguage\":\"es\"},{\"@type\":\"WebPage\",\"@id\":\"https:\\\/\\\/cfpmaresme.org\\\/es\\\/tres-usuaris-del-cfp-aconsegueixen-un-guardo-a-la-nit-de-lesport-de-mataro\\\/\",\"url\":\"https:\\\/\\\/cfpmaresme.org\\\/es\\\/tres-usuaris-del-cfp-aconsegueixen-un-guardo-a-la-nit-de-lesport-de-mataro\\\/\",\"name\":\"Tres usuarios del CFP consiguen un guard\u00f3n en la Noche del Deporte de Matar\u00f3 | CFP Maresme\",\"isPartOf\":{\"@id\":\"https:\\\/\\\/cfpmaresme.org\\\/#website\"},\"primaryImageOfPage\":{\"@id\":\"https:\\\/\\\/cfpmaresme.org\\\/es\\\/tres-usuaris-del-cfp-aconsegueixen-un-guardo-a-la-nit-de-lesport-de-mataro\\\/#primaryimage\"},\"image\":{\"@id\":\"https:\\\/\\\/cfpmaresme.org\\\/es\\\/tres-usuaris-del-cfp-aconsegueixen-un-guardo-a-la-nit-de-lesport-de-mataro\\\/#primaryimage\"},\"thumbnailUrl\":\"https:\\\/\\\/centreformacioprevencio.files.wordpress.com\\\/2017\\\/05\\\/nitesport1.png\",\"datePublished\":\"2017-04-03T07:03:06+00:00\",\"dateModified\":\"2021-06-30T11:42:49+00:00\",\"author\":{\"@id\":\"https:\\\/\\\/cfpmaresme.org\\\/#\\\/schema\\\/person\\\/b2634bcd796fafc667ea4055f61b9b2c\"},\"breadcrumb\":{\"@id\":\"https:\\\/\\\/cfpmaresme.org\\\/es\\\/tres-usuaris-del-cfp-aconsegueixen-un-guardo-a-la-nit-de-lesport-de-mataro\\\/#breadcrumb\"},\"inLanguage\":\"es\",\"potentialAction\":[{\"@type\":\"ReadAction\",\"target\":[\"https:\\\/\\\/cfpmaresme.org\\\/es\\\/tres-usuaris-del-cfp-aconsegueixen-un-guardo-a-la-nit-de-lesport-de-mataro\\\/\"]}]},{\"@type\":\"ImageObject\",\"inLanguage\":\"es\",\"@id\":\"https:\\\/\\\/cfpmaresme.org\\\/es\\\/tres-usuaris-del-cfp-aconsegueixen-un-guardo-a-la-nit-de-lesport-de-mataro\\\/#primaryimage\",\"url\":\"https:\\\/\\\/centreformacioprevencio.files.wordpress.com\\\/2017\\\/05\\\/nitesport1.png\",\"contentUrl\":\"https:\\\/\\\/centreformacioprevencio.files.wordpress.com\\\/2017\\\/05\\\/nitesport1.png\"},{\"@type\":\"BreadcrumbList\",\"@id\":\"https:\\\/\\\/cfpmaresme.org\\\/es\\\/tres-usuaris-del-cfp-aconsegueixen-un-guardo-a-la-nit-de-lesport-de-mataro\\\/#breadcrumb\",\"itemListElement\":[{\"@type\":\"ListItem\",\"position\":1,\"name\":\"Home\",\"item\":\"https:\\\/\\\/cfpmaresme.org\\\/es\\\/\"},{\"@type\":\"ListItem\",\"position\":2,\"name\":\"Tres usuarios del CFP consiguen un guard\u00f3n en la Noche del Deporte de Matar\u00f3\"}]},{\"@type\":\"WebSite\",\"@id\":\"https:\\\/\\\/cfpmaresme.org\\\/#website\",\"url\":\"https:\\\/\\\/cfpmaresme.org\\\/\",\"name\":\"CFP Maresme\",\"description\":\"Centre Formaci\u00f3 Prevenci\u00f3\",\"potentialAction\":[{\"@type\":\"SearchAction\",\"target\":{\"@type\":\"EntryPoint\",\"urlTemplate\":\"https:\\\/\\\/cfpmaresme.org\\\/?s={search_term_string}\"},\"query-input\":{\"@type\":\"PropertyValueSpecification\",\"valueRequired\":true,\"valueName\":\"search_term_string\"}}],\"inLanguage\":\"es\"},{\"@type\":\"Person\",\"@id\":\"https:\\\/\\\/cfpmaresme.org\\\/#\\\/schema\\\/person\\\/b2634bcd796fafc667ea4055f61b9b2c\",\"name\":\"CFPMaresme\"}]}<\/script>\n<!-- \/ Yoast SEO plugin. -->","yoast_head_json":{"title":"Tres usuarios del CFP consiguen un guard\u00f3n en la Noche del Deporte de Matar\u00f3 | CFP Maresme","robots":{"index":"index","follow":"follow","max-snippet":"max-snippet:-1","max-image-preview":"max-image-preview:large","max-video-preview":"max-video-preview:-1"},"canonical":"https:\/\/cfpmaresme.org\/es\/tres-usuaris-del-cfp-aconsegueixen-un-guardo-a-la-nit-de-lesport-de-mataro\/","og_locale":"es_ES","og_type":"article","og_title":"Tres usuarios del CFP consiguen un guard\u00f3n en la Noche del Deporte de Matar\u00f3 | CFP Maresme","og_description":"Ferran, Dani y Edgar se llevaron el premio a deportistas m\u00e1s destacados en la categor\u00eda de Deporte Adaptado gracias a su victoria en los Special Olympics el pasado noviembre Imagen de la retrasmisi\u00f3n De la Noche del Deporte en M1tv Tres usuarios del CFP recibieron...","og_url":"https:\/\/cfpmaresme.org\/es\/tres-usuaris-del-cfp-aconsegueixen-un-guardo-a-la-nit-de-lesport-de-mataro\/","og_site_name":"CFP Maresme","article_published_time":"2017-04-03T07:03:06+00:00","article_modified_time":"2021-06-30T11:42:49+00:00","og_image":[{"url":"https:\/\/centreformacioprevencio.files.wordpress.com\/2017\/05\/nitesport1.png","type":"","width":"","height":""}],"author":"CFPMaresme","twitter_card":"summary_large_image","twitter_creator":"@cfpmaresme","twitter_site":"@cfpmaresme","twitter_misc":{"Escrito por":"CFPMaresme","Tiempo de lectura":"1 minuto"},"schema":{"@context":"https:\/\/schema.org","@graph":[{"@type":"Article","@id":"https:\/\/cfpmaresme.org\/es\/tres-usuaris-del-cfp-aconsegueixen-un-guardo-a-la-nit-de-lesport-de-mataro\/#article","isPartOf":{"@id":"https:\/\/cfpmaresme.org\/es\/tres-usuaris-del-cfp-aconsegueixen-un-guardo-a-la-nit-de-lesport-de-mataro\/"},"author":{"name":"CFPMaresme","@id":"https:\/\/cfpmaresme.org\/#\/schema\/person\/b2634bcd796fafc667ea4055f61b9b2c"},"headline":"Tres usuarios del CFP consiguen un guard\u00f3n en la Noche del Deporte de Matar\u00f3","datePublished":"2017-04-03T07:03:06+00:00","dateModified":"2021-06-30T11:42:49+00:00","mainEntityOfPage":{"@id":"https:\/\/cfpmaresme.org\/es\/tres-usuaris-del-cfp-aconsegueixen-un-guardo-a-la-nit-de-lesport-de-mataro\/"},"wordCount":230,"commentCount":0,"image":{"@id":"https:\/\/cfpmaresme.org\/es\/tres-usuaris-del-cfp-aconsegueixen-un-guardo-a-la-nit-de-lesport-de-mataro\/#primaryimage"},"thumbnailUrl":"https:\/\/centreformacioprevencio.files.wordpress.com\/2017\/05\/nitesport1.png","keywords":["b\u00e0squet","centre","cfp","comunit\u00e0ria","esport","formaci\u00f3","maresme","matar\u00f3","monumental","nit","olympics","prevenci\u00f3","rehabilitaci\u00f3","reus","servei","special","teatre","usuaris"],"articleSection":["CFP Maresme"],"inLanguage":"es"},{"@type":"WebPage","@id":"https:\/\/cfpmaresme.org\/es\/tres-usuaris-del-cfp-aconsegueixen-un-guardo-a-la-nit-de-lesport-de-mataro\/","url":"https:\/\/cfpmaresme.org\/es\/tres-usuaris-del-cfp-aconsegueixen-un-guardo-a-la-nit-de-lesport-de-mataro\/","name":"Tres usuarios del CFP consiguen un guard\u00f3n en la Noche del Deporte de Matar\u00f3 | CFP Maresme","isPartOf":{"@id":"https:\/\/cfpmaresme.org\/#website"},"primaryImageOfPage":{"@id":"https:\/\/cfpmaresme.org\/es\/tres-usuaris-del-cfp-aconsegueixen-un-guardo-a-la-nit-de-lesport-de-mataro\/#primaryimage"},"image":{"@id":"https:\/\/cfpmaresme.org\/es\/tres-usuaris-del-cfp-aconsegueixen-un-guardo-a-la-nit-de-lesport-de-mataro\/#primaryimage"},"thumbnailUrl":"https:\/\/centreformacioprevencio.files.wordpress.com\/2017\/05\/nitesport1.png","datePublished":"2017-04-03T07:03:06+00:00","dateModified":"2021-06-30T11:42:49+00:00","author":{"@id":"https:\/\/cfpmaresme.org\/#\/schema\/person\/b2634bcd796fafc667ea4055f61b9b2c"},"breadcrumb":{"@id":"https:\/\/cfpmaresme.org\/es\/tres-usuaris-del-cfp-aconsegueixen-un-guardo-a-la-nit-de-lesport-de-mataro\/#breadcrumb"},"inLanguage":"es","potentialAction":[{"@type":"ReadAction","target":["https:\/\/cfpmaresme.org\/es\/tres-usuaris-del-cfp-aconsegueixen-un-guardo-a-la-nit-de-lesport-de-mataro\/"]}]},{"@type":"ImageObject","inLanguage":"es","@id":"https:\/\/cfpmaresme.org\/es\/tres-usuaris-del-cfp-aconsegueixen-un-guardo-a-la-nit-de-lesport-de-mataro\/#primaryimage","url":"https:\/\/centreformacioprevencio.files.wordpress.com\/2017\/05\/nitesport1.png","contentUrl":"https:\/\/centreformacioprevencio.files.wordpress.com\/2017\/05\/nitesport1.png"},{"@type":"BreadcrumbList","@id":"https:\/\/cfpmaresme.org\/es\/tres-usuaris-del-cfp-aconsegueixen-un-guardo-a-la-nit-de-lesport-de-mataro\/#breadcrumb","itemListElement":[{"@type":"ListItem","position":1,"name":"Home","item":"https:\/\/cfpmaresme.org\/es\/"},{"@type":"ListItem","position":2,"name":"Tres usuarios del CFP consiguen un guard\u00f3n en la Noche del Deporte de Matar\u00f3"}]},{"@type":"WebSite","@id":"https:\/\/cfpmaresme.org\/#website","url":"https:\/\/cfpmaresme.org\/","name":"CFP Maresme","description":"Centre Formaci\u00f3 Prevenci\u00f3","potentialAction":[{"@type":"SearchAction","target":{"@type":"EntryPoint","urlTemplate":"https:\/\/cfpmaresme.org\/?s={search_term_string}"},"query-input":{"@type":"PropertyValueSpecification","valueRequired":true,"valueName":"search_term_string"}}],"inLanguage":"es"},{"@type":"Person","@id":"https:\/\/cfpmaresme.org\/#\/schema\/person\/b2634bcd796fafc667ea4055f61b9b2c","name":"CFPMaresme"}]}},"_links":{"self":[{"href":"https:\/\/cfpmaresme.org\/es\/wp-json\/wp\/v2\/posts\/16949","targetHints":{"allow":["GET"]}}],"collection":[{"href":"https:\/\/cfpmaresme.org\/es\/wp-json\/wp\/v2\/posts"}],"about":[{"href":"https:\/\/cfpmaresme.org\/es\/wp-json\/wp\/v2\/types\/post"}],"author":[{"embeddable":true,"href":"https:\/\/cfpmaresme.org\/es\/wp-json\/wp\/v2\/users\/2"}],"replies":[{"embeddable":true,"href":"https:\/\/cfpmaresme.org\/es\/wp-json\/wp\/v2\/comments?post=16949"}],"version-history":[{"count":3,"href":"https:\/\/cfpmaresme.org\/es\/wp-json\/wp\/v2\/posts\/16949\/revisions"}],"predecessor-version":[{"id":25596,"href":"https:\/\/cfpmaresme.org\/es\/wp-json\/wp\/v2\/posts\/16949\/revisions\/25596"}],"wp:attachment":[{"href":"https:\/\/cfpmaresme.org\/es\/wp-json\/wp\/v2\/media?parent=16949"}],"wp:term":[{"taxonomy":"category","embeddable":true,"href":"https:\/\/cfpmaresme.org\/es\/wp-json\/wp\/v2\/categories?post=16949"},{"taxonomy":"post_tag","embeddable":true,"href":"https:\/\/cfpmaresme.org\/es\/wp-json\/wp\/v2\/tags?post=16949"}],"curies":[{"name":"wp","href":"https:\/\/api.w.org\/{rel}","templated":true}]}}