{"id":16951,"date":"2017-03-17T07:43:06","date_gmt":"2017-03-17T07:43:06","guid":{"rendered":"http:\/\/cfpmaresme.org\/els-infants-del-crae-amplien-la-seva-biblioteca-amb-la-colleccio-de-llibre-actiu\/"},"modified":"2021-03-26T13:09:34","modified_gmt":"2021-03-26T11:09:34","slug":"els-infants-del-crae-amplien-la-seva-biblioteca-amb-la-colleccio-de-llibre-actiu","status":"publish","type":"post","link":"https:\/\/cfpmaresme.org\/es\/els-infants-del-crae-amplien-la-seva-biblioteca-amb-la-colleccio-de-llibre-actiu\/","title":{"rendered":"Los infantes del CRAE ampl\u00edan su biblioteca con la colecci\u00f3n de Llibre Actiu"},"content":{"rendered":"<p style=\"text-align: justify;\">Este mes ha surgido esta iniciativa, en la que usuarios y usuarias del Servicio Prelaboral del CFP llevan libros desde Llibre Actiu al CRAE para actualizar el cat\u00e1logo de lectura de los ni\u00f1os y ni\u00f1as que atiende la entidad<\/p>\n<p style=\"text-align: justify;\"><img loading=\"lazy\" decoding=\"async\" class=\"alignnone size-full wp-image-1160\" src=\"https:\/\/centreformacioprevencio.files.wordpress.com\/2017\/04\/dsc_0591.jpg\" alt=\"DSC_0591\" width=\"3840\" height=\"2160\" \/><\/p>\n<p style=\"text-align: justify;\">A principios de marzo las personas usuarias del Servicio Prelaboral del CFP llevaron por primera vez publicaciones de Llibre ACtiu hacia el Centro Residencial de Acci\u00f3n Educativa. A partir de ahora mensualmente escoger\u00e1n libros de tem\u00e1tica infantil y juvenil para que los ni\u00f1os y ni\u00f1as del CRAE puedan tener un cat\u00e1logo m\u00e1s amplio de lectura. Esta nueva actividad se enmarca dentro de un acuerdo interno para aprovechar los recursos de los que dispone Llibre Actiu y porque todas las personas atendidas por nuestra asociaci\u00f3n puedan beneficiarse de este servicio.<\/p>\n<p style=\"text-align: justify;\"><!--more--><\/p>\n<p style=\"text-align: justify;\">Los usuarios\u00a0 y usuarias del servicio Prelaboral visitaran el CRAE y cambiar\u00e1n los libros m\u00e1s antiguos o que ya han sido le\u00eddos por los chicos y las chicas y los reposar\u00e1n para nuevas adquisiciones. De esta manera se dinamizan las dos bibliotecas. Por otro lado, los educadores del Centro Residencial de Acci\u00f3n Educativa aprovechan para ense\u00f1ar a los infantes el valor de la reutilizaci\u00f3n y el reciclaje as\u00ed como el fomento de la lectura entre los m\u00e1s peque\u00f1os.<\/p>\n<p style=\"text-align: justify;\">Este intercambio ha sido recibido con mucha aceptaci\u00f3n por parte de los chicos y chicas, que encuentran constantemente nuevos textos para leer que ya se ha habilitado un nuevo espacio para poder acoger todos los libros que van llegando. Tambi\u00e9n la actividad llamada \u00abLa hora del cuento\u00bb que se hace cada semana y en la que un voluntario lee un relat a los infantes se ha visto favorecida por esta iniciativa.<\/p>\n","protected":false},"excerpt":{"rendered":"<p>Este mes ha surgido esta iniciativa, en la que usuarios y usuarias del Servicio Prelaboral del CFP llevan libros desde Llibre Actiu al CRAE para actualizar el cat\u00e1logo de lectura de los ni\u00f1os y ni\u00f1as que atiende la entidad A principios de marzo las personas&#8230;<\/p>\n","protected":false},"author":2,"featured_media":0,"comment_status":"open","ping_status":"open","sticky":false,"template":"","format":"standard","meta":{"footnotes":""},"categories":[1144,1243,599],"tags":[338,447,448],"class_list":["post-16951","post","type-post","status-publish","format-standard","hentry","category-infancia-y-familia","category-crae","category-llibre-actiu-es","tag-accio","tag-infants","tag-lectura"],"yoast_head":"<!-- This site is optimized with the Yoast SEO plugin v27.4 - https:\/\/yoast.com\/product\/yoast-seo-wordpress\/ -->\n<title>Los infantes del CRAE ampl\u00edan su biblioteca con la colecci\u00f3n de Llibre Actiu | CFP Maresme<\/title>\n<meta name=\"robots\" content=\"index, follow, max-snippet:-1, max-image-preview:large, max-video-preview:-1\" \/>\n<link rel=\"canonical\" href=\"https:\/\/cfpmaresme.org\/es\/els-infants-del-crae-amplien-la-seva-biblioteca-amb-la-colleccio-de-llibre-actiu\/\" \/>\n<meta property=\"og:locale\" content=\"es_ES\" \/>\n<meta property=\"og:type\" content=\"article\" \/>\n<meta property=\"og:title\" content=\"Los infantes del CRAE ampl\u00edan su biblioteca con la colecci\u00f3n de Llibre Actiu | CFP Maresme\" \/>\n<meta property=\"og:description\" content=\"Este mes ha surgido esta iniciativa, en la que usuarios y usuarias del Servicio Prelaboral del CFP llevan libros desde Llibre Actiu al CRAE para actualizar el cat\u00e1logo de lectura de los ni\u00f1os y ni\u00f1as que atiende la entidad A principios de marzo las personas...\" \/>\n<meta property=\"og:url\" content=\"https:\/\/cfpmaresme.org\/es\/els-infants-del-crae-amplien-la-seva-biblioteca-amb-la-colleccio-de-llibre-actiu\/\" \/>\n<meta property=\"og:site_name\" content=\"CFP Maresme\" \/>\n<meta property=\"article:published_time\" content=\"2017-03-17T07:43:06+00:00\" \/>\n<meta property=\"article:modified_time\" content=\"2021-03-26T11:09:34+00:00\" \/>\n<meta property=\"og:image\" content=\"https:\/\/centreformacioprevencio.files.wordpress.com\/2017\/04\/dsc_0591.jpg\" \/>\n<meta name=\"author\" content=\"CFPMaresme\" \/>\n<meta name=\"twitter:card\" content=\"summary_large_image\" \/>\n<meta name=\"twitter:creator\" content=\"@cfpmaresme\" \/>\n<meta name=\"twitter:site\" content=\"@cfpmaresme\" \/>\n<meta name=\"twitter:label1\" content=\"Escrito por\" \/>\n\t<meta name=\"twitter:data1\" content=\"CFPMaresme\" \/>\n\t<meta name=\"twitter:label2\" content=\"Tiempo de lectura\" \/>\n\t<meta name=\"twitter:data2\" content=\"1 minuto\" \/>\n<script type=\"application\/ld+json\" class=\"yoast-schema-graph\">{\"@context\":\"https:\\\/\\\/schema.org\",\"@graph\":[{\"@type\":\"Article\",\"@id\":\"https:\\\/\\\/cfpmaresme.org\\\/es\\\/els-infants-del-crae-amplien-la-seva-biblioteca-amb-la-colleccio-de-llibre-actiu\\\/#article\",\"isPartOf\":{\"@id\":\"https:\\\/\\\/cfpmaresme.org\\\/es\\\/els-infants-del-crae-amplien-la-seva-biblioteca-amb-la-colleccio-de-llibre-actiu\\\/\"},\"author\":{\"name\":\"CFPMaresme\",\"@id\":\"https:\\\/\\\/cfpmaresme.org\\\/#\\\/schema\\\/person\\\/b2634bcd796fafc667ea4055f61b9b2c\"},\"headline\":\"Los infantes del CRAE ampl\u00edan su biblioteca con la colecci\u00f3n de Llibre Actiu\",\"datePublished\":\"2017-03-17T07:43:06+00:00\",\"dateModified\":\"2021-03-26T11:09:34+00:00\",\"mainEntityOfPage\":{\"@id\":\"https:\\\/\\\/cfpmaresme.org\\\/es\\\/els-infants-del-crae-amplien-la-seva-biblioteca-amb-la-colleccio-de-llibre-actiu\\\/\"},\"wordCount\":314,\"commentCount\":0,\"image\":{\"@id\":\"https:\\\/\\\/cfpmaresme.org\\\/es\\\/els-infants-del-crae-amplien-la-seva-biblioteca-amb-la-colleccio-de-llibre-actiu\\\/#primaryimage\"},\"thumbnailUrl\":\"https:\\\/\\\/centreformacioprevencio.files.wordpress.com\\\/2017\\\/04\\\/dsc_0591.jpg\",\"keywords\":[\"acci\u00f3\",\"infants\",\"lectura\"],\"articleSection\":[\"\u00c1rea de infancia, adolescencia y fam\u00edlia\",\"CRAE\",\"Llibre Actiu\"],\"inLanguage\":\"es\"},{\"@type\":\"WebPage\",\"@id\":\"https:\\\/\\\/cfpmaresme.org\\\/es\\\/els-infants-del-crae-amplien-la-seva-biblioteca-amb-la-colleccio-de-llibre-actiu\\\/\",\"url\":\"https:\\\/\\\/cfpmaresme.org\\\/es\\\/els-infants-del-crae-amplien-la-seva-biblioteca-amb-la-colleccio-de-llibre-actiu\\\/\",\"name\":\"Los infantes del CRAE ampl\u00edan su biblioteca con la colecci\u00f3n de Llibre Actiu | CFP Maresme\",\"isPartOf\":{\"@id\":\"https:\\\/\\\/cfpmaresme.org\\\/#website\"},\"primaryImageOfPage\":{\"@id\":\"https:\\\/\\\/cfpmaresme.org\\\/es\\\/els-infants-del-crae-amplien-la-seva-biblioteca-amb-la-colleccio-de-llibre-actiu\\\/#primaryimage\"},\"image\":{\"@id\":\"https:\\\/\\\/cfpmaresme.org\\\/es\\\/els-infants-del-crae-amplien-la-seva-biblioteca-amb-la-colleccio-de-llibre-actiu\\\/#primaryimage\"},\"thumbnailUrl\":\"https:\\\/\\\/centreformacioprevencio.files.wordpress.com\\\/2017\\\/04\\\/dsc_0591.jpg\",\"datePublished\":\"2017-03-17T07:43:06+00:00\",\"dateModified\":\"2021-03-26T11:09:34+00:00\",\"author\":{\"@id\":\"https:\\\/\\\/cfpmaresme.org\\\/#\\\/schema\\\/person\\\/b2634bcd796fafc667ea4055f61b9b2c\"},\"breadcrumb\":{\"@id\":\"https:\\\/\\\/cfpmaresme.org\\\/es\\\/els-infants-del-crae-amplien-la-seva-biblioteca-amb-la-colleccio-de-llibre-actiu\\\/#breadcrumb\"},\"inLanguage\":\"es\",\"potentialAction\":[{\"@type\":\"ReadAction\",\"target\":[\"https:\\\/\\\/cfpmaresme.org\\\/es\\\/els-infants-del-crae-amplien-la-seva-biblioteca-amb-la-colleccio-de-llibre-actiu\\\/\"]}]},{\"@type\":\"ImageObject\",\"inLanguage\":\"es\",\"@id\":\"https:\\\/\\\/cfpmaresme.org\\\/es\\\/els-infants-del-crae-amplien-la-seva-biblioteca-amb-la-colleccio-de-llibre-actiu\\\/#primaryimage\",\"url\":\"https:\\\/\\\/centreformacioprevencio.files.wordpress.com\\\/2017\\\/04\\\/dsc_0591.jpg\",\"contentUrl\":\"https:\\\/\\\/centreformacioprevencio.files.wordpress.com\\\/2017\\\/04\\\/dsc_0591.jpg\"},{\"@type\":\"BreadcrumbList\",\"@id\":\"https:\\\/\\\/cfpmaresme.org\\\/es\\\/els-infants-del-crae-amplien-la-seva-biblioteca-amb-la-colleccio-de-llibre-actiu\\\/#breadcrumb\",\"itemListElement\":[{\"@type\":\"ListItem\",\"position\":1,\"name\":\"Home\",\"item\":\"https:\\\/\\\/cfpmaresme.org\\\/es\\\/\"},{\"@type\":\"ListItem\",\"position\":2,\"name\":\"Los infantes del CRAE ampl\u00edan su biblioteca con la colecci\u00f3n de Llibre Actiu\"}]},{\"@type\":\"WebSite\",\"@id\":\"https:\\\/\\\/cfpmaresme.org\\\/#website\",\"url\":\"https:\\\/\\\/cfpmaresme.org\\\/\",\"name\":\"CFP Maresme\",\"description\":\"Centre Formaci\u00f3 Prevenci\u00f3\",\"potentialAction\":[{\"@type\":\"SearchAction\",\"target\":{\"@type\":\"EntryPoint\",\"urlTemplate\":\"https:\\\/\\\/cfpmaresme.org\\\/?s={search_term_string}\"},\"query-input\":{\"@type\":\"PropertyValueSpecification\",\"valueRequired\":true,\"valueName\":\"search_term_string\"}}],\"inLanguage\":\"es\"},{\"@type\":\"Person\",\"@id\":\"https:\\\/\\\/cfpmaresme.org\\\/#\\\/schema\\\/person\\\/b2634bcd796fafc667ea4055f61b9b2c\",\"name\":\"CFPMaresme\"}]}<\/script>\n<!-- \/ Yoast SEO plugin. -->","yoast_head_json":{"title":"Los infantes del CRAE ampl\u00edan su biblioteca con la colecci\u00f3n de Llibre Actiu | CFP Maresme","robots":{"index":"index","follow":"follow","max-snippet":"max-snippet:-1","max-image-preview":"max-image-preview:large","max-video-preview":"max-video-preview:-1"},"canonical":"https:\/\/cfpmaresme.org\/es\/els-infants-del-crae-amplien-la-seva-biblioteca-amb-la-colleccio-de-llibre-actiu\/","og_locale":"es_ES","og_type":"article","og_title":"Los infantes del CRAE ampl\u00edan su biblioteca con la colecci\u00f3n de Llibre Actiu | CFP Maresme","og_description":"Este mes ha surgido esta iniciativa, en la que usuarios y usuarias del Servicio Prelaboral del CFP llevan libros desde Llibre Actiu al CRAE para actualizar el cat\u00e1logo de lectura de los ni\u00f1os y ni\u00f1as que atiende la entidad A principios de marzo las personas...","og_url":"https:\/\/cfpmaresme.org\/es\/els-infants-del-crae-amplien-la-seva-biblioteca-amb-la-colleccio-de-llibre-actiu\/","og_site_name":"CFP Maresme","article_published_time":"2017-03-17T07:43:06+00:00","article_modified_time":"2021-03-26T11:09:34+00:00","og_image":[{"url":"https:\/\/centreformacioprevencio.files.wordpress.com\/2017\/04\/dsc_0591.jpg","type":"","width":"","height":""}],"author":"CFPMaresme","twitter_card":"summary_large_image","twitter_creator":"@cfpmaresme","twitter_site":"@cfpmaresme","twitter_misc":{"Escrito por":"CFPMaresme","Tiempo de lectura":"1 minuto"},"schema":{"@context":"https:\/\/schema.org","@graph":[{"@type":"Article","@id":"https:\/\/cfpmaresme.org\/es\/els-infants-del-crae-amplien-la-seva-biblioteca-amb-la-colleccio-de-llibre-actiu\/#article","isPartOf":{"@id":"https:\/\/cfpmaresme.org\/es\/els-infants-del-crae-amplien-la-seva-biblioteca-amb-la-colleccio-de-llibre-actiu\/"},"author":{"name":"CFPMaresme","@id":"https:\/\/cfpmaresme.org\/#\/schema\/person\/b2634bcd796fafc667ea4055f61b9b2c"},"headline":"Los infantes del CRAE ampl\u00edan su biblioteca con la colecci\u00f3n de Llibre Actiu","datePublished":"2017-03-17T07:43:06+00:00","dateModified":"2021-03-26T11:09:34+00:00","mainEntityOfPage":{"@id":"https:\/\/cfpmaresme.org\/es\/els-infants-del-crae-amplien-la-seva-biblioteca-amb-la-colleccio-de-llibre-actiu\/"},"wordCount":314,"commentCount":0,"image":{"@id":"https:\/\/cfpmaresme.org\/es\/els-infants-del-crae-amplien-la-seva-biblioteca-amb-la-colleccio-de-llibre-actiu\/#primaryimage"},"thumbnailUrl":"https:\/\/centreformacioprevencio.files.wordpress.com\/2017\/04\/dsc_0591.jpg","keywords":["acci\u00f3","infants","lectura"],"articleSection":["\u00c1rea de infancia, adolescencia y fam\u00edlia","CRAE","Llibre Actiu"],"inLanguage":"es"},{"@type":"WebPage","@id":"https:\/\/cfpmaresme.org\/es\/els-infants-del-crae-amplien-la-seva-biblioteca-amb-la-colleccio-de-llibre-actiu\/","url":"https:\/\/cfpmaresme.org\/es\/els-infants-del-crae-amplien-la-seva-biblioteca-amb-la-colleccio-de-llibre-actiu\/","name":"Los infantes del CRAE ampl\u00edan su biblioteca con la colecci\u00f3n de Llibre Actiu | CFP Maresme","isPartOf":{"@id":"https:\/\/cfpmaresme.org\/#website"},"primaryImageOfPage":{"@id":"https:\/\/cfpmaresme.org\/es\/els-infants-del-crae-amplien-la-seva-biblioteca-amb-la-colleccio-de-llibre-actiu\/#primaryimage"},"image":{"@id":"https:\/\/cfpmaresme.org\/es\/els-infants-del-crae-amplien-la-seva-biblioteca-amb-la-colleccio-de-llibre-actiu\/#primaryimage"},"thumbnailUrl":"https:\/\/centreformacioprevencio.files.wordpress.com\/2017\/04\/dsc_0591.jpg","datePublished":"2017-03-17T07:43:06+00:00","dateModified":"2021-03-26T11:09:34+00:00","author":{"@id":"https:\/\/cfpmaresme.org\/#\/schema\/person\/b2634bcd796fafc667ea4055f61b9b2c"},"breadcrumb":{"@id":"https:\/\/cfpmaresme.org\/es\/els-infants-del-crae-amplien-la-seva-biblioteca-amb-la-colleccio-de-llibre-actiu\/#breadcrumb"},"inLanguage":"es","potentialAction":[{"@type":"ReadAction","target":["https:\/\/cfpmaresme.org\/es\/els-infants-del-crae-amplien-la-seva-biblioteca-amb-la-colleccio-de-llibre-actiu\/"]}]},{"@type":"ImageObject","inLanguage":"es","@id":"https:\/\/cfpmaresme.org\/es\/els-infants-del-crae-amplien-la-seva-biblioteca-amb-la-colleccio-de-llibre-actiu\/#primaryimage","url":"https:\/\/centreformacioprevencio.files.wordpress.com\/2017\/04\/dsc_0591.jpg","contentUrl":"https:\/\/centreformacioprevencio.files.wordpress.com\/2017\/04\/dsc_0591.jpg"},{"@type":"BreadcrumbList","@id":"https:\/\/cfpmaresme.org\/es\/els-infants-del-crae-amplien-la-seva-biblioteca-amb-la-colleccio-de-llibre-actiu\/#breadcrumb","itemListElement":[{"@type":"ListItem","position":1,"name":"Home","item":"https:\/\/cfpmaresme.org\/es\/"},{"@type":"ListItem","position":2,"name":"Los infantes del CRAE ampl\u00edan su biblioteca con la colecci\u00f3n de Llibre Actiu"}]},{"@type":"WebSite","@id":"https:\/\/cfpmaresme.org\/#website","url":"https:\/\/cfpmaresme.org\/","name":"CFP Maresme","description":"Centre Formaci\u00f3 Prevenci\u00f3","potentialAction":[{"@type":"SearchAction","target":{"@type":"EntryPoint","urlTemplate":"https:\/\/cfpmaresme.org\/?s={search_term_string}"},"query-input":{"@type":"PropertyValueSpecification","valueRequired":true,"valueName":"search_term_string"}}],"inLanguage":"es"},{"@type":"Person","@id":"https:\/\/cfpmaresme.org\/#\/schema\/person\/b2634bcd796fafc667ea4055f61b9b2c","name":"CFPMaresme"}]}},"_links":{"self":[{"href":"https:\/\/cfpmaresme.org\/es\/wp-json\/wp\/v2\/posts\/16951","targetHints":{"allow":["GET"]}}],"collection":[{"href":"https:\/\/cfpmaresme.org\/es\/wp-json\/wp\/v2\/posts"}],"about":[{"href":"https:\/\/cfpmaresme.org\/es\/wp-json\/wp\/v2\/types\/post"}],"author":[{"embeddable":true,"href":"https:\/\/cfpmaresme.org\/es\/wp-json\/wp\/v2\/users\/2"}],"replies":[{"embeddable":true,"href":"https:\/\/cfpmaresme.org\/es\/wp-json\/wp\/v2\/comments?post=16951"}],"version-history":[{"count":4,"href":"https:\/\/cfpmaresme.org\/es\/wp-json\/wp\/v2\/posts\/16951\/revisions"}],"predecessor-version":[{"id":24069,"href":"https:\/\/cfpmaresme.org\/es\/wp-json\/wp\/v2\/posts\/16951\/revisions\/24069"}],"wp:attachment":[{"href":"https:\/\/cfpmaresme.org\/es\/wp-json\/wp\/v2\/media?parent=16951"}],"wp:term":[{"taxonomy":"category","embeddable":true,"href":"https:\/\/cfpmaresme.org\/es\/wp-json\/wp\/v2\/categories?post=16951"},{"taxonomy":"post_tag","embeddable":true,"href":"https:\/\/cfpmaresme.org\/es\/wp-json\/wp\/v2\/tags?post=16951"}],"curies":[{"name":"wp","href":"https:\/\/api.w.org\/{rel}","templated":true}]}}