{"id":16953,"date":"2017-03-08T10:23:57","date_gmt":"2017-03-08T10:23:57","guid":{"rendered":"http:\/\/cfpmaresme.org\/el-servei-prelaboral-del-cfp-i-llibre-actiu-acullen-nous-voluntaris\/"},"modified":"2021-09-07T12:24:19","modified_gmt":"2021-09-07T10:24:19","slug":"el-servei-prelaboral-del-cfp-i-llibre-actiu-acullen-nous-voluntaris","status":"publish","type":"post","link":"https:\/\/cfpmaresme.org\/es\/el-servei-prelaboral-del-cfp-i-llibre-actiu-acullen-nous-voluntaris\/","title":{"rendered":"El servicio prelaboral del CFP y Llibre Actiu acogen nuevos voluntarios"},"content":{"rendered":"<p style=\"text-align: justify;\">El local de la Calle Muntanya de Matar\u00f3 contar\u00e1 con la presencia de colaboradores que llegan desde distintos \u00e1mbitos. Son estudiantes en pr\u00e1cticas, voluntarios de otras asociaciones y ciudadanos an\u00f3nimos<\/p>\n<p style=\"text-align: justify;\"><img loading=\"lazy\" decoding=\"async\" class=\"alignnone size-full wp-image-1149\" src=\"https:\/\/centreformacioprevencio.files.wordpress.com\/2017\/04\/dfdfdfd.jpg\" alt=\"dfdfdfd\" width=\"1299\" height=\"974\" \/><\/p>\n<p style=\"text-align: justify;\">Los responsables del servicio prelaboral del Centre de Formaci\u00f3 i Prevenci\u00f3 y la librer\u00eda de intercambio Llibre Actiu recibir\u00e1n progresivamente durante las siguientes semanas a diversas personas que se han ofrecido para cooperar con la entidad. Se trata de voluntarios que llegan a la entidad por distintas v\u00edas pero todos con el compromiso de ayudar al funcionamiento de estos programas. <!--more--><\/p>\n<p style=\"text-align: justify;\">Por una parte el servicio prelaboral del CFP sign\u00f3 recientemente un convenio con la Universidad de Vic porque una estudiante del Grado de Educaci\u00f3n Social venga a hacer un per\u00edodo de pr\u00e1cticas a la asociaci\u00f3n. Esta formaci\u00f3n servir\u00e1 porque la alumna pueda acabar de cursar sus estudios con esta parte de ejercicio de su futuro trabajo sobre el colectivo de salud mental.<\/p>\n<p style=\"text-align: justify;\">Por otro lado, la librer\u00eda de intercambio Llibre Actiu tambi\u00e9n colabora con el proyecto LAIA, una iniciativa que tiene por objetivo acercar los alumnos de ESO a la realidad laboral para motivarlos en su proceso educativo. En este caso, es una estudiante del Instituto Alexandre Satorras de Matar\u00f3 es la que vendr\u00e1 a la librer\u00eda para ayudar a los usuarios y usuarias que la gestionan.<\/p>\n<p style=\"text-align: justify;\"><img loading=\"lazy\" decoding=\"async\" class=\"alignnone size-full wp-image-1152\" src=\"https:\/\/centreformacioprevencio.files.wordpress.com\/2017\/04\/asasasas.jpg\" alt=\"asasasas\" width=\"1299\" height=\"974\" \/><\/p>\n<p style=\"text-align: justify;\">Por \u00faltimo dos voluntarios, uno de la Fundaci\u00f3 Hospital y otra persona por iniciativa personal, tambi\u00e9n colaborar\u00e1n en la organizaci\u00f3n de la biblioteca. Estas dos personas se encargar\u00e1n de ordenar y hacer mantenimiento del gran volumen de libros que van llegando diariamente a Llibre Actiu.<\/p>\n<p style=\"text-align: justify;\">Con estas nuevas incorporaciones, los servicios del Centre de Formaci\u00f3 i Prevenci\u00f3 contin\u00faan fomentando la cooperaci\u00f3n de la sociedad civil con los colectivos que atiende la entidad<\/p>\n","protected":false},"excerpt":{"rendered":"<p>El local de la Calle Muntanya de Matar\u00f3 contar\u00e1 con la presencia de colaboradores que llegan desde distintos \u00e1mbitos. Son estudiantes en pr\u00e1cticas, voluntarios de otras asociaciones y ciudadanos an\u00f3nimos Los responsables del servicio prelaboral del Centre de Formaci\u00f3 i Prevenci\u00f3 y la librer\u00eda de&#8230;<\/p>\n","protected":false},"author":2,"featured_media":0,"comment_status":"open","ping_status":"open","sticky":false,"template":"","format":"standard","meta":{"footnotes":""},"categories":[599,1195],"tags":[626,630,686,635,766,820,821,822,636,618,638,823,824,623,701,811,825,826],"class_list":["post-16953","post","type-post","status-publish","format-standard","hentry","category-llibre-actiu-es","category-servicio-prelaboral","tag-actiu-es","tag-centre-es","tag-educacio-es","tag-formacio-es","tag-fundacio-es","tag-hospital-es","tag-insitut-es","tag-laia-es","tag-llibre-es","tag-prelaboral-es","tag-prevencio-es","tag-projecte-es","tag-satorras-es","tag-servei-es","tag-social-es","tag-universitat-es","tag-vic-es","tag-voluntaris-es"],"yoast_head":"<!-- This site is optimized with the Yoast SEO plugin v27.4 - https:\/\/yoast.com\/product\/yoast-seo-wordpress\/ -->\n<title>El servicio prelaboral del CFP y Llibre Actiu acogen nuevos voluntarios | CFP Maresme<\/title>\n<meta name=\"robots\" content=\"index, follow, max-snippet:-1, max-image-preview:large, max-video-preview:-1\" \/>\n<link rel=\"canonical\" href=\"https:\/\/cfpmaresme.org\/es\/el-servei-prelaboral-del-cfp-i-llibre-actiu-acullen-nous-voluntaris\/\" \/>\n<meta property=\"og:locale\" content=\"es_ES\" \/>\n<meta property=\"og:type\" content=\"article\" \/>\n<meta property=\"og:title\" content=\"El servicio prelaboral del CFP y Llibre Actiu acogen nuevos voluntarios | CFP Maresme\" \/>\n<meta property=\"og:description\" content=\"El local de la Calle Muntanya de Matar\u00f3 contar\u00e1 con la presencia de colaboradores que llegan desde distintos \u00e1mbitos. Son estudiantes en pr\u00e1cticas, voluntarios de otras asociaciones y ciudadanos an\u00f3nimos Los responsables del servicio prelaboral del Centre de Formaci\u00f3 i Prevenci\u00f3 y la librer\u00eda de...\" \/>\n<meta property=\"og:url\" content=\"https:\/\/cfpmaresme.org\/es\/el-servei-prelaboral-del-cfp-i-llibre-actiu-acullen-nous-voluntaris\/\" \/>\n<meta property=\"og:site_name\" content=\"CFP Maresme\" \/>\n<meta property=\"article:published_time\" content=\"2017-03-08T10:23:57+00:00\" \/>\n<meta property=\"article:modified_time\" content=\"2021-09-07T10:24:19+00:00\" \/>\n<meta property=\"og:image\" content=\"https:\/\/centreformacioprevencio.files.wordpress.com\/2017\/04\/dfdfdfd.jpg\" \/>\n<meta name=\"author\" content=\"CFPMaresme\" \/>\n<meta name=\"twitter:card\" content=\"summary_large_image\" \/>\n<meta name=\"twitter:creator\" content=\"@cfpmaresme\" \/>\n<meta name=\"twitter:site\" content=\"@cfpmaresme\" \/>\n<meta name=\"twitter:label1\" content=\"Escrito por\" \/>\n\t<meta name=\"twitter:data1\" content=\"CFPMaresme\" \/>\n\t<meta name=\"twitter:label2\" content=\"Tiempo de lectura\" \/>\n\t<meta name=\"twitter:data2\" content=\"2 minutos\" \/>\n<script type=\"application\/ld+json\" class=\"yoast-schema-graph\">{\"@context\":\"https:\\\/\\\/schema.org\",\"@graph\":[{\"@type\":\"Article\",\"@id\":\"https:\\\/\\\/cfpmaresme.org\\\/es\\\/el-servei-prelaboral-del-cfp-i-llibre-actiu-acullen-nous-voluntaris\\\/#article\",\"isPartOf\":{\"@id\":\"https:\\\/\\\/cfpmaresme.org\\\/es\\\/el-servei-prelaboral-del-cfp-i-llibre-actiu-acullen-nous-voluntaris\\\/\"},\"author\":{\"name\":\"CFPMaresme\",\"@id\":\"https:\\\/\\\/cfpmaresme.org\\\/#\\\/schema\\\/person\\\/b2634bcd796fafc667ea4055f61b9b2c\"},\"headline\":\"El servicio prelaboral del CFP y Llibre Actiu acogen nuevos voluntarios\",\"datePublished\":\"2017-03-08T10:23:57+00:00\",\"dateModified\":\"2021-09-07T10:24:19+00:00\",\"mainEntityOfPage\":{\"@id\":\"https:\\\/\\\/cfpmaresme.org\\\/es\\\/el-servei-prelaboral-del-cfp-i-llibre-actiu-acullen-nous-voluntaris\\\/\"},\"wordCount\":319,\"commentCount\":0,\"image\":{\"@id\":\"https:\\\/\\\/cfpmaresme.org\\\/es\\\/el-servei-prelaboral-del-cfp-i-llibre-actiu-acullen-nous-voluntaris\\\/#primaryimage\"},\"thumbnailUrl\":\"https:\\\/\\\/centreformacioprevencio.files.wordpress.com\\\/2017\\\/04\\\/dfdfdfd.jpg\",\"keywords\":[\"actiu\",\"centre\",\"educaci\u00f3\",\"formaci\u00f3\",\"fundaci\u00f3\",\"hospital\",\"insitut\",\"laia\",\"llibre\",\"prelaboral\",\"prevenci\u00f3\",\"projecte\",\"satorras\",\"servei\",\"social\",\"universitat\",\"vic\",\"voluntaris\"],\"articleSection\":[\"Llibre Actiu\",\"Servicio Prelaboral\"],\"inLanguage\":\"es\"},{\"@type\":\"WebPage\",\"@id\":\"https:\\\/\\\/cfpmaresme.org\\\/es\\\/el-servei-prelaboral-del-cfp-i-llibre-actiu-acullen-nous-voluntaris\\\/\",\"url\":\"https:\\\/\\\/cfpmaresme.org\\\/es\\\/el-servei-prelaboral-del-cfp-i-llibre-actiu-acullen-nous-voluntaris\\\/\",\"name\":\"El servicio prelaboral del CFP y Llibre Actiu acogen nuevos voluntarios | CFP Maresme\",\"isPartOf\":{\"@id\":\"https:\\\/\\\/cfpmaresme.org\\\/#website\"},\"primaryImageOfPage\":{\"@id\":\"https:\\\/\\\/cfpmaresme.org\\\/es\\\/el-servei-prelaboral-del-cfp-i-llibre-actiu-acullen-nous-voluntaris\\\/#primaryimage\"},\"image\":{\"@id\":\"https:\\\/\\\/cfpmaresme.org\\\/es\\\/el-servei-prelaboral-del-cfp-i-llibre-actiu-acullen-nous-voluntaris\\\/#primaryimage\"},\"thumbnailUrl\":\"https:\\\/\\\/centreformacioprevencio.files.wordpress.com\\\/2017\\\/04\\\/dfdfdfd.jpg\",\"datePublished\":\"2017-03-08T10:23:57+00:00\",\"dateModified\":\"2021-09-07T10:24:19+00:00\",\"author\":{\"@id\":\"https:\\\/\\\/cfpmaresme.org\\\/#\\\/schema\\\/person\\\/b2634bcd796fafc667ea4055f61b9b2c\"},\"breadcrumb\":{\"@id\":\"https:\\\/\\\/cfpmaresme.org\\\/es\\\/el-servei-prelaboral-del-cfp-i-llibre-actiu-acullen-nous-voluntaris\\\/#breadcrumb\"},\"inLanguage\":\"es\",\"potentialAction\":[{\"@type\":\"ReadAction\",\"target\":[\"https:\\\/\\\/cfpmaresme.org\\\/es\\\/el-servei-prelaboral-del-cfp-i-llibre-actiu-acullen-nous-voluntaris\\\/\"]}]},{\"@type\":\"ImageObject\",\"inLanguage\":\"es\",\"@id\":\"https:\\\/\\\/cfpmaresme.org\\\/es\\\/el-servei-prelaboral-del-cfp-i-llibre-actiu-acullen-nous-voluntaris\\\/#primaryimage\",\"url\":\"https:\\\/\\\/centreformacioprevencio.files.wordpress.com\\\/2017\\\/04\\\/dfdfdfd.jpg\",\"contentUrl\":\"https:\\\/\\\/centreformacioprevencio.files.wordpress.com\\\/2017\\\/04\\\/dfdfdfd.jpg\"},{\"@type\":\"BreadcrumbList\",\"@id\":\"https:\\\/\\\/cfpmaresme.org\\\/es\\\/el-servei-prelaboral-del-cfp-i-llibre-actiu-acullen-nous-voluntaris\\\/#breadcrumb\",\"itemListElement\":[{\"@type\":\"ListItem\",\"position\":1,\"name\":\"Home\",\"item\":\"https:\\\/\\\/cfpmaresme.org\\\/es\\\/\"},{\"@type\":\"ListItem\",\"position\":2,\"name\":\"El servicio prelaboral del CFP y Llibre Actiu acogen nuevos voluntarios\"}]},{\"@type\":\"WebSite\",\"@id\":\"https:\\\/\\\/cfpmaresme.org\\\/#website\",\"url\":\"https:\\\/\\\/cfpmaresme.org\\\/\",\"name\":\"CFP Maresme\",\"description\":\"Centre Formaci\u00f3 Prevenci\u00f3\",\"potentialAction\":[{\"@type\":\"SearchAction\",\"target\":{\"@type\":\"EntryPoint\",\"urlTemplate\":\"https:\\\/\\\/cfpmaresme.org\\\/?s={search_term_string}\"},\"query-input\":{\"@type\":\"PropertyValueSpecification\",\"valueRequired\":true,\"valueName\":\"search_term_string\"}}],\"inLanguage\":\"es\"},{\"@type\":\"Person\",\"@id\":\"https:\\\/\\\/cfpmaresme.org\\\/#\\\/schema\\\/person\\\/b2634bcd796fafc667ea4055f61b9b2c\",\"name\":\"CFPMaresme\"}]}<\/script>\n<!-- \/ Yoast SEO plugin. -->","yoast_head_json":{"title":"El servicio prelaboral del CFP y Llibre Actiu acogen nuevos voluntarios | CFP Maresme","robots":{"index":"index","follow":"follow","max-snippet":"max-snippet:-1","max-image-preview":"max-image-preview:large","max-video-preview":"max-video-preview:-1"},"canonical":"https:\/\/cfpmaresme.org\/es\/el-servei-prelaboral-del-cfp-i-llibre-actiu-acullen-nous-voluntaris\/","og_locale":"es_ES","og_type":"article","og_title":"El servicio prelaboral del CFP y Llibre Actiu acogen nuevos voluntarios | CFP Maresme","og_description":"El local de la Calle Muntanya de Matar\u00f3 contar\u00e1 con la presencia de colaboradores que llegan desde distintos \u00e1mbitos. Son estudiantes en pr\u00e1cticas, voluntarios de otras asociaciones y ciudadanos an\u00f3nimos Los responsables del servicio prelaboral del Centre de Formaci\u00f3 i Prevenci\u00f3 y la librer\u00eda de...","og_url":"https:\/\/cfpmaresme.org\/es\/el-servei-prelaboral-del-cfp-i-llibre-actiu-acullen-nous-voluntaris\/","og_site_name":"CFP Maresme","article_published_time":"2017-03-08T10:23:57+00:00","article_modified_time":"2021-09-07T10:24:19+00:00","og_image":[{"url":"https:\/\/centreformacioprevencio.files.wordpress.com\/2017\/04\/dfdfdfd.jpg","type":"","width":"","height":""}],"author":"CFPMaresme","twitter_card":"summary_large_image","twitter_creator":"@cfpmaresme","twitter_site":"@cfpmaresme","twitter_misc":{"Escrito por":"CFPMaresme","Tiempo de lectura":"2 minutos"},"schema":{"@context":"https:\/\/schema.org","@graph":[{"@type":"Article","@id":"https:\/\/cfpmaresme.org\/es\/el-servei-prelaboral-del-cfp-i-llibre-actiu-acullen-nous-voluntaris\/#article","isPartOf":{"@id":"https:\/\/cfpmaresme.org\/es\/el-servei-prelaboral-del-cfp-i-llibre-actiu-acullen-nous-voluntaris\/"},"author":{"name":"CFPMaresme","@id":"https:\/\/cfpmaresme.org\/#\/schema\/person\/b2634bcd796fafc667ea4055f61b9b2c"},"headline":"El servicio prelaboral del CFP y Llibre Actiu acogen nuevos voluntarios","datePublished":"2017-03-08T10:23:57+00:00","dateModified":"2021-09-07T10:24:19+00:00","mainEntityOfPage":{"@id":"https:\/\/cfpmaresme.org\/es\/el-servei-prelaboral-del-cfp-i-llibre-actiu-acullen-nous-voluntaris\/"},"wordCount":319,"commentCount":0,"image":{"@id":"https:\/\/cfpmaresme.org\/es\/el-servei-prelaboral-del-cfp-i-llibre-actiu-acullen-nous-voluntaris\/#primaryimage"},"thumbnailUrl":"https:\/\/centreformacioprevencio.files.wordpress.com\/2017\/04\/dfdfdfd.jpg","keywords":["actiu","centre","educaci\u00f3","formaci\u00f3","fundaci\u00f3","hospital","insitut","laia","llibre","prelaboral","prevenci\u00f3","projecte","satorras","servei","social","universitat","vic","voluntaris"],"articleSection":["Llibre Actiu","Servicio Prelaboral"],"inLanguage":"es"},{"@type":"WebPage","@id":"https:\/\/cfpmaresme.org\/es\/el-servei-prelaboral-del-cfp-i-llibre-actiu-acullen-nous-voluntaris\/","url":"https:\/\/cfpmaresme.org\/es\/el-servei-prelaboral-del-cfp-i-llibre-actiu-acullen-nous-voluntaris\/","name":"El servicio prelaboral del CFP y Llibre Actiu acogen nuevos voluntarios | CFP Maresme","isPartOf":{"@id":"https:\/\/cfpmaresme.org\/#website"},"primaryImageOfPage":{"@id":"https:\/\/cfpmaresme.org\/es\/el-servei-prelaboral-del-cfp-i-llibre-actiu-acullen-nous-voluntaris\/#primaryimage"},"image":{"@id":"https:\/\/cfpmaresme.org\/es\/el-servei-prelaboral-del-cfp-i-llibre-actiu-acullen-nous-voluntaris\/#primaryimage"},"thumbnailUrl":"https:\/\/centreformacioprevencio.files.wordpress.com\/2017\/04\/dfdfdfd.jpg","datePublished":"2017-03-08T10:23:57+00:00","dateModified":"2021-09-07T10:24:19+00:00","author":{"@id":"https:\/\/cfpmaresme.org\/#\/schema\/person\/b2634bcd796fafc667ea4055f61b9b2c"},"breadcrumb":{"@id":"https:\/\/cfpmaresme.org\/es\/el-servei-prelaboral-del-cfp-i-llibre-actiu-acullen-nous-voluntaris\/#breadcrumb"},"inLanguage":"es","potentialAction":[{"@type":"ReadAction","target":["https:\/\/cfpmaresme.org\/es\/el-servei-prelaboral-del-cfp-i-llibre-actiu-acullen-nous-voluntaris\/"]}]},{"@type":"ImageObject","inLanguage":"es","@id":"https:\/\/cfpmaresme.org\/es\/el-servei-prelaboral-del-cfp-i-llibre-actiu-acullen-nous-voluntaris\/#primaryimage","url":"https:\/\/centreformacioprevencio.files.wordpress.com\/2017\/04\/dfdfdfd.jpg","contentUrl":"https:\/\/centreformacioprevencio.files.wordpress.com\/2017\/04\/dfdfdfd.jpg"},{"@type":"BreadcrumbList","@id":"https:\/\/cfpmaresme.org\/es\/el-servei-prelaboral-del-cfp-i-llibre-actiu-acullen-nous-voluntaris\/#breadcrumb","itemListElement":[{"@type":"ListItem","position":1,"name":"Home","item":"https:\/\/cfpmaresme.org\/es\/"},{"@type":"ListItem","position":2,"name":"El servicio prelaboral del CFP y Llibre Actiu acogen nuevos voluntarios"}]},{"@type":"WebSite","@id":"https:\/\/cfpmaresme.org\/#website","url":"https:\/\/cfpmaresme.org\/","name":"CFP Maresme","description":"Centre Formaci\u00f3 Prevenci\u00f3","potentialAction":[{"@type":"SearchAction","target":{"@type":"EntryPoint","urlTemplate":"https:\/\/cfpmaresme.org\/?s={search_term_string}"},"query-input":{"@type":"PropertyValueSpecification","valueRequired":true,"valueName":"search_term_string"}}],"inLanguage":"es"},{"@type":"Person","@id":"https:\/\/cfpmaresme.org\/#\/schema\/person\/b2634bcd796fafc667ea4055f61b9b2c","name":"CFPMaresme"}]}},"_links":{"self":[{"href":"https:\/\/cfpmaresme.org\/es\/wp-json\/wp\/v2\/posts\/16953","targetHints":{"allow":["GET"]}}],"collection":[{"href":"https:\/\/cfpmaresme.org\/es\/wp-json\/wp\/v2\/posts"}],"about":[{"href":"https:\/\/cfpmaresme.org\/es\/wp-json\/wp\/v2\/types\/post"}],"author":[{"embeddable":true,"href":"https:\/\/cfpmaresme.org\/es\/wp-json\/wp\/v2\/users\/2"}],"replies":[{"embeddable":true,"href":"https:\/\/cfpmaresme.org\/es\/wp-json\/wp\/v2\/comments?post=16953"}],"version-history":[{"count":3,"href":"https:\/\/cfpmaresme.org\/es\/wp-json\/wp\/v2\/posts\/16953\/revisions"}],"predecessor-version":[{"id":26339,"href":"https:\/\/cfpmaresme.org\/es\/wp-json\/wp\/v2\/posts\/16953\/revisions\/26339"}],"wp:attachment":[{"href":"https:\/\/cfpmaresme.org\/es\/wp-json\/wp\/v2\/media?parent=16953"}],"wp:term":[{"taxonomy":"category","embeddable":true,"href":"https:\/\/cfpmaresme.org\/es\/wp-json\/wp\/v2\/categories?post=16953"},{"taxonomy":"post_tag","embeddable":true,"href":"https:\/\/cfpmaresme.org\/es\/wp-json\/wp\/v2\/tags?post=16953"}],"curies":[{"name":"wp","href":"https:\/\/api.w.org\/{rel}","templated":true}]}}