{"id":16955,"date":"2017-02-20T09:32:58","date_gmt":"2017-02-20T09:32:58","guid":{"rendered":"http:\/\/cfpmaresme.org\/artistes-dalterarte-i-lassociacio-sant-lluc-per-lart-participen-en-la-xerrada-i-visita-guiada-a-lexposicio-parelles-artistiques\/"},"modified":"2020-10-26T17:49:38","modified_gmt":"2020-10-26T15:49:38","slug":"artistes-dalterarte-i-lassociacio-sant-lluc-per-lart-participen-en-la-xerrada-i-visita-guiada-a-lexposicio-parelles-artistiques","status":"publish","type":"post","link":"https:\/\/cfpmaresme.org\/es\/artistes-dalterarte-i-lassociacio-sant-lluc-per-lart-participen-en-la-xerrada-i-visita-guiada-a-lexposicio-parelles-artistiques\/","title":{"rendered":"Artistas de Alterarte  y la Associaci\u00f3 Sant Lluc per l\u2019Art participan a la charla y visita guiada en la exposici\u00f3n Parelles Art\u00edstiques"},"content":{"rendered":"<p style=\"text-align: justify;\">Era el \u00faltimo acto p\u00fablico de una primera edici\u00f3n de este programa en el Maresme que se ha cerrado con una muy buena acogida por parte de sus creadores<\/p>\n<p style=\"text-align: justify;\"><img loading=\"lazy\" decoding=\"async\" class=\"alignnone size-full wp-image-1124\" src=\"https:\/\/centreformacioprevencio.files.wordpress.com\/2017\/03\/img_-llog3d.jpg\" alt=\"img_-llog3d\" width=\"4160\" height=\"2336\" \/><\/p>\n<p style=\"text-align: justify;\">El pasado viernes 15 de marzo los artistas de Alterarte y la Associaci\u00f3 Sant Lluc per l\u2019Art protagonistas de la primera edici\u00f3n maresmenca del programa Parelles Art\u00edstiques\u00a0 se volvieron a reunir en el Ateneu de la Fundaci\u00f3 Iluro para hacer una charla y una visita guiada a la muestra. Las parejas se volvieron a encontrar despu\u00e9s que ya coincidiesen en la inauguraci\u00f3n de la exposici\u00f3n el 3 de febrero.<\/p>\n<p style=\"text-align: justify;\"><!--more--><\/p>\n<p style=\"text-align: justify;\">Si en aquella ocasi\u00f3n el encuentro sirvi\u00f3 para presentar y agradecer el compromiso en el proyecto de todas las entidades participantes y colaboradoras, esta segunda cita intent\u00f3 profundizar m\u00e1s en las experiencias que se produjeron durante el desarrollo de las obras.<\/p>\n<p style=\"text-align: justify;\">De esta manera, una a una las parejas fueron explicando como hab\u00edan vivido el proceso de trabajo y con qu\u00e9 dificultades se hab\u00edan encontrado. Tambi\u00e9n hablaron sobre la posibilidad de repetir su participaci\u00f3n de cara al a\u00f1o que viene.<\/p>\n<p style=\"text-align: justify;\">El acto tambi\u00e9n cont\u00f3 con la presencia Regidor de Sanitat, Salut, Consum i Gent Gran Activa Joan Manuel Vinzo, que destac\u00f3 la importancia de iniciativas como esta en nuestra ciudad as\u00ed como el agradecimiento para poder conocer de cerca las experiencias de los participantes.<\/p>\n<p style=\"text-align: justify;\">Posteriormente, se procedi\u00f3 a hacer una visita guiada en la que los mismos artistas hablaron sobre el procedimiento art\u00edstico, las t\u00e9cnicas y la metodolog\u00eda que los llev\u00f3 a finalizar sus obras con la dificultad que implica tenerlas que hacer a cuatro manos y en distintos espacios de tiempo.<\/p>\n<p style=\"text-align: justify;\">Este era el \u00faltimo acto p\u00fablico de una muestra que estar\u00e1 expuesta hasta el 5 de marzo y que ha representado un principio para esta modalidad de colaboraci\u00f3n entre artistas en nuestra comarca. Los organizadores esperan que sea el punto de partida para una larga trayectoria de Parelles Art\u00edstiques en el futuro.<\/p>\n","protected":false},"excerpt":{"rendered":"<p>Era el \u00faltimo acto p\u00fablico de una primera edici\u00f3n de este programa en el Maresme que se ha cerrado con una muy buena acogida por parte de sus creadores El pasado viernes 15 de marzo los artistas de Alterarte y la Associaci\u00f3 Sant Lluc per&#8230;<\/p>\n","protected":false},"author":2,"featured_media":0,"comment_status":"open","ping_status":"open","sticky":false,"template":"","format":"standard","meta":{"footnotes":""},"categories":[1234],"tags":[709,643,839,840,841,711,766,794,413,843,617,714,844,752,793,758,691,845],"class_list":["post-16955","post","type-post","status-publish","format-standard","hentry","category-alterarte-es","tag-alterarte-es","tag-art-es","tag-artistes-es","tag-artistiques-es","tag-ateneu-es","tag-exposicio-es","tag-fundacio-es","tag-iluro-es","tag-lart","tag-lluc-es","tag-mataro-es","tag-mostra-es","tag-parelles-es","tag-per-es","tag-sant-es","tag-vinzo-es","tag-visita-es","tag-xerrada-es"],"yoast_head":"<!-- This site is optimized with the Yoast SEO plugin v27.4 - https:\/\/yoast.com\/product\/yoast-seo-wordpress\/ -->\n<title>Artistas de Alterarte y la Associaci\u00f3 Sant Lluc per l\u2019Art participan a la charla y visita guiada en la exposici\u00f3n Parelles Art\u00edstiques | CFP Maresme<\/title>\n<meta name=\"robots\" content=\"index, follow, max-snippet:-1, max-image-preview:large, max-video-preview:-1\" \/>\n<link rel=\"canonical\" href=\"https:\/\/cfpmaresme.org\/es\/artistes-dalterarte-i-lassociacio-sant-lluc-per-lart-participen-en-la-xerrada-i-visita-guiada-a-lexposicio-parelles-artistiques\/\" \/>\n<meta property=\"og:locale\" content=\"es_ES\" \/>\n<meta property=\"og:type\" content=\"article\" \/>\n<meta property=\"og:title\" content=\"Artistas de Alterarte y la Associaci\u00f3 Sant Lluc per l\u2019Art participan a la charla y visita guiada en la exposici\u00f3n Parelles Art\u00edstiques | CFP Maresme\" \/>\n<meta property=\"og:description\" content=\"Era el \u00faltimo acto p\u00fablico de una primera edici\u00f3n de este programa en el Maresme que se ha cerrado con una muy buena acogida por parte de sus creadores El pasado viernes 15 de marzo los artistas de Alterarte y la Associaci\u00f3 Sant Lluc per...\" \/>\n<meta property=\"og:url\" content=\"https:\/\/cfpmaresme.org\/es\/artistes-dalterarte-i-lassociacio-sant-lluc-per-lart-participen-en-la-xerrada-i-visita-guiada-a-lexposicio-parelles-artistiques\/\" \/>\n<meta property=\"og:site_name\" content=\"CFP Maresme\" \/>\n<meta property=\"article:published_time\" content=\"2017-02-20T09:32:58+00:00\" \/>\n<meta property=\"article:modified_time\" content=\"2020-10-26T15:49:38+00:00\" \/>\n<meta property=\"og:image\" content=\"https:\/\/centreformacioprevencio.files.wordpress.com\/2017\/03\/img_-llog3d.jpg\" \/>\n<meta name=\"author\" content=\"CFPMaresme\" \/>\n<meta name=\"twitter:card\" content=\"summary_large_image\" \/>\n<meta name=\"twitter:creator\" content=\"@cfpmaresme\" \/>\n<meta name=\"twitter:site\" content=\"@cfpmaresme\" \/>\n<meta name=\"twitter:label1\" content=\"Escrito por\" \/>\n\t<meta name=\"twitter:data1\" content=\"CFPMaresme\" \/>\n\t<meta name=\"twitter:label2\" content=\"Tiempo de lectura\" \/>\n\t<meta name=\"twitter:data2\" content=\"2 minutos\" \/>\n<script type=\"application\/ld+json\" class=\"yoast-schema-graph\">{\"@context\":\"https:\\\/\\\/schema.org\",\"@graph\":[{\"@type\":\"Article\",\"@id\":\"https:\\\/\\\/cfpmaresme.org\\\/es\\\/artistes-dalterarte-i-lassociacio-sant-lluc-per-lart-participen-en-la-xerrada-i-visita-guiada-a-lexposicio-parelles-artistiques\\\/#article\",\"isPartOf\":{\"@id\":\"https:\\\/\\\/cfpmaresme.org\\\/es\\\/artistes-dalterarte-i-lassociacio-sant-lluc-per-lart-participen-en-la-xerrada-i-visita-guiada-a-lexposicio-parelles-artistiques\\\/\"},\"author\":{\"name\":\"CFPMaresme\",\"@id\":\"https:\\\/\\\/cfpmaresme.org\\\/#\\\/schema\\\/person\\\/b2634bcd796fafc667ea4055f61b9b2c\"},\"headline\":\"Artistas de Alterarte y la Associaci\u00f3 Sant Lluc per l\u2019Art participan a la charla y visita guiada en la exposici\u00f3n Parelles Art\u00edstiques\",\"datePublished\":\"2017-02-20T09:32:58+00:00\",\"dateModified\":\"2020-10-26T15:49:38+00:00\",\"mainEntityOfPage\":{\"@id\":\"https:\\\/\\\/cfpmaresme.org\\\/es\\\/artistes-dalterarte-i-lassociacio-sant-lluc-per-lart-participen-en-la-xerrada-i-visita-guiada-a-lexposicio-parelles-artistiques\\\/\"},\"wordCount\":366,\"commentCount\":0,\"image\":{\"@id\":\"https:\\\/\\\/cfpmaresme.org\\\/es\\\/artistes-dalterarte-i-lassociacio-sant-lluc-per-lart-participen-en-la-xerrada-i-visita-guiada-a-lexposicio-parelles-artistiques\\\/#primaryimage\"},\"thumbnailUrl\":\"https:\\\/\\\/centreformacioprevencio.files.wordpress.com\\\/2017\\\/03\\\/img_-llog3d.jpg\",\"keywords\":[\"alterarte\",\"Art\",\"artistes\",\"art\u00edstiques\",\"ateneu\",\"exposicio\",\"fundaci\u00f3\",\"iluro\",\"l'art\",\"lluc\",\"matar\u00f3\",\"mostra\",\"parelles\",\"per\",\"sant\",\"vinzo\",\"visita\",\"xerrada\"],\"articleSection\":[\"Alterarte\"],\"inLanguage\":\"es\"},{\"@type\":\"WebPage\",\"@id\":\"https:\\\/\\\/cfpmaresme.org\\\/es\\\/artistes-dalterarte-i-lassociacio-sant-lluc-per-lart-participen-en-la-xerrada-i-visita-guiada-a-lexposicio-parelles-artistiques\\\/\",\"url\":\"https:\\\/\\\/cfpmaresme.org\\\/es\\\/artistes-dalterarte-i-lassociacio-sant-lluc-per-lart-participen-en-la-xerrada-i-visita-guiada-a-lexposicio-parelles-artistiques\\\/\",\"name\":\"Artistas de Alterarte y la Associaci\u00f3 Sant Lluc per l\u2019Art participan a la charla y visita guiada en la exposici\u00f3n Parelles Art\u00edstiques | CFP Maresme\",\"isPartOf\":{\"@id\":\"https:\\\/\\\/cfpmaresme.org\\\/#website\"},\"primaryImageOfPage\":{\"@id\":\"https:\\\/\\\/cfpmaresme.org\\\/es\\\/artistes-dalterarte-i-lassociacio-sant-lluc-per-lart-participen-en-la-xerrada-i-visita-guiada-a-lexposicio-parelles-artistiques\\\/#primaryimage\"},\"image\":{\"@id\":\"https:\\\/\\\/cfpmaresme.org\\\/es\\\/artistes-dalterarte-i-lassociacio-sant-lluc-per-lart-participen-en-la-xerrada-i-visita-guiada-a-lexposicio-parelles-artistiques\\\/#primaryimage\"},\"thumbnailUrl\":\"https:\\\/\\\/centreformacioprevencio.files.wordpress.com\\\/2017\\\/03\\\/img_-llog3d.jpg\",\"datePublished\":\"2017-02-20T09:32:58+00:00\",\"dateModified\":\"2020-10-26T15:49:38+00:00\",\"author\":{\"@id\":\"https:\\\/\\\/cfpmaresme.org\\\/#\\\/schema\\\/person\\\/b2634bcd796fafc667ea4055f61b9b2c\"},\"breadcrumb\":{\"@id\":\"https:\\\/\\\/cfpmaresme.org\\\/es\\\/artistes-dalterarte-i-lassociacio-sant-lluc-per-lart-participen-en-la-xerrada-i-visita-guiada-a-lexposicio-parelles-artistiques\\\/#breadcrumb\"},\"inLanguage\":\"es\",\"potentialAction\":[{\"@type\":\"ReadAction\",\"target\":[\"https:\\\/\\\/cfpmaresme.org\\\/es\\\/artistes-dalterarte-i-lassociacio-sant-lluc-per-lart-participen-en-la-xerrada-i-visita-guiada-a-lexposicio-parelles-artistiques\\\/\"]}]},{\"@type\":\"ImageObject\",\"inLanguage\":\"es\",\"@id\":\"https:\\\/\\\/cfpmaresme.org\\\/es\\\/artistes-dalterarte-i-lassociacio-sant-lluc-per-lart-participen-en-la-xerrada-i-visita-guiada-a-lexposicio-parelles-artistiques\\\/#primaryimage\",\"url\":\"https:\\\/\\\/centreformacioprevencio.files.wordpress.com\\\/2017\\\/03\\\/img_-llog3d.jpg\",\"contentUrl\":\"https:\\\/\\\/centreformacioprevencio.files.wordpress.com\\\/2017\\\/03\\\/img_-llog3d.jpg\"},{\"@type\":\"BreadcrumbList\",\"@id\":\"https:\\\/\\\/cfpmaresme.org\\\/es\\\/artistes-dalterarte-i-lassociacio-sant-lluc-per-lart-participen-en-la-xerrada-i-visita-guiada-a-lexposicio-parelles-artistiques\\\/#breadcrumb\",\"itemListElement\":[{\"@type\":\"ListItem\",\"position\":1,\"name\":\"Home\",\"item\":\"https:\\\/\\\/cfpmaresme.org\\\/es\\\/\"},{\"@type\":\"ListItem\",\"position\":2,\"name\":\"Artistas de Alterarte y la Associaci\u00f3 Sant Lluc per l\u2019Art participan a la charla y visita guiada en la exposici\u00f3n Parelles Art\u00edstiques\"}]},{\"@type\":\"WebSite\",\"@id\":\"https:\\\/\\\/cfpmaresme.org\\\/#website\",\"url\":\"https:\\\/\\\/cfpmaresme.org\\\/\",\"name\":\"CFP Maresme\",\"description\":\"Centre Formaci\u00f3 Prevenci\u00f3\",\"potentialAction\":[{\"@type\":\"SearchAction\",\"target\":{\"@type\":\"EntryPoint\",\"urlTemplate\":\"https:\\\/\\\/cfpmaresme.org\\\/?s={search_term_string}\"},\"query-input\":{\"@type\":\"PropertyValueSpecification\",\"valueRequired\":true,\"valueName\":\"search_term_string\"}}],\"inLanguage\":\"es\"},{\"@type\":\"Person\",\"@id\":\"https:\\\/\\\/cfpmaresme.org\\\/#\\\/schema\\\/person\\\/b2634bcd796fafc667ea4055f61b9b2c\",\"name\":\"CFPMaresme\"}]}<\/script>\n<!-- \/ Yoast SEO plugin. -->","yoast_head_json":{"title":"Artistas de Alterarte y la Associaci\u00f3 Sant Lluc per l\u2019Art participan a la charla y visita guiada en la exposici\u00f3n Parelles Art\u00edstiques | CFP Maresme","robots":{"index":"index","follow":"follow","max-snippet":"max-snippet:-1","max-image-preview":"max-image-preview:large","max-video-preview":"max-video-preview:-1"},"canonical":"https:\/\/cfpmaresme.org\/es\/artistes-dalterarte-i-lassociacio-sant-lluc-per-lart-participen-en-la-xerrada-i-visita-guiada-a-lexposicio-parelles-artistiques\/","og_locale":"es_ES","og_type":"article","og_title":"Artistas de Alterarte y la Associaci\u00f3 Sant Lluc per l\u2019Art participan a la charla y visita guiada en la exposici\u00f3n Parelles Art\u00edstiques | CFP Maresme","og_description":"Era el \u00faltimo acto p\u00fablico de una primera edici\u00f3n de este programa en el Maresme que se ha cerrado con una muy buena acogida por parte de sus creadores El pasado viernes 15 de marzo los artistas de Alterarte y la Associaci\u00f3 Sant Lluc per...","og_url":"https:\/\/cfpmaresme.org\/es\/artistes-dalterarte-i-lassociacio-sant-lluc-per-lart-participen-en-la-xerrada-i-visita-guiada-a-lexposicio-parelles-artistiques\/","og_site_name":"CFP Maresme","article_published_time":"2017-02-20T09:32:58+00:00","article_modified_time":"2020-10-26T15:49:38+00:00","og_image":[{"url":"https:\/\/centreformacioprevencio.files.wordpress.com\/2017\/03\/img_-llog3d.jpg","type":"","width":"","height":""}],"author":"CFPMaresme","twitter_card":"summary_large_image","twitter_creator":"@cfpmaresme","twitter_site":"@cfpmaresme","twitter_misc":{"Escrito por":"CFPMaresme","Tiempo de lectura":"2 minutos"},"schema":{"@context":"https:\/\/schema.org","@graph":[{"@type":"Article","@id":"https:\/\/cfpmaresme.org\/es\/artistes-dalterarte-i-lassociacio-sant-lluc-per-lart-participen-en-la-xerrada-i-visita-guiada-a-lexposicio-parelles-artistiques\/#article","isPartOf":{"@id":"https:\/\/cfpmaresme.org\/es\/artistes-dalterarte-i-lassociacio-sant-lluc-per-lart-participen-en-la-xerrada-i-visita-guiada-a-lexposicio-parelles-artistiques\/"},"author":{"name":"CFPMaresme","@id":"https:\/\/cfpmaresme.org\/#\/schema\/person\/b2634bcd796fafc667ea4055f61b9b2c"},"headline":"Artistas de Alterarte y la Associaci\u00f3 Sant Lluc per l\u2019Art participan a la charla y visita guiada en la exposici\u00f3n Parelles Art\u00edstiques","datePublished":"2017-02-20T09:32:58+00:00","dateModified":"2020-10-26T15:49:38+00:00","mainEntityOfPage":{"@id":"https:\/\/cfpmaresme.org\/es\/artistes-dalterarte-i-lassociacio-sant-lluc-per-lart-participen-en-la-xerrada-i-visita-guiada-a-lexposicio-parelles-artistiques\/"},"wordCount":366,"commentCount":0,"image":{"@id":"https:\/\/cfpmaresme.org\/es\/artistes-dalterarte-i-lassociacio-sant-lluc-per-lart-participen-en-la-xerrada-i-visita-guiada-a-lexposicio-parelles-artistiques\/#primaryimage"},"thumbnailUrl":"https:\/\/centreformacioprevencio.files.wordpress.com\/2017\/03\/img_-llog3d.jpg","keywords":["alterarte","Art","artistes","art\u00edstiques","ateneu","exposicio","fundaci\u00f3","iluro","l'art","lluc","matar\u00f3","mostra","parelles","per","sant","vinzo","visita","xerrada"],"articleSection":["Alterarte"],"inLanguage":"es"},{"@type":"WebPage","@id":"https:\/\/cfpmaresme.org\/es\/artistes-dalterarte-i-lassociacio-sant-lluc-per-lart-participen-en-la-xerrada-i-visita-guiada-a-lexposicio-parelles-artistiques\/","url":"https:\/\/cfpmaresme.org\/es\/artistes-dalterarte-i-lassociacio-sant-lluc-per-lart-participen-en-la-xerrada-i-visita-guiada-a-lexposicio-parelles-artistiques\/","name":"Artistas de Alterarte y la Associaci\u00f3 Sant Lluc per l\u2019Art participan a la charla y visita guiada en la exposici\u00f3n Parelles Art\u00edstiques | CFP Maresme","isPartOf":{"@id":"https:\/\/cfpmaresme.org\/#website"},"primaryImageOfPage":{"@id":"https:\/\/cfpmaresme.org\/es\/artistes-dalterarte-i-lassociacio-sant-lluc-per-lart-participen-en-la-xerrada-i-visita-guiada-a-lexposicio-parelles-artistiques\/#primaryimage"},"image":{"@id":"https:\/\/cfpmaresme.org\/es\/artistes-dalterarte-i-lassociacio-sant-lluc-per-lart-participen-en-la-xerrada-i-visita-guiada-a-lexposicio-parelles-artistiques\/#primaryimage"},"thumbnailUrl":"https:\/\/centreformacioprevencio.files.wordpress.com\/2017\/03\/img_-llog3d.jpg","datePublished":"2017-02-20T09:32:58+00:00","dateModified":"2020-10-26T15:49:38+00:00","author":{"@id":"https:\/\/cfpmaresme.org\/#\/schema\/person\/b2634bcd796fafc667ea4055f61b9b2c"},"breadcrumb":{"@id":"https:\/\/cfpmaresme.org\/es\/artistes-dalterarte-i-lassociacio-sant-lluc-per-lart-participen-en-la-xerrada-i-visita-guiada-a-lexposicio-parelles-artistiques\/#breadcrumb"},"inLanguage":"es","potentialAction":[{"@type":"ReadAction","target":["https:\/\/cfpmaresme.org\/es\/artistes-dalterarte-i-lassociacio-sant-lluc-per-lart-participen-en-la-xerrada-i-visita-guiada-a-lexposicio-parelles-artistiques\/"]}]},{"@type":"ImageObject","inLanguage":"es","@id":"https:\/\/cfpmaresme.org\/es\/artistes-dalterarte-i-lassociacio-sant-lluc-per-lart-participen-en-la-xerrada-i-visita-guiada-a-lexposicio-parelles-artistiques\/#primaryimage","url":"https:\/\/centreformacioprevencio.files.wordpress.com\/2017\/03\/img_-llog3d.jpg","contentUrl":"https:\/\/centreformacioprevencio.files.wordpress.com\/2017\/03\/img_-llog3d.jpg"},{"@type":"BreadcrumbList","@id":"https:\/\/cfpmaresme.org\/es\/artistes-dalterarte-i-lassociacio-sant-lluc-per-lart-participen-en-la-xerrada-i-visita-guiada-a-lexposicio-parelles-artistiques\/#breadcrumb","itemListElement":[{"@type":"ListItem","position":1,"name":"Home","item":"https:\/\/cfpmaresme.org\/es\/"},{"@type":"ListItem","position":2,"name":"Artistas de Alterarte y la Associaci\u00f3 Sant Lluc per l\u2019Art participan a la charla y visita guiada en la exposici\u00f3n Parelles Art\u00edstiques"}]},{"@type":"WebSite","@id":"https:\/\/cfpmaresme.org\/#website","url":"https:\/\/cfpmaresme.org\/","name":"CFP Maresme","description":"Centre Formaci\u00f3 Prevenci\u00f3","potentialAction":[{"@type":"SearchAction","target":{"@type":"EntryPoint","urlTemplate":"https:\/\/cfpmaresme.org\/?s={search_term_string}"},"query-input":{"@type":"PropertyValueSpecification","valueRequired":true,"valueName":"search_term_string"}}],"inLanguage":"es"},{"@type":"Person","@id":"https:\/\/cfpmaresme.org\/#\/schema\/person\/b2634bcd796fafc667ea4055f61b9b2c","name":"CFPMaresme"}]}},"_links":{"self":[{"href":"https:\/\/cfpmaresme.org\/es\/wp-json\/wp\/v2\/posts\/16955","targetHints":{"allow":["GET"]}}],"collection":[{"href":"https:\/\/cfpmaresme.org\/es\/wp-json\/wp\/v2\/posts"}],"about":[{"href":"https:\/\/cfpmaresme.org\/es\/wp-json\/wp\/v2\/types\/post"}],"author":[{"embeddable":true,"href":"https:\/\/cfpmaresme.org\/es\/wp-json\/wp\/v2\/users\/2"}],"replies":[{"embeddable":true,"href":"https:\/\/cfpmaresme.org\/es\/wp-json\/wp\/v2\/comments?post=16955"}],"version-history":[{"count":3,"href":"https:\/\/cfpmaresme.org\/es\/wp-json\/wp\/v2\/posts\/16955\/revisions"}],"predecessor-version":[{"id":22131,"href":"https:\/\/cfpmaresme.org\/es\/wp-json\/wp\/v2\/posts\/16955\/revisions\/22131"}],"wp:attachment":[{"href":"https:\/\/cfpmaresme.org\/es\/wp-json\/wp\/v2\/media?parent=16955"}],"wp:term":[{"taxonomy":"category","embeddable":true,"href":"https:\/\/cfpmaresme.org\/es\/wp-json\/wp\/v2\/categories?post=16955"},{"taxonomy":"post_tag","embeddable":true,"href":"https:\/\/cfpmaresme.org\/es\/wp-json\/wp\/v2\/tags?post=16955"}],"curies":[{"name":"wp","href":"https:\/\/api.w.org\/{rel}","templated":true}]}}