{"id":16957,"date":"2017-02-06T10:31:21","date_gmt":"2017-02-06T10:31:21","guid":{"rendered":"http:\/\/cfpmaresme.org\/alterarte-inaugura-la-primera-exposicio-de-parelles-artistiques-a-mataro\/"},"modified":"2020-10-26T18:02:07","modified_gmt":"2020-10-26T16:02:07","slug":"alterarte-inaugura-la-primera-exposicio-de-parelles-artistiques-a-mataro","status":"publish","type":"post","link":"https:\/\/cfpmaresme.org\/es\/alterarte-inaugura-la-primera-exposicio-de-parelles-artistiques-a-mataro\/","title":{"rendered":"Alterarte inaugura la primera exposici\u00f3n de Parelles Art\u00edstiques en Matar\u00f3"},"content":{"rendered":"<p style=\"text-align: justify;\">La muestra, que estar\u00e1 expuesta hastat el 5 de marzo en el Ateneu de la Fundaci\u00f3 Iluro, cont\u00f3 con la presencia de los artistas de nueves obras hechas a dos manos entre\u00a0 el programa del CFP iy la Associaci\u00f3 Sant Lluc per l\u2019Art<\/p>\n<p style=\"text-align: justify;\"><img loading=\"lazy\" decoding=\"async\" class=\"alignnone size-full wp-image-1105\" src=\"https:\/\/centreformacioprevencio.files.wordpress.com\/2017\/02\/pa1.jpg\" alt=\"pa1\" width=\"1300\" height=\"730\" \/><\/p>\n<p style=\"text-align: justify;\">La primera exposici\u00f3n de Parelles Art\u00edstiques en Matar\u00f3 se inaugur\u00f3 el pasado viernes 3 de febrero en el Ateneu de la Fundaci\u00f3 Iluro. La muestra cont\u00f3 con todos los artistas de las nueve obras que hicieron conjuntamente durante el pasado verano los usuarios y usuarias de Alterarte y de l\u2019Associaci\u00f3 Sant Lluc per l\u2019Art. Al acto tambi\u00e9n asistieron numerosos usuarios y profesionales del CFP as\u00ed como representantes de los otros organizadores como\u00a0 Osonament, la Fundaci\u00f3 Iluro, BBVA-CX i la Fundaci\u00f3 Antiga Caixa de Manlleu.<\/p>\n<p style=\"text-align: justify;\"><!--more--><\/p>\n<p style=\"text-align: justify;\">Durante la presentaci\u00f3n de la exposici\u00f3n, la patrona de la Fundaci\u00f3 Iluro Isabel Llaquet agradeci\u00f3 la iniciativa a los organizadores y se\u00f1al\u00f3 el compromiso de la fundaci\u00f3n con el arte local y en especial con el proyecto Parelles Art\u00edstiques. Despu\u00e9s fue el turno de Jordi Mela, sotsdirector del Centre de Formaci\u00f3 i Prevenci\u00f3, que va posar \u00e9nfasis en el trabajo que supuso poner en pr\u00e1ctica acciones como esta pero tambi\u00e9n en los grandes beneficios que aporta a los usuarios en su creatividad y mejora de su salud mental.<\/p>\n<p style=\"text-align: justify;\"><img loading=\"lazy\" decoding=\"async\" class=\"alignnone size-full wp-image-1110\" src=\"https:\/\/centreformacioprevencio.files.wordpress.com\/2017\/02\/img_20170203_191034.jpg\" alt=\"img_20170203_191034\" width=\"2466\" height=\"1549\" \/><\/p>\n<p style=\"text-align: justify;\">Seguidamente la terapeuta Neus Vila de Osonament, entidad que ahora hace once a\u00f1os que empez\u00f3 Parelles Art\u00edstiques, se mostr\u00f3 muy satisfecha de que el programa que ellos fundaron se pueda lleva a cabo con tanto \u00e9xito a otros puntos de la geograf\u00eda catalana como en Matar\u00f3. Y finalmente Antoni Luis, presidente de artistas de la Associaci\u00f3 Sant Lluc per l\u2019Art y Jos\u00e9 de la Vega, artista de Alterarte, explicaron la magn\u00edfica experiencia que han tenido trabajando juntos en las obras en nombre de todos los participantes.<\/p>\n<p style=\"text-align: justify;\"><strong>Unas obras con t\u00e9cnicas muy variadas\u00a0<\/strong><\/p>\n<p style=\"text-align: justify;\">Y es que esta jornada fue la culminaci\u00f3n de un trabajo que durante los meses de verano reuni\u00f3 a nueve parejas que trabajaron codo con codo para conseguir unas creaciones de una calidad\u00a0 art\u00edstica innegable. Las distintas obras fueron desde la pintura acr\u00edlica, pasando por el mosaico, el trabajo con barro o la edici\u00f3n de v\u00eddeo y fotograf\u00eda. s<\/p>\n<p style=\"text-align: justify;\"><strong>Una experiencia muy satisfactoria para ambos lados\u00a0<\/strong><\/p>\n<p style=\"text-align: justify;\">Los usuarios de Alterarte aprendieron nuevas t\u00e9cnicas y formas de hacer con artistas profesionales, como los integrantes de la Associaci\u00f3 Sant Lluc per l\u2019Art. Y estos \u00faltimos pudieron enriquecerse con la visi\u00f3n diferenciada del arte que tienen los artistas de Alterarte. Un proceso que seg\u00fan los integrantes ha aportado alguna cosa nueva a su m\u00e9todo de trabajo.<\/p>\n<p style=\"text-align: justify;\">La exposici\u00f3n, que se puede visitar hasta el d\u00eda 5 de marzo, tendr\u00e1 otra cita importante el pr\u00f3ximo viernes 17 de febrero a las\u00a0 19:30, d\u00eda en el que los distintos artistas har\u00e1n una visita guiada explicando sus experiencias a quien quiera acercar a interesarse por este proyecto tan enriquecedor.<\/p>\n","protected":false},"excerpt":{"rendered":"<p>La muestra, que estar\u00e1 expuesta hastat el 5 de marzo en el Ateneu de la Fundaci\u00f3 Iluro, cont\u00f3 con la presencia de los artistas de nueves obras hechas a dos manos entre\u00a0 el programa del CFP iy la Associaci\u00f3 Sant Lluc per l\u2019Art La primera&#8230;<\/p>\n","protected":false},"author":2,"featured_media":0,"comment_status":"open","ping_status":"open","sticky":false,"template":"","format":"standard","meta":{"footnotes":""},"categories":[1234],"tags":[709,643,840,630,711,635,766,794,853,854,844,638,406],"class_list":["post-16957","post","type-post","status-publish","format-standard","hentry","category-alterarte-es","tag-alterarte-es","tag-art-es","tag-artistiques-es","tag-centre-es","tag-exposicio-es","tag-formacio-es","tag-fundacio-es","tag-iluro-es","tag-inauguracio-es","tag-osonament-es","tag-parelles-es","tag-prevencio-es","tag-sant-lluc-per-lart"],"yoast_head":"<!-- This site is optimized with the Yoast SEO plugin v27.4 - https:\/\/yoast.com\/product\/yoast-seo-wordpress\/ -->\n<title>Alterarte inaugura la primera exposici\u00f3n de Parelles Art\u00edstiques en Matar\u00f3 | CFP Maresme<\/title>\n<meta name=\"robots\" content=\"index, follow, max-snippet:-1, max-image-preview:large, max-video-preview:-1\" \/>\n<link rel=\"canonical\" href=\"https:\/\/cfpmaresme.org\/alterarte-inaugura-la-primera-exposicio-de-parelles-artistiques-a-mataro\/\" \/>\n<meta property=\"og:locale\" content=\"es_ES\" \/>\n<meta property=\"og:type\" content=\"article\" \/>\n<meta property=\"og:title\" content=\"Alterarte inaugura la primera exposici\u00f3n de Parelles Art\u00edstiques en Matar\u00f3 | CFP Maresme\" \/>\n<meta property=\"og:description\" content=\"La muestra, que estar\u00e1 expuesta hastat el 5 de marzo en el Ateneu de la Fundaci\u00f3 Iluro, cont\u00f3 con la presencia de los artistas de nueves obras hechas a dos manos entre\u00a0 el programa del CFP iy la Associaci\u00f3 Sant Lluc per l\u2019Art La primera...\" \/>\n<meta property=\"og:url\" content=\"https:\/\/cfpmaresme.org\/alterarte-inaugura-la-primera-exposicio-de-parelles-artistiques-a-mataro\/\" \/>\n<meta property=\"og:site_name\" content=\"CFP Maresme\" \/>\n<meta property=\"article:published_time\" content=\"2017-02-06T10:31:21+00:00\" \/>\n<meta property=\"article:modified_time\" content=\"2020-10-26T16:02:07+00:00\" \/>\n<meta property=\"og:image\" content=\"https:\/\/centreformacioprevencio.files.wordpress.com\/2017\/02\/pa1.jpg\" \/>\n<meta name=\"author\" content=\"CFPMaresme\" \/>\n<meta name=\"twitter:card\" content=\"summary_large_image\" \/>\n<meta name=\"twitter:creator\" content=\"@cfpmaresme\" \/>\n<meta name=\"twitter:site\" content=\"@cfpmaresme\" \/>\n<meta name=\"twitter:label1\" content=\"Escrito por\" \/>\n\t<meta name=\"twitter:data1\" content=\"CFPMaresme\" \/>\n\t<meta name=\"twitter:label2\" content=\"Tiempo de lectura\" \/>\n\t<meta name=\"twitter:data2\" content=\"3 minutos\" \/>\n<script type=\"application\/ld+json\" class=\"yoast-schema-graph\">{\"@context\":\"https:\\\/\\\/schema.org\",\"@graph\":[{\"@type\":\"Article\",\"@id\":\"https:\\\/\\\/cfpmaresme.org\\\/alterarte-inaugura-la-primera-exposicio-de-parelles-artistiques-a-mataro\\\/#article\",\"isPartOf\":{\"@id\":\"https:\\\/\\\/cfpmaresme.org\\\/alterarte-inaugura-la-primera-exposicio-de-parelles-artistiques-a-mataro\\\/\"},\"author\":{\"name\":\"CFPMaresme\",\"@id\":\"https:\\\/\\\/cfpmaresme.org\\\/#\\\/schema\\\/person\\\/b2634bcd796fafc667ea4055f61b9b2c\"},\"headline\":\"Alterarte inaugura la primera exposici\u00f3n de Parelles Art\u00edstiques en Matar\u00f3\",\"datePublished\":\"2017-02-06T10:31:21+00:00\",\"dateModified\":\"2020-10-26T16:02:07+00:00\",\"mainEntityOfPage\":{\"@id\":\"https:\\\/\\\/cfpmaresme.org\\\/alterarte-inaugura-la-primera-exposicio-de-parelles-artistiques-a-mataro\\\/\"},\"wordCount\":523,\"commentCount\":0,\"image\":{\"@id\":\"https:\\\/\\\/cfpmaresme.org\\\/alterarte-inaugura-la-primera-exposicio-de-parelles-artistiques-a-mataro\\\/#primaryimage\"},\"thumbnailUrl\":\"https:\\\/\\\/centreformacioprevencio.files.wordpress.com\\\/2017\\\/02\\\/pa1.jpg\",\"keywords\":[\"alterarte\",\"Art\",\"art\u00edstiques\",\"centre\",\"exposicio\",\"formaci\u00f3\",\"fundaci\u00f3\",\"iluro\",\"inauguraci\u00f3\",\"osonament\",\"parelles\",\"prevenci\u00f3\",\"sant lluc per l'art\"],\"articleSection\":[\"Alterarte\"],\"inLanguage\":\"es\"},{\"@type\":\"WebPage\",\"@id\":\"https:\\\/\\\/cfpmaresme.org\\\/alterarte-inaugura-la-primera-exposicio-de-parelles-artistiques-a-mataro\\\/\",\"url\":\"https:\\\/\\\/cfpmaresme.org\\\/alterarte-inaugura-la-primera-exposicio-de-parelles-artistiques-a-mataro\\\/\",\"name\":\"Alterarte inaugura la primera exposici\u00f3n de Parelles Art\u00edstiques en Matar\u00f3 | CFP Maresme\",\"isPartOf\":{\"@id\":\"https:\\\/\\\/cfpmaresme.org\\\/#website\"},\"primaryImageOfPage\":{\"@id\":\"https:\\\/\\\/cfpmaresme.org\\\/alterarte-inaugura-la-primera-exposicio-de-parelles-artistiques-a-mataro\\\/#primaryimage\"},\"image\":{\"@id\":\"https:\\\/\\\/cfpmaresme.org\\\/alterarte-inaugura-la-primera-exposicio-de-parelles-artistiques-a-mataro\\\/#primaryimage\"},\"thumbnailUrl\":\"https:\\\/\\\/centreformacioprevencio.files.wordpress.com\\\/2017\\\/02\\\/pa1.jpg\",\"datePublished\":\"2017-02-06T10:31:21+00:00\",\"dateModified\":\"2020-10-26T16:02:07+00:00\",\"author\":{\"@id\":\"https:\\\/\\\/cfpmaresme.org\\\/#\\\/schema\\\/person\\\/b2634bcd796fafc667ea4055f61b9b2c\"},\"breadcrumb\":{\"@id\":\"https:\\\/\\\/cfpmaresme.org\\\/alterarte-inaugura-la-primera-exposicio-de-parelles-artistiques-a-mataro\\\/#breadcrumb\"},\"inLanguage\":\"es\",\"potentialAction\":[{\"@type\":\"ReadAction\",\"target\":[\"https:\\\/\\\/cfpmaresme.org\\\/alterarte-inaugura-la-primera-exposicio-de-parelles-artistiques-a-mataro\\\/\"]}]},{\"@type\":\"ImageObject\",\"inLanguage\":\"es\",\"@id\":\"https:\\\/\\\/cfpmaresme.org\\\/alterarte-inaugura-la-primera-exposicio-de-parelles-artistiques-a-mataro\\\/#primaryimage\",\"url\":\"https:\\\/\\\/centreformacioprevencio.files.wordpress.com\\\/2017\\\/02\\\/pa1.jpg\",\"contentUrl\":\"https:\\\/\\\/centreformacioprevencio.files.wordpress.com\\\/2017\\\/02\\\/pa1.jpg\"},{\"@type\":\"BreadcrumbList\",\"@id\":\"https:\\\/\\\/cfpmaresme.org\\\/alterarte-inaugura-la-primera-exposicio-de-parelles-artistiques-a-mataro\\\/#breadcrumb\",\"itemListElement\":[{\"@type\":\"ListItem\",\"position\":1,\"name\":\"Home\",\"item\":\"https:\\\/\\\/cfpmaresme.org\\\/es\\\/\"},{\"@type\":\"ListItem\",\"position\":2,\"name\":\"Alterarte inaugura la primera exposici\u00f3n de Parelles Art\u00edstiques en Matar\u00f3\"}]},{\"@type\":\"WebSite\",\"@id\":\"https:\\\/\\\/cfpmaresme.org\\\/#website\",\"url\":\"https:\\\/\\\/cfpmaresme.org\\\/\",\"name\":\"CFP Maresme\",\"description\":\"Centre Formaci\u00f3 Prevenci\u00f3\",\"potentialAction\":[{\"@type\":\"SearchAction\",\"target\":{\"@type\":\"EntryPoint\",\"urlTemplate\":\"https:\\\/\\\/cfpmaresme.org\\\/?s={search_term_string}\"},\"query-input\":{\"@type\":\"PropertyValueSpecification\",\"valueRequired\":true,\"valueName\":\"search_term_string\"}}],\"inLanguage\":\"es\"},{\"@type\":\"Person\",\"@id\":\"https:\\\/\\\/cfpmaresme.org\\\/#\\\/schema\\\/person\\\/b2634bcd796fafc667ea4055f61b9b2c\",\"name\":\"CFPMaresme\"}]}<\/script>\n<!-- \/ Yoast SEO plugin. -->","yoast_head_json":{"title":"Alterarte inaugura la primera exposici\u00f3n de Parelles Art\u00edstiques en Matar\u00f3 | CFP Maresme","robots":{"index":"index","follow":"follow","max-snippet":"max-snippet:-1","max-image-preview":"max-image-preview:large","max-video-preview":"max-video-preview:-1"},"canonical":"https:\/\/cfpmaresme.org\/alterarte-inaugura-la-primera-exposicio-de-parelles-artistiques-a-mataro\/","og_locale":"es_ES","og_type":"article","og_title":"Alterarte inaugura la primera exposici\u00f3n de Parelles Art\u00edstiques en Matar\u00f3 | CFP Maresme","og_description":"La muestra, que estar\u00e1 expuesta hastat el 5 de marzo en el Ateneu de la Fundaci\u00f3 Iluro, cont\u00f3 con la presencia de los artistas de nueves obras hechas a dos manos entre\u00a0 el programa del CFP iy la Associaci\u00f3 Sant Lluc per l\u2019Art La primera...","og_url":"https:\/\/cfpmaresme.org\/alterarte-inaugura-la-primera-exposicio-de-parelles-artistiques-a-mataro\/","og_site_name":"CFP Maresme","article_published_time":"2017-02-06T10:31:21+00:00","article_modified_time":"2020-10-26T16:02:07+00:00","og_image":[{"url":"https:\/\/centreformacioprevencio.files.wordpress.com\/2017\/02\/pa1.jpg","type":"","width":"","height":""}],"author":"CFPMaresme","twitter_card":"summary_large_image","twitter_creator":"@cfpmaresme","twitter_site":"@cfpmaresme","twitter_misc":{"Escrito por":"CFPMaresme","Tiempo de lectura":"3 minutos"},"schema":{"@context":"https:\/\/schema.org","@graph":[{"@type":"Article","@id":"https:\/\/cfpmaresme.org\/alterarte-inaugura-la-primera-exposicio-de-parelles-artistiques-a-mataro\/#article","isPartOf":{"@id":"https:\/\/cfpmaresme.org\/alterarte-inaugura-la-primera-exposicio-de-parelles-artistiques-a-mataro\/"},"author":{"name":"CFPMaresme","@id":"https:\/\/cfpmaresme.org\/#\/schema\/person\/b2634bcd796fafc667ea4055f61b9b2c"},"headline":"Alterarte inaugura la primera exposici\u00f3n de Parelles Art\u00edstiques en Matar\u00f3","datePublished":"2017-02-06T10:31:21+00:00","dateModified":"2020-10-26T16:02:07+00:00","mainEntityOfPage":{"@id":"https:\/\/cfpmaresme.org\/alterarte-inaugura-la-primera-exposicio-de-parelles-artistiques-a-mataro\/"},"wordCount":523,"commentCount":0,"image":{"@id":"https:\/\/cfpmaresme.org\/alterarte-inaugura-la-primera-exposicio-de-parelles-artistiques-a-mataro\/#primaryimage"},"thumbnailUrl":"https:\/\/centreformacioprevencio.files.wordpress.com\/2017\/02\/pa1.jpg","keywords":["alterarte","Art","art\u00edstiques","centre","exposicio","formaci\u00f3","fundaci\u00f3","iluro","inauguraci\u00f3","osonament","parelles","prevenci\u00f3","sant lluc per l'art"],"articleSection":["Alterarte"],"inLanguage":"es"},{"@type":"WebPage","@id":"https:\/\/cfpmaresme.org\/alterarte-inaugura-la-primera-exposicio-de-parelles-artistiques-a-mataro\/","url":"https:\/\/cfpmaresme.org\/alterarte-inaugura-la-primera-exposicio-de-parelles-artistiques-a-mataro\/","name":"Alterarte inaugura la primera exposici\u00f3n de Parelles Art\u00edstiques en Matar\u00f3 | CFP Maresme","isPartOf":{"@id":"https:\/\/cfpmaresme.org\/#website"},"primaryImageOfPage":{"@id":"https:\/\/cfpmaresme.org\/alterarte-inaugura-la-primera-exposicio-de-parelles-artistiques-a-mataro\/#primaryimage"},"image":{"@id":"https:\/\/cfpmaresme.org\/alterarte-inaugura-la-primera-exposicio-de-parelles-artistiques-a-mataro\/#primaryimage"},"thumbnailUrl":"https:\/\/centreformacioprevencio.files.wordpress.com\/2017\/02\/pa1.jpg","datePublished":"2017-02-06T10:31:21+00:00","dateModified":"2020-10-26T16:02:07+00:00","author":{"@id":"https:\/\/cfpmaresme.org\/#\/schema\/person\/b2634bcd796fafc667ea4055f61b9b2c"},"breadcrumb":{"@id":"https:\/\/cfpmaresme.org\/alterarte-inaugura-la-primera-exposicio-de-parelles-artistiques-a-mataro\/#breadcrumb"},"inLanguage":"es","potentialAction":[{"@type":"ReadAction","target":["https:\/\/cfpmaresme.org\/alterarte-inaugura-la-primera-exposicio-de-parelles-artistiques-a-mataro\/"]}]},{"@type":"ImageObject","inLanguage":"es","@id":"https:\/\/cfpmaresme.org\/alterarte-inaugura-la-primera-exposicio-de-parelles-artistiques-a-mataro\/#primaryimage","url":"https:\/\/centreformacioprevencio.files.wordpress.com\/2017\/02\/pa1.jpg","contentUrl":"https:\/\/centreformacioprevencio.files.wordpress.com\/2017\/02\/pa1.jpg"},{"@type":"BreadcrumbList","@id":"https:\/\/cfpmaresme.org\/alterarte-inaugura-la-primera-exposicio-de-parelles-artistiques-a-mataro\/#breadcrumb","itemListElement":[{"@type":"ListItem","position":1,"name":"Home","item":"https:\/\/cfpmaresme.org\/es\/"},{"@type":"ListItem","position":2,"name":"Alterarte inaugura la primera exposici\u00f3n de Parelles Art\u00edstiques en Matar\u00f3"}]},{"@type":"WebSite","@id":"https:\/\/cfpmaresme.org\/#website","url":"https:\/\/cfpmaresme.org\/","name":"CFP Maresme","description":"Centre Formaci\u00f3 Prevenci\u00f3","potentialAction":[{"@type":"SearchAction","target":{"@type":"EntryPoint","urlTemplate":"https:\/\/cfpmaresme.org\/?s={search_term_string}"},"query-input":{"@type":"PropertyValueSpecification","valueRequired":true,"valueName":"search_term_string"}}],"inLanguage":"es"},{"@type":"Person","@id":"https:\/\/cfpmaresme.org\/#\/schema\/person\/b2634bcd796fafc667ea4055f61b9b2c","name":"CFPMaresme"}]}},"_links":{"self":[{"href":"https:\/\/cfpmaresme.org\/es\/wp-json\/wp\/v2\/posts\/16957","targetHints":{"allow":["GET"]}}],"collection":[{"href":"https:\/\/cfpmaresme.org\/es\/wp-json\/wp\/v2\/posts"}],"about":[{"href":"https:\/\/cfpmaresme.org\/es\/wp-json\/wp\/v2\/types\/post"}],"author":[{"embeddable":true,"href":"https:\/\/cfpmaresme.org\/es\/wp-json\/wp\/v2\/users\/2"}],"replies":[{"embeddable":true,"href":"https:\/\/cfpmaresme.org\/es\/wp-json\/wp\/v2\/comments?post=16957"}],"version-history":[{"count":3,"href":"https:\/\/cfpmaresme.org\/es\/wp-json\/wp\/v2\/posts\/16957\/revisions"}],"predecessor-version":[{"id":22133,"href":"https:\/\/cfpmaresme.org\/es\/wp-json\/wp\/v2\/posts\/16957\/revisions\/22133"}],"wp:attachment":[{"href":"https:\/\/cfpmaresme.org\/es\/wp-json\/wp\/v2\/media?parent=16957"}],"wp:term":[{"taxonomy":"category","embeddable":true,"href":"https:\/\/cfpmaresme.org\/es\/wp-json\/wp\/v2\/categories?post=16957"},{"taxonomy":"post_tag","embeddable":true,"href":"https:\/\/cfpmaresme.org\/es\/wp-json\/wp\/v2\/tags?post=16957"}],"curies":[{"name":"wp","href":"https:\/\/api.w.org\/{rel}","templated":true}]}}