{"id":16959,"date":"2017-01-18T10:12:42","date_gmt":"2017-01-18T10:12:42","guid":{"rendered":"http:\/\/cfpmaresme.org\/el-servei-prelaboral-del-cfp-amplia-els-serveis-del-seu-taller-de-reparacio-de-bicicletes\/"},"modified":"2021-09-08T15:41:15","modified_gmt":"2021-09-08T13:41:15","slug":"el-servei-prelaboral-del-cfp-amplia-els-serveis-del-seu-taller-de-reparacio-de-bicicletes","status":"publish","type":"post","link":"https:\/\/cfpmaresme.org\/es\/el-servei-prelaboral-del-cfp-amplia-els-serveis-del-seu-taller-de-reparacio-de-bicicletes\/","title":{"rendered":"El Servicio Prelaboral del CFP ampl\u00eda los servicios de su taller de reparaci\u00f3n de bicicletas"},"content":{"rendered":"<p style=\"text-align: justify;\">El curso de mec\u00e1nica abre sus puertas a cualquier persona que quiera hacer mantenimiento o reparaci\u00f3n de su bicicleta a un precio muy ajustado <img loading=\"lazy\" decoding=\"async\" class=\"alignnone size-full wp-image-1088\" src=\"https:\/\/centreformacioprevencio.files.wordpress.com\/2017\/02\/bike-957614_960_720.jpg\" alt=\"bike-957614_960_720\" width=\"960\" height=\"720\" \/><\/p>\n<p style=\"text-align: justify;\">El pasado mes de septiembre el Servicio Prelaboral del Centre de Formaci\u00f3 i Prevenci\u00f3 inici\u00f3 un nuevo taller de mantenimiento y reparaci\u00f3n de bicicletas protagonizado por los usuarios y usuarias de la entidad. Las primeras bicicletas con las que trabajaron los alumnos del taller fueron cedidas por distintas entidades y organismos. Cuatro meses despu\u00e9s, y ante la buena acogida y la utilidad del curso, los responsables del servicio han decidido ampliar la oferta y acoger los veh\u00edculos de cualquier persona interesada en arreglar su bicicleta y, dem\u00e1s, a un precio simb\u00f3lico.<!--more--><\/p>\n<p style=\"text-align: justify;\">La empresa de art\u00edculos deportivos Decathlon colaborar\u00e1 con el Servicio Prelaboral ofreciendo piezas a precios reducidos por el taller y las personas que se quieran dirigir a \u00e9l solamente tendr\u00e1n que pagar 5\u20ac m\u00e1s el precio de las piezas que se tengan que reemplazar para disfrutar de la puesta a punto de su ciclo. Por otro lado, y para poder ofrecer un servicio todav\u00eda m\u00e1s profesional, pr\u00f3ximamente un mec\u00e1nico de Decathlon impartir\u00e1 clases a los alumnos del taller y les aportar\u00e1 su experiencia en los distintos tipos de reparaciones.<\/p>\n<p style=\"text-align: justify;\">Por lo tanto, si ten\u00e9is alguna bicicleta vieja o que est\u00e9 en desuso, no dud\u00e9is en llevarla al Servicio Prelaboral del CFP. Ayudar\u00e9is a los usuarios que est\u00e1n aprendiendo este oficio y adem\u00e1s podr\u00e9is disponer de una reparaci\u00f3n profesional y a muy buen precio.<\/p>\n","protected":false},"excerpt":{"rendered":"<p>El curso de mec\u00e1nica abre sus puertas a cualquier persona que quiera hacer mantenimiento o reparaci\u00f3n de su bicicleta a un precio muy ajustado El pasado mes de septiembre el Servicio Prelaboral del Centre de Formaci\u00f3 i Prevenci\u00f3 inici\u00f3 un nuevo taller de mantenimiento y&#8230;<\/p>\n","protected":false},"author":2,"featured_media":0,"comment_status":"open","ping_status":"open","sticky":false,"template":"","format":"standard","meta":{"footnotes":""},"categories":[1195],"tags":[860,630,861,635,862,618,638,863,623,657],"class_list":["post-16959","post","type-post","status-publish","format-standard","hentry","category-servicio-prelaboral","tag-bicicletes-es","tag-centre-es","tag-decathlon-es","tag-formacio-es","tag-mecanica-es","tag-prelaboral-es","tag-prevencio-es","tag-reparacio-es","tag-servei-es","tag-taller-es"],"yoast_head":"<!-- This site is optimized with the Yoast SEO plugin v27.4 - https:\/\/yoast.com\/product\/yoast-seo-wordpress\/ -->\n<title>El Servicio Prelaboral del CFP ampl\u00eda los servicios de su taller de reparaci\u00f3n de bicicletas | CFP Maresme<\/title>\n<meta name=\"robots\" content=\"index, follow, max-snippet:-1, max-image-preview:large, max-video-preview:-1\" \/>\n<link rel=\"canonical\" href=\"https:\/\/cfpmaresme.org\/es\/el-servei-prelaboral-del-cfp-amplia-els-serveis-del-seu-taller-de-reparacio-de-bicicletes\/\" \/>\n<meta property=\"og:locale\" content=\"es_ES\" \/>\n<meta property=\"og:type\" content=\"article\" \/>\n<meta property=\"og:title\" content=\"El Servicio Prelaboral del CFP ampl\u00eda los servicios de su taller de reparaci\u00f3n de bicicletas | CFP Maresme\" \/>\n<meta property=\"og:description\" content=\"El curso de mec\u00e1nica abre sus puertas a cualquier persona que quiera hacer mantenimiento o reparaci\u00f3n de su bicicleta a un precio muy ajustado El pasado mes de septiembre el Servicio Prelaboral del Centre de Formaci\u00f3 i Prevenci\u00f3 inici\u00f3 un nuevo taller de mantenimiento y...\" \/>\n<meta property=\"og:url\" content=\"https:\/\/cfpmaresme.org\/es\/el-servei-prelaboral-del-cfp-amplia-els-serveis-del-seu-taller-de-reparacio-de-bicicletes\/\" \/>\n<meta property=\"og:site_name\" content=\"CFP Maresme\" \/>\n<meta property=\"article:published_time\" content=\"2017-01-18T10:12:42+00:00\" \/>\n<meta property=\"article:modified_time\" content=\"2021-09-08T13:41:15+00:00\" \/>\n<meta property=\"og:image\" content=\"https:\/\/centreformacioprevencio.files.wordpress.com\/2017\/02\/bike-957614_960_720.jpg\" \/>\n<meta name=\"author\" content=\"CFPMaresme\" \/>\n<meta name=\"twitter:card\" content=\"summary_large_image\" \/>\n<meta name=\"twitter:creator\" content=\"@cfpmaresme\" \/>\n<meta name=\"twitter:site\" content=\"@cfpmaresme\" \/>\n<meta name=\"twitter:label1\" content=\"Escrito por\" \/>\n\t<meta name=\"twitter:data1\" content=\"CFPMaresme\" \/>\n\t<meta name=\"twitter:label2\" content=\"Tiempo de lectura\" \/>\n\t<meta name=\"twitter:data2\" content=\"1 minuto\" \/>\n<script type=\"application\/ld+json\" class=\"yoast-schema-graph\">{\"@context\":\"https:\\\/\\\/schema.org\",\"@graph\":[{\"@type\":\"Article\",\"@id\":\"https:\\\/\\\/cfpmaresme.org\\\/es\\\/el-servei-prelaboral-del-cfp-amplia-els-serveis-del-seu-taller-de-reparacio-de-bicicletes\\\/#article\",\"isPartOf\":{\"@id\":\"https:\\\/\\\/cfpmaresme.org\\\/es\\\/el-servei-prelaboral-del-cfp-amplia-els-serveis-del-seu-taller-de-reparacio-de-bicicletes\\\/\"},\"author\":{\"name\":\"CFPMaresme\",\"@id\":\"https:\\\/\\\/cfpmaresme.org\\\/#\\\/schema\\\/person\\\/b2634bcd796fafc667ea4055f61b9b2c\"},\"headline\":\"El Servicio Prelaboral del CFP ampl\u00eda los servicios de su taller de reparaci\u00f3n de bicicletas\",\"datePublished\":\"2017-01-18T10:12:42+00:00\",\"dateModified\":\"2021-09-08T13:41:15+00:00\",\"mainEntityOfPage\":{\"@id\":\"https:\\\/\\\/cfpmaresme.org\\\/es\\\/el-servei-prelaboral-del-cfp-amplia-els-serveis-del-seu-taller-de-reparacio-de-bicicletes\\\/\"},\"wordCount\":285,\"commentCount\":0,\"image\":{\"@id\":\"https:\\\/\\\/cfpmaresme.org\\\/es\\\/el-servei-prelaboral-del-cfp-amplia-els-serveis-del-seu-taller-de-reparacio-de-bicicletes\\\/#primaryimage\"},\"thumbnailUrl\":\"https:\\\/\\\/centreformacioprevencio.files.wordpress.com\\\/2017\\\/02\\\/bike-957614_960_720.jpg\",\"keywords\":[\"bicicletes\",\"centre\",\"decathlon\",\"formaci\u00f3\",\"mec\u00e0nica\",\"prelaboral\",\"prevenci\u00f3\",\"reparaci\u00f3\",\"servei\",\"taller\"],\"articleSection\":[\"Servicio Prelaboral\"],\"inLanguage\":\"es\"},{\"@type\":\"WebPage\",\"@id\":\"https:\\\/\\\/cfpmaresme.org\\\/es\\\/el-servei-prelaboral-del-cfp-amplia-els-serveis-del-seu-taller-de-reparacio-de-bicicletes\\\/\",\"url\":\"https:\\\/\\\/cfpmaresme.org\\\/es\\\/el-servei-prelaboral-del-cfp-amplia-els-serveis-del-seu-taller-de-reparacio-de-bicicletes\\\/\",\"name\":\"El Servicio Prelaboral del CFP ampl\u00eda los servicios de su taller de reparaci\u00f3n de bicicletas | CFP Maresme\",\"isPartOf\":{\"@id\":\"https:\\\/\\\/cfpmaresme.org\\\/#website\"},\"primaryImageOfPage\":{\"@id\":\"https:\\\/\\\/cfpmaresme.org\\\/es\\\/el-servei-prelaboral-del-cfp-amplia-els-serveis-del-seu-taller-de-reparacio-de-bicicletes\\\/#primaryimage\"},\"image\":{\"@id\":\"https:\\\/\\\/cfpmaresme.org\\\/es\\\/el-servei-prelaboral-del-cfp-amplia-els-serveis-del-seu-taller-de-reparacio-de-bicicletes\\\/#primaryimage\"},\"thumbnailUrl\":\"https:\\\/\\\/centreformacioprevencio.files.wordpress.com\\\/2017\\\/02\\\/bike-957614_960_720.jpg\",\"datePublished\":\"2017-01-18T10:12:42+00:00\",\"dateModified\":\"2021-09-08T13:41:15+00:00\",\"author\":{\"@id\":\"https:\\\/\\\/cfpmaresme.org\\\/#\\\/schema\\\/person\\\/b2634bcd796fafc667ea4055f61b9b2c\"},\"breadcrumb\":{\"@id\":\"https:\\\/\\\/cfpmaresme.org\\\/es\\\/el-servei-prelaboral-del-cfp-amplia-els-serveis-del-seu-taller-de-reparacio-de-bicicletes\\\/#breadcrumb\"},\"inLanguage\":\"es\",\"potentialAction\":[{\"@type\":\"ReadAction\",\"target\":[\"https:\\\/\\\/cfpmaresme.org\\\/es\\\/el-servei-prelaboral-del-cfp-amplia-els-serveis-del-seu-taller-de-reparacio-de-bicicletes\\\/\"]}]},{\"@type\":\"ImageObject\",\"inLanguage\":\"es\",\"@id\":\"https:\\\/\\\/cfpmaresme.org\\\/es\\\/el-servei-prelaboral-del-cfp-amplia-els-serveis-del-seu-taller-de-reparacio-de-bicicletes\\\/#primaryimage\",\"url\":\"https:\\\/\\\/centreformacioprevencio.files.wordpress.com\\\/2017\\\/02\\\/bike-957614_960_720.jpg\",\"contentUrl\":\"https:\\\/\\\/centreformacioprevencio.files.wordpress.com\\\/2017\\\/02\\\/bike-957614_960_720.jpg\"},{\"@type\":\"BreadcrumbList\",\"@id\":\"https:\\\/\\\/cfpmaresme.org\\\/es\\\/el-servei-prelaboral-del-cfp-amplia-els-serveis-del-seu-taller-de-reparacio-de-bicicletes\\\/#breadcrumb\",\"itemListElement\":[{\"@type\":\"ListItem\",\"position\":1,\"name\":\"Home\",\"item\":\"https:\\\/\\\/cfpmaresme.org\\\/es\\\/\"},{\"@type\":\"ListItem\",\"position\":2,\"name\":\"El Servicio Prelaboral del CFP ampl\u00eda los servicios de su taller de reparaci\u00f3n de bicicletas\"}]},{\"@type\":\"WebSite\",\"@id\":\"https:\\\/\\\/cfpmaresme.org\\\/#website\",\"url\":\"https:\\\/\\\/cfpmaresme.org\\\/\",\"name\":\"CFP Maresme\",\"description\":\"Centre Formaci\u00f3 Prevenci\u00f3\",\"potentialAction\":[{\"@type\":\"SearchAction\",\"target\":{\"@type\":\"EntryPoint\",\"urlTemplate\":\"https:\\\/\\\/cfpmaresme.org\\\/?s={search_term_string}\"},\"query-input\":{\"@type\":\"PropertyValueSpecification\",\"valueRequired\":true,\"valueName\":\"search_term_string\"}}],\"inLanguage\":\"es\"},{\"@type\":\"Person\",\"@id\":\"https:\\\/\\\/cfpmaresme.org\\\/#\\\/schema\\\/person\\\/b2634bcd796fafc667ea4055f61b9b2c\",\"name\":\"CFPMaresme\"}]}<\/script>\n<!-- \/ Yoast SEO plugin. -->","yoast_head_json":{"title":"El Servicio Prelaboral del CFP ampl\u00eda los servicios de su taller de reparaci\u00f3n de bicicletas | CFP Maresme","robots":{"index":"index","follow":"follow","max-snippet":"max-snippet:-1","max-image-preview":"max-image-preview:large","max-video-preview":"max-video-preview:-1"},"canonical":"https:\/\/cfpmaresme.org\/es\/el-servei-prelaboral-del-cfp-amplia-els-serveis-del-seu-taller-de-reparacio-de-bicicletes\/","og_locale":"es_ES","og_type":"article","og_title":"El Servicio Prelaboral del CFP ampl\u00eda los servicios de su taller de reparaci\u00f3n de bicicletas | CFP Maresme","og_description":"El curso de mec\u00e1nica abre sus puertas a cualquier persona que quiera hacer mantenimiento o reparaci\u00f3n de su bicicleta a un precio muy ajustado El pasado mes de septiembre el Servicio Prelaboral del Centre de Formaci\u00f3 i Prevenci\u00f3 inici\u00f3 un nuevo taller de mantenimiento y...","og_url":"https:\/\/cfpmaresme.org\/es\/el-servei-prelaboral-del-cfp-amplia-els-serveis-del-seu-taller-de-reparacio-de-bicicletes\/","og_site_name":"CFP Maresme","article_published_time":"2017-01-18T10:12:42+00:00","article_modified_time":"2021-09-08T13:41:15+00:00","og_image":[{"url":"https:\/\/centreformacioprevencio.files.wordpress.com\/2017\/02\/bike-957614_960_720.jpg","type":"","width":"","height":""}],"author":"CFPMaresme","twitter_card":"summary_large_image","twitter_creator":"@cfpmaresme","twitter_site":"@cfpmaresme","twitter_misc":{"Escrito por":"CFPMaresme","Tiempo de lectura":"1 minuto"},"schema":{"@context":"https:\/\/schema.org","@graph":[{"@type":"Article","@id":"https:\/\/cfpmaresme.org\/es\/el-servei-prelaboral-del-cfp-amplia-els-serveis-del-seu-taller-de-reparacio-de-bicicletes\/#article","isPartOf":{"@id":"https:\/\/cfpmaresme.org\/es\/el-servei-prelaboral-del-cfp-amplia-els-serveis-del-seu-taller-de-reparacio-de-bicicletes\/"},"author":{"name":"CFPMaresme","@id":"https:\/\/cfpmaresme.org\/#\/schema\/person\/b2634bcd796fafc667ea4055f61b9b2c"},"headline":"El Servicio Prelaboral del CFP ampl\u00eda los servicios de su taller de reparaci\u00f3n de bicicletas","datePublished":"2017-01-18T10:12:42+00:00","dateModified":"2021-09-08T13:41:15+00:00","mainEntityOfPage":{"@id":"https:\/\/cfpmaresme.org\/es\/el-servei-prelaboral-del-cfp-amplia-els-serveis-del-seu-taller-de-reparacio-de-bicicletes\/"},"wordCount":285,"commentCount":0,"image":{"@id":"https:\/\/cfpmaresme.org\/es\/el-servei-prelaboral-del-cfp-amplia-els-serveis-del-seu-taller-de-reparacio-de-bicicletes\/#primaryimage"},"thumbnailUrl":"https:\/\/centreformacioprevencio.files.wordpress.com\/2017\/02\/bike-957614_960_720.jpg","keywords":["bicicletes","centre","decathlon","formaci\u00f3","mec\u00e0nica","prelaboral","prevenci\u00f3","reparaci\u00f3","servei","taller"],"articleSection":["Servicio Prelaboral"],"inLanguage":"es"},{"@type":"WebPage","@id":"https:\/\/cfpmaresme.org\/es\/el-servei-prelaboral-del-cfp-amplia-els-serveis-del-seu-taller-de-reparacio-de-bicicletes\/","url":"https:\/\/cfpmaresme.org\/es\/el-servei-prelaboral-del-cfp-amplia-els-serveis-del-seu-taller-de-reparacio-de-bicicletes\/","name":"El Servicio Prelaboral del CFP ampl\u00eda los servicios de su taller de reparaci\u00f3n de bicicletas | CFP Maresme","isPartOf":{"@id":"https:\/\/cfpmaresme.org\/#website"},"primaryImageOfPage":{"@id":"https:\/\/cfpmaresme.org\/es\/el-servei-prelaboral-del-cfp-amplia-els-serveis-del-seu-taller-de-reparacio-de-bicicletes\/#primaryimage"},"image":{"@id":"https:\/\/cfpmaresme.org\/es\/el-servei-prelaboral-del-cfp-amplia-els-serveis-del-seu-taller-de-reparacio-de-bicicletes\/#primaryimage"},"thumbnailUrl":"https:\/\/centreformacioprevencio.files.wordpress.com\/2017\/02\/bike-957614_960_720.jpg","datePublished":"2017-01-18T10:12:42+00:00","dateModified":"2021-09-08T13:41:15+00:00","author":{"@id":"https:\/\/cfpmaresme.org\/#\/schema\/person\/b2634bcd796fafc667ea4055f61b9b2c"},"breadcrumb":{"@id":"https:\/\/cfpmaresme.org\/es\/el-servei-prelaboral-del-cfp-amplia-els-serveis-del-seu-taller-de-reparacio-de-bicicletes\/#breadcrumb"},"inLanguage":"es","potentialAction":[{"@type":"ReadAction","target":["https:\/\/cfpmaresme.org\/es\/el-servei-prelaboral-del-cfp-amplia-els-serveis-del-seu-taller-de-reparacio-de-bicicletes\/"]}]},{"@type":"ImageObject","inLanguage":"es","@id":"https:\/\/cfpmaresme.org\/es\/el-servei-prelaboral-del-cfp-amplia-els-serveis-del-seu-taller-de-reparacio-de-bicicletes\/#primaryimage","url":"https:\/\/centreformacioprevencio.files.wordpress.com\/2017\/02\/bike-957614_960_720.jpg","contentUrl":"https:\/\/centreformacioprevencio.files.wordpress.com\/2017\/02\/bike-957614_960_720.jpg"},{"@type":"BreadcrumbList","@id":"https:\/\/cfpmaresme.org\/es\/el-servei-prelaboral-del-cfp-amplia-els-serveis-del-seu-taller-de-reparacio-de-bicicletes\/#breadcrumb","itemListElement":[{"@type":"ListItem","position":1,"name":"Home","item":"https:\/\/cfpmaresme.org\/es\/"},{"@type":"ListItem","position":2,"name":"El Servicio Prelaboral del CFP ampl\u00eda los servicios de su taller de reparaci\u00f3n de bicicletas"}]},{"@type":"WebSite","@id":"https:\/\/cfpmaresme.org\/#website","url":"https:\/\/cfpmaresme.org\/","name":"CFP Maresme","description":"Centre Formaci\u00f3 Prevenci\u00f3","potentialAction":[{"@type":"SearchAction","target":{"@type":"EntryPoint","urlTemplate":"https:\/\/cfpmaresme.org\/?s={search_term_string}"},"query-input":{"@type":"PropertyValueSpecification","valueRequired":true,"valueName":"search_term_string"}}],"inLanguage":"es"},{"@type":"Person","@id":"https:\/\/cfpmaresme.org\/#\/schema\/person\/b2634bcd796fafc667ea4055f61b9b2c","name":"CFPMaresme"}]}},"_links":{"self":[{"href":"https:\/\/cfpmaresme.org\/es\/wp-json\/wp\/v2\/posts\/16959","targetHints":{"allow":["GET"]}}],"collection":[{"href":"https:\/\/cfpmaresme.org\/es\/wp-json\/wp\/v2\/posts"}],"about":[{"href":"https:\/\/cfpmaresme.org\/es\/wp-json\/wp\/v2\/types\/post"}],"author":[{"embeddable":true,"href":"https:\/\/cfpmaresme.org\/es\/wp-json\/wp\/v2\/users\/2"}],"replies":[{"embeddable":true,"href":"https:\/\/cfpmaresme.org\/es\/wp-json\/wp\/v2\/comments?post=16959"}],"version-history":[{"count":3,"href":"https:\/\/cfpmaresme.org\/es\/wp-json\/wp\/v2\/posts\/16959\/revisions"}],"predecessor-version":[{"id":26355,"href":"https:\/\/cfpmaresme.org\/es\/wp-json\/wp\/v2\/posts\/16959\/revisions\/26355"}],"wp:attachment":[{"href":"https:\/\/cfpmaresme.org\/es\/wp-json\/wp\/v2\/media?parent=16959"}],"wp:term":[{"taxonomy":"category","embeddable":true,"href":"https:\/\/cfpmaresme.org\/es\/wp-json\/wp\/v2\/categories?post=16959"},{"taxonomy":"post_tag","embeddable":true,"href":"https:\/\/cfpmaresme.org\/es\/wp-json\/wp\/v2\/tags?post=16959"}],"curies":[{"name":"wp","href":"https:\/\/api.w.org\/{rel}","templated":true}]}}