{"id":16961,"date":"2017-01-11T11:55:32","date_gmt":"2017-01-11T11:55:32","guid":{"rendered":"http:\/\/cfpmaresme.org\/els-usuaris-i-usuaries-del-cfp-podran-gaudir-del-programa-apropa-cultura-a-mataro\/"},"modified":"2021-06-30T13:53:20","modified_gmt":"2021-06-30T11:53:20","slug":"els-usuaris-i-usuaries-del-cfp-podran-gaudir-del-programa-apropa-cultura-a-mataro","status":"publish","type":"post","link":"https:\/\/cfpmaresme.org\/es\/els-usuaris-i-usuaries-del-cfp-podran-gaudir-del-programa-apropa-cultura-a-mataro\/","title":{"rendered":"Los usuarios y usuarias del CFP podr\u00e1n disfrutar del programa Apropa Cultura a Matar\u00f3"},"content":{"rendered":"<p style=\"text-align: justify;\">El convenio entre las regidor\u00edas de Cultura y Bienestar Social mataroninas y este proyecto de ocio inclusivo a nivel catal\u00e1n permitir\u00e1n a las entidades asistir a espect\u00e1culos y actividades en nuestra ciudad<\/p>\n<p style=\"text-align: justify;\"><img loading=\"lazy\" decoding=\"async\" class=\"alignnone size-full wp-image-1075\" src=\"https:\/\/centreformacioprevencio.files.wordpress.com\/2017\/01\/img_20170110_120800.jpg\" alt=\"img_20170110_120800\" width=\"4160\" height=\"2336\" \/><\/p>\n<p style=\"text-align: justify;\">El paso martes 10 de enero tuvo lugar en el Teatre Monumental de Matar\u00f3 el anuncio de la adhesi\u00f3n del consistorio\u00a0 al programa Apropa Cultura. Con este acuerdo, los usuarios y usuarias del Centre de Formaci\u00f3 i Prevenci\u00f3 y las otras entidades sociales de la ciudad podr\u00e1n asistir a una amplia mayor\u00eda de la programaci\u00f3n cultural mataronina a precios muy reducidos, con un precio m\u00e1ximo de 3\u20ac.<\/p>\n<p style=\"text-align: justify;\">El Teatre Monumental y el Centre d\u2019Arts Esc\u00e8niques Can Gassol ser\u00e1n los dos primeros equipamientos municipales que ofrecer\u00e1n los descuentos de Apropa Cultura. Se reservar\u00e1 un 2% del aforo de los espect\u00e1culos para personas\u00a0 de las entidades sociales que quieran asistir a las distintas citas programadas.<\/p>\n<p style=\"text-align: justify;\">Dentro de los espect\u00e1culos incluidos destacan la temporada estable de teatro y danza, las funciones de Salimos en Familia (dirigidas a infantes y adolescentes), las obras Hecho en Matar\u00f3 (protagonizadas por compa\u00f1\u00edas locales) y los conciertos de la Casa de la M\u00fasica que organiza en el Teatre Monumental.<\/p>\n<p style=\"text-align: justify;\">El CFP lleva a\u00f1os participando en el programa Apropa Cultura y, de hecho, se hab\u00edan organizado anteriormente salidas al Auditorio, pero la participaci\u00f3n del Ayuntamiento de Matar\u00f3 en el programa dar\u00e1 m\u00e1s facilidades para poder realizar actividades culturales con las personas que atiende nuestra entidad.<\/p>\n<p style=\"text-align: justify;\"><em>El programa Apropa Cultura lleva m\u00e1s de diez a\u00f1os apostando por la inclusi\u00f3n cultural de los colectivos que tienen m\u00e1s dif\u00edcil acceso a las actividades de teatros y museos y actualmente cuenta con 65 equipamientos asociados en todo el territorio catal\u00e1n. Entre ellos destacan el Auditorio de Barcelona, el Teatre Lliure, el Teatre Nacional de Catalunya, el Palau de la M\u00fasica Orfe\u00f3 Catal\u00e0 o el Liceu. Desde su puesta en marcha, ha conseguido m\u00e1s de 130000 asistencias de diversos colectivos entre todos los teatros y museos adscritos.\u00a0<\/em><\/p>\n","protected":false},"excerpt":{"rendered":"<p>El convenio entre las regidor\u00edas de Cultura y Bienestar Social mataroninas y este proyecto de ocio inclusivo a nivel catal\u00e1n permitir\u00e1n a las entidades asistir a espect\u00e1culos y actividades en nuestra ciudad El paso martes 10 de enero tuvo lugar en el Teatre Monumental de&#8230;<\/p>\n","protected":false},"author":2,"featured_media":0,"comment_status":"open","ping_status":"open","sticky":false,"template":"","format":"standard","meta":{"footnotes":""},"categories":[1187],"tags":[871,872,693,630,761,788,873,635,799,874,638,701,658],"class_list":["post-16961","post","type-post","status-publish","format-standard","hentry","category-cfp-maresme-es","tag-acord-es","tag-apropa-es","tag-benestar-es","tag-centre-es","tag-conveni-es","tag-cultura-es","tag-espectacles-es","tag-formacio-es","tag-monumental-es","tag-presentacio-es","tag-prevencio-es","tag-social-es","tag-teatre-es"],"yoast_head":"<!-- This site is optimized with the Yoast SEO plugin v27.4 - https:\/\/yoast.com\/product\/yoast-seo-wordpress\/ -->\n<title>Los usuarios y usuarias del CFP podr\u00e1n disfrutar del programa Apropa Cultura a Matar\u00f3 | CFP Maresme<\/title>\n<meta name=\"robots\" content=\"index, follow, max-snippet:-1, max-image-preview:large, max-video-preview:-1\" \/>\n<link rel=\"canonical\" href=\"https:\/\/cfpmaresme.org\/es\/els-usuaris-i-usuaries-del-cfp-podran-gaudir-del-programa-apropa-cultura-a-mataro\/\" \/>\n<meta property=\"og:locale\" content=\"es_ES\" \/>\n<meta property=\"og:type\" content=\"article\" \/>\n<meta property=\"og:title\" content=\"Los usuarios y usuarias del CFP podr\u00e1n disfrutar del programa Apropa Cultura a Matar\u00f3 | CFP Maresme\" \/>\n<meta property=\"og:description\" content=\"El convenio entre las regidor\u00edas de Cultura y Bienestar Social mataroninas y este proyecto de ocio inclusivo a nivel catal\u00e1n permitir\u00e1n a las entidades asistir a espect\u00e1culos y actividades en nuestra ciudad El paso martes 10 de enero tuvo lugar en el Teatre Monumental de...\" \/>\n<meta property=\"og:url\" content=\"https:\/\/cfpmaresme.org\/es\/els-usuaris-i-usuaries-del-cfp-podran-gaudir-del-programa-apropa-cultura-a-mataro\/\" \/>\n<meta property=\"og:site_name\" content=\"CFP Maresme\" \/>\n<meta property=\"article:published_time\" content=\"2017-01-11T11:55:32+00:00\" \/>\n<meta property=\"article:modified_time\" content=\"2021-06-30T11:53:20+00:00\" \/>\n<meta property=\"og:image\" content=\"https:\/\/centreformacioprevencio.files.wordpress.com\/2017\/01\/img_20170110_120800.jpg\" \/>\n<meta name=\"author\" content=\"CFPMaresme\" \/>\n<meta name=\"twitter:card\" content=\"summary_large_image\" \/>\n<meta name=\"twitter:creator\" content=\"@cfpmaresme\" \/>\n<meta name=\"twitter:site\" content=\"@cfpmaresme\" \/>\n<meta name=\"twitter:label1\" content=\"Escrito por\" \/>\n\t<meta name=\"twitter:data1\" content=\"CFPMaresme\" \/>\n\t<meta name=\"twitter:label2\" content=\"Tiempo de lectura\" \/>\n\t<meta name=\"twitter:data2\" content=\"2 minutos\" \/>\n<script type=\"application\/ld+json\" class=\"yoast-schema-graph\">{\"@context\":\"https:\\\/\\\/schema.org\",\"@graph\":[{\"@type\":\"Article\",\"@id\":\"https:\\\/\\\/cfpmaresme.org\\\/es\\\/els-usuaris-i-usuaries-del-cfp-podran-gaudir-del-programa-apropa-cultura-a-mataro\\\/#article\",\"isPartOf\":{\"@id\":\"https:\\\/\\\/cfpmaresme.org\\\/es\\\/els-usuaris-i-usuaries-del-cfp-podran-gaudir-del-programa-apropa-cultura-a-mataro\\\/\"},\"author\":{\"name\":\"CFPMaresme\",\"@id\":\"https:\\\/\\\/cfpmaresme.org\\\/#\\\/schema\\\/person\\\/b2634bcd796fafc667ea4055f61b9b2c\"},\"headline\":\"Los usuarios y usuarias del CFP podr\u00e1n disfrutar del programa Apropa Cultura a Matar\u00f3\",\"datePublished\":\"2017-01-11T11:55:32+00:00\",\"dateModified\":\"2021-06-30T11:53:20+00:00\",\"mainEntityOfPage\":{\"@id\":\"https:\\\/\\\/cfpmaresme.org\\\/es\\\/els-usuaris-i-usuaries-del-cfp-podran-gaudir-del-programa-apropa-cultura-a-mataro\\\/\"},\"wordCount\":364,\"commentCount\":0,\"image\":{\"@id\":\"https:\\\/\\\/cfpmaresme.org\\\/es\\\/els-usuaris-i-usuaries-del-cfp-podran-gaudir-del-programa-apropa-cultura-a-mataro\\\/#primaryimage\"},\"thumbnailUrl\":\"https:\\\/\\\/centreformacioprevencio.files.wordpress.com\\\/2017\\\/01\\\/img_20170110_120800.jpg\",\"keywords\":[\"acord\",\"apropa\",\"benestar\",\"centre\",\"conveni\",\"cultura\",\"espectacles\",\"formaci\u00f3\",\"monumental\",\"presentaci\u00f3\",\"prevenci\u00f3\",\"social\",\"teatre\"],\"articleSection\":[\"CFP Maresme\"],\"inLanguage\":\"es\"},{\"@type\":\"WebPage\",\"@id\":\"https:\\\/\\\/cfpmaresme.org\\\/es\\\/els-usuaris-i-usuaries-del-cfp-podran-gaudir-del-programa-apropa-cultura-a-mataro\\\/\",\"url\":\"https:\\\/\\\/cfpmaresme.org\\\/es\\\/els-usuaris-i-usuaries-del-cfp-podran-gaudir-del-programa-apropa-cultura-a-mataro\\\/\",\"name\":\"Los usuarios y usuarias del CFP podr\u00e1n disfrutar del programa Apropa Cultura a Matar\u00f3 | CFP Maresme\",\"isPartOf\":{\"@id\":\"https:\\\/\\\/cfpmaresme.org\\\/#website\"},\"primaryImageOfPage\":{\"@id\":\"https:\\\/\\\/cfpmaresme.org\\\/es\\\/els-usuaris-i-usuaries-del-cfp-podran-gaudir-del-programa-apropa-cultura-a-mataro\\\/#primaryimage\"},\"image\":{\"@id\":\"https:\\\/\\\/cfpmaresme.org\\\/es\\\/els-usuaris-i-usuaries-del-cfp-podran-gaudir-del-programa-apropa-cultura-a-mataro\\\/#primaryimage\"},\"thumbnailUrl\":\"https:\\\/\\\/centreformacioprevencio.files.wordpress.com\\\/2017\\\/01\\\/img_20170110_120800.jpg\",\"datePublished\":\"2017-01-11T11:55:32+00:00\",\"dateModified\":\"2021-06-30T11:53:20+00:00\",\"author\":{\"@id\":\"https:\\\/\\\/cfpmaresme.org\\\/#\\\/schema\\\/person\\\/b2634bcd796fafc667ea4055f61b9b2c\"},\"breadcrumb\":{\"@id\":\"https:\\\/\\\/cfpmaresme.org\\\/es\\\/els-usuaris-i-usuaries-del-cfp-podran-gaudir-del-programa-apropa-cultura-a-mataro\\\/#breadcrumb\"},\"inLanguage\":\"es\",\"potentialAction\":[{\"@type\":\"ReadAction\",\"target\":[\"https:\\\/\\\/cfpmaresme.org\\\/es\\\/els-usuaris-i-usuaries-del-cfp-podran-gaudir-del-programa-apropa-cultura-a-mataro\\\/\"]}]},{\"@type\":\"ImageObject\",\"inLanguage\":\"es\",\"@id\":\"https:\\\/\\\/cfpmaresme.org\\\/es\\\/els-usuaris-i-usuaries-del-cfp-podran-gaudir-del-programa-apropa-cultura-a-mataro\\\/#primaryimage\",\"url\":\"https:\\\/\\\/centreformacioprevencio.files.wordpress.com\\\/2017\\\/01\\\/img_20170110_120800.jpg\",\"contentUrl\":\"https:\\\/\\\/centreformacioprevencio.files.wordpress.com\\\/2017\\\/01\\\/img_20170110_120800.jpg\"},{\"@type\":\"BreadcrumbList\",\"@id\":\"https:\\\/\\\/cfpmaresme.org\\\/es\\\/els-usuaris-i-usuaries-del-cfp-podran-gaudir-del-programa-apropa-cultura-a-mataro\\\/#breadcrumb\",\"itemListElement\":[{\"@type\":\"ListItem\",\"position\":1,\"name\":\"Home\",\"item\":\"https:\\\/\\\/cfpmaresme.org\\\/es\\\/\"},{\"@type\":\"ListItem\",\"position\":2,\"name\":\"Los usuarios y usuarias del CFP podr\u00e1n disfrutar del programa Apropa Cultura a Matar\u00f3\"}]},{\"@type\":\"WebSite\",\"@id\":\"https:\\\/\\\/cfpmaresme.org\\\/#website\",\"url\":\"https:\\\/\\\/cfpmaresme.org\\\/\",\"name\":\"CFP Maresme\",\"description\":\"Centre Formaci\u00f3 Prevenci\u00f3\",\"potentialAction\":[{\"@type\":\"SearchAction\",\"target\":{\"@type\":\"EntryPoint\",\"urlTemplate\":\"https:\\\/\\\/cfpmaresme.org\\\/?s={search_term_string}\"},\"query-input\":{\"@type\":\"PropertyValueSpecification\",\"valueRequired\":true,\"valueName\":\"search_term_string\"}}],\"inLanguage\":\"es\"},{\"@type\":\"Person\",\"@id\":\"https:\\\/\\\/cfpmaresme.org\\\/#\\\/schema\\\/person\\\/b2634bcd796fafc667ea4055f61b9b2c\",\"name\":\"CFPMaresme\"}]}<\/script>\n<!-- \/ Yoast SEO plugin. -->","yoast_head_json":{"title":"Los usuarios y usuarias del CFP podr\u00e1n disfrutar del programa Apropa Cultura a Matar\u00f3 | CFP Maresme","robots":{"index":"index","follow":"follow","max-snippet":"max-snippet:-1","max-image-preview":"max-image-preview:large","max-video-preview":"max-video-preview:-1"},"canonical":"https:\/\/cfpmaresme.org\/es\/els-usuaris-i-usuaries-del-cfp-podran-gaudir-del-programa-apropa-cultura-a-mataro\/","og_locale":"es_ES","og_type":"article","og_title":"Los usuarios y usuarias del CFP podr\u00e1n disfrutar del programa Apropa Cultura a Matar\u00f3 | CFP Maresme","og_description":"El convenio entre las regidor\u00edas de Cultura y Bienestar Social mataroninas y este proyecto de ocio inclusivo a nivel catal\u00e1n permitir\u00e1n a las entidades asistir a espect\u00e1culos y actividades en nuestra ciudad El paso martes 10 de enero tuvo lugar en el Teatre Monumental de...","og_url":"https:\/\/cfpmaresme.org\/es\/els-usuaris-i-usuaries-del-cfp-podran-gaudir-del-programa-apropa-cultura-a-mataro\/","og_site_name":"CFP Maresme","article_published_time":"2017-01-11T11:55:32+00:00","article_modified_time":"2021-06-30T11:53:20+00:00","og_image":[{"url":"https:\/\/centreformacioprevencio.files.wordpress.com\/2017\/01\/img_20170110_120800.jpg","type":"","width":"","height":""}],"author":"CFPMaresme","twitter_card":"summary_large_image","twitter_creator":"@cfpmaresme","twitter_site":"@cfpmaresme","twitter_misc":{"Escrito por":"CFPMaresme","Tiempo de lectura":"2 minutos"},"schema":{"@context":"https:\/\/schema.org","@graph":[{"@type":"Article","@id":"https:\/\/cfpmaresme.org\/es\/els-usuaris-i-usuaries-del-cfp-podran-gaudir-del-programa-apropa-cultura-a-mataro\/#article","isPartOf":{"@id":"https:\/\/cfpmaresme.org\/es\/els-usuaris-i-usuaries-del-cfp-podran-gaudir-del-programa-apropa-cultura-a-mataro\/"},"author":{"name":"CFPMaresme","@id":"https:\/\/cfpmaresme.org\/#\/schema\/person\/b2634bcd796fafc667ea4055f61b9b2c"},"headline":"Los usuarios y usuarias del CFP podr\u00e1n disfrutar del programa Apropa Cultura a Matar\u00f3","datePublished":"2017-01-11T11:55:32+00:00","dateModified":"2021-06-30T11:53:20+00:00","mainEntityOfPage":{"@id":"https:\/\/cfpmaresme.org\/es\/els-usuaris-i-usuaries-del-cfp-podran-gaudir-del-programa-apropa-cultura-a-mataro\/"},"wordCount":364,"commentCount":0,"image":{"@id":"https:\/\/cfpmaresme.org\/es\/els-usuaris-i-usuaries-del-cfp-podran-gaudir-del-programa-apropa-cultura-a-mataro\/#primaryimage"},"thumbnailUrl":"https:\/\/centreformacioprevencio.files.wordpress.com\/2017\/01\/img_20170110_120800.jpg","keywords":["acord","apropa","benestar","centre","conveni","cultura","espectacles","formaci\u00f3","monumental","presentaci\u00f3","prevenci\u00f3","social","teatre"],"articleSection":["CFP Maresme"],"inLanguage":"es"},{"@type":"WebPage","@id":"https:\/\/cfpmaresme.org\/es\/els-usuaris-i-usuaries-del-cfp-podran-gaudir-del-programa-apropa-cultura-a-mataro\/","url":"https:\/\/cfpmaresme.org\/es\/els-usuaris-i-usuaries-del-cfp-podran-gaudir-del-programa-apropa-cultura-a-mataro\/","name":"Los usuarios y usuarias del CFP podr\u00e1n disfrutar del programa Apropa Cultura a Matar\u00f3 | CFP Maresme","isPartOf":{"@id":"https:\/\/cfpmaresme.org\/#website"},"primaryImageOfPage":{"@id":"https:\/\/cfpmaresme.org\/es\/els-usuaris-i-usuaries-del-cfp-podran-gaudir-del-programa-apropa-cultura-a-mataro\/#primaryimage"},"image":{"@id":"https:\/\/cfpmaresme.org\/es\/els-usuaris-i-usuaries-del-cfp-podran-gaudir-del-programa-apropa-cultura-a-mataro\/#primaryimage"},"thumbnailUrl":"https:\/\/centreformacioprevencio.files.wordpress.com\/2017\/01\/img_20170110_120800.jpg","datePublished":"2017-01-11T11:55:32+00:00","dateModified":"2021-06-30T11:53:20+00:00","author":{"@id":"https:\/\/cfpmaresme.org\/#\/schema\/person\/b2634bcd796fafc667ea4055f61b9b2c"},"breadcrumb":{"@id":"https:\/\/cfpmaresme.org\/es\/els-usuaris-i-usuaries-del-cfp-podran-gaudir-del-programa-apropa-cultura-a-mataro\/#breadcrumb"},"inLanguage":"es","potentialAction":[{"@type":"ReadAction","target":["https:\/\/cfpmaresme.org\/es\/els-usuaris-i-usuaries-del-cfp-podran-gaudir-del-programa-apropa-cultura-a-mataro\/"]}]},{"@type":"ImageObject","inLanguage":"es","@id":"https:\/\/cfpmaresme.org\/es\/els-usuaris-i-usuaries-del-cfp-podran-gaudir-del-programa-apropa-cultura-a-mataro\/#primaryimage","url":"https:\/\/centreformacioprevencio.files.wordpress.com\/2017\/01\/img_20170110_120800.jpg","contentUrl":"https:\/\/centreformacioprevencio.files.wordpress.com\/2017\/01\/img_20170110_120800.jpg"},{"@type":"BreadcrumbList","@id":"https:\/\/cfpmaresme.org\/es\/els-usuaris-i-usuaries-del-cfp-podran-gaudir-del-programa-apropa-cultura-a-mataro\/#breadcrumb","itemListElement":[{"@type":"ListItem","position":1,"name":"Home","item":"https:\/\/cfpmaresme.org\/es\/"},{"@type":"ListItem","position":2,"name":"Los usuarios y usuarias del CFP podr\u00e1n disfrutar del programa Apropa Cultura a Matar\u00f3"}]},{"@type":"WebSite","@id":"https:\/\/cfpmaresme.org\/#website","url":"https:\/\/cfpmaresme.org\/","name":"CFP Maresme","description":"Centre Formaci\u00f3 Prevenci\u00f3","potentialAction":[{"@type":"SearchAction","target":{"@type":"EntryPoint","urlTemplate":"https:\/\/cfpmaresme.org\/?s={search_term_string}"},"query-input":{"@type":"PropertyValueSpecification","valueRequired":true,"valueName":"search_term_string"}}],"inLanguage":"es"},{"@type":"Person","@id":"https:\/\/cfpmaresme.org\/#\/schema\/person\/b2634bcd796fafc667ea4055f61b9b2c","name":"CFPMaresme"}]}},"_links":{"self":[{"href":"https:\/\/cfpmaresme.org\/es\/wp-json\/wp\/v2\/posts\/16961","targetHints":{"allow":["GET"]}}],"collection":[{"href":"https:\/\/cfpmaresme.org\/es\/wp-json\/wp\/v2\/posts"}],"about":[{"href":"https:\/\/cfpmaresme.org\/es\/wp-json\/wp\/v2\/types\/post"}],"author":[{"embeddable":true,"href":"https:\/\/cfpmaresme.org\/es\/wp-json\/wp\/v2\/users\/2"}],"replies":[{"embeddable":true,"href":"https:\/\/cfpmaresme.org\/es\/wp-json\/wp\/v2\/comments?post=16961"}],"version-history":[{"count":3,"href":"https:\/\/cfpmaresme.org\/es\/wp-json\/wp\/v2\/posts\/16961\/revisions"}],"predecessor-version":[{"id":25598,"href":"https:\/\/cfpmaresme.org\/es\/wp-json\/wp\/v2\/posts\/16961\/revisions\/25598"}],"wp:attachment":[{"href":"https:\/\/cfpmaresme.org\/es\/wp-json\/wp\/v2\/media?parent=16961"}],"wp:term":[{"taxonomy":"category","embeddable":true,"href":"https:\/\/cfpmaresme.org\/es\/wp-json\/wp\/v2\/categories?post=16961"},{"taxonomy":"post_tag","embeddable":true,"href":"https:\/\/cfpmaresme.org\/es\/wp-json\/wp\/v2\/tags?post=16961"}],"curies":[{"name":"wp","href":"https:\/\/api.w.org\/{rel}","templated":true}]}}