{"id":16962,"date":"2016-12-23T12:01:23","date_gmt":"2016-12-23T12:01:23","guid":{"rendered":"http:\/\/cfpmaresme.org\/el-cfp-participa-a-la-5a-jornada-de-salut-mental-del-consorci-sanitari-del-maresme\/"},"modified":"2021-07-01T12:41:14","modified_gmt":"2021-07-01T10:41:14","slug":"el-cfp-participa-a-la-5a-jornada-de-salut-mental-del-consorci-sanitari-del-maresme","status":"publish","type":"post","link":"https:\/\/cfpmaresme.org\/es\/el-cfp-participa-a-la-5a-jornada-de-salut-mental-del-consorci-sanitari-del-maresme\/","title":{"rendered":"El CFP participa en la 5a Jornada de Salud Mental del Consorcio Sanitario del Maresme"},"content":{"rendered":"<p style=\"text-align: justify;\">El director de la \u00c1rea de Salud Mental de la entidad,\u00a0 Jordi Escrig, realiza una ponencia explicando su programa de rehabilitaci\u00f3n comunitaria<\/p>\n<p style=\"text-align: justify;\"><img loading=\"lazy\" decoding=\"async\" class=\" wp-image-1068 aligncenter\" src=\"https:\/\/centreformacioprevencio.files.wordpress.com\/2016\/12\/programa_v_jornada_salut_mental_2016.png\" alt=\"programa_v_jornada_salut_mental_2016\" width=\"458\" height=\"357\" \/><\/p>\n<p style=\"text-align: justify;\">El pasado mi\u00e9rcoles 15 de diciembre tuvo lugar la 5a Jornada de Salud Mental del Consorcio Sanitario del Maresme bajo el t\u00edtulo \u00abContinuidad e integraci\u00f3n en la atenci\u00f3n a las personas co problemas de salud mental\u201d. Dentro las diversas ponencias que se pudieron escuchar durante la jornada, el CFP intervino mediante el director de la \u00c1rea de Salud Mental de la asociaci\u00f3n, Jordi Escrig. El m\u00e1ximo responsable de este servicio explic\u00f3 las actividades y metodolog\u00edas que se utilizan desde el programa de rehabilitaci\u00f3n comunitaria que se lleva a cabo en los SRC Maresme y Burriac.<\/p>\n<p style=\"text-align: justify;\"><!--more--><\/p>\n<p style=\"text-align: justify;\">Esta cita tambi\u00e9n cont\u00f3 con la presencia de muchas otras entidades que se dedican al tratamiento de los problemas psicol\u00f3gicos de todas estas personas en nuestra comarca. De esta manera se pudieron definir una serie de conclusiones para mejorar la atenci\u00f3n al colectivo. Acciones como mejorar el trabajo en red, evaluar correctamente los casos, supervisar el riesgo de reca\u00edda o ir superando el estigma social fueron algunos de los temas que se trataron entre los profesionales.<\/p>\n","protected":false},"excerpt":{"rendered":"<p>El director de la \u00c1rea de Salud Mental de la entidad,\u00a0 Jordi Escrig, realiza una ponencia explicando su programa de rehabilitaci\u00f3n comunitaria El pasado mi\u00e9rcoles 15 de diciembre tuvo lugar la 5a Jornada de Salud Mental del Consorcio Sanitario del Maresme bajo el t\u00edtulo \u00abContinuidad&#8230;<\/p>\n","protected":false},"author":2,"featured_media":0,"comment_status":"open","ping_status":"open","sticky":false,"template":"","format":"standard","meta":{"footnotes":""},"categories":[1187],"tags":[798,645,875,647,791,876,651,706,654,681,877,623],"class_list":["post-16962","post","type-post","status-publish","format-standard","hentry","category-cfp-maresme-es","tag-cfp-es","tag-comunitaria-es","tag-consorci-es","tag-escrig-es","tag-jordi-es","tag-jornada-es","tag-maresme-es","tag-mental-es","tag-rehabilitacio-es","tag-salut-es","tag-sanitari-es","tag-servei-es"],"yoast_head":"<!-- This site is optimized with the Yoast SEO plugin v27.4 - https:\/\/yoast.com\/product\/yoast-seo-wordpress\/ -->\n<title>El CFP participa en la 5a Jornada de Salud Mental del Consorcio Sanitario del Maresme | CFP Maresme<\/title>\n<meta name=\"robots\" content=\"index, follow, max-snippet:-1, max-image-preview:large, max-video-preview:-1\" \/>\n<link rel=\"canonical\" href=\"https:\/\/cfpmaresme.org\/el-cfp-participa-a-la-5a-jornada-de-salut-mental-del-consorci-sanitari-del-maresme\/\" \/>\n<meta property=\"og:locale\" content=\"es_ES\" \/>\n<meta property=\"og:type\" content=\"article\" \/>\n<meta property=\"og:title\" content=\"El CFP participa en la 5a Jornada de Salud Mental del Consorcio Sanitario del Maresme | CFP Maresme\" \/>\n<meta property=\"og:description\" content=\"El director de la \u00c1rea de Salud Mental de la entidad,\u00a0 Jordi Escrig, realiza una ponencia explicando su programa de rehabilitaci\u00f3n comunitaria El pasado mi\u00e9rcoles 15 de diciembre tuvo lugar la 5a Jornada de Salud Mental del Consorcio Sanitario del Maresme bajo el t\u00edtulo \u00abContinuidad...\" \/>\n<meta property=\"og:url\" content=\"https:\/\/cfpmaresme.org\/el-cfp-participa-a-la-5a-jornada-de-salut-mental-del-consorci-sanitari-del-maresme\/\" \/>\n<meta property=\"og:site_name\" content=\"CFP Maresme\" \/>\n<meta property=\"article:published_time\" content=\"2016-12-23T12:01:23+00:00\" \/>\n<meta property=\"article:modified_time\" content=\"2021-07-01T10:41:14+00:00\" \/>\n<meta property=\"og:image\" content=\"https:\/\/centreformacioprevencio.files.wordpress.com\/2016\/12\/programa_v_jornada_salut_mental_2016.png\" \/>\n<meta name=\"author\" content=\"CFPMaresme\" \/>\n<meta name=\"twitter:card\" content=\"summary_large_image\" \/>\n<meta name=\"twitter:creator\" content=\"@cfpmaresme\" \/>\n<meta name=\"twitter:site\" content=\"@cfpmaresme\" \/>\n<meta name=\"twitter:label1\" content=\"Escrito por\" \/>\n\t<meta name=\"twitter:data1\" content=\"CFPMaresme\" \/>\n\t<meta name=\"twitter:label2\" content=\"Tiempo de lectura\" \/>\n\t<meta name=\"twitter:data2\" content=\"1 minuto\" \/>\n<script type=\"application\/ld+json\" class=\"yoast-schema-graph\">{\"@context\":\"https:\\\/\\\/schema.org\",\"@graph\":[{\"@type\":\"Article\",\"@id\":\"https:\\\/\\\/cfpmaresme.org\\\/el-cfp-participa-a-la-5a-jornada-de-salut-mental-del-consorci-sanitari-del-maresme\\\/#article\",\"isPartOf\":{\"@id\":\"https:\\\/\\\/cfpmaresme.org\\\/el-cfp-participa-a-la-5a-jornada-de-salut-mental-del-consorci-sanitari-del-maresme\\\/\"},\"author\":{\"name\":\"CFPMaresme\",\"@id\":\"https:\\\/\\\/cfpmaresme.org\\\/#\\\/schema\\\/person\\\/b2634bcd796fafc667ea4055f61b9b2c\"},\"headline\":\"El CFP participa en la 5a Jornada de Salud Mental del Consorcio Sanitario del Maresme\",\"datePublished\":\"2016-12-23T12:01:23+00:00\",\"dateModified\":\"2021-07-01T10:41:14+00:00\",\"mainEntityOfPage\":{\"@id\":\"https:\\\/\\\/cfpmaresme.org\\\/el-cfp-participa-a-la-5a-jornada-de-salut-mental-del-consorci-sanitari-del-maresme\\\/\"},\"wordCount\":220,\"commentCount\":0,\"image\":{\"@id\":\"https:\\\/\\\/cfpmaresme.org\\\/el-cfp-participa-a-la-5a-jornada-de-salut-mental-del-consorci-sanitari-del-maresme\\\/#primaryimage\"},\"thumbnailUrl\":\"https:\\\/\\\/centreformacioprevencio.files.wordpress.com\\\/2016\\\/12\\\/programa_v_jornada_salut_mental_2016.png\",\"keywords\":[\"cfp\",\"comunit\u00e0ria\",\"consorci\",\"escrig\",\"jordi\",\"jornada\",\"maresme\",\"mental\",\"rehabilitaci\u00f3\",\"salut\",\"sanitari\",\"servei\"],\"articleSection\":[\"CFP Maresme\"],\"inLanguage\":\"es\"},{\"@type\":\"WebPage\",\"@id\":\"https:\\\/\\\/cfpmaresme.org\\\/el-cfp-participa-a-la-5a-jornada-de-salut-mental-del-consorci-sanitari-del-maresme\\\/\",\"url\":\"https:\\\/\\\/cfpmaresme.org\\\/el-cfp-participa-a-la-5a-jornada-de-salut-mental-del-consorci-sanitari-del-maresme\\\/\",\"name\":\"El CFP participa en la 5a Jornada de Salud Mental del Consorcio Sanitario del Maresme | CFP Maresme\",\"isPartOf\":{\"@id\":\"https:\\\/\\\/cfpmaresme.org\\\/#website\"},\"primaryImageOfPage\":{\"@id\":\"https:\\\/\\\/cfpmaresme.org\\\/el-cfp-participa-a-la-5a-jornada-de-salut-mental-del-consorci-sanitari-del-maresme\\\/#primaryimage\"},\"image\":{\"@id\":\"https:\\\/\\\/cfpmaresme.org\\\/el-cfp-participa-a-la-5a-jornada-de-salut-mental-del-consorci-sanitari-del-maresme\\\/#primaryimage\"},\"thumbnailUrl\":\"https:\\\/\\\/centreformacioprevencio.files.wordpress.com\\\/2016\\\/12\\\/programa_v_jornada_salut_mental_2016.png\",\"datePublished\":\"2016-12-23T12:01:23+00:00\",\"dateModified\":\"2021-07-01T10:41:14+00:00\",\"author\":{\"@id\":\"https:\\\/\\\/cfpmaresme.org\\\/#\\\/schema\\\/person\\\/b2634bcd796fafc667ea4055f61b9b2c\"},\"breadcrumb\":{\"@id\":\"https:\\\/\\\/cfpmaresme.org\\\/el-cfp-participa-a-la-5a-jornada-de-salut-mental-del-consorci-sanitari-del-maresme\\\/#breadcrumb\"},\"inLanguage\":\"es\",\"potentialAction\":[{\"@type\":\"ReadAction\",\"target\":[\"https:\\\/\\\/cfpmaresme.org\\\/el-cfp-participa-a-la-5a-jornada-de-salut-mental-del-consorci-sanitari-del-maresme\\\/\"]}]},{\"@type\":\"ImageObject\",\"inLanguage\":\"es\",\"@id\":\"https:\\\/\\\/cfpmaresme.org\\\/el-cfp-participa-a-la-5a-jornada-de-salut-mental-del-consorci-sanitari-del-maresme\\\/#primaryimage\",\"url\":\"https:\\\/\\\/centreformacioprevencio.files.wordpress.com\\\/2016\\\/12\\\/programa_v_jornada_salut_mental_2016.png\",\"contentUrl\":\"https:\\\/\\\/centreformacioprevencio.files.wordpress.com\\\/2016\\\/12\\\/programa_v_jornada_salut_mental_2016.png\"},{\"@type\":\"BreadcrumbList\",\"@id\":\"https:\\\/\\\/cfpmaresme.org\\\/el-cfp-participa-a-la-5a-jornada-de-salut-mental-del-consorci-sanitari-del-maresme\\\/#breadcrumb\",\"itemListElement\":[{\"@type\":\"ListItem\",\"position\":1,\"name\":\"Home\",\"item\":\"https:\\\/\\\/cfpmaresme.org\\\/es\\\/\"},{\"@type\":\"ListItem\",\"position\":2,\"name\":\"El CFP participa en la 5a Jornada de Salud Mental del Consorcio Sanitario del Maresme\"}]},{\"@type\":\"WebSite\",\"@id\":\"https:\\\/\\\/cfpmaresme.org\\\/#website\",\"url\":\"https:\\\/\\\/cfpmaresme.org\\\/\",\"name\":\"CFP Maresme\",\"description\":\"Centre Formaci\u00f3 Prevenci\u00f3\",\"potentialAction\":[{\"@type\":\"SearchAction\",\"target\":{\"@type\":\"EntryPoint\",\"urlTemplate\":\"https:\\\/\\\/cfpmaresme.org\\\/?s={search_term_string}\"},\"query-input\":{\"@type\":\"PropertyValueSpecification\",\"valueRequired\":true,\"valueName\":\"search_term_string\"}}],\"inLanguage\":\"es\"},{\"@type\":\"Person\",\"@id\":\"https:\\\/\\\/cfpmaresme.org\\\/#\\\/schema\\\/person\\\/b2634bcd796fafc667ea4055f61b9b2c\",\"name\":\"CFPMaresme\"}]}<\/script>\n<!-- \/ Yoast SEO plugin. -->","yoast_head_json":{"title":"El CFP participa en la 5a Jornada de Salud Mental del Consorcio Sanitario del Maresme | CFP Maresme","robots":{"index":"index","follow":"follow","max-snippet":"max-snippet:-1","max-image-preview":"max-image-preview:large","max-video-preview":"max-video-preview:-1"},"canonical":"https:\/\/cfpmaresme.org\/el-cfp-participa-a-la-5a-jornada-de-salut-mental-del-consorci-sanitari-del-maresme\/","og_locale":"es_ES","og_type":"article","og_title":"El CFP participa en la 5a Jornada de Salud Mental del Consorcio Sanitario del Maresme | CFP Maresme","og_description":"El director de la \u00c1rea de Salud Mental de la entidad,\u00a0 Jordi Escrig, realiza una ponencia explicando su programa de rehabilitaci\u00f3n comunitaria El pasado mi\u00e9rcoles 15 de diciembre tuvo lugar la 5a Jornada de Salud Mental del Consorcio Sanitario del Maresme bajo el t\u00edtulo \u00abContinuidad...","og_url":"https:\/\/cfpmaresme.org\/el-cfp-participa-a-la-5a-jornada-de-salut-mental-del-consorci-sanitari-del-maresme\/","og_site_name":"CFP Maresme","article_published_time":"2016-12-23T12:01:23+00:00","article_modified_time":"2021-07-01T10:41:14+00:00","og_image":[{"url":"https:\/\/centreformacioprevencio.files.wordpress.com\/2016\/12\/programa_v_jornada_salut_mental_2016.png","type":"","width":"","height":""}],"author":"CFPMaresme","twitter_card":"summary_large_image","twitter_creator":"@cfpmaresme","twitter_site":"@cfpmaresme","twitter_misc":{"Escrito por":"CFPMaresme","Tiempo de lectura":"1 minuto"},"schema":{"@context":"https:\/\/schema.org","@graph":[{"@type":"Article","@id":"https:\/\/cfpmaresme.org\/el-cfp-participa-a-la-5a-jornada-de-salut-mental-del-consorci-sanitari-del-maresme\/#article","isPartOf":{"@id":"https:\/\/cfpmaresme.org\/el-cfp-participa-a-la-5a-jornada-de-salut-mental-del-consorci-sanitari-del-maresme\/"},"author":{"name":"CFPMaresme","@id":"https:\/\/cfpmaresme.org\/#\/schema\/person\/b2634bcd796fafc667ea4055f61b9b2c"},"headline":"El CFP participa en la 5a Jornada de Salud Mental del Consorcio Sanitario del Maresme","datePublished":"2016-12-23T12:01:23+00:00","dateModified":"2021-07-01T10:41:14+00:00","mainEntityOfPage":{"@id":"https:\/\/cfpmaresme.org\/el-cfp-participa-a-la-5a-jornada-de-salut-mental-del-consorci-sanitari-del-maresme\/"},"wordCount":220,"commentCount":0,"image":{"@id":"https:\/\/cfpmaresme.org\/el-cfp-participa-a-la-5a-jornada-de-salut-mental-del-consorci-sanitari-del-maresme\/#primaryimage"},"thumbnailUrl":"https:\/\/centreformacioprevencio.files.wordpress.com\/2016\/12\/programa_v_jornada_salut_mental_2016.png","keywords":["cfp","comunit\u00e0ria","consorci","escrig","jordi","jornada","maresme","mental","rehabilitaci\u00f3","salut","sanitari","servei"],"articleSection":["CFP Maresme"],"inLanguage":"es"},{"@type":"WebPage","@id":"https:\/\/cfpmaresme.org\/el-cfp-participa-a-la-5a-jornada-de-salut-mental-del-consorci-sanitari-del-maresme\/","url":"https:\/\/cfpmaresme.org\/el-cfp-participa-a-la-5a-jornada-de-salut-mental-del-consorci-sanitari-del-maresme\/","name":"El CFP participa en la 5a Jornada de Salud Mental del Consorcio Sanitario del Maresme | CFP Maresme","isPartOf":{"@id":"https:\/\/cfpmaresme.org\/#website"},"primaryImageOfPage":{"@id":"https:\/\/cfpmaresme.org\/el-cfp-participa-a-la-5a-jornada-de-salut-mental-del-consorci-sanitari-del-maresme\/#primaryimage"},"image":{"@id":"https:\/\/cfpmaresme.org\/el-cfp-participa-a-la-5a-jornada-de-salut-mental-del-consorci-sanitari-del-maresme\/#primaryimage"},"thumbnailUrl":"https:\/\/centreformacioprevencio.files.wordpress.com\/2016\/12\/programa_v_jornada_salut_mental_2016.png","datePublished":"2016-12-23T12:01:23+00:00","dateModified":"2021-07-01T10:41:14+00:00","author":{"@id":"https:\/\/cfpmaresme.org\/#\/schema\/person\/b2634bcd796fafc667ea4055f61b9b2c"},"breadcrumb":{"@id":"https:\/\/cfpmaresme.org\/el-cfp-participa-a-la-5a-jornada-de-salut-mental-del-consorci-sanitari-del-maresme\/#breadcrumb"},"inLanguage":"es","potentialAction":[{"@type":"ReadAction","target":["https:\/\/cfpmaresme.org\/el-cfp-participa-a-la-5a-jornada-de-salut-mental-del-consorci-sanitari-del-maresme\/"]}]},{"@type":"ImageObject","inLanguage":"es","@id":"https:\/\/cfpmaresme.org\/el-cfp-participa-a-la-5a-jornada-de-salut-mental-del-consorci-sanitari-del-maresme\/#primaryimage","url":"https:\/\/centreformacioprevencio.files.wordpress.com\/2016\/12\/programa_v_jornada_salut_mental_2016.png","contentUrl":"https:\/\/centreformacioprevencio.files.wordpress.com\/2016\/12\/programa_v_jornada_salut_mental_2016.png"},{"@type":"BreadcrumbList","@id":"https:\/\/cfpmaresme.org\/el-cfp-participa-a-la-5a-jornada-de-salut-mental-del-consorci-sanitari-del-maresme\/#breadcrumb","itemListElement":[{"@type":"ListItem","position":1,"name":"Home","item":"https:\/\/cfpmaresme.org\/es\/"},{"@type":"ListItem","position":2,"name":"El CFP participa en la 5a Jornada de Salud Mental del Consorcio Sanitario del Maresme"}]},{"@type":"WebSite","@id":"https:\/\/cfpmaresme.org\/#website","url":"https:\/\/cfpmaresme.org\/","name":"CFP Maresme","description":"Centre Formaci\u00f3 Prevenci\u00f3","potentialAction":[{"@type":"SearchAction","target":{"@type":"EntryPoint","urlTemplate":"https:\/\/cfpmaresme.org\/?s={search_term_string}"},"query-input":{"@type":"PropertyValueSpecification","valueRequired":true,"valueName":"search_term_string"}}],"inLanguage":"es"},{"@type":"Person","@id":"https:\/\/cfpmaresme.org\/#\/schema\/person\/b2634bcd796fafc667ea4055f61b9b2c","name":"CFPMaresme"}]}},"_links":{"self":[{"href":"https:\/\/cfpmaresme.org\/es\/wp-json\/wp\/v2\/posts\/16962","targetHints":{"allow":["GET"]}}],"collection":[{"href":"https:\/\/cfpmaresme.org\/es\/wp-json\/wp\/v2\/posts"}],"about":[{"href":"https:\/\/cfpmaresme.org\/es\/wp-json\/wp\/v2\/types\/post"}],"author":[{"embeddable":true,"href":"https:\/\/cfpmaresme.org\/es\/wp-json\/wp\/v2\/users\/2"}],"replies":[{"embeddable":true,"href":"https:\/\/cfpmaresme.org\/es\/wp-json\/wp\/v2\/comments?post=16962"}],"version-history":[{"count":3,"href":"https:\/\/cfpmaresme.org\/es\/wp-json\/wp\/v2\/posts\/16962\/revisions"}],"predecessor-version":[{"id":25606,"href":"https:\/\/cfpmaresme.org\/es\/wp-json\/wp\/v2\/posts\/16962\/revisions\/25606"}],"wp:attachment":[{"href":"https:\/\/cfpmaresme.org\/es\/wp-json\/wp\/v2\/media?parent=16962"}],"wp:term":[{"taxonomy":"category","embeddable":true,"href":"https:\/\/cfpmaresme.org\/es\/wp-json\/wp\/v2\/categories?post=16962"},{"taxonomy":"post_tag","embeddable":true,"href":"https:\/\/cfpmaresme.org\/es\/wp-json\/wp\/v2\/tags?post=16962"}],"curies":[{"name":"wp","href":"https:\/\/api.w.org\/{rel}","templated":true}]}}