{"id":16963,"date":"2016-12-23T11:58:35","date_gmt":"2016-12-23T11:58:35","guid":{"rendered":"http:\/\/cfpmaresme.org\/el-src-maresme-publica-el-sete-anuari-de-la-revista-joglar\/"},"modified":"2021-09-28T14:13:30","modified_gmt":"2021-09-28T12:13:30","slug":"el-src-maresme-publica-el-sete-anuari-de-la-revista-joglar","status":"publish","type":"post","link":"https:\/\/cfpmaresme.org\/es\/el-src-maresme-publica-el-sete-anuari-de-la-revista-joglar\/","title":{"rendered":"El SRC Maresme publica el s\u00e9ptimo anuario de la revista Joglar"},"content":{"rendered":"<p style=\"text-align: justify;\">El cuaderno es una agrupaci\u00f3n de textos propios enmarcados dentro de una actividad de escritura que practican los usuarios del servicio<\/p>\n<p style=\"text-align: justify;\"><img loading=\"lazy\" decoding=\"async\" class=\" wp-image-1063 aligncenter\" src=\"https:\/\/centreformacioprevencio.files.wordpress.com\/2016\/12\/portada_joglar-01-01.png\" alt=\"portada_joglar-01-01\" width=\"274\" height=\"402\" \/><\/p>\n<p style=\"text-align: justify;\">Este pr\u00f3ximo mes de enero ya tendremos el nuevo anuario 2016 de la revista Joglar, una publicaci\u00f3n hecha \u00edntegramente por los usuarios y usuarias del Servicio de Rehabilitaci\u00f3n Comunitaria\u00a0 Maresme. Esta revista forma parte de una actividad de escritura creativa que durante todo el a\u00f1o practican estas personas. Su contenido, que se va publicando peri\u00f3dicamente en el blog de internet <a href=\"http:\/\/revistajoglar.blogspot.com.es\/\">http:\/\/revistajoglar.blogspot.com.es\/<\/a>, es recogido a finales de temporada para su impresi\u00f3n.<\/p>\n<p style=\"text-align: justify;\"><!--more--><\/p>\n<p style=\"text-align: justify;\">Desde hace varias ediciones, los artistas del programa art\u00edstico por la integraci\u00f3n Alterarte del CFP colaboran con la realizaci\u00f3n de la portada y contraportada de la revista.\u00a0 Este a\u00f1o ha sido el turno de nuestro compa\u00f1ero David N\u2019Dongo, que ha\u00a0 escogido esta ilustraci\u00f3n coloreada en la que aparece una mujer por el anuario de este a\u00f1o.<\/p>\n<p style=\"text-align: justify;\">La revista Joglar muestra los intereses y curiosidades de los usuarios que participan al taller de escritura, ya que son ellos mismos los que escogen sus propios art\u00edculos y los desarrollan. De esta manera pueden incentivar su expresi\u00f3n literaria, la imaginaci\u00f3n y la capacidad creativa, profundizar en sus conocimientos inform\u00e1ticos y a la vez, participar en un trabajo que los vincula con la comunidad.<\/p>\n<p style=\"text-align: justify;\">Como cada a\u00f1o, un ejemplar de esta versi\u00f3n en papel de la revista Joglar ser\u00e1 cedida a la Red Nacional de Bibliotecas y en concreto a la Biblioteca Pompeu Fabra de Matar\u00f3, donde estar\u00e1 a disposici\u00f3n de todos los que quieran consultarla o leerla.<\/p>\n","protected":false},"excerpt":{"rendered":"<p>El cuaderno es una agrupaci\u00f3n de textos propios enmarcados dentro de una actividad de escritura que practican los usuarios del servicio Este pr\u00f3ximo mes de enero ya tendremos el nuevo anuario 2016 de la revista Joglar, una publicaci\u00f3n hecha \u00edntegramente por los usuarios y usuarias&#8230;<\/p>\n","protected":false},"author":2,"featured_media":0,"comment_status":"open","ping_status":"open","sticky":false,"template":"","format":"standard","meta":{"footnotes":""},"categories":[1199],"tags":[639,709,878,628,630,645,671,879,880,635,881,651,882,638,654,883,623,657],"class_list":["post-16963","post","type-post","status-publish","format-standard","hentry","category-servicios-de-rehabilitacion-comunitaria","tag-activitat-es","tag-alterarte-es","tag-anuari-es","tag-biblioteca-es","tag-centre-es","tag-comunitaria-es","tag-dia-es","tag-escriptura-es","tag-fabra-es","tag-formacio-es","tag-joglar-es","tag-maresme-es","tag-pompeu-es","tag-prevencio-es","tag-rehabilitacio-es","tag-revista-es","tag-servei-es","tag-taller-es"],"yoast_head":"<!-- This site is optimized with the Yoast SEO plugin v27.4 - https:\/\/yoast.com\/product\/yoast-seo-wordpress\/ -->\n<title>El SRC Maresme publica el s\u00e9ptimo anuario de la revista Joglar | CFP Maresme<\/title>\n<meta name=\"robots\" content=\"index, follow, max-snippet:-1, max-image-preview:large, max-video-preview:-1\" \/>\n<link rel=\"canonical\" href=\"https:\/\/cfpmaresme.org\/es\/el-src-maresme-publica-el-sete-anuari-de-la-revista-joglar\/\" \/>\n<meta property=\"og:locale\" content=\"es_ES\" \/>\n<meta property=\"og:type\" content=\"article\" \/>\n<meta property=\"og:title\" content=\"El SRC Maresme publica el s\u00e9ptimo anuario de la revista Joglar | CFP Maresme\" \/>\n<meta property=\"og:description\" content=\"El cuaderno es una agrupaci\u00f3n de textos propios enmarcados dentro de una actividad de escritura que practican los usuarios del servicio Este pr\u00f3ximo mes de enero ya tendremos el nuevo anuario 2016 de la revista Joglar, una publicaci\u00f3n hecha \u00edntegramente por los usuarios y usuarias...\" \/>\n<meta property=\"og:url\" content=\"https:\/\/cfpmaresme.org\/es\/el-src-maresme-publica-el-sete-anuari-de-la-revista-joglar\/\" \/>\n<meta property=\"og:site_name\" content=\"CFP Maresme\" \/>\n<meta property=\"article:published_time\" content=\"2016-12-23T11:58:35+00:00\" \/>\n<meta property=\"article:modified_time\" content=\"2021-09-28T12:13:30+00:00\" \/>\n<meta property=\"og:image\" content=\"https:\/\/centreformacioprevencio.files.wordpress.com\/2016\/12\/portada_joglar-01-01.png\" \/>\n<meta name=\"author\" content=\"CFPMaresme\" \/>\n<meta name=\"twitter:card\" content=\"summary_large_image\" \/>\n<meta name=\"twitter:creator\" content=\"@cfpmaresme\" \/>\n<meta name=\"twitter:site\" content=\"@cfpmaresme\" \/>\n<meta name=\"twitter:label1\" content=\"Escrito por\" \/>\n\t<meta name=\"twitter:data1\" content=\"CFPMaresme\" \/>\n\t<meta name=\"twitter:label2\" content=\"Tiempo de lectura\" \/>\n\t<meta name=\"twitter:data2\" content=\"1 minuto\" \/>\n<script type=\"application\/ld+json\" class=\"yoast-schema-graph\">{\"@context\":\"https:\\\/\\\/schema.org\",\"@graph\":[{\"@type\":\"Article\",\"@id\":\"https:\\\/\\\/cfpmaresme.org\\\/es\\\/el-src-maresme-publica-el-sete-anuari-de-la-revista-joglar\\\/#article\",\"isPartOf\":{\"@id\":\"https:\\\/\\\/cfpmaresme.org\\\/es\\\/el-src-maresme-publica-el-sete-anuari-de-la-revista-joglar\\\/\"},\"author\":{\"name\":\"CFPMaresme\",\"@id\":\"https:\\\/\\\/cfpmaresme.org\\\/#\\\/schema\\\/person\\\/b2634bcd796fafc667ea4055f61b9b2c\"},\"headline\":\"El SRC Maresme publica el s\u00e9ptimo anuario de la revista Joglar\",\"datePublished\":\"2016-12-23T11:58:35+00:00\",\"dateModified\":\"2021-09-28T12:13:30+00:00\",\"mainEntityOfPage\":{\"@id\":\"https:\\\/\\\/cfpmaresme.org\\\/es\\\/el-src-maresme-publica-el-sete-anuari-de-la-revista-joglar\\\/\"},\"wordCount\":292,\"commentCount\":0,\"image\":{\"@id\":\"https:\\\/\\\/cfpmaresme.org\\\/es\\\/el-src-maresme-publica-el-sete-anuari-de-la-revista-joglar\\\/#primaryimage\"},\"thumbnailUrl\":\"https:\\\/\\\/centreformacioprevencio.files.wordpress.com\\\/2016\\\/12\\\/portada_joglar-01-01.png\",\"keywords\":[\"activitat\",\"alterarte\",\"anuari\",\"biblioteca\",\"centre\",\"comunit\u00e0ria\",\"dia\",\"escriptura\",\"fabra\",\"formaci\u00f3\",\"joglar\",\"maresme\",\"pompeu\",\"prevenci\u00f3\",\"rehabilitaci\u00f3\",\"revista\",\"servei\",\"taller\"],\"articleSection\":[\"Servicios de Rehabilitaci\u00f3n Comunitaria\"],\"inLanguage\":\"es\"},{\"@type\":\"WebPage\",\"@id\":\"https:\\\/\\\/cfpmaresme.org\\\/es\\\/el-src-maresme-publica-el-sete-anuari-de-la-revista-joglar\\\/\",\"url\":\"https:\\\/\\\/cfpmaresme.org\\\/es\\\/el-src-maresme-publica-el-sete-anuari-de-la-revista-joglar\\\/\",\"name\":\"El SRC Maresme publica el s\u00e9ptimo anuario de la revista Joglar | CFP Maresme\",\"isPartOf\":{\"@id\":\"https:\\\/\\\/cfpmaresme.org\\\/#website\"},\"primaryImageOfPage\":{\"@id\":\"https:\\\/\\\/cfpmaresme.org\\\/es\\\/el-src-maresme-publica-el-sete-anuari-de-la-revista-joglar\\\/#primaryimage\"},\"image\":{\"@id\":\"https:\\\/\\\/cfpmaresme.org\\\/es\\\/el-src-maresme-publica-el-sete-anuari-de-la-revista-joglar\\\/#primaryimage\"},\"thumbnailUrl\":\"https:\\\/\\\/centreformacioprevencio.files.wordpress.com\\\/2016\\\/12\\\/portada_joglar-01-01.png\",\"datePublished\":\"2016-12-23T11:58:35+00:00\",\"dateModified\":\"2021-09-28T12:13:30+00:00\",\"author\":{\"@id\":\"https:\\\/\\\/cfpmaresme.org\\\/#\\\/schema\\\/person\\\/b2634bcd796fafc667ea4055f61b9b2c\"},\"breadcrumb\":{\"@id\":\"https:\\\/\\\/cfpmaresme.org\\\/es\\\/el-src-maresme-publica-el-sete-anuari-de-la-revista-joglar\\\/#breadcrumb\"},\"inLanguage\":\"es\",\"potentialAction\":[{\"@type\":\"ReadAction\",\"target\":[\"https:\\\/\\\/cfpmaresme.org\\\/es\\\/el-src-maresme-publica-el-sete-anuari-de-la-revista-joglar\\\/\"]}]},{\"@type\":\"ImageObject\",\"inLanguage\":\"es\",\"@id\":\"https:\\\/\\\/cfpmaresme.org\\\/es\\\/el-src-maresme-publica-el-sete-anuari-de-la-revista-joglar\\\/#primaryimage\",\"url\":\"https:\\\/\\\/centreformacioprevencio.files.wordpress.com\\\/2016\\\/12\\\/portada_joglar-01-01.png\",\"contentUrl\":\"https:\\\/\\\/centreformacioprevencio.files.wordpress.com\\\/2016\\\/12\\\/portada_joglar-01-01.png\"},{\"@type\":\"BreadcrumbList\",\"@id\":\"https:\\\/\\\/cfpmaresme.org\\\/es\\\/el-src-maresme-publica-el-sete-anuari-de-la-revista-joglar\\\/#breadcrumb\",\"itemListElement\":[{\"@type\":\"ListItem\",\"position\":1,\"name\":\"Home\",\"item\":\"https:\\\/\\\/cfpmaresme.org\\\/es\\\/\"},{\"@type\":\"ListItem\",\"position\":2,\"name\":\"El SRC Maresme publica el s\u00e9ptimo anuario de la revista Joglar\"}]},{\"@type\":\"WebSite\",\"@id\":\"https:\\\/\\\/cfpmaresme.org\\\/#website\",\"url\":\"https:\\\/\\\/cfpmaresme.org\\\/\",\"name\":\"CFP Maresme\",\"description\":\"Centre Formaci\u00f3 Prevenci\u00f3\",\"potentialAction\":[{\"@type\":\"SearchAction\",\"target\":{\"@type\":\"EntryPoint\",\"urlTemplate\":\"https:\\\/\\\/cfpmaresme.org\\\/?s={search_term_string}\"},\"query-input\":{\"@type\":\"PropertyValueSpecification\",\"valueRequired\":true,\"valueName\":\"search_term_string\"}}],\"inLanguage\":\"es\"},{\"@type\":\"Person\",\"@id\":\"https:\\\/\\\/cfpmaresme.org\\\/#\\\/schema\\\/person\\\/b2634bcd796fafc667ea4055f61b9b2c\",\"name\":\"CFPMaresme\"}]}<\/script>\n<!-- \/ Yoast SEO plugin. -->","yoast_head_json":{"title":"El SRC Maresme publica el s\u00e9ptimo anuario de la revista Joglar | CFP Maresme","robots":{"index":"index","follow":"follow","max-snippet":"max-snippet:-1","max-image-preview":"max-image-preview:large","max-video-preview":"max-video-preview:-1"},"canonical":"https:\/\/cfpmaresme.org\/es\/el-src-maresme-publica-el-sete-anuari-de-la-revista-joglar\/","og_locale":"es_ES","og_type":"article","og_title":"El SRC Maresme publica el s\u00e9ptimo anuario de la revista Joglar | CFP Maresme","og_description":"El cuaderno es una agrupaci\u00f3n de textos propios enmarcados dentro de una actividad de escritura que practican los usuarios del servicio Este pr\u00f3ximo mes de enero ya tendremos el nuevo anuario 2016 de la revista Joglar, una publicaci\u00f3n hecha \u00edntegramente por los usuarios y usuarias...","og_url":"https:\/\/cfpmaresme.org\/es\/el-src-maresme-publica-el-sete-anuari-de-la-revista-joglar\/","og_site_name":"CFP Maresme","article_published_time":"2016-12-23T11:58:35+00:00","article_modified_time":"2021-09-28T12:13:30+00:00","og_image":[{"url":"https:\/\/centreformacioprevencio.files.wordpress.com\/2016\/12\/portada_joglar-01-01.png","type":"","width":"","height":""}],"author":"CFPMaresme","twitter_card":"summary_large_image","twitter_creator":"@cfpmaresme","twitter_site":"@cfpmaresme","twitter_misc":{"Escrito por":"CFPMaresme","Tiempo de lectura":"1 minuto"},"schema":{"@context":"https:\/\/schema.org","@graph":[{"@type":"Article","@id":"https:\/\/cfpmaresme.org\/es\/el-src-maresme-publica-el-sete-anuari-de-la-revista-joglar\/#article","isPartOf":{"@id":"https:\/\/cfpmaresme.org\/es\/el-src-maresme-publica-el-sete-anuari-de-la-revista-joglar\/"},"author":{"name":"CFPMaresme","@id":"https:\/\/cfpmaresme.org\/#\/schema\/person\/b2634bcd796fafc667ea4055f61b9b2c"},"headline":"El SRC Maresme publica el s\u00e9ptimo anuario de la revista Joglar","datePublished":"2016-12-23T11:58:35+00:00","dateModified":"2021-09-28T12:13:30+00:00","mainEntityOfPage":{"@id":"https:\/\/cfpmaresme.org\/es\/el-src-maresme-publica-el-sete-anuari-de-la-revista-joglar\/"},"wordCount":292,"commentCount":0,"image":{"@id":"https:\/\/cfpmaresme.org\/es\/el-src-maresme-publica-el-sete-anuari-de-la-revista-joglar\/#primaryimage"},"thumbnailUrl":"https:\/\/centreformacioprevencio.files.wordpress.com\/2016\/12\/portada_joglar-01-01.png","keywords":["activitat","alterarte","anuari","biblioteca","centre","comunit\u00e0ria","dia","escriptura","fabra","formaci\u00f3","joglar","maresme","pompeu","prevenci\u00f3","rehabilitaci\u00f3","revista","servei","taller"],"articleSection":["Servicios de Rehabilitaci\u00f3n Comunitaria"],"inLanguage":"es"},{"@type":"WebPage","@id":"https:\/\/cfpmaresme.org\/es\/el-src-maresme-publica-el-sete-anuari-de-la-revista-joglar\/","url":"https:\/\/cfpmaresme.org\/es\/el-src-maresme-publica-el-sete-anuari-de-la-revista-joglar\/","name":"El SRC Maresme publica el s\u00e9ptimo anuario de la revista Joglar | CFP Maresme","isPartOf":{"@id":"https:\/\/cfpmaresme.org\/#website"},"primaryImageOfPage":{"@id":"https:\/\/cfpmaresme.org\/es\/el-src-maresme-publica-el-sete-anuari-de-la-revista-joglar\/#primaryimage"},"image":{"@id":"https:\/\/cfpmaresme.org\/es\/el-src-maresme-publica-el-sete-anuari-de-la-revista-joglar\/#primaryimage"},"thumbnailUrl":"https:\/\/centreformacioprevencio.files.wordpress.com\/2016\/12\/portada_joglar-01-01.png","datePublished":"2016-12-23T11:58:35+00:00","dateModified":"2021-09-28T12:13:30+00:00","author":{"@id":"https:\/\/cfpmaresme.org\/#\/schema\/person\/b2634bcd796fafc667ea4055f61b9b2c"},"breadcrumb":{"@id":"https:\/\/cfpmaresme.org\/es\/el-src-maresme-publica-el-sete-anuari-de-la-revista-joglar\/#breadcrumb"},"inLanguage":"es","potentialAction":[{"@type":"ReadAction","target":["https:\/\/cfpmaresme.org\/es\/el-src-maresme-publica-el-sete-anuari-de-la-revista-joglar\/"]}]},{"@type":"ImageObject","inLanguage":"es","@id":"https:\/\/cfpmaresme.org\/es\/el-src-maresme-publica-el-sete-anuari-de-la-revista-joglar\/#primaryimage","url":"https:\/\/centreformacioprevencio.files.wordpress.com\/2016\/12\/portada_joglar-01-01.png","contentUrl":"https:\/\/centreformacioprevencio.files.wordpress.com\/2016\/12\/portada_joglar-01-01.png"},{"@type":"BreadcrumbList","@id":"https:\/\/cfpmaresme.org\/es\/el-src-maresme-publica-el-sete-anuari-de-la-revista-joglar\/#breadcrumb","itemListElement":[{"@type":"ListItem","position":1,"name":"Home","item":"https:\/\/cfpmaresme.org\/es\/"},{"@type":"ListItem","position":2,"name":"El SRC Maresme publica el s\u00e9ptimo anuario de la revista Joglar"}]},{"@type":"WebSite","@id":"https:\/\/cfpmaresme.org\/#website","url":"https:\/\/cfpmaresme.org\/","name":"CFP Maresme","description":"Centre Formaci\u00f3 Prevenci\u00f3","potentialAction":[{"@type":"SearchAction","target":{"@type":"EntryPoint","urlTemplate":"https:\/\/cfpmaresme.org\/?s={search_term_string}"},"query-input":{"@type":"PropertyValueSpecification","valueRequired":true,"valueName":"search_term_string"}}],"inLanguage":"es"},{"@type":"Person","@id":"https:\/\/cfpmaresme.org\/#\/schema\/person\/b2634bcd796fafc667ea4055f61b9b2c","name":"CFPMaresme"}]}},"_links":{"self":[{"href":"https:\/\/cfpmaresme.org\/es\/wp-json\/wp\/v2\/posts\/16963","targetHints":{"allow":["GET"]}}],"collection":[{"href":"https:\/\/cfpmaresme.org\/es\/wp-json\/wp\/v2\/posts"}],"about":[{"href":"https:\/\/cfpmaresme.org\/es\/wp-json\/wp\/v2\/types\/post"}],"author":[{"embeddable":true,"href":"https:\/\/cfpmaresme.org\/es\/wp-json\/wp\/v2\/users\/2"}],"replies":[{"embeddable":true,"href":"https:\/\/cfpmaresme.org\/es\/wp-json\/wp\/v2\/comments?post=16963"}],"version-history":[{"count":3,"href":"https:\/\/cfpmaresme.org\/es\/wp-json\/wp\/v2\/posts\/16963\/revisions"}],"predecessor-version":[{"id":26629,"href":"https:\/\/cfpmaresme.org\/es\/wp-json\/wp\/v2\/posts\/16963\/revisions\/26629"}],"wp:attachment":[{"href":"https:\/\/cfpmaresme.org\/es\/wp-json\/wp\/v2\/media?parent=16963"}],"wp:term":[{"taxonomy":"category","embeddable":true,"href":"https:\/\/cfpmaresme.org\/es\/wp-json\/wp\/v2\/categories?post=16963"},{"taxonomy":"post_tag","embeddable":true,"href":"https:\/\/cfpmaresme.org\/es\/wp-json\/wp\/v2\/tags?post=16963"}],"curies":[{"name":"wp","href":"https:\/\/api.w.org\/{rel}","templated":true}]}}