{"id":16964,"date":"2016-12-23T11:31:52","date_gmt":"2016-12-23T11:31:52","guid":{"rendered":"http:\/\/cfpmaresme.org\/usuaris-del-servei-prelaboral-del-cfp-assisteixen-al-camp-nou-per-veure-el-barca-hercules-de-copa-del-rei\/"},"modified":"2021-09-08T15:48:14","modified_gmt":"2021-09-08T13:48:14","slug":"usuaris-del-servei-prelaboral-del-cfp-assisteixen-al-camp-nou-per-veure-el-barca-hercules-de-copa-del-rei","status":"publish","type":"post","link":"https:\/\/cfpmaresme.org\/es\/usuaris-del-servei-prelaboral-del-cfp-assisteixen-al-camp-nou-per-veure-el-barca-hercules-de-copa-del-rei\/","title":{"rendered":"Usuarios del Servicio Prelaboral del CFP asisten al Camp Nou para ver el Bar\u00e7a \u2013 H\u00e9rcules de Copa del Rei"},"content":{"rendered":"<p style=\"text-align: justify;\">Todos pudieron disfrutar del partido gracias a la celebraci\u00f3n de la Diada del Socio Solidario por parte del club blaugrana, que cedi\u00f3 gratuitamente las entradas a la entidad<\/p>\n<p style=\"text-align: justify;\"><img loading=\"lazy\" decoding=\"async\" class=\"alignnone size-full wp-image-1059\" src=\"https:\/\/centreformacioprevencio.files.wordpress.com\/2016\/12\/img-20161222-wa0001.jpg\" alt=\"img-20161222-wa0001\" width=\"1600\" height=\"960\" \/><\/p>\n<p style=\"text-align: justify;\">El FC Barcelona volvi\u00f3 a organizar el pasado mi\u00e9rcoles 21 de diciembre por sexta vez la Diada del Socio Solidario en motivo del Bar\u00e7a- H\u00e9rcules de sextos de final de la Copa del Rei. Gracias a esta iniciativa, muchas personas que habitualmente no pueden venir al Camp Nou tuvieron la ocasi\u00f3n de disfrutar de un partido que, adem\u00e1s, acab\u00f3 con goleada a favor de los cul\u00e9s. Y entre ellos se encontraban un grupo de usuarios del Servicio Prelaboral del CFP, que como entidad de iniciativa social, recibi\u00f3 entradas gratuitas por parte del club catal\u00e1n.<\/p>\n<p style=\"text-align: justify;\"><!--more--><\/p>\n<p style=\"text-align: justify;\">Mientras el a\u00f1o pasado fueron los infantes del Centre Residencial d\u2019Acci\u00f3 Educativa de Matar\u00f3 los que asistieron al partido, este a\u00f1o les toc\u00f3 a personas que est\u00e1n recibiendo formaci\u00f3n para inserirse en el mercado de trabajo. Los educadores del CFP repartieron entre los usuarios las 10 entradas que recibieron del Bar\u00e7a y en grupo se dirigieron al estadio blaugrana para ver de cerca a los cracs del equipo.<\/p>\n<p style=\"text-align: justify;\">A pesar de no jugar con el famoso tridente, los locales pasaron por encima de un equipo alcant\u00edn que resisti\u00f3 la primera media hora pero que finalmente acacb\u00f3 recibiendo 7 goles. Seguro que nuestros compa\u00f1eros y todas las personas de las instituciones sociales que fueron invitadas a esta magn\u00edfica iniciativa vibraron con el juego del FC Barcelona y pasaron un rato divertido que esperamos, que se pueda ir repitiendo a\u00f1o tras a\u00f1o.<\/p>\n","protected":false},"excerpt":{"rendered":"<p>Todos pudieron disfrutar del partido gracias a la celebraci\u00f3n de la Diada del Socio Solidario por parte del club blaugrana, que cedi\u00f3 gratuitamente las entradas a la entidad El FC Barcelona volvi\u00f3 a organizar el pasado mi\u00e9rcoles 21 de diciembre por sexta vez la Diada&#8230;<\/p>\n","protected":false},"author":2,"featured_media":0,"comment_status":"open","ping_status":"open","sticky":false,"template":"","format":"standard","meta":{"footnotes":""},"categories":[1195],"tags":[884,806,789,748,885,705,886,887,618,623,888,889],"class_list":["post-16964","post","type-post","status-publish","format-standard","hentry","category-servicio-prelaboral","tag-barca-es","tag-barcelona-es","tag-diada-es","tag-futbol-es","tag-hercules-es","tag-laboral-es","tag-nadal-es","tag-partit-es","tag-prelaboral-es","tag-servei-es","tag-soci-es","tag-solidari-es"],"yoast_head":"<!-- This site is optimized with the Yoast SEO plugin v27.4 - https:\/\/yoast.com\/product\/yoast-seo-wordpress\/ -->\n<title>Usuarios del Servicio Prelaboral del CFP asisten al Camp Nou para ver el Bar\u00e7a \u2013 H\u00e9rcules de Copa del Rei | CFP Maresme<\/title>\n<meta name=\"robots\" content=\"index, follow, max-snippet:-1, max-image-preview:large, max-video-preview:-1\" \/>\n<link rel=\"canonical\" href=\"https:\/\/cfpmaresme.org\/es\/usuaris-del-servei-prelaboral-del-cfp-assisteixen-al-camp-nou-per-veure-el-barca-hercules-de-copa-del-rei\/\" \/>\n<meta property=\"og:locale\" content=\"es_ES\" \/>\n<meta property=\"og:type\" content=\"article\" \/>\n<meta property=\"og:title\" content=\"Usuarios del Servicio Prelaboral del CFP asisten al Camp Nou para ver el Bar\u00e7a \u2013 H\u00e9rcules de Copa del Rei | CFP Maresme\" \/>\n<meta property=\"og:description\" content=\"Todos pudieron disfrutar del partido gracias a la celebraci\u00f3n de la Diada del Socio Solidario por parte del club blaugrana, que cedi\u00f3 gratuitamente las entradas a la entidad El FC Barcelona volvi\u00f3 a organizar el pasado mi\u00e9rcoles 21 de diciembre por sexta vez la Diada...\" \/>\n<meta property=\"og:url\" content=\"https:\/\/cfpmaresme.org\/es\/usuaris-del-servei-prelaboral-del-cfp-assisteixen-al-camp-nou-per-veure-el-barca-hercules-de-copa-del-rei\/\" \/>\n<meta property=\"og:site_name\" content=\"CFP Maresme\" \/>\n<meta property=\"article:published_time\" content=\"2016-12-23T11:31:52+00:00\" \/>\n<meta property=\"article:modified_time\" content=\"2021-09-08T13:48:14+00:00\" \/>\n<meta property=\"og:image\" content=\"https:\/\/centreformacioprevencio.files.wordpress.com\/2016\/12\/img-20161222-wa0001.jpg\" \/>\n<meta name=\"author\" content=\"CFPMaresme\" \/>\n<meta name=\"twitter:card\" content=\"summary_large_image\" \/>\n<meta name=\"twitter:creator\" content=\"@cfpmaresme\" \/>\n<meta name=\"twitter:site\" content=\"@cfpmaresme\" \/>\n<meta name=\"twitter:label1\" content=\"Escrito por\" \/>\n\t<meta name=\"twitter:data1\" content=\"CFPMaresme\" \/>\n\t<meta name=\"twitter:label2\" content=\"Tiempo de lectura\" \/>\n\t<meta name=\"twitter:data2\" content=\"1 minuto\" \/>\n<script type=\"application\/ld+json\" class=\"yoast-schema-graph\">{\"@context\":\"https:\\\/\\\/schema.org\",\"@graph\":[{\"@type\":\"Article\",\"@id\":\"https:\\\/\\\/cfpmaresme.org\\\/es\\\/usuaris-del-servei-prelaboral-del-cfp-assisteixen-al-camp-nou-per-veure-el-barca-hercules-de-copa-del-rei\\\/#article\",\"isPartOf\":{\"@id\":\"https:\\\/\\\/cfpmaresme.org\\\/es\\\/usuaris-del-servei-prelaboral-del-cfp-assisteixen-al-camp-nou-per-veure-el-barca-hercules-de-copa-del-rei\\\/\"},\"author\":{\"name\":\"CFPMaresme\",\"@id\":\"https:\\\/\\\/cfpmaresme.org\\\/#\\\/schema\\\/person\\\/b2634bcd796fafc667ea4055f61b9b2c\"},\"headline\":\"Usuarios del Servicio Prelaboral del CFP asisten al Camp Nou para ver el Bar\u00e7a \u2013 H\u00e9rcules de Copa del Rei\",\"datePublished\":\"2016-12-23T11:31:52+00:00\",\"dateModified\":\"2021-09-08T13:48:14+00:00\",\"mainEntityOfPage\":{\"@id\":\"https:\\\/\\\/cfpmaresme.org\\\/es\\\/usuaris-del-servei-prelaboral-del-cfp-assisteixen-al-camp-nou-per-veure-el-barca-hercules-de-copa-del-rei\\\/\"},\"wordCount\":299,\"commentCount\":0,\"image\":{\"@id\":\"https:\\\/\\\/cfpmaresme.org\\\/es\\\/usuaris-del-servei-prelaboral-del-cfp-assisteixen-al-camp-nou-per-veure-el-barca-hercules-de-copa-del-rei\\\/#primaryimage\"},\"thumbnailUrl\":\"https:\\\/\\\/centreformacioprevencio.files.wordpress.com\\\/2016\\\/12\\\/img-20161222-wa0001.jpg\",\"keywords\":[\"bar\u00e7a\",\"barcelona\",\"diada\",\"futbol\",\"h\u00e8rcules\",\"laboral\",\"nadal\",\"partit\",\"prelaboral\",\"servei\",\"soci\",\"solidari\"],\"articleSection\":[\"Servicio Prelaboral\"],\"inLanguage\":\"es\"},{\"@type\":\"WebPage\",\"@id\":\"https:\\\/\\\/cfpmaresme.org\\\/es\\\/usuaris-del-servei-prelaboral-del-cfp-assisteixen-al-camp-nou-per-veure-el-barca-hercules-de-copa-del-rei\\\/\",\"url\":\"https:\\\/\\\/cfpmaresme.org\\\/es\\\/usuaris-del-servei-prelaboral-del-cfp-assisteixen-al-camp-nou-per-veure-el-barca-hercules-de-copa-del-rei\\\/\",\"name\":\"Usuarios del Servicio Prelaboral del CFP asisten al Camp Nou para ver el Bar\u00e7a \u2013 H\u00e9rcules de Copa del Rei | CFP Maresme\",\"isPartOf\":{\"@id\":\"https:\\\/\\\/cfpmaresme.org\\\/#website\"},\"primaryImageOfPage\":{\"@id\":\"https:\\\/\\\/cfpmaresme.org\\\/es\\\/usuaris-del-servei-prelaboral-del-cfp-assisteixen-al-camp-nou-per-veure-el-barca-hercules-de-copa-del-rei\\\/#primaryimage\"},\"image\":{\"@id\":\"https:\\\/\\\/cfpmaresme.org\\\/es\\\/usuaris-del-servei-prelaboral-del-cfp-assisteixen-al-camp-nou-per-veure-el-barca-hercules-de-copa-del-rei\\\/#primaryimage\"},\"thumbnailUrl\":\"https:\\\/\\\/centreformacioprevencio.files.wordpress.com\\\/2016\\\/12\\\/img-20161222-wa0001.jpg\",\"datePublished\":\"2016-12-23T11:31:52+00:00\",\"dateModified\":\"2021-09-08T13:48:14+00:00\",\"author\":{\"@id\":\"https:\\\/\\\/cfpmaresme.org\\\/#\\\/schema\\\/person\\\/b2634bcd796fafc667ea4055f61b9b2c\"},\"breadcrumb\":{\"@id\":\"https:\\\/\\\/cfpmaresme.org\\\/es\\\/usuaris-del-servei-prelaboral-del-cfp-assisteixen-al-camp-nou-per-veure-el-barca-hercules-de-copa-del-rei\\\/#breadcrumb\"},\"inLanguage\":\"es\",\"potentialAction\":[{\"@type\":\"ReadAction\",\"target\":[\"https:\\\/\\\/cfpmaresme.org\\\/es\\\/usuaris-del-servei-prelaboral-del-cfp-assisteixen-al-camp-nou-per-veure-el-barca-hercules-de-copa-del-rei\\\/\"]}]},{\"@type\":\"ImageObject\",\"inLanguage\":\"es\",\"@id\":\"https:\\\/\\\/cfpmaresme.org\\\/es\\\/usuaris-del-servei-prelaboral-del-cfp-assisteixen-al-camp-nou-per-veure-el-barca-hercules-de-copa-del-rei\\\/#primaryimage\",\"url\":\"https:\\\/\\\/centreformacioprevencio.files.wordpress.com\\\/2016\\\/12\\\/img-20161222-wa0001.jpg\",\"contentUrl\":\"https:\\\/\\\/centreformacioprevencio.files.wordpress.com\\\/2016\\\/12\\\/img-20161222-wa0001.jpg\"},{\"@type\":\"BreadcrumbList\",\"@id\":\"https:\\\/\\\/cfpmaresme.org\\\/es\\\/usuaris-del-servei-prelaboral-del-cfp-assisteixen-al-camp-nou-per-veure-el-barca-hercules-de-copa-del-rei\\\/#breadcrumb\",\"itemListElement\":[{\"@type\":\"ListItem\",\"position\":1,\"name\":\"Home\",\"item\":\"https:\\\/\\\/cfpmaresme.org\\\/es\\\/\"},{\"@type\":\"ListItem\",\"position\":2,\"name\":\"Usuarios del Servicio Prelaboral del CFP asisten al Camp Nou para ver el Bar\u00e7a \u2013 H\u00e9rcules de Copa del Rei\"}]},{\"@type\":\"WebSite\",\"@id\":\"https:\\\/\\\/cfpmaresme.org\\\/#website\",\"url\":\"https:\\\/\\\/cfpmaresme.org\\\/\",\"name\":\"CFP Maresme\",\"description\":\"Centre Formaci\u00f3 Prevenci\u00f3\",\"potentialAction\":[{\"@type\":\"SearchAction\",\"target\":{\"@type\":\"EntryPoint\",\"urlTemplate\":\"https:\\\/\\\/cfpmaresme.org\\\/?s={search_term_string}\"},\"query-input\":{\"@type\":\"PropertyValueSpecification\",\"valueRequired\":true,\"valueName\":\"search_term_string\"}}],\"inLanguage\":\"es\"},{\"@type\":\"Person\",\"@id\":\"https:\\\/\\\/cfpmaresme.org\\\/#\\\/schema\\\/person\\\/b2634bcd796fafc667ea4055f61b9b2c\",\"name\":\"CFPMaresme\"}]}<\/script>\n<!-- \/ Yoast SEO plugin. -->","yoast_head_json":{"title":"Usuarios del Servicio Prelaboral del CFP asisten al Camp Nou para ver el Bar\u00e7a \u2013 H\u00e9rcules de Copa del Rei | CFP Maresme","robots":{"index":"index","follow":"follow","max-snippet":"max-snippet:-1","max-image-preview":"max-image-preview:large","max-video-preview":"max-video-preview:-1"},"canonical":"https:\/\/cfpmaresme.org\/es\/usuaris-del-servei-prelaboral-del-cfp-assisteixen-al-camp-nou-per-veure-el-barca-hercules-de-copa-del-rei\/","og_locale":"es_ES","og_type":"article","og_title":"Usuarios del Servicio Prelaboral del CFP asisten al Camp Nou para ver el Bar\u00e7a \u2013 H\u00e9rcules de Copa del Rei | CFP Maresme","og_description":"Todos pudieron disfrutar del partido gracias a la celebraci\u00f3n de la Diada del Socio Solidario por parte del club blaugrana, que cedi\u00f3 gratuitamente las entradas a la entidad El FC Barcelona volvi\u00f3 a organizar el pasado mi\u00e9rcoles 21 de diciembre por sexta vez la Diada...","og_url":"https:\/\/cfpmaresme.org\/es\/usuaris-del-servei-prelaboral-del-cfp-assisteixen-al-camp-nou-per-veure-el-barca-hercules-de-copa-del-rei\/","og_site_name":"CFP Maresme","article_published_time":"2016-12-23T11:31:52+00:00","article_modified_time":"2021-09-08T13:48:14+00:00","og_image":[{"url":"https:\/\/centreformacioprevencio.files.wordpress.com\/2016\/12\/img-20161222-wa0001.jpg","type":"","width":"","height":""}],"author":"CFPMaresme","twitter_card":"summary_large_image","twitter_creator":"@cfpmaresme","twitter_site":"@cfpmaresme","twitter_misc":{"Escrito por":"CFPMaresme","Tiempo de lectura":"1 minuto"},"schema":{"@context":"https:\/\/schema.org","@graph":[{"@type":"Article","@id":"https:\/\/cfpmaresme.org\/es\/usuaris-del-servei-prelaboral-del-cfp-assisteixen-al-camp-nou-per-veure-el-barca-hercules-de-copa-del-rei\/#article","isPartOf":{"@id":"https:\/\/cfpmaresme.org\/es\/usuaris-del-servei-prelaboral-del-cfp-assisteixen-al-camp-nou-per-veure-el-barca-hercules-de-copa-del-rei\/"},"author":{"name":"CFPMaresme","@id":"https:\/\/cfpmaresme.org\/#\/schema\/person\/b2634bcd796fafc667ea4055f61b9b2c"},"headline":"Usuarios del Servicio Prelaboral del CFP asisten al Camp Nou para ver el Bar\u00e7a \u2013 H\u00e9rcules de Copa del Rei","datePublished":"2016-12-23T11:31:52+00:00","dateModified":"2021-09-08T13:48:14+00:00","mainEntityOfPage":{"@id":"https:\/\/cfpmaresme.org\/es\/usuaris-del-servei-prelaboral-del-cfp-assisteixen-al-camp-nou-per-veure-el-barca-hercules-de-copa-del-rei\/"},"wordCount":299,"commentCount":0,"image":{"@id":"https:\/\/cfpmaresme.org\/es\/usuaris-del-servei-prelaboral-del-cfp-assisteixen-al-camp-nou-per-veure-el-barca-hercules-de-copa-del-rei\/#primaryimage"},"thumbnailUrl":"https:\/\/centreformacioprevencio.files.wordpress.com\/2016\/12\/img-20161222-wa0001.jpg","keywords":["bar\u00e7a","barcelona","diada","futbol","h\u00e8rcules","laboral","nadal","partit","prelaboral","servei","soci","solidari"],"articleSection":["Servicio Prelaboral"],"inLanguage":"es"},{"@type":"WebPage","@id":"https:\/\/cfpmaresme.org\/es\/usuaris-del-servei-prelaboral-del-cfp-assisteixen-al-camp-nou-per-veure-el-barca-hercules-de-copa-del-rei\/","url":"https:\/\/cfpmaresme.org\/es\/usuaris-del-servei-prelaboral-del-cfp-assisteixen-al-camp-nou-per-veure-el-barca-hercules-de-copa-del-rei\/","name":"Usuarios del Servicio Prelaboral del CFP asisten al Camp Nou para ver el Bar\u00e7a \u2013 H\u00e9rcules de Copa del Rei | CFP Maresme","isPartOf":{"@id":"https:\/\/cfpmaresme.org\/#website"},"primaryImageOfPage":{"@id":"https:\/\/cfpmaresme.org\/es\/usuaris-del-servei-prelaboral-del-cfp-assisteixen-al-camp-nou-per-veure-el-barca-hercules-de-copa-del-rei\/#primaryimage"},"image":{"@id":"https:\/\/cfpmaresme.org\/es\/usuaris-del-servei-prelaboral-del-cfp-assisteixen-al-camp-nou-per-veure-el-barca-hercules-de-copa-del-rei\/#primaryimage"},"thumbnailUrl":"https:\/\/centreformacioprevencio.files.wordpress.com\/2016\/12\/img-20161222-wa0001.jpg","datePublished":"2016-12-23T11:31:52+00:00","dateModified":"2021-09-08T13:48:14+00:00","author":{"@id":"https:\/\/cfpmaresme.org\/#\/schema\/person\/b2634bcd796fafc667ea4055f61b9b2c"},"breadcrumb":{"@id":"https:\/\/cfpmaresme.org\/es\/usuaris-del-servei-prelaboral-del-cfp-assisteixen-al-camp-nou-per-veure-el-barca-hercules-de-copa-del-rei\/#breadcrumb"},"inLanguage":"es","potentialAction":[{"@type":"ReadAction","target":["https:\/\/cfpmaresme.org\/es\/usuaris-del-servei-prelaboral-del-cfp-assisteixen-al-camp-nou-per-veure-el-barca-hercules-de-copa-del-rei\/"]}]},{"@type":"ImageObject","inLanguage":"es","@id":"https:\/\/cfpmaresme.org\/es\/usuaris-del-servei-prelaboral-del-cfp-assisteixen-al-camp-nou-per-veure-el-barca-hercules-de-copa-del-rei\/#primaryimage","url":"https:\/\/centreformacioprevencio.files.wordpress.com\/2016\/12\/img-20161222-wa0001.jpg","contentUrl":"https:\/\/centreformacioprevencio.files.wordpress.com\/2016\/12\/img-20161222-wa0001.jpg"},{"@type":"BreadcrumbList","@id":"https:\/\/cfpmaresme.org\/es\/usuaris-del-servei-prelaboral-del-cfp-assisteixen-al-camp-nou-per-veure-el-barca-hercules-de-copa-del-rei\/#breadcrumb","itemListElement":[{"@type":"ListItem","position":1,"name":"Home","item":"https:\/\/cfpmaresme.org\/es\/"},{"@type":"ListItem","position":2,"name":"Usuarios del Servicio Prelaboral del CFP asisten al Camp Nou para ver el Bar\u00e7a \u2013 H\u00e9rcules de Copa del Rei"}]},{"@type":"WebSite","@id":"https:\/\/cfpmaresme.org\/#website","url":"https:\/\/cfpmaresme.org\/","name":"CFP Maresme","description":"Centre Formaci\u00f3 Prevenci\u00f3","potentialAction":[{"@type":"SearchAction","target":{"@type":"EntryPoint","urlTemplate":"https:\/\/cfpmaresme.org\/?s={search_term_string}"},"query-input":{"@type":"PropertyValueSpecification","valueRequired":true,"valueName":"search_term_string"}}],"inLanguage":"es"},{"@type":"Person","@id":"https:\/\/cfpmaresme.org\/#\/schema\/person\/b2634bcd796fafc667ea4055f61b9b2c","name":"CFPMaresme"}]}},"_links":{"self":[{"href":"https:\/\/cfpmaresme.org\/es\/wp-json\/wp\/v2\/posts\/16964","targetHints":{"allow":["GET"]}}],"collection":[{"href":"https:\/\/cfpmaresme.org\/es\/wp-json\/wp\/v2\/posts"}],"about":[{"href":"https:\/\/cfpmaresme.org\/es\/wp-json\/wp\/v2\/types\/post"}],"author":[{"embeddable":true,"href":"https:\/\/cfpmaresme.org\/es\/wp-json\/wp\/v2\/users\/2"}],"replies":[{"embeddable":true,"href":"https:\/\/cfpmaresme.org\/es\/wp-json\/wp\/v2\/comments?post=16964"}],"version-history":[{"count":3,"href":"https:\/\/cfpmaresme.org\/es\/wp-json\/wp\/v2\/posts\/16964\/revisions"}],"predecessor-version":[{"id":26357,"href":"https:\/\/cfpmaresme.org\/es\/wp-json\/wp\/v2\/posts\/16964\/revisions\/26357"}],"wp:attachment":[{"href":"https:\/\/cfpmaresme.org\/es\/wp-json\/wp\/v2\/media?parent=16964"}],"wp:term":[{"taxonomy":"category","embeddable":true,"href":"https:\/\/cfpmaresme.org\/es\/wp-json\/wp\/v2\/categories?post=16964"},{"taxonomy":"post_tag","embeddable":true,"href":"https:\/\/cfpmaresme.org\/es\/wp-json\/wp\/v2\/tags?post=16964"}],"curies":[{"name":"wp","href":"https:\/\/api.w.org\/{rel}","templated":true}]}}