{"id":16970,"date":"2016-11-18T11:43:10","date_gmt":"2016-11-18T11:43:10","guid":{"rendered":"http:\/\/cfpmaresme.org\/el-cfp-rep-un-reconeixement-per-la-seva-responsabilitat-social-a-la-nit-dels-emprenedors\/"},"modified":"2021-07-01T14:51:53","modified_gmt":"2021-07-01T12:51:53","slug":"el-cfp-rep-un-reconeixement-per-la-seva-responsabilitat-social-a-la-nit-dels-emprenedors","status":"publish","type":"post","link":"https:\/\/cfpmaresme.org\/es\/el-cfp-rep-un-reconeixement-per-la-seva-responsabilitat-social-a-la-nit-dels-emprenedors\/","title":{"rendered":"El CFP recibe un reconocimiento por su responsabilidad social en la Noche de los Emprendedores"},"content":{"rendered":"<p style=\"text-align: justify;\">En la cita celebrada en el Tecnocampus se entregaron los premios de emprendedur\u00eda local Creatic y se reconoci\u00f3 a entidades con pr\u00e1cticas de econom\u00eda social de la ciudad<\/p>\n<p><img loading=\"lazy\" decoding=\"async\" class=\"alignnone size-full wp-image-983\" src=\"https:\/\/centreformacioprevencio.files.wordpress.com\/2016\/11\/img_20161117_200428.jpg\" alt=\"img_20161117_200428\" width=\"4160\" height=\"2336\" \/><\/p>\n<p style=\"text-align: justify;\">El pasado jueves 17 de noviembre la Fundaci\u00f3 TecnoCampus Matar\u00f3-Maresme y el Ayuntamiento de Matar\u00f3 organiz\u00f3 en el Centro de Congresos del parque empresa y educativo mataon\u00edn la 16a edici\u00f3n de los premios Creatic, destinadors a guardonar las start-ups y nuevas ideas de negocio m\u00e1s destacadas de la ciudad. Tambi\u00e9n hubo un momento para hacer un reconocimiento a 34 entidades con responsabilidad social del territorio entre las que se encontraba el Centre de Formaci\u00f3 i Prevenci\u00f3.<\/p>\n<p style=\"text-align: justify;\"><!--more--><\/p>\n<p style=\"text-align: justify;\">De esta manera el Ayuntamiento de Matar\u00f3 y su Regidor de Educaci\u00f3n y Trabajo Miquel \u00c0ngel Vadell agradecieron al CFP su participaci\u00f3n en el proyecto Pam a Pam que el consistorio ha estado gestiando durante los \u00faltimos meses. Este plan tiene como finalidad construir un mapa de las entidades de iniciativa social del territorio, siendo as\u00ed un punto de referencia para las personas que se quieran dirigir a alguna de estas empresas.<\/p>\n<p style=\"text-align: justify;\">No es la primera vegada que la Noche de los Emprendedores cuenta con la participaci\u00f3n del Centre de Formaci\u00f3 i Prevenci\u00f3, pues el a\u00f1o 2013, recibi\u00f3 un diploma que acreditaba las buenas pr\u00e1cticas en resposabilidad social, que contribuyen a hacer de Matar\u00f3 una ciudad sostenible y de calidad.<\/p>\n","protected":false},"excerpt":{"rendered":"<p>En la cita celebrada en el Tecnocampus se entregaron los premios de emprendedur\u00eda local Creatic y se reconoci\u00f3 a entidades con pr\u00e1cticas de econom\u00eda social de la ciudad El pasado jueves 17 de noviembre la Fundaci\u00f3 TecnoCampus Matar\u00f3-Maresme y el Ayuntamiento de Matar\u00f3 organiz\u00f3 en&#8230;<\/p>\n","protected":false},"author":2,"featured_media":0,"comment_status":"open","ping_status":"open","sticky":false,"template":"","format":"standard","meta":{"footnotes":""},"categories":[1187],"tags":[603,913,635,617,638,753,725,701,914],"class_list":["post-16970","post","type-post","status-publish","format-standard","hentry","category-cfp-maresme-es","tag-ajuntament-es","tag-entitats-es","tag-formacio-es","tag-mataro-es","tag-prevencio-es","tag-regidor-es","tag-responsabilitat-es","tag-social-es","tag-tecnocampus-es"],"yoast_head":"<!-- This site is optimized with the Yoast SEO plugin v27.4 - https:\/\/yoast.com\/product\/yoast-seo-wordpress\/ -->\n<title>El CFP recibe un reconocimiento por su responsabilidad social en la Noche de los Emprendedores | CFP Maresme<\/title>\n<meta name=\"robots\" content=\"index, follow, max-snippet:-1, max-image-preview:large, max-video-preview:-1\" \/>\n<link rel=\"canonical\" href=\"https:\/\/cfpmaresme.org\/es\/el-cfp-rep-un-reconeixement-per-la-seva-responsabilitat-social-a-la-nit-dels-emprenedors\/\" \/>\n<meta property=\"og:locale\" content=\"es_ES\" \/>\n<meta property=\"og:type\" content=\"article\" \/>\n<meta property=\"og:title\" content=\"El CFP recibe un reconocimiento por su responsabilidad social en la Noche de los Emprendedores | CFP Maresme\" \/>\n<meta property=\"og:description\" content=\"En la cita celebrada en el Tecnocampus se entregaron los premios de emprendedur\u00eda local Creatic y se reconoci\u00f3 a entidades con pr\u00e1cticas de econom\u00eda social de la ciudad El pasado jueves 17 de noviembre la Fundaci\u00f3 TecnoCampus Matar\u00f3-Maresme y el Ayuntamiento de Matar\u00f3 organiz\u00f3 en...\" \/>\n<meta property=\"og:url\" content=\"https:\/\/cfpmaresme.org\/es\/el-cfp-rep-un-reconeixement-per-la-seva-responsabilitat-social-a-la-nit-dels-emprenedors\/\" \/>\n<meta property=\"og:site_name\" content=\"CFP Maresme\" \/>\n<meta property=\"article:published_time\" content=\"2016-11-18T11:43:10+00:00\" \/>\n<meta property=\"article:modified_time\" content=\"2021-07-01T12:51:53+00:00\" \/>\n<meta property=\"og:image\" content=\"https:\/\/centreformacioprevencio.files.wordpress.com\/2016\/11\/img_20161117_200428.jpg\" \/>\n<meta name=\"author\" content=\"CFPMaresme\" \/>\n<meta name=\"twitter:card\" content=\"summary_large_image\" \/>\n<meta name=\"twitter:creator\" content=\"@cfpmaresme\" \/>\n<meta name=\"twitter:site\" content=\"@cfpmaresme\" \/>\n<meta name=\"twitter:label1\" content=\"Escrito por\" \/>\n\t<meta name=\"twitter:data1\" content=\"CFPMaresme\" \/>\n\t<meta name=\"twitter:label2\" content=\"Tiempo de lectura\" \/>\n\t<meta name=\"twitter:data2\" content=\"1 minuto\" \/>\n<script type=\"application\/ld+json\" class=\"yoast-schema-graph\">{\"@context\":\"https:\\\/\\\/schema.org\",\"@graph\":[{\"@type\":\"Article\",\"@id\":\"https:\\\/\\\/cfpmaresme.org\\\/es\\\/el-cfp-rep-un-reconeixement-per-la-seva-responsabilitat-social-a-la-nit-dels-emprenedors\\\/#article\",\"isPartOf\":{\"@id\":\"https:\\\/\\\/cfpmaresme.org\\\/es\\\/el-cfp-rep-un-reconeixement-per-la-seva-responsabilitat-social-a-la-nit-dels-emprenedors\\\/\"},\"author\":{\"name\":\"CFPMaresme\",\"@id\":\"https:\\\/\\\/cfpmaresme.org\\\/#\\\/schema\\\/person\\\/b2634bcd796fafc667ea4055f61b9b2c\"},\"headline\":\"El CFP recibe un reconocimiento por su responsabilidad social en la Noche de los Emprendedores\",\"datePublished\":\"2016-11-18T11:43:10+00:00\",\"dateModified\":\"2021-07-01T12:51:53+00:00\",\"mainEntityOfPage\":{\"@id\":\"https:\\\/\\\/cfpmaresme.org\\\/es\\\/el-cfp-rep-un-reconeixement-per-la-seva-responsabilitat-social-a-la-nit-dels-emprenedors\\\/\"},\"wordCount\":249,\"commentCount\":0,\"image\":{\"@id\":\"https:\\\/\\\/cfpmaresme.org\\\/es\\\/el-cfp-rep-un-reconeixement-per-la-seva-responsabilitat-social-a-la-nit-dels-emprenedors\\\/#primaryimage\"},\"thumbnailUrl\":\"https:\\\/\\\/centreformacioprevencio.files.wordpress.com\\\/2016\\\/11\\\/img_20161117_200428.jpg\",\"keywords\":[\"ajuntament\",\"entitats\",\"formaci\u00f3\",\"matar\u00f3\",\"prevenci\u00f3\",\"regidor\",\"responsabilitat\",\"social\",\"tecnocampus\"],\"articleSection\":[\"CFP Maresme\"],\"inLanguage\":\"es\"},{\"@type\":\"WebPage\",\"@id\":\"https:\\\/\\\/cfpmaresme.org\\\/es\\\/el-cfp-rep-un-reconeixement-per-la-seva-responsabilitat-social-a-la-nit-dels-emprenedors\\\/\",\"url\":\"https:\\\/\\\/cfpmaresme.org\\\/es\\\/el-cfp-rep-un-reconeixement-per-la-seva-responsabilitat-social-a-la-nit-dels-emprenedors\\\/\",\"name\":\"El CFP recibe un reconocimiento por su responsabilidad social en la Noche de los Emprendedores | CFP Maresme\",\"isPartOf\":{\"@id\":\"https:\\\/\\\/cfpmaresme.org\\\/#website\"},\"primaryImageOfPage\":{\"@id\":\"https:\\\/\\\/cfpmaresme.org\\\/es\\\/el-cfp-rep-un-reconeixement-per-la-seva-responsabilitat-social-a-la-nit-dels-emprenedors\\\/#primaryimage\"},\"image\":{\"@id\":\"https:\\\/\\\/cfpmaresme.org\\\/es\\\/el-cfp-rep-un-reconeixement-per-la-seva-responsabilitat-social-a-la-nit-dels-emprenedors\\\/#primaryimage\"},\"thumbnailUrl\":\"https:\\\/\\\/centreformacioprevencio.files.wordpress.com\\\/2016\\\/11\\\/img_20161117_200428.jpg\",\"datePublished\":\"2016-11-18T11:43:10+00:00\",\"dateModified\":\"2021-07-01T12:51:53+00:00\",\"author\":{\"@id\":\"https:\\\/\\\/cfpmaresme.org\\\/#\\\/schema\\\/person\\\/b2634bcd796fafc667ea4055f61b9b2c\"},\"breadcrumb\":{\"@id\":\"https:\\\/\\\/cfpmaresme.org\\\/es\\\/el-cfp-rep-un-reconeixement-per-la-seva-responsabilitat-social-a-la-nit-dels-emprenedors\\\/#breadcrumb\"},\"inLanguage\":\"es\",\"potentialAction\":[{\"@type\":\"ReadAction\",\"target\":[\"https:\\\/\\\/cfpmaresme.org\\\/es\\\/el-cfp-rep-un-reconeixement-per-la-seva-responsabilitat-social-a-la-nit-dels-emprenedors\\\/\"]}]},{\"@type\":\"ImageObject\",\"inLanguage\":\"es\",\"@id\":\"https:\\\/\\\/cfpmaresme.org\\\/es\\\/el-cfp-rep-un-reconeixement-per-la-seva-responsabilitat-social-a-la-nit-dels-emprenedors\\\/#primaryimage\",\"url\":\"https:\\\/\\\/centreformacioprevencio.files.wordpress.com\\\/2016\\\/11\\\/img_20161117_200428.jpg\",\"contentUrl\":\"https:\\\/\\\/centreformacioprevencio.files.wordpress.com\\\/2016\\\/11\\\/img_20161117_200428.jpg\"},{\"@type\":\"BreadcrumbList\",\"@id\":\"https:\\\/\\\/cfpmaresme.org\\\/es\\\/el-cfp-rep-un-reconeixement-per-la-seva-responsabilitat-social-a-la-nit-dels-emprenedors\\\/#breadcrumb\",\"itemListElement\":[{\"@type\":\"ListItem\",\"position\":1,\"name\":\"Home\",\"item\":\"https:\\\/\\\/cfpmaresme.org\\\/es\\\/\"},{\"@type\":\"ListItem\",\"position\":2,\"name\":\"El CFP recibe un reconocimiento por su responsabilidad social en la Noche de los Emprendedores\"}]},{\"@type\":\"WebSite\",\"@id\":\"https:\\\/\\\/cfpmaresme.org\\\/#website\",\"url\":\"https:\\\/\\\/cfpmaresme.org\\\/\",\"name\":\"CFP Maresme\",\"description\":\"Centre Formaci\u00f3 Prevenci\u00f3\",\"potentialAction\":[{\"@type\":\"SearchAction\",\"target\":{\"@type\":\"EntryPoint\",\"urlTemplate\":\"https:\\\/\\\/cfpmaresme.org\\\/?s={search_term_string}\"},\"query-input\":{\"@type\":\"PropertyValueSpecification\",\"valueRequired\":true,\"valueName\":\"search_term_string\"}}],\"inLanguage\":\"es\"},{\"@type\":\"Person\",\"@id\":\"https:\\\/\\\/cfpmaresme.org\\\/#\\\/schema\\\/person\\\/b2634bcd796fafc667ea4055f61b9b2c\",\"name\":\"CFPMaresme\"}]}<\/script>\n<!-- \/ Yoast SEO plugin. -->","yoast_head_json":{"title":"El CFP recibe un reconocimiento por su responsabilidad social en la Noche de los Emprendedores | CFP Maresme","robots":{"index":"index","follow":"follow","max-snippet":"max-snippet:-1","max-image-preview":"max-image-preview:large","max-video-preview":"max-video-preview:-1"},"canonical":"https:\/\/cfpmaresme.org\/es\/el-cfp-rep-un-reconeixement-per-la-seva-responsabilitat-social-a-la-nit-dels-emprenedors\/","og_locale":"es_ES","og_type":"article","og_title":"El CFP recibe un reconocimiento por su responsabilidad social en la Noche de los Emprendedores | CFP Maresme","og_description":"En la cita celebrada en el Tecnocampus se entregaron los premios de emprendedur\u00eda local Creatic y se reconoci\u00f3 a entidades con pr\u00e1cticas de econom\u00eda social de la ciudad El pasado jueves 17 de noviembre la Fundaci\u00f3 TecnoCampus Matar\u00f3-Maresme y el Ayuntamiento de Matar\u00f3 organiz\u00f3 en...","og_url":"https:\/\/cfpmaresme.org\/es\/el-cfp-rep-un-reconeixement-per-la-seva-responsabilitat-social-a-la-nit-dels-emprenedors\/","og_site_name":"CFP Maresme","article_published_time":"2016-11-18T11:43:10+00:00","article_modified_time":"2021-07-01T12:51:53+00:00","og_image":[{"url":"https:\/\/centreformacioprevencio.files.wordpress.com\/2016\/11\/img_20161117_200428.jpg","type":"","width":"","height":""}],"author":"CFPMaresme","twitter_card":"summary_large_image","twitter_creator":"@cfpmaresme","twitter_site":"@cfpmaresme","twitter_misc":{"Escrito por":"CFPMaresme","Tiempo de lectura":"1 minuto"},"schema":{"@context":"https:\/\/schema.org","@graph":[{"@type":"Article","@id":"https:\/\/cfpmaresme.org\/es\/el-cfp-rep-un-reconeixement-per-la-seva-responsabilitat-social-a-la-nit-dels-emprenedors\/#article","isPartOf":{"@id":"https:\/\/cfpmaresme.org\/es\/el-cfp-rep-un-reconeixement-per-la-seva-responsabilitat-social-a-la-nit-dels-emprenedors\/"},"author":{"name":"CFPMaresme","@id":"https:\/\/cfpmaresme.org\/#\/schema\/person\/b2634bcd796fafc667ea4055f61b9b2c"},"headline":"El CFP recibe un reconocimiento por su responsabilidad social en la Noche de los Emprendedores","datePublished":"2016-11-18T11:43:10+00:00","dateModified":"2021-07-01T12:51:53+00:00","mainEntityOfPage":{"@id":"https:\/\/cfpmaresme.org\/es\/el-cfp-rep-un-reconeixement-per-la-seva-responsabilitat-social-a-la-nit-dels-emprenedors\/"},"wordCount":249,"commentCount":0,"image":{"@id":"https:\/\/cfpmaresme.org\/es\/el-cfp-rep-un-reconeixement-per-la-seva-responsabilitat-social-a-la-nit-dels-emprenedors\/#primaryimage"},"thumbnailUrl":"https:\/\/centreformacioprevencio.files.wordpress.com\/2016\/11\/img_20161117_200428.jpg","keywords":["ajuntament","entitats","formaci\u00f3","matar\u00f3","prevenci\u00f3","regidor","responsabilitat","social","tecnocampus"],"articleSection":["CFP Maresme"],"inLanguage":"es"},{"@type":"WebPage","@id":"https:\/\/cfpmaresme.org\/es\/el-cfp-rep-un-reconeixement-per-la-seva-responsabilitat-social-a-la-nit-dels-emprenedors\/","url":"https:\/\/cfpmaresme.org\/es\/el-cfp-rep-un-reconeixement-per-la-seva-responsabilitat-social-a-la-nit-dels-emprenedors\/","name":"El CFP recibe un reconocimiento por su responsabilidad social en la Noche de los Emprendedores | CFP Maresme","isPartOf":{"@id":"https:\/\/cfpmaresme.org\/#website"},"primaryImageOfPage":{"@id":"https:\/\/cfpmaresme.org\/es\/el-cfp-rep-un-reconeixement-per-la-seva-responsabilitat-social-a-la-nit-dels-emprenedors\/#primaryimage"},"image":{"@id":"https:\/\/cfpmaresme.org\/es\/el-cfp-rep-un-reconeixement-per-la-seva-responsabilitat-social-a-la-nit-dels-emprenedors\/#primaryimage"},"thumbnailUrl":"https:\/\/centreformacioprevencio.files.wordpress.com\/2016\/11\/img_20161117_200428.jpg","datePublished":"2016-11-18T11:43:10+00:00","dateModified":"2021-07-01T12:51:53+00:00","author":{"@id":"https:\/\/cfpmaresme.org\/#\/schema\/person\/b2634bcd796fafc667ea4055f61b9b2c"},"breadcrumb":{"@id":"https:\/\/cfpmaresme.org\/es\/el-cfp-rep-un-reconeixement-per-la-seva-responsabilitat-social-a-la-nit-dels-emprenedors\/#breadcrumb"},"inLanguage":"es","potentialAction":[{"@type":"ReadAction","target":["https:\/\/cfpmaresme.org\/es\/el-cfp-rep-un-reconeixement-per-la-seva-responsabilitat-social-a-la-nit-dels-emprenedors\/"]}]},{"@type":"ImageObject","inLanguage":"es","@id":"https:\/\/cfpmaresme.org\/es\/el-cfp-rep-un-reconeixement-per-la-seva-responsabilitat-social-a-la-nit-dels-emprenedors\/#primaryimage","url":"https:\/\/centreformacioprevencio.files.wordpress.com\/2016\/11\/img_20161117_200428.jpg","contentUrl":"https:\/\/centreformacioprevencio.files.wordpress.com\/2016\/11\/img_20161117_200428.jpg"},{"@type":"BreadcrumbList","@id":"https:\/\/cfpmaresme.org\/es\/el-cfp-rep-un-reconeixement-per-la-seva-responsabilitat-social-a-la-nit-dels-emprenedors\/#breadcrumb","itemListElement":[{"@type":"ListItem","position":1,"name":"Home","item":"https:\/\/cfpmaresme.org\/es\/"},{"@type":"ListItem","position":2,"name":"El CFP recibe un reconocimiento por su responsabilidad social en la Noche de los Emprendedores"}]},{"@type":"WebSite","@id":"https:\/\/cfpmaresme.org\/#website","url":"https:\/\/cfpmaresme.org\/","name":"CFP Maresme","description":"Centre Formaci\u00f3 Prevenci\u00f3","potentialAction":[{"@type":"SearchAction","target":{"@type":"EntryPoint","urlTemplate":"https:\/\/cfpmaresme.org\/?s={search_term_string}"},"query-input":{"@type":"PropertyValueSpecification","valueRequired":true,"valueName":"search_term_string"}}],"inLanguage":"es"},{"@type":"Person","@id":"https:\/\/cfpmaresme.org\/#\/schema\/person\/b2634bcd796fafc667ea4055f61b9b2c","name":"CFPMaresme"}]}},"_links":{"self":[{"href":"https:\/\/cfpmaresme.org\/es\/wp-json\/wp\/v2\/posts\/16970","targetHints":{"allow":["GET"]}}],"collection":[{"href":"https:\/\/cfpmaresme.org\/es\/wp-json\/wp\/v2\/posts"}],"about":[{"href":"https:\/\/cfpmaresme.org\/es\/wp-json\/wp\/v2\/types\/post"}],"author":[{"embeddable":true,"href":"https:\/\/cfpmaresme.org\/es\/wp-json\/wp\/v2\/users\/2"}],"replies":[{"embeddable":true,"href":"https:\/\/cfpmaresme.org\/es\/wp-json\/wp\/v2\/comments?post=16970"}],"version-history":[{"count":3,"href":"https:\/\/cfpmaresme.org\/es\/wp-json\/wp\/v2\/posts\/16970\/revisions"}],"predecessor-version":[{"id":25614,"href":"https:\/\/cfpmaresme.org\/es\/wp-json\/wp\/v2\/posts\/16970\/revisions\/25614"}],"wp:attachment":[{"href":"https:\/\/cfpmaresme.org\/es\/wp-json\/wp\/v2\/media?parent=16970"}],"wp:term":[{"taxonomy":"category","embeddable":true,"href":"https:\/\/cfpmaresme.org\/es\/wp-json\/wp\/v2\/categories?post=16970"},{"taxonomy":"post_tag","embeddable":true,"href":"https:\/\/cfpmaresme.org\/es\/wp-json\/wp\/v2\/tags?post=16970"}],"curies":[{"name":"wp","href":"https:\/\/api.w.org\/{rel}","templated":true}]}}