{"id":16971,"date":"2016-11-15T09:24:19","date_gmt":"2016-11-15T09:24:19","guid":{"rendered":"http:\/\/cfpmaresme.org\/nou-centes-persones-caminen-per-la-salut-mental-a-mataro\/"},"modified":"2021-07-01T15:03:13","modified_gmt":"2021-07-01T13:03:13","slug":"nou-centes-persones-caminen-per-la-salut-mental-a-mataro","status":"publish","type":"post","link":"https:\/\/cfpmaresme.org\/es\/nou-centes-persones-caminen-per-la-salut-mental-a-mataro\/","title":{"rendered":"Nueve-cientas perrsonas caminan por la salud mental en Matar\u00f3"},"content":{"rendered":"<p style=\"text-align: justify;\">Esta marcha anual cont\u00f3 en su quinta edici\u00f3n con el mayor n\u00famero de inscritos desde su creaci\u00f3n<\/p>\n<p style=\"text-align: justify;\"><img loading=\"lazy\" decoding=\"async\" class=\"alignnone size-full wp-image-970\" src=\"https:\/\/centreformacioprevencio.files.wordpress.com\/2016\/11\/p1670793.png\" alt=\"p1670793\" width=\"1160\" height=\"656\" \/><\/p>\n<p style=\"text-align: justify;\"><em>Fotografia de Salvador Carbonell<\/em><\/p>\n<p style=\"text-align: justify;\">El pasadp domingo 13 de noviembre se celebr\u00f3 la Marcha para la Salud Mental en Matar\u00f3, que llegaba a su quinta edici\u00f3n. La caminata estaba organizada, como cada a\u00f1o, por un buen n\u00famero de entidades, entre ellas el Centre de Formaci\u00f3 i Prevenci\u00f3. La marcha cont\u00f3, en esta ocasi\u00f3n, con 900 asistentes, un centenar m\u00e1s que el a\u00f1o pasado, continuando con la tendencia a la alza que se observa desde su primera cita.<\/p>\n<p style=\"text-align: justify;\">El recorrido fue el mismo que el de la anterior edici\u00f3n. A las 9 de la ma\u00f1ana los participantes iniciaron su recorrido en la playa d\u2019El Callao de Matar\u00f3. Siguieron rodeando la riera de Sant Sim\u00f3 y continuaron en direcci\u00f3n a las Cinc-S\u00e8nies. Una vez superado el tramo del barrio de Rocafonda y la autopista, ya casi acababa el itinerario para los m\u00e1s prudentes, el m\u00e1s corto, de 8km.<\/p>\n<p style=\"text-align: justify;\">Mucha gente pero, sigui\u00f3 subiendo hasta la ermita Sant Mart\u00ed de Mata, donde se encontaron las subidas m\u00e1s exigentes y donde tambi\u00e9n se pudieron ver las mejores vistas de Matar\u00f3 y un entorno m\u00e1s forestal. A partir de este punto m\u00e1s alto, los participantes cogieron el camino de vuelta, finalizando otra vez en el paseo del Callao, donde les esperaba su merecido bocadillo y bebida.<\/p>\n<p style=\"text-align: justify;\"><img loading=\"lazy\" decoding=\"async\" class=\"alignnone size-full wp-image-975\" src=\"https:\/\/centreformacioprevencio.files.wordpress.com\/2016\/11\/img_5284.jpg\" alt=\"img_5284\" width=\"1387\" height=\"925\" \/><em>Fotografia de Salvador Carbonell<\/em><\/p>\n<p style=\"text-align: justify;\">La marcha, como cada edici\u00f3n, cont\u00f3 con una buena se\u00f1alizaci\u00f3n y un punto de aprovisionamiento a medio camino que ayud\u00f3 a recuperar fuerzas. No hubo ninguna incidencia durante su duraci\u00f3n, que fue entre una y 3 horas, dependiendo de lo que aguantaban las piernas. Los organizadores, pues, hicieron un buen trabajo porque nadie se equivocase de trazado y porque todo saliera a la perfecci\u00f3n.<\/p>\n<p style=\"text-align: justify;\">Este a\u00f1o se esperaba llegar al millar de participantes, pero la verdad es que la cifra final de 900 continua siendo todo un \u00e9xito. En la edici\u00f3n 2014, hubo 560 inscritos, el 2015 fueron 820 y este a\u00f1o ya se ha conseguido llegar a estos nueve centenares. por lo tanto, es de prever que la pr\u00f3xima vez, se pueda redondear a los 1000.<\/p>\n<p style=\"text-align: justify;\">De esta manera seremos todav\u00eda m\u00e1s visibles y podremos seguir haciendo pi\u00f1a para reivindicar la salud mental en nuestra ciudad. Y as\u00ed tambi\u00e9n nos sentiremos m\u00e1s part\u00edcipes del trabajo que entidades y usuarios hacen cada d\u00eda para romper el estigma y transformar la realidad de este colectivo.<\/p>\n<p style=\"text-align: justify;\"><em>La caminata fue organizada por diversas entidades y empresas del como el Ayuntamiento de Matar\u00f3, F\u00f2rum Salut Mental, Federaci\u00f3 Salut Mental Catalunya, Alberplas SL, el Centre de Formaci\u00f3 i Prevenci\u00f3, Maresme Continuum, Epma Solid\u00e0ria, Arep, la Colla Maimakansu, Intersport, Bar La Morera, Claraboia Audiovisual, Forn de Pa Maynou y Disco M\u00f2bil Quim.<\/em><\/p>\n<p style=\"text-align: justify;\">Pod\u00e9is ver las fotograf\u00edas que hicieron de la marcha nuestros compa\u00f1eros de la colla Maimakansu en estte enlace:<\/p>\n<p style=\"text-align: justify;\">http:\/\/bit.ly\/2eJCELO<\/p>\n<p style=\"text-align: justify;\">\n","protected":false},"excerpt":{"rendered":"<p>Esta marcha anual cont\u00f3 en su quinta edici\u00f3n con el mayor n\u00famero de inscritos desde su creaci\u00f3n Fotografia de Salvador Carbonell El pasadp domingo 13 de noviembre se celebr\u00f3 la Marcha para la Salud Mental en Matar\u00f3, que llegaba a su quinta edici\u00f3n. La caminata&#8230;<\/p>\n","protected":false},"author":2,"featured_media":0,"comment_status":"open","ping_status":"open","sticky":false,"template":"","format":"standard","meta":{"footnotes":""},"categories":[1187],"tags":[915,630,635,783,916,706,638,681,701],"class_list":["post-16971","post","type-post","status-publish","format-standard","hentry","category-cfp-maresme-es","tag-caminada-es","tag-centre-es","tag-formacio-es","tag-forum-es","tag-marxa-es","tag-mental-es","tag-prevencio-es","tag-salut-es","tag-social-es"],"yoast_head":"<!-- This site is optimized with the Yoast SEO plugin v27.4 - https:\/\/yoast.com\/product\/yoast-seo-wordpress\/ -->\n<title>Nueve-cientas perrsonas caminan por la salud mental en Matar\u00f3 | CFP Maresme<\/title>\n<meta name=\"robots\" content=\"index, follow, max-snippet:-1, max-image-preview:large, max-video-preview:-1\" \/>\n<link rel=\"canonical\" href=\"https:\/\/cfpmaresme.org\/es\/nou-centes-persones-caminen-per-la-salut-mental-a-mataro\/\" \/>\n<meta property=\"og:locale\" content=\"es_ES\" \/>\n<meta property=\"og:type\" content=\"article\" \/>\n<meta property=\"og:title\" content=\"Nueve-cientas perrsonas caminan por la salud mental en Matar\u00f3 | CFP Maresme\" \/>\n<meta property=\"og:description\" content=\"Esta marcha anual cont\u00f3 en su quinta edici\u00f3n con el mayor n\u00famero de inscritos desde su creaci\u00f3n Fotografia de Salvador Carbonell El pasadp domingo 13 de noviembre se celebr\u00f3 la Marcha para la Salud Mental en Matar\u00f3, que llegaba a su quinta edici\u00f3n. La caminata...\" \/>\n<meta property=\"og:url\" content=\"https:\/\/cfpmaresme.org\/es\/nou-centes-persones-caminen-per-la-salut-mental-a-mataro\/\" \/>\n<meta property=\"og:site_name\" content=\"CFP Maresme\" \/>\n<meta property=\"article:published_time\" content=\"2016-11-15T09:24:19+00:00\" \/>\n<meta property=\"article:modified_time\" content=\"2021-07-01T13:03:13+00:00\" \/>\n<meta property=\"og:image\" content=\"https:\/\/centreformacioprevencio.files.wordpress.com\/2016\/11\/p1670793.png\" \/>\n<meta name=\"author\" content=\"CFPMaresme\" \/>\n<meta name=\"twitter:card\" content=\"summary_large_image\" \/>\n<meta name=\"twitter:creator\" content=\"@cfpmaresme\" \/>\n<meta name=\"twitter:site\" content=\"@cfpmaresme\" \/>\n<meta name=\"twitter:label1\" content=\"Escrito por\" \/>\n\t<meta name=\"twitter:data1\" content=\"CFPMaresme\" \/>\n\t<meta name=\"twitter:label2\" content=\"Tiempo de lectura\" \/>\n\t<meta name=\"twitter:data2\" content=\"3 minutos\" \/>\n<script type=\"application\/ld+json\" class=\"yoast-schema-graph\">{\"@context\":\"https:\\\/\\\/schema.org\",\"@graph\":[{\"@type\":\"Article\",\"@id\":\"https:\\\/\\\/cfpmaresme.org\\\/es\\\/nou-centes-persones-caminen-per-la-salut-mental-a-mataro\\\/#article\",\"isPartOf\":{\"@id\":\"https:\\\/\\\/cfpmaresme.org\\\/es\\\/nou-centes-persones-caminen-per-la-salut-mental-a-mataro\\\/\"},\"author\":{\"name\":\"CFPMaresme\",\"@id\":\"https:\\\/\\\/cfpmaresme.org\\\/#\\\/schema\\\/person\\\/b2634bcd796fafc667ea4055f61b9b2c\"},\"headline\":\"Nueve-cientas perrsonas caminan por la salud mental en Matar\u00f3\",\"datePublished\":\"2016-11-15T09:24:19+00:00\",\"dateModified\":\"2021-07-01T13:03:13+00:00\",\"mainEntityOfPage\":{\"@id\":\"https:\\\/\\\/cfpmaresme.org\\\/es\\\/nou-centes-persones-caminen-per-la-salut-mental-a-mataro\\\/\"},\"wordCount\":521,\"commentCount\":0,\"image\":{\"@id\":\"https:\\\/\\\/cfpmaresme.org\\\/es\\\/nou-centes-persones-caminen-per-la-salut-mental-a-mataro\\\/#primaryimage\"},\"thumbnailUrl\":\"https:\\\/\\\/centreformacioprevencio.files.wordpress.com\\\/2016\\\/11\\\/p1670793.png\",\"keywords\":[\"caminada\",\"centre\",\"formaci\u00f3\",\"f\u00f2rum\",\"marxa\",\"mental\",\"prevenci\u00f3\",\"salut\",\"social\"],\"articleSection\":[\"CFP Maresme\"],\"inLanguage\":\"es\"},{\"@type\":\"WebPage\",\"@id\":\"https:\\\/\\\/cfpmaresme.org\\\/es\\\/nou-centes-persones-caminen-per-la-salut-mental-a-mataro\\\/\",\"url\":\"https:\\\/\\\/cfpmaresme.org\\\/es\\\/nou-centes-persones-caminen-per-la-salut-mental-a-mataro\\\/\",\"name\":\"Nueve-cientas perrsonas caminan por la salud mental en Matar\u00f3 | CFP Maresme\",\"isPartOf\":{\"@id\":\"https:\\\/\\\/cfpmaresme.org\\\/#website\"},\"primaryImageOfPage\":{\"@id\":\"https:\\\/\\\/cfpmaresme.org\\\/es\\\/nou-centes-persones-caminen-per-la-salut-mental-a-mataro\\\/#primaryimage\"},\"image\":{\"@id\":\"https:\\\/\\\/cfpmaresme.org\\\/es\\\/nou-centes-persones-caminen-per-la-salut-mental-a-mataro\\\/#primaryimage\"},\"thumbnailUrl\":\"https:\\\/\\\/centreformacioprevencio.files.wordpress.com\\\/2016\\\/11\\\/p1670793.png\",\"datePublished\":\"2016-11-15T09:24:19+00:00\",\"dateModified\":\"2021-07-01T13:03:13+00:00\",\"author\":{\"@id\":\"https:\\\/\\\/cfpmaresme.org\\\/#\\\/schema\\\/person\\\/b2634bcd796fafc667ea4055f61b9b2c\"},\"breadcrumb\":{\"@id\":\"https:\\\/\\\/cfpmaresme.org\\\/es\\\/nou-centes-persones-caminen-per-la-salut-mental-a-mataro\\\/#breadcrumb\"},\"inLanguage\":\"es\",\"potentialAction\":[{\"@type\":\"ReadAction\",\"target\":[\"https:\\\/\\\/cfpmaresme.org\\\/es\\\/nou-centes-persones-caminen-per-la-salut-mental-a-mataro\\\/\"]}]},{\"@type\":\"ImageObject\",\"inLanguage\":\"es\",\"@id\":\"https:\\\/\\\/cfpmaresme.org\\\/es\\\/nou-centes-persones-caminen-per-la-salut-mental-a-mataro\\\/#primaryimage\",\"url\":\"https:\\\/\\\/centreformacioprevencio.files.wordpress.com\\\/2016\\\/11\\\/p1670793.png\",\"contentUrl\":\"https:\\\/\\\/centreformacioprevencio.files.wordpress.com\\\/2016\\\/11\\\/p1670793.png\"},{\"@type\":\"BreadcrumbList\",\"@id\":\"https:\\\/\\\/cfpmaresme.org\\\/es\\\/nou-centes-persones-caminen-per-la-salut-mental-a-mataro\\\/#breadcrumb\",\"itemListElement\":[{\"@type\":\"ListItem\",\"position\":1,\"name\":\"Home\",\"item\":\"https:\\\/\\\/cfpmaresme.org\\\/es\\\/\"},{\"@type\":\"ListItem\",\"position\":2,\"name\":\"Nueve-cientas perrsonas caminan por la salud mental en Matar\u00f3\"}]},{\"@type\":\"WebSite\",\"@id\":\"https:\\\/\\\/cfpmaresme.org\\\/#website\",\"url\":\"https:\\\/\\\/cfpmaresme.org\\\/\",\"name\":\"CFP Maresme\",\"description\":\"Centre Formaci\u00f3 Prevenci\u00f3\",\"potentialAction\":[{\"@type\":\"SearchAction\",\"target\":{\"@type\":\"EntryPoint\",\"urlTemplate\":\"https:\\\/\\\/cfpmaresme.org\\\/?s={search_term_string}\"},\"query-input\":{\"@type\":\"PropertyValueSpecification\",\"valueRequired\":true,\"valueName\":\"search_term_string\"}}],\"inLanguage\":\"es\"},{\"@type\":\"Person\",\"@id\":\"https:\\\/\\\/cfpmaresme.org\\\/#\\\/schema\\\/person\\\/b2634bcd796fafc667ea4055f61b9b2c\",\"name\":\"CFPMaresme\"}]}<\/script>\n<!-- \/ Yoast SEO plugin. -->","yoast_head_json":{"title":"Nueve-cientas perrsonas caminan por la salud mental en Matar\u00f3 | CFP Maresme","robots":{"index":"index","follow":"follow","max-snippet":"max-snippet:-1","max-image-preview":"max-image-preview:large","max-video-preview":"max-video-preview:-1"},"canonical":"https:\/\/cfpmaresme.org\/es\/nou-centes-persones-caminen-per-la-salut-mental-a-mataro\/","og_locale":"es_ES","og_type":"article","og_title":"Nueve-cientas perrsonas caminan por la salud mental en Matar\u00f3 | CFP Maresme","og_description":"Esta marcha anual cont\u00f3 en su quinta edici\u00f3n con el mayor n\u00famero de inscritos desde su creaci\u00f3n Fotografia de Salvador Carbonell El pasadp domingo 13 de noviembre se celebr\u00f3 la Marcha para la Salud Mental en Matar\u00f3, que llegaba a su quinta edici\u00f3n. La caminata...","og_url":"https:\/\/cfpmaresme.org\/es\/nou-centes-persones-caminen-per-la-salut-mental-a-mataro\/","og_site_name":"CFP Maresme","article_published_time":"2016-11-15T09:24:19+00:00","article_modified_time":"2021-07-01T13:03:13+00:00","og_image":[{"url":"https:\/\/centreformacioprevencio.files.wordpress.com\/2016\/11\/p1670793.png","type":"","width":"","height":""}],"author":"CFPMaresme","twitter_card":"summary_large_image","twitter_creator":"@cfpmaresme","twitter_site":"@cfpmaresme","twitter_misc":{"Escrito por":"CFPMaresme","Tiempo de lectura":"3 minutos"},"schema":{"@context":"https:\/\/schema.org","@graph":[{"@type":"Article","@id":"https:\/\/cfpmaresme.org\/es\/nou-centes-persones-caminen-per-la-salut-mental-a-mataro\/#article","isPartOf":{"@id":"https:\/\/cfpmaresme.org\/es\/nou-centes-persones-caminen-per-la-salut-mental-a-mataro\/"},"author":{"name":"CFPMaresme","@id":"https:\/\/cfpmaresme.org\/#\/schema\/person\/b2634bcd796fafc667ea4055f61b9b2c"},"headline":"Nueve-cientas perrsonas caminan por la salud mental en Matar\u00f3","datePublished":"2016-11-15T09:24:19+00:00","dateModified":"2021-07-01T13:03:13+00:00","mainEntityOfPage":{"@id":"https:\/\/cfpmaresme.org\/es\/nou-centes-persones-caminen-per-la-salut-mental-a-mataro\/"},"wordCount":521,"commentCount":0,"image":{"@id":"https:\/\/cfpmaresme.org\/es\/nou-centes-persones-caminen-per-la-salut-mental-a-mataro\/#primaryimage"},"thumbnailUrl":"https:\/\/centreformacioprevencio.files.wordpress.com\/2016\/11\/p1670793.png","keywords":["caminada","centre","formaci\u00f3","f\u00f2rum","marxa","mental","prevenci\u00f3","salut","social"],"articleSection":["CFP Maresme"],"inLanguage":"es"},{"@type":"WebPage","@id":"https:\/\/cfpmaresme.org\/es\/nou-centes-persones-caminen-per-la-salut-mental-a-mataro\/","url":"https:\/\/cfpmaresme.org\/es\/nou-centes-persones-caminen-per-la-salut-mental-a-mataro\/","name":"Nueve-cientas perrsonas caminan por la salud mental en Matar\u00f3 | CFP Maresme","isPartOf":{"@id":"https:\/\/cfpmaresme.org\/#website"},"primaryImageOfPage":{"@id":"https:\/\/cfpmaresme.org\/es\/nou-centes-persones-caminen-per-la-salut-mental-a-mataro\/#primaryimage"},"image":{"@id":"https:\/\/cfpmaresme.org\/es\/nou-centes-persones-caminen-per-la-salut-mental-a-mataro\/#primaryimage"},"thumbnailUrl":"https:\/\/centreformacioprevencio.files.wordpress.com\/2016\/11\/p1670793.png","datePublished":"2016-11-15T09:24:19+00:00","dateModified":"2021-07-01T13:03:13+00:00","author":{"@id":"https:\/\/cfpmaresme.org\/#\/schema\/person\/b2634bcd796fafc667ea4055f61b9b2c"},"breadcrumb":{"@id":"https:\/\/cfpmaresme.org\/es\/nou-centes-persones-caminen-per-la-salut-mental-a-mataro\/#breadcrumb"},"inLanguage":"es","potentialAction":[{"@type":"ReadAction","target":["https:\/\/cfpmaresme.org\/es\/nou-centes-persones-caminen-per-la-salut-mental-a-mataro\/"]}]},{"@type":"ImageObject","inLanguage":"es","@id":"https:\/\/cfpmaresme.org\/es\/nou-centes-persones-caminen-per-la-salut-mental-a-mataro\/#primaryimage","url":"https:\/\/centreformacioprevencio.files.wordpress.com\/2016\/11\/p1670793.png","contentUrl":"https:\/\/centreformacioprevencio.files.wordpress.com\/2016\/11\/p1670793.png"},{"@type":"BreadcrumbList","@id":"https:\/\/cfpmaresme.org\/es\/nou-centes-persones-caminen-per-la-salut-mental-a-mataro\/#breadcrumb","itemListElement":[{"@type":"ListItem","position":1,"name":"Home","item":"https:\/\/cfpmaresme.org\/es\/"},{"@type":"ListItem","position":2,"name":"Nueve-cientas perrsonas caminan por la salud mental en Matar\u00f3"}]},{"@type":"WebSite","@id":"https:\/\/cfpmaresme.org\/#website","url":"https:\/\/cfpmaresme.org\/","name":"CFP Maresme","description":"Centre Formaci\u00f3 Prevenci\u00f3","potentialAction":[{"@type":"SearchAction","target":{"@type":"EntryPoint","urlTemplate":"https:\/\/cfpmaresme.org\/?s={search_term_string}"},"query-input":{"@type":"PropertyValueSpecification","valueRequired":true,"valueName":"search_term_string"}}],"inLanguage":"es"},{"@type":"Person","@id":"https:\/\/cfpmaresme.org\/#\/schema\/person\/b2634bcd796fafc667ea4055f61b9b2c","name":"CFPMaresme"}]}},"_links":{"self":[{"href":"https:\/\/cfpmaresme.org\/es\/wp-json\/wp\/v2\/posts\/16971","targetHints":{"allow":["GET"]}}],"collection":[{"href":"https:\/\/cfpmaresme.org\/es\/wp-json\/wp\/v2\/posts"}],"about":[{"href":"https:\/\/cfpmaresme.org\/es\/wp-json\/wp\/v2\/types\/post"}],"author":[{"embeddable":true,"href":"https:\/\/cfpmaresme.org\/es\/wp-json\/wp\/v2\/users\/2"}],"replies":[{"embeddable":true,"href":"https:\/\/cfpmaresme.org\/es\/wp-json\/wp\/v2\/comments?post=16971"}],"version-history":[{"count":3,"href":"https:\/\/cfpmaresme.org\/es\/wp-json\/wp\/v2\/posts\/16971\/revisions"}],"predecessor-version":[{"id":25616,"href":"https:\/\/cfpmaresme.org\/es\/wp-json\/wp\/v2\/posts\/16971\/revisions\/25616"}],"wp:attachment":[{"href":"https:\/\/cfpmaresme.org\/es\/wp-json\/wp\/v2\/media?parent=16971"}],"wp:term":[{"taxonomy":"category","embeddable":true,"href":"https:\/\/cfpmaresme.org\/es\/wp-json\/wp\/v2\/categories?post=16971"},{"taxonomy":"post_tag","embeddable":true,"href":"https:\/\/cfpmaresme.org\/es\/wp-json\/wp\/v2\/tags?post=16971"}],"curies":[{"name":"wp","href":"https:\/\/api.w.org\/{rel}","templated":true}]}}